{"id":317091,"date":"2023-11-16T12:53:42","date_gmt":"2023-11-16T15:53:42","guid":{"rendered":"https:\/\/www.notibras.com\/site\/?p=317091"},"modified":"2023-11-16T13:57:12","modified_gmt":"2023-11-16T16:57:12","slug":"governo-lanca-guia-com-22-dicas-e-cuidados-com-a-saude","status":"publish","type":"post","link":"https:\/\/www.notibras.com\/site\/governo-lanca-guia-com-22-dicas-e-cuidados-com-a-saude\/","title":{"rendered":"Governo lan\u00e7a guia com 22 dicas e cuidados com a sa\u00fade"},"content":{"rendered":"<p>Com a onda de calor que assola o pa\u00eds, o Minist\u00e9rio da Sa\u00fade lan\u00e7ou um guia na internet com 22 dicas e cuidados. Principal preocupa\u00e7\u00e3o do minist\u00e9rio \u00e9 com a popula\u00e7\u00e3o vulner\u00e1vel.<\/p>\n<p>Essas condi\u00e7\u00f5es podem impactar a sa\u00fade de toda a popula\u00e7\u00e3o, em especial os mais vulner\u00e1veis \u2014 como idosos, crian\u00e7as, pessoas com problemas renais, card\u00edacos, respirat\u00f3rios ou de circula\u00e7\u00e3o, diab\u00e9ticos, gestantes e popula\u00e7\u00e3o em situa\u00e7\u00e3o de rua.<\/p>\n<p>A previs\u00e3o do Instituto Nacional de Meteorologia (Inmet), \u00f3rg\u00e3o federal vinculado ao Minist\u00e9rio da Agricultura e Pecu\u00e1ria, \u00e9 de que os term\u00f4metros devem seguir marcando altas temperaturas pelo menos at\u00e9 sexta-feira (17).<\/p>\n<p>Em boletim do Inmet atualizado nesta quarta-feira (15), havia 2.707 munic\u00edpios que decretaram situa\u00e7\u00e3o de emerg\u00eancia por causa do calor.<\/p>\n<p>Os principais sinais de alerta, segundo o guia, s\u00e3o: transpira\u00e7\u00e3o excessiva, fraqueza, tontura, n\u00e1useas, dor de cabe\u00e7a, c\u00e3ibras musculares e diarreia. &#8220;Nestes casos, deve-se procurar a unidade de sa\u00fade mais pr\u00f3xima para uma avalia\u00e7\u00e3o com um profissional&#8221;, orienta o minist\u00e9rio.<\/p>\n<p>Confira as dicas do guia:<\/p>\n<p><strong>Sol e calor<\/strong><br \/>\nEvite a exposi\u00e7\u00e3o direta ao sol, em especial, de 10h \u00e0s 16h;<br \/>\nSe expor ao sol sem a prote\u00e7\u00e3o adequada contra os raios ultravioleta deixa a pele vermelha, sens\u00edvel e at\u00e9 com bolhas. Use protetor solar;<br \/>\nUse chap\u00e9us e \u00f3culos escuros (especialmente pessoas de pele clara);<br \/>\nProteja as crian\u00e7as com chap\u00e9u de abas;<br \/>\nUse roupas leves e que n\u00e3o ret\u00eam muito calor;<br \/>\nDiminua os esfor\u00e7os f\u00edsicos e repouse frequentemente em locais com sombra, frescos e arejados;<br \/>\nEm ve\u00edculos sem ar-condicionado, deixe as janelas abertas;<br \/>\nN\u00e3o deixe crian\u00e7as ou animais em ve\u00edculos estacionados.<\/p>\n<p><strong>Hidrata\u00e7\u00e3o<\/strong><br \/>\nAumente a ingest\u00e3o de \u00e1gua ou de sucos de frutas naturais, sem adi\u00e7\u00e3o de a\u00e7\u00facar, mesmo sem ter sede;<br \/>\nEvite bebidas alco\u00f3licas e com elevado teor de a\u00e7\u00facar;<br \/>\nFa\u00e7a refei\u00e7\u00f5es leves, pouco condimentadas e mais frequentes.<br \/>\nRec\u00e9m-nascidos, crian\u00e7as, idosos e pessoas doentes podem n\u00e3o sentir sede. Ofere\u00e7a-lhes \u00e1gua.<\/p>\n<p><strong>Cuidados coletivos<\/strong><br \/>\nSe poss\u00edvel, feche cortinas e\/ou janelas mais expostas ao calor e facilite a circula\u00e7\u00e3o do ar;<br \/>\nAbra as janelas durante a noite;<br \/>\nUtilize menos roupas de cama e vista-se com menos roupas ao dormir, sobretudo, em beb\u00eas e pessoas acamadas;<br \/>\nInforme-se periodicamente sobre o estado de sa\u00fade das pessoas que vivem s\u00f3, idosas ou com depend\u00eancia que vivam perto de si e ajude-as a protegerem-se do calor;<br \/>\nMantenha ambientes \u00famidos com umidificadores de ar, toalhas molhadas ou baldes de \u00e1gua.<\/p>\n<p><strong>Cuidados com a sa\u00fade<\/strong><br \/>\nMantenha medicamentos abaixo de 25\u00ba C na geladeira (ler as instru\u00e7\u00f5es de armazenamento na embalagem);<br \/>\nProcure aconselhamento m\u00e9dico se sofrer de uma doen\u00e7a cr\u00f4nica condi\u00e7\u00e3o m\u00e9dica ou tomar v\u00e1rios medicamentos;<br \/>\nBusque ajuda se sentir tonturas, fraqueza, ansiedade ou tiver sede intensa e dor de cabe\u00e7a;<br \/>\nSe sentir algum mal-estar, busque um lugar fresco o mais r\u00e1pido poss\u00edvel e me\u00e7a a temperatura do seu corpo e beba um pouco de \u00e1gua ou suco de frutas para reidratar;<br \/>\nNo per\u00edodo de maior calor, tome banho com \u00e1gua ligeiramente morna. Evite mudan\u00e7as bruscas de temperatura.<\/p>\n","protected":false},"excerpt":{"rendered":"<p>Com a onda de calor que assola o pa\u00eds, o Minist\u00e9rio da Sa\u00fade lan\u00e7ou um guia na internet com 22 dicas e cuidados. Principal preocupa\u00e7\u00e3o do minist\u00e9rio \u00e9 com a popula\u00e7\u00e3o vulner\u00e1vel. Essas condi\u00e7\u00f5es podem impactar a sa\u00fade de toda a popula\u00e7\u00e3o, em especial os mais vulner\u00e1veis \u2014 como idosos, crian\u00e7as, pessoas com problemas renais, [&hellip;]<\/p>\n","protected":false},"author":2,"featured_media":317092,"comment_status":"closed","ping_status":"closed","sticky":false,"template":"","format":"standard","meta":{"_acf_changed":false,"footnotes":""},"categories":[161],"tags":[95],"class_list":["post-317091","post","type-post","status-publish","format-standard","has-post-thumbnail","hentry","category-quadradinho-em-foco","tag-capa"],"acf":[],"yoast_head":"<!-- This site is optimized with the Yoast SEO plugin v27.2 - https:\/\/yoast.com\/product\/yoast-seo-wordpress\/ -->\n<title>Governo lan\u00e7a guia com 22 dicas e cuidados com a sa\u00fade - Notibras<\/title>\n<meta name=\"robots\" content=\"index, follow, max-snippet:-1, max-image-preview:large, max-video-preview:-1\" \/>\n<link rel=\"canonical\" href=\"https:\/\/www.notibras.com\/site\/governo-lanca-guia-com-22-dicas-e-cuidados-com-a-saude\/\" \/>\n<meta property=\"og:locale\" content=\"pt_BR\" \/>\n<meta property=\"og:type\" content=\"article\" \/>\n<meta property=\"og:title\" content=\"Governo lan\u00e7a guia com 22 dicas e cuidados com a sa\u00fade - Notibras\" \/>\n<meta property=\"og:description\" content=\"Com a onda de calor que assola o pa\u00eds, o Minist\u00e9rio da Sa\u00fade lan\u00e7ou um guia na internet com 22 dicas e cuidados. Principal preocupa\u00e7\u00e3o do minist\u00e9rio \u00e9 com a popula\u00e7\u00e3o vulner\u00e1vel. Essas condi\u00e7\u00f5es podem impactar a sa\u00fade de toda a popula\u00e7\u00e3o, em especial os mais vulner\u00e1veis \u2014 como idosos, crian\u00e7as, pessoas com problemas renais, [&hellip;]\" \/>\n<meta property=\"og:url\" content=\"https:\/\/www.notibras.com\/site\/governo-lanca-guia-com-22-dicas-e-cuidados-com-a-saude\/\" \/>\n<meta property=\"og:site_name\" content=\"Notibras\" \/>\n<meta property=\"article:publisher\" content=\"https:\/\/www.facebook.com\/notibras\/\" \/>\n<meta property=\"article:published_time\" content=\"2023-11-16T15:53:42+00:00\" \/>\n<meta property=\"article:modified_time\" content=\"2023-11-16T16:57:12+00:00\" \/>\n<meta property=\"og:image\" content=\"https:\/\/www.notibras.com\/site\/wp-content\/uploads\/2023\/11\/calor.pp_.webp\" \/>\n\t<meta property=\"og:image:width\" content=\"1170\" \/>\n\t<meta property=\"og:image:height\" content=\"700\" \/>\n\t<meta property=\"og:image:type\" content=\"image\/webp\" \/>\n<meta name=\"author\" content=\"Reda\u00e7\u00e3o\" \/>\n<meta name=\"twitter:card\" content=\"summary_large_image\" \/>\n<meta name=\"twitter:creator\" content=\"@Notibras\" \/>\n<meta name=\"twitter:site\" content=\"@Notibras\" \/>\n<meta name=\"twitter:label1\" content=\"Escrito por\" \/>\n\t<meta name=\"twitter:data1\" content=\"Reda\u00e7\u00e3o\" \/>\n\t<meta name=\"twitter:label2\" content=\"Est. tempo de leitura\" \/>\n\t<meta name=\"twitter:data2\" content=\"3 minutos\" \/>\n<script type=\"application\/ld+json\" class=\"yoast-schema-graph\">{\"@context\":\"https:\/\/schema.org\",\"@graph\":[{\"@type\":\"Article\",\"@id\":\"https:\/\/www.notibras.com\/site\/governo-lanca-guia-com-22-dicas-e-cuidados-com-a-saude\/#article\",\"isPartOf\":{\"@id\":\"https:\/\/www.notibras.com\/site\/governo-lanca-guia-com-22-dicas-e-cuidados-com-a-saude\/\"},\"author\":{\"name\":\"Reda\u00e7\u00e3o\",\"@id\":\"https:\/\/www.notibras.com\/site\/#\/schema\/person\/36ab0979449956132d3e5b517ea76ac8\"},\"headline\":\"Governo lan\u00e7a guia com 22 dicas e cuidados com a sa\u00fade\",\"datePublished\":\"2023-11-16T15:53:42+00:00\",\"dateModified\":\"2023-11-16T16:57:12+00:00\",\"mainEntityOfPage\":{\"@id\":\"https:\/\/www.notibras.com\/site\/governo-lanca-guia-com-22-dicas-e-cuidados-com-a-saude\/\"},\"wordCount\":573,\"publisher\":{\"@id\":\"https:\/\/www.notibras.com\/site\/#organization\"},\"image\":{\"@id\":\"https:\/\/www.notibras.com\/site\/governo-lanca-guia-com-22-dicas-e-cuidados-com-a-saude\/#primaryimage\"},\"thumbnailUrl\":\"https:\/\/www.notibras.com\/site\/wp-content\/uploads\/2023\/11\/calor.pp_.webp\",\"keywords\":[\"capa\"],\"articleSection\":[\"Quadradinho em Foco\"],\"inLanguage\":\"pt-BR\"},{\"@type\":\"WebPage\",\"@id\":\"https:\/\/www.notibras.com\/site\/governo-lanca-guia-com-22-dicas-e-cuidados-com-a-saude\/\",\"url\":\"https:\/\/www.notibras.com\/site\/governo-lanca-guia-com-22-dicas-e-cuidados-com-a-saude\/\",\"name\":\"Governo lan\u00e7a guia com 22 dicas e cuidados com a sa\u00fade - Notibras\",\"isPartOf\":{\"@id\":\"https:\/\/www.notibras.com\/site\/#website\"},\"primaryImageOfPage\":{\"@id\":\"https:\/\/www.notibras.com\/site\/governo-lanca-guia-com-22-dicas-e-cuidados-com-a-saude\/#primaryimage\"},\"image\":{\"@id\":\"https:\/\/www.notibras.com\/site\/governo-lanca-guia-com-22-dicas-e-cuidados-com-a-saude\/#primaryimage\"},\"thumbnailUrl\":\"https:\/\/www.notibras.com\/site\/wp-content\/uploads\/2023\/11\/calor.pp_.webp\",\"datePublished\":\"2023-11-16T15:53:42+00:00\",\"dateModified\":\"2023-11-16T16:57:12+00:00\",\"breadcrumb\":{\"@id\":\"https:\/\/www.notibras.com\/site\/governo-lanca-guia-com-22-dicas-e-cuidados-com-a-saude\/#breadcrumb\"},\"inLanguage\":\"pt-BR\",\"potentialAction\":[{\"@type\":\"ReadAction\",\"target\":[\"https:\/\/www.notibras.com\/site\/governo-lanca-guia-com-22-dicas-e-cuidados-com-a-saude\/\"]}]},{\"@type\":\"ImageObject\",\"inLanguage\":\"pt-BR\",\"@id\":\"https:\/\/www.notibras.com\/site\/governo-lanca-guia-com-22-dicas-e-cuidados-com-a-saude\/#primaryimage\",\"url\":\"https:\/\/www.notibras.com\/site\/wp-content\/uploads\/2023\/11\/calor.pp_.webp\",\"contentUrl\":\"https:\/\/www.notibras.com\/site\/wp-content\/uploads\/2023\/11\/calor.pp_.webp\",\"width\":1170,\"height\":700},{\"@type\":\"BreadcrumbList\",\"@id\":\"https:\/\/www.notibras.com\/site\/governo-lanca-guia-com-22-dicas-e-cuidados-com-a-saude\/#breadcrumb\",\"itemListElement\":[{\"@type\":\"ListItem\",\"position\":1,\"name\":\"In\u00edcio\",\"item\":\"https:\/\/www.notibras.com\/site\/\"},{\"@type\":\"ListItem\",\"position\":2,\"name\":\"Governo lan\u00e7a guia com 22 dicas e cuidados com a sa\u00fade\"}]},{\"@type\":\"WebSite\",\"@id\":\"https:\/\/www.notibras.com\/site\/#website\",\"url\":\"https:\/\/www.notibras.com\/site\/\",\"name\":\"Notibras\",\"description\":\"Not\u00edcias de Bras\u00edlia, do Brasil e do Mundo\",\"publisher\":{\"@id\":\"https:\/\/www.notibras.com\/site\/#organization\"},\"potentialAction\":[{\"@type\":\"SearchAction\",\"target\":{\"@type\":\"EntryPoint\",\"urlTemplate\":\"https:\/\/www.notibras.com\/site\/?s={search_term_string}\"},\"query-input\":{\"@type\":\"PropertyValueSpecification\",\"valueRequired\":true,\"valueName\":\"search_term_string\"}}],\"inLanguage\":\"pt-BR\"},{\"@type\":\"Organization\",\"@id\":\"https:\/\/www.notibras.com\/site\/#organization\",\"name\":\"Grupo Notibras de Comunica\u00e7\u00e3o\",\"url\":\"https:\/\/www.notibras.com\/site\/\",\"logo\":{\"@type\":\"ImageObject\",\"inLanguage\":\"pt-BR\",\"@id\":\"https:\/\/www.notibras.com\/site\/#\/schema\/logo\/image\/\",\"url\":\"https:\/\/www.notibras.com\/site\/wp-content\/uploads\/2023\/01\/notibras23.png\",\"contentUrl\":\"https:\/\/www.notibras.com\/site\/wp-content\/uploads\/2023\/01\/notibras23.png\",\"width\":350,\"height\":87,\"caption\":\"Grupo Notibras de Comunica\u00e7\u00e3o\"},\"image\":{\"@id\":\"https:\/\/www.notibras.com\/site\/#\/schema\/logo\/image\/\"},\"sameAs\":[\"https:\/\/www.facebook.com\/notibras\/\",\"https:\/\/x.com\/Notibras\",\"https:\/\/www.instagram.com\/notibras\/\"]},{\"@type\":\"Person\",\"@id\":\"https:\/\/www.notibras.com\/site\/#\/schema\/person\/36ab0979449956132d3e5b517ea76ac8\",\"name\":\"Reda\u00e7\u00e3o\",\"image\":{\"@type\":\"ImageObject\",\"inLanguage\":\"pt-BR\",\"@id\":\"https:\/\/secure.gravatar.com\/avatar\/e0a867bdedb85fd243eadf09663511f96fc81e0720a4a42581f334ad4303aa6b?s=96&d=mm&r=g\",\"url\":\"https:\/\/secure.gravatar.com\/avatar\/e0a867bdedb85fd243eadf09663511f96fc81e0720a4a42581f334ad4303aa6b?s=96&d=mm&r=g\",\"contentUrl\":\"https:\/\/secure.gravatar.com\/avatar\/e0a867bdedb85fd243eadf09663511f96fc81e0720a4a42581f334ad4303aa6b?s=96&d=mm&r=g\",\"caption\":\"Reda\u00e7\u00e3o\"}}]}<\/script>\n<!-- \/ Yoast SEO plugin. -->","yoast_head_json":{"title":"Governo lan\u00e7a guia com 22 dicas e cuidados com a sa\u00fade - Notibras","robots":{"index":"index","follow":"follow","max-snippet":"max-snippet:-1","max-image-preview":"max-image-preview:large","max-video-preview":"max-video-preview:-1"},"canonical":"https:\/\/www.notibras.com\/site\/governo-lanca-guia-com-22-dicas-e-cuidados-com-a-saude\/","og_locale":"pt_BR","og_type":"article","og_title":"Governo lan\u00e7a guia com 22 dicas e cuidados com a sa\u00fade - Notibras","og_description":"Com a onda de calor que assola o pa\u00eds, o Minist\u00e9rio da Sa\u00fade lan\u00e7ou um guia na internet com 22 dicas e cuidados. Principal preocupa\u00e7\u00e3o do minist\u00e9rio \u00e9 com a popula\u00e7\u00e3o vulner\u00e1vel. Essas condi\u00e7\u00f5es podem impactar a sa\u00fade de toda a popula\u00e7\u00e3o, em especial os mais vulner\u00e1veis \u2014 como idosos, crian\u00e7as, pessoas com problemas renais, [&hellip;]","og_url":"https:\/\/www.notibras.com\/site\/governo-lanca-guia-com-22-dicas-e-cuidados-com-a-saude\/","og_site_name":"Notibras","article_publisher":"https:\/\/www.facebook.com\/notibras\/","article_published_time":"2023-11-16T15:53:42+00:00","article_modified_time":"2023-11-16T16:57:12+00:00","og_image":[{"width":1170,"height":700,"url":"https:\/\/www.notibras.com\/site\/wp-content\/uploads\/2023\/11\/calor.pp_.webp","type":"image\/webp"}],"author":"Reda\u00e7\u00e3o","twitter_card":"summary_large_image","twitter_creator":"@Notibras","twitter_site":"@Notibras","twitter_misc":{"Escrito por":"Reda\u00e7\u00e3o","Est. tempo de leitura":"3 minutos"},"schema":{"@context":"https:\/\/schema.org","@graph":[{"@type":"Article","@id":"https:\/\/www.notibras.com\/site\/governo-lanca-guia-com-22-dicas-e-cuidados-com-a-saude\/#article","isPartOf":{"@id":"https:\/\/www.notibras.com\/site\/governo-lanca-guia-com-22-dicas-e-cuidados-com-a-saude\/"},"author":{"name":"Reda\u00e7\u00e3o","@id":"https:\/\/www.notibras.com\/site\/#\/schema\/person\/36ab0979449956132d3e5b517ea76ac8"},"headline":"Governo lan\u00e7a guia com 22 dicas e cuidados com a sa\u00fade","datePublished":"2023-11-16T15:53:42+00:00","dateModified":"2023-11-16T16:57:12+00:00","mainEntityOfPage":{"@id":"https:\/\/www.notibras.com\/site\/governo-lanca-guia-com-22-dicas-e-cuidados-com-a-saude\/"},"wordCount":573,"publisher":{"@id":"https:\/\/www.notibras.com\/site\/#organization"},"image":{"@id":"https:\/\/www.notibras.com\/site\/governo-lanca-guia-com-22-dicas-e-cuidados-com-a-saude\/#primaryimage"},"thumbnailUrl":"https:\/\/www.notibras.com\/site\/wp-content\/uploads\/2023\/11\/calor.pp_.webp","keywords":["capa"],"articleSection":["Quadradinho em Foco"],"inLanguage":"pt-BR"},{"@type":"WebPage","@id":"https:\/\/www.notibras.com\/site\/governo-lanca-guia-com-22-dicas-e-cuidados-com-a-saude\/","url":"https:\/\/www.notibras.com\/site\/governo-lanca-guia-com-22-dicas-e-cuidados-com-a-saude\/","name":"Governo lan\u00e7a guia com 22 dicas e cuidados com a sa\u00fade - Notibras","isPartOf":{"@id":"https:\/\/www.notibras.com\/site\/#website"},"primaryImageOfPage":{"@id":"https:\/\/www.notibras.com\/site\/governo-lanca-guia-com-22-dicas-e-cuidados-com-a-saude\/#primaryimage"},"image":{"@id":"https:\/\/www.notibras.com\/site\/governo-lanca-guia-com-22-dicas-e-cuidados-com-a-saude\/#primaryimage"},"thumbnailUrl":"https:\/\/www.notibras.com\/site\/wp-content\/uploads\/2023\/11\/calor.pp_.webp","datePublished":"2023-11-16T15:53:42+00:00","dateModified":"2023-11-16T16:57:12+00:00","breadcrumb":{"@id":"https:\/\/www.notibras.com\/site\/governo-lanca-guia-com-22-dicas-e-cuidados-com-a-saude\/#breadcrumb"},"inLanguage":"pt-BR","potentialAction":[{"@type":"ReadAction","target":["https:\/\/www.notibras.com\/site\/governo-lanca-guia-com-22-dicas-e-cuidados-com-a-saude\/"]}]},{"@type":"ImageObject","inLanguage":"pt-BR","@id":"https:\/\/www.notibras.com\/site\/governo-lanca-guia-com-22-dicas-e-cuidados-com-a-saude\/#primaryimage","url":"https:\/\/www.notibras.com\/site\/wp-content\/uploads\/2023\/11\/calor.pp_.webp","contentUrl":"https:\/\/www.notibras.com\/site\/wp-content\/uploads\/2023\/11\/calor.pp_.webp","width":1170,"height":700},{"@type":"BreadcrumbList","@id":"https:\/\/www.notibras.com\/site\/governo-lanca-guia-com-22-dicas-e-cuidados-com-a-saude\/#breadcrumb","itemListElement":[{"@type":"ListItem","position":1,"name":"In\u00edcio","item":"https:\/\/www.notibras.com\/site\/"},{"@type":"ListItem","position":2,"name":"Governo lan\u00e7a guia com 22 dicas e cuidados com a sa\u00fade"}]},{"@type":"WebSite","@id":"https:\/\/www.notibras.com\/site\/#website","url":"https:\/\/www.notibras.com\/site\/","name":"Notibras","description":"Not\u00edcias de Bras\u00edlia, do Brasil e do Mundo","publisher":{"@id":"https:\/\/www.notibras.com\/site\/#organization"},"potentialAction":[{"@type":"SearchAction","target":{"@type":"EntryPoint","urlTemplate":"https:\/\/www.notibras.com\/site\/?s={search_term_string}"},"query-input":{"@type":"PropertyValueSpecification","valueRequired":true,"valueName":"search_term_string"}}],"inLanguage":"pt-BR"},{"@type":"Organization","@id":"https:\/\/www.notibras.com\/site\/#organization","name":"Grupo Notibras de Comunica\u00e7\u00e3o","url":"https:\/\/www.notibras.com\/site\/","logo":{"@type":"ImageObject","inLanguage":"pt-BR","@id":"https:\/\/www.notibras.com\/site\/#\/schema\/logo\/image\/","url":"https:\/\/www.notibras.com\/site\/wp-content\/uploads\/2023\/01\/notibras23.png","contentUrl":"https:\/\/www.notibras.com\/site\/wp-content\/uploads\/2023\/01\/notibras23.png","width":350,"height":87,"caption":"Grupo Notibras de Comunica\u00e7\u00e3o"},"image":{"@id":"https:\/\/www.notibras.com\/site\/#\/schema\/logo\/image\/"},"sameAs":["https:\/\/www.facebook.com\/notibras\/","https:\/\/x.com\/Notibras","https:\/\/www.instagram.com\/notibras\/"]},{"@type":"Person","@id":"https:\/\/www.notibras.com\/site\/#\/schema\/person\/36ab0979449956132d3e5b517ea76ac8","name":"Reda\u00e7\u00e3o","image":{"@type":"ImageObject","inLanguage":"pt-BR","@id":"https:\/\/secure.gravatar.com\/avatar\/e0a867bdedb85fd243eadf09663511f96fc81e0720a4a42581f334ad4303aa6b?s=96&d=mm&r=g","url":"https:\/\/secure.gravatar.com\/avatar\/e0a867bdedb85fd243eadf09663511f96fc81e0720a4a42581f334ad4303aa6b?s=96&d=mm&r=g","contentUrl":"https:\/\/secure.gravatar.com\/avatar\/e0a867bdedb85fd243eadf09663511f96fc81e0720a4a42581f334ad4303aa6b?s=96&d=mm&r=g","caption":"Reda\u00e7\u00e3o"}}]}},"amp_enabled":true,"_links":{"self":[{"href":"https:\/\/www.notibras.com\/site\/wp-json\/wp\/v2\/posts\/317091","targetHints":{"allow":["GET"]}}],"collection":[{"href":"https:\/\/www.notibras.com\/site\/wp-json\/wp\/v2\/posts"}],"about":[{"href":"https:\/\/www.notibras.com\/site\/wp-json\/wp\/v2\/types\/post"}],"author":[{"embeddable":true,"href":"https:\/\/www.notibras.com\/site\/wp-json\/wp\/v2\/users\/2"}],"replies":[{"embeddable":true,"href":"https:\/\/www.notibras.com\/site\/wp-json\/wp\/v2\/comments?post=317091"}],"version-history":[{"count":1,"href":"https:\/\/www.notibras.com\/site\/wp-json\/wp\/v2\/posts\/317091\/revisions"}],"predecessor-version":[{"id":317093,"href":"https:\/\/www.notibras.com\/site\/wp-json\/wp\/v2\/posts\/317091\/revisions\/317093"}],"wp:featuredmedia":[{"embeddable":true,"href":"https:\/\/www.notibras.com\/site\/wp-json\/wp\/v2\/media\/317092"}],"wp:attachment":[{"href":"https:\/\/www.notibras.com\/site\/wp-json\/wp\/v2\/media?parent=317091"}],"wp:term":[{"taxonomy":"category","embeddable":true,"href":"https:\/\/www.notibras.com\/site\/wp-json\/wp\/v2\/categories?post=317091"},{"taxonomy":"post_tag","embeddable":true,"href":"https:\/\/www.notibras.com\/site\/wp-json\/wp\/v2\/tags?post=317091"}],"curies":[{"name":"wp","href":"https:\/\/api.w.org\/{rel}","templated":true}]}}