{"id":317104,"date":"2023-11-16T16:16:24","date_gmt":"2023-11-16T19:16:24","guid":{"rendered":"https:\/\/www.notibras.com\/site\/?p=317104"},"modified":"2023-11-16T20:18:26","modified_gmt":"2023-11-16T23:18:26","slug":"almoco-executivo-ao-jantar-para-toda-a-familia","status":"publish","type":"post","link":"https:\/\/www.notibras.com\/site\/almoco-executivo-ao-jantar-para-toda-a-familia\/","title":{"rendered":"Almo\u00e7o executivo ao jantar para toda a fam\u00edlia"},"content":{"rendered":"<p>Atento \u00e0s necessidades dos consumidores, o Abbraccio, marca inspirada no lifestyle italiano, apresenta um card\u00e1pio variado, desde o almo\u00e7o executivo at\u00e9 o jantar para celebra\u00e7\u00e3o com toda a fam\u00edlia. Com o compromisso de proporcionar uma experi\u00eancia gastron\u00f4mica saborosa e memor\u00e1vel, a rede oferece op\u00e7\u00f5es de pratos que atendem \u00e0 alta demanda dos consumidores por refei\u00e7\u00f5es fora de casa. S\u00e3o diversas as op\u00e7\u00f5es dispon\u00edveis no card\u00e1pio, desde aperitivos a sobremesas, e que prometem cativar at\u00e9 mesmo os paladares mais exigentes.<\/p>\n<p>Segundo um estudo realizado pela Associa\u00e7\u00e3o Nacional dos Restaurantes (ANR), em parceria com a Future Tank, a demanda dos consumidores por experi\u00eancias culin\u00e1rias que v\u00e3o al\u00e9m do ambiente dom\u00e9stico vem apresentando uma crescente no mercado. Ainda, segundo um levantamento realizado pela Sodexo On-site, a busca pela variedade de op\u00e7\u00f5es, equil\u00edbrio e saudabilidade tornou-se uma tend\u00eancia no setor aliment\u00edcio. E alinhado com a tend\u00eancia atual, Abbraccio n\u00e3o apresenta apenas um card\u00e1pio variado, mas tamb\u00e9m se destaca por oferecer pratos preparados com cuidado e qualidade, que refletem a paix\u00e3o pela culin\u00e1ria italiana. Diante desde cen\u00e1rio, confira abaixo op\u00e7\u00f5es que podem ser consumidas no almo\u00e7o mais apressado do hor\u00e1rio comercial ou at\u00e9 num jantar com amigos ou a fam\u00edlia toda reunida<\/p>\n<p>Para come\u00e7ar a refei\u00e7\u00e3o, nada melhor do que um aperitivo. Abbraccio sugere o Carbonara Bites, bolinhos de risotto crocantes por fora e macios por dentro com um saboroso molho, dispon\u00edvel nas vers\u00f5es de 6 ou 10 unidades \u2013 R$34,90 ou R$44,90. No menu tamb\u00e9m h\u00e1 a op\u00e7\u00e3o das Bruschettas Caprese, que s\u00e3o ciabattas crocantes acompanhadas de queijo mozzarella fresco, tomates frescos em cubos e molho pesto caseiro \u2013 R$44,90.<\/p>\n<p>Na se\u00e7\u00e3o de pratos principais, o restaurante disp\u00f5e do Casarecce Funghi Fresco, uma massa casarecce artesanal preparada com molho de tomate cubetti, que se harmoniza com uma rica combina\u00e7\u00e3o de ingredientes, incluindo shitake, abobrinha, tomate, berinjela e ricota fresca temperada com parmes\u00e3o e lim\u00e3o-siciliano \u2013 R$39,90. Cada garfada \u00e9 uma explos\u00e3o de sabores. E para uma op\u00e7\u00e3o com carne, traz o Filetto Marsala, um prato destaque, com filet mignon grelhado, servido com um molho de vinho marsala, prosciutto, cogumelos salteados e um acompanhamento a escolha do consumidor \u2013 R$89,90. J\u00e1 para quem busca por uma op\u00e7\u00e3o mais leve e refrescante, o indicado \u00e9 a Salada Toscana \u2013 R$49,90.<\/p>\n<p>J\u00e1 o menu de bebidas de Abbraccio \u00e9 diverso, a se\u00e7\u00e3o de n\u00e3o alco\u00f3licos inclui sucos naturais, refrigerantes e refil de ch\u00e1s gelados. Na se\u00e7\u00e3o com \u00e1lcool, existem cervejas, vinhos e drinques especiais para harmonizar com a refei\u00e7\u00e3o. O Abbraccio tamb\u00e9m oferece um Happy Hour para que os clientes possam desfrutar desses coquet\u00e9is deliciosos e outras bebidas selecionadas com um desconto de 50%. Dispon\u00edvel de segunda a sexta-feira, das 17h30 \u00e0s 20h00, exclusivamente nos restaurantes Abbraccio em todo o Brasil.<\/p>\n<p>Para finalizar a refei\u00e7\u00e3o, a rede possui sobremesas tentadoras. A Palha Italiana Duo \u00e9 uma deliciosa torta de palha italiana de chocolate meio amargo e chocolate branco que encanta os amantes de chocolate \u2013 R$16,90. Al\u00e9m da op\u00e7\u00e3o crocante, tamb\u00e9m tem o Quadrato di Cioccolato, uma fatia de bolo de chocolate, recheado com ganache de chocolate meio amargo, coberto por calda de chocolate e finalizada com a mousse de chocolate cremoso do Abbraccio \u2013 R$36,90.<\/p>\n","protected":false},"excerpt":{"rendered":"<p>Atento \u00e0s necessidades dos consumidores, o Abbraccio, marca inspirada no lifestyle italiano, apresenta um card\u00e1pio variado, desde o almo\u00e7o executivo at\u00e9 o jantar para celebra\u00e7\u00e3o com toda a fam\u00edlia. Com o compromisso de proporcionar uma experi\u00eancia gastron\u00f4mica saborosa e memor\u00e1vel, a rede oferece op\u00e7\u00f5es de pratos que atendem \u00e0 alta demanda dos consumidores por refei\u00e7\u00f5es [&hellip;]<\/p>\n","protected":false},"author":2,"featured_media":317105,"comment_status":"closed","ping_status":"closed","sticky":false,"template":"","format":"standard","meta":{"_acf_changed":false,"footnotes":""},"categories":[161],"tags":[],"class_list":["post-317104","post","type-post","status-publish","format-standard","has-post-thumbnail","hentry","category-quadradinho-em-foco"],"acf":[],"yoast_head":"<!-- This site is optimized with the Yoast SEO plugin v27.2 - https:\/\/yoast.com\/product\/yoast-seo-wordpress\/ -->\n<title>Almo\u00e7o executivo ao jantar para toda a fam\u00edlia - Notibras<\/title>\n<meta name=\"robots\" content=\"index, follow, max-snippet:-1, max-image-preview:large, max-video-preview:-1\" \/>\n<link rel=\"canonical\" href=\"https:\/\/www.notibras.com\/site\/almoco-executivo-ao-jantar-para-toda-a-familia\/\" \/>\n<meta property=\"og:locale\" content=\"pt_BR\" \/>\n<meta property=\"og:type\" content=\"article\" \/>\n<meta property=\"og:title\" content=\"Almo\u00e7o executivo ao jantar para toda a fam\u00edlia - Notibras\" \/>\n<meta property=\"og:description\" content=\"Atento \u00e0s necessidades dos consumidores, o Abbraccio, marca inspirada no lifestyle italiano, apresenta um card\u00e1pio variado, desde o almo\u00e7o executivo at\u00e9 o jantar para celebra\u00e7\u00e3o com toda a fam\u00edlia. Com o compromisso de proporcionar uma experi\u00eancia gastron\u00f4mica saborosa e memor\u00e1vel, a rede oferece op\u00e7\u00f5es de pratos que atendem \u00e0 alta demanda dos consumidores por refei\u00e7\u00f5es [&hellip;]\" \/>\n<meta property=\"og:url\" content=\"https:\/\/www.notibras.com\/site\/almoco-executivo-ao-jantar-para-toda-a-familia\/\" \/>\n<meta property=\"og:site_name\" content=\"Notibras\" \/>\n<meta property=\"article:publisher\" content=\"https:\/\/www.facebook.com\/notibras\/\" \/>\n<meta property=\"article:published_time\" content=\"2023-11-16T19:16:24+00:00\" \/>\n<meta property=\"article:modified_time\" content=\"2023-11-16T23:18:26+00:00\" \/>\n<meta property=\"og:image\" content=\"https:\/\/www.notibras.com\/site\/wp-content\/uploads\/2023\/11\/Salada-Toscana.jpg\" \/>\n\t<meta property=\"og:image:width\" content=\"360\" \/>\n\t<meta property=\"og:image:height\" content=\"313\" \/>\n\t<meta property=\"og:image:type\" content=\"image\/jpeg\" \/>\n<meta name=\"author\" content=\"Reda\u00e7\u00e3o\" \/>\n<meta name=\"twitter:card\" content=\"summary_large_image\" \/>\n<meta name=\"twitter:creator\" content=\"@Notibras\" \/>\n<meta name=\"twitter:site\" content=\"@Notibras\" \/>\n<meta name=\"twitter:label1\" content=\"Escrito por\" \/>\n\t<meta name=\"twitter:data1\" content=\"Reda\u00e7\u00e3o\" \/>\n\t<meta name=\"twitter:label2\" content=\"Est. tempo de leitura\" \/>\n\t<meta name=\"twitter:data2\" content=\"3 minutos\" \/>\n<script type=\"application\/ld+json\" class=\"yoast-schema-graph\">{\"@context\":\"https:\/\/schema.org\",\"@graph\":[{\"@type\":\"Article\",\"@id\":\"https:\/\/www.notibras.com\/site\/almoco-executivo-ao-jantar-para-toda-a-familia\/#article\",\"isPartOf\":{\"@id\":\"https:\/\/www.notibras.com\/site\/almoco-executivo-ao-jantar-para-toda-a-familia\/\"},\"author\":{\"name\":\"Reda\u00e7\u00e3o\",\"@id\":\"https:\/\/www.notibras.com\/site\/#\/schema\/person\/36ab0979449956132d3e5b517ea76ac8\"},\"headline\":\"Almo\u00e7o executivo ao jantar para toda a fam\u00edlia\",\"datePublished\":\"2023-11-16T19:16:24+00:00\",\"dateModified\":\"2023-11-16T23:18:26+00:00\",\"mainEntityOfPage\":{\"@id\":\"https:\/\/www.notibras.com\/site\/almoco-executivo-ao-jantar-para-toda-a-familia\/\"},\"wordCount\":586,\"publisher\":{\"@id\":\"https:\/\/www.notibras.com\/site\/#organization\"},\"image\":{\"@id\":\"https:\/\/www.notibras.com\/site\/almoco-executivo-ao-jantar-para-toda-a-familia\/#primaryimage\"},\"thumbnailUrl\":\"https:\/\/www.notibras.com\/site\/wp-content\/uploads\/2023\/11\/Salada-Toscana.jpg\",\"articleSection\":[\"Quadradinho em Foco\"],\"inLanguage\":\"pt-BR\"},{\"@type\":\"WebPage\",\"@id\":\"https:\/\/www.notibras.com\/site\/almoco-executivo-ao-jantar-para-toda-a-familia\/\",\"url\":\"https:\/\/www.notibras.com\/site\/almoco-executivo-ao-jantar-para-toda-a-familia\/\",\"name\":\"Almo\u00e7o executivo ao jantar para toda a fam\u00edlia - Notibras\",\"isPartOf\":{\"@id\":\"https:\/\/www.notibras.com\/site\/#website\"},\"primaryImageOfPage\":{\"@id\":\"https:\/\/www.notibras.com\/site\/almoco-executivo-ao-jantar-para-toda-a-familia\/#primaryimage\"},\"image\":{\"@id\":\"https:\/\/www.notibras.com\/site\/almoco-executivo-ao-jantar-para-toda-a-familia\/#primaryimage\"},\"thumbnailUrl\":\"https:\/\/www.notibras.com\/site\/wp-content\/uploads\/2023\/11\/Salada-Toscana.jpg\",\"datePublished\":\"2023-11-16T19:16:24+00:00\",\"dateModified\":\"2023-11-16T23:18:26+00:00\",\"breadcrumb\":{\"@id\":\"https:\/\/www.notibras.com\/site\/almoco-executivo-ao-jantar-para-toda-a-familia\/#breadcrumb\"},\"inLanguage\":\"pt-BR\",\"potentialAction\":[{\"@type\":\"ReadAction\",\"target\":[\"https:\/\/www.notibras.com\/site\/almoco-executivo-ao-jantar-para-toda-a-familia\/\"]}]},{\"@type\":\"ImageObject\",\"inLanguage\":\"pt-BR\",\"@id\":\"https:\/\/www.notibras.com\/site\/almoco-executivo-ao-jantar-para-toda-a-familia\/#primaryimage\",\"url\":\"https:\/\/www.notibras.com\/site\/wp-content\/uploads\/2023\/11\/Salada-Toscana.jpg\",\"contentUrl\":\"https:\/\/www.notibras.com\/site\/wp-content\/uploads\/2023\/11\/Salada-Toscana.jpg\",\"width\":360,\"height\":313},{\"@type\":\"BreadcrumbList\",\"@id\":\"https:\/\/www.notibras.com\/site\/almoco-executivo-ao-jantar-para-toda-a-familia\/#breadcrumb\",\"itemListElement\":[{\"@type\":\"ListItem\",\"position\":1,\"name\":\"In\u00edcio\",\"item\":\"https:\/\/www.notibras.com\/site\/\"},{\"@type\":\"ListItem\",\"position\":2,\"name\":\"Almo\u00e7o executivo ao jantar para toda a fam\u00edlia\"}]},{\"@type\":\"WebSite\",\"@id\":\"https:\/\/www.notibras.com\/site\/#website\",\"url\":\"https:\/\/www.notibras.com\/site\/\",\"name\":\"Notibras\",\"description\":\"Not\u00edcias de Bras\u00edlia, do Brasil e do Mundo\",\"publisher\":{\"@id\":\"https:\/\/www.notibras.com\/site\/#organization\"},\"potentialAction\":[{\"@type\":\"SearchAction\",\"target\":{\"@type\":\"EntryPoint\",\"urlTemplate\":\"https:\/\/www.notibras.com\/site\/?s={search_term_string}\"},\"query-input\":{\"@type\":\"PropertyValueSpecification\",\"valueRequired\":true,\"valueName\":\"search_term_string\"}}],\"inLanguage\":\"pt-BR\"},{\"@type\":\"Organization\",\"@id\":\"https:\/\/www.notibras.com\/site\/#organization\",\"name\":\"Grupo Notibras de Comunica\u00e7\u00e3o\",\"url\":\"https:\/\/www.notibras.com\/site\/\",\"logo\":{\"@type\":\"ImageObject\",\"inLanguage\":\"pt-BR\",\"@id\":\"https:\/\/www.notibras.com\/site\/#\/schema\/logo\/image\/\",\"url\":\"https:\/\/www.notibras.com\/site\/wp-content\/uploads\/2023\/01\/notibras23.png\",\"contentUrl\":\"https:\/\/www.notibras.com\/site\/wp-content\/uploads\/2023\/01\/notibras23.png\",\"width\":350,\"height\":87,\"caption\":\"Grupo Notibras de Comunica\u00e7\u00e3o\"},\"image\":{\"@id\":\"https:\/\/www.notibras.com\/site\/#\/schema\/logo\/image\/\"},\"sameAs\":[\"https:\/\/www.facebook.com\/notibras\/\",\"https:\/\/x.com\/Notibras\",\"https:\/\/www.instagram.com\/notibras\/\"]},{\"@type\":\"Person\",\"@id\":\"https:\/\/www.notibras.com\/site\/#\/schema\/person\/36ab0979449956132d3e5b517ea76ac8\",\"name\":\"Reda\u00e7\u00e3o\",\"image\":{\"@type\":\"ImageObject\",\"inLanguage\":\"pt-BR\",\"@id\":\"https:\/\/secure.gravatar.com\/avatar\/e0a867bdedb85fd243eadf09663511f96fc81e0720a4a42581f334ad4303aa6b?s=96&d=mm&r=g\",\"url\":\"https:\/\/secure.gravatar.com\/avatar\/e0a867bdedb85fd243eadf09663511f96fc81e0720a4a42581f334ad4303aa6b?s=96&d=mm&r=g\",\"contentUrl\":\"https:\/\/secure.gravatar.com\/avatar\/e0a867bdedb85fd243eadf09663511f96fc81e0720a4a42581f334ad4303aa6b?s=96&d=mm&r=g\",\"caption\":\"Reda\u00e7\u00e3o\"}}]}<\/script>\n<!-- \/ Yoast SEO plugin. -->","yoast_head_json":{"title":"Almo\u00e7o executivo ao jantar para toda a fam\u00edlia - Notibras","robots":{"index":"index","follow":"follow","max-snippet":"max-snippet:-1","max-image-preview":"max-image-preview:large","max-video-preview":"max-video-preview:-1"},"canonical":"https:\/\/www.notibras.com\/site\/almoco-executivo-ao-jantar-para-toda-a-familia\/","og_locale":"pt_BR","og_type":"article","og_title":"Almo\u00e7o executivo ao jantar para toda a fam\u00edlia - Notibras","og_description":"Atento \u00e0s necessidades dos consumidores, o Abbraccio, marca inspirada no lifestyle italiano, apresenta um card\u00e1pio variado, desde o almo\u00e7o executivo at\u00e9 o jantar para celebra\u00e7\u00e3o com toda a fam\u00edlia. Com o compromisso de proporcionar uma experi\u00eancia gastron\u00f4mica saborosa e memor\u00e1vel, a rede oferece op\u00e7\u00f5es de pratos que atendem \u00e0 alta demanda dos consumidores por refei\u00e7\u00f5es [&hellip;]","og_url":"https:\/\/www.notibras.com\/site\/almoco-executivo-ao-jantar-para-toda-a-familia\/","og_site_name":"Notibras","article_publisher":"https:\/\/www.facebook.com\/notibras\/","article_published_time":"2023-11-16T19:16:24+00:00","article_modified_time":"2023-11-16T23:18:26+00:00","og_image":[{"width":360,"height":313,"url":"https:\/\/www.notibras.com\/site\/wp-content\/uploads\/2023\/11\/Salada-Toscana.jpg","type":"image\/jpeg"}],"author":"Reda\u00e7\u00e3o","twitter_card":"summary_large_image","twitter_creator":"@Notibras","twitter_site":"@Notibras","twitter_misc":{"Escrito por":"Reda\u00e7\u00e3o","Est. tempo de leitura":"3 minutos"},"schema":{"@context":"https:\/\/schema.org","@graph":[{"@type":"Article","@id":"https:\/\/www.notibras.com\/site\/almoco-executivo-ao-jantar-para-toda-a-familia\/#article","isPartOf":{"@id":"https:\/\/www.notibras.com\/site\/almoco-executivo-ao-jantar-para-toda-a-familia\/"},"author":{"name":"Reda\u00e7\u00e3o","@id":"https:\/\/www.notibras.com\/site\/#\/schema\/person\/36ab0979449956132d3e5b517ea76ac8"},"headline":"Almo\u00e7o executivo ao jantar para toda a fam\u00edlia","datePublished":"2023-11-16T19:16:24+00:00","dateModified":"2023-11-16T23:18:26+00:00","mainEntityOfPage":{"@id":"https:\/\/www.notibras.com\/site\/almoco-executivo-ao-jantar-para-toda-a-familia\/"},"wordCount":586,"publisher":{"@id":"https:\/\/www.notibras.com\/site\/#organization"},"image":{"@id":"https:\/\/www.notibras.com\/site\/almoco-executivo-ao-jantar-para-toda-a-familia\/#primaryimage"},"thumbnailUrl":"https:\/\/www.notibras.com\/site\/wp-content\/uploads\/2023\/11\/Salada-Toscana.jpg","articleSection":["Quadradinho em Foco"],"inLanguage":"pt-BR"},{"@type":"WebPage","@id":"https:\/\/www.notibras.com\/site\/almoco-executivo-ao-jantar-para-toda-a-familia\/","url":"https:\/\/www.notibras.com\/site\/almoco-executivo-ao-jantar-para-toda-a-familia\/","name":"Almo\u00e7o executivo ao jantar para toda a fam\u00edlia - Notibras","isPartOf":{"@id":"https:\/\/www.notibras.com\/site\/#website"},"primaryImageOfPage":{"@id":"https:\/\/www.notibras.com\/site\/almoco-executivo-ao-jantar-para-toda-a-familia\/#primaryimage"},"image":{"@id":"https:\/\/www.notibras.com\/site\/almoco-executivo-ao-jantar-para-toda-a-familia\/#primaryimage"},"thumbnailUrl":"https:\/\/www.notibras.com\/site\/wp-content\/uploads\/2023\/11\/Salada-Toscana.jpg","datePublished":"2023-11-16T19:16:24+00:00","dateModified":"2023-11-16T23:18:26+00:00","breadcrumb":{"@id":"https:\/\/www.notibras.com\/site\/almoco-executivo-ao-jantar-para-toda-a-familia\/#breadcrumb"},"inLanguage":"pt-BR","potentialAction":[{"@type":"ReadAction","target":["https:\/\/www.notibras.com\/site\/almoco-executivo-ao-jantar-para-toda-a-familia\/"]}]},{"@type":"ImageObject","inLanguage":"pt-BR","@id":"https:\/\/www.notibras.com\/site\/almoco-executivo-ao-jantar-para-toda-a-familia\/#primaryimage","url":"https:\/\/www.notibras.com\/site\/wp-content\/uploads\/2023\/11\/Salada-Toscana.jpg","contentUrl":"https:\/\/www.notibras.com\/site\/wp-content\/uploads\/2023\/11\/Salada-Toscana.jpg","width":360,"height":313},{"@type":"BreadcrumbList","@id":"https:\/\/www.notibras.com\/site\/almoco-executivo-ao-jantar-para-toda-a-familia\/#breadcrumb","itemListElement":[{"@type":"ListItem","position":1,"name":"In\u00edcio","item":"https:\/\/www.notibras.com\/site\/"},{"@type":"ListItem","position":2,"name":"Almo\u00e7o executivo ao jantar para toda a fam\u00edlia"}]},{"@type":"WebSite","@id":"https:\/\/www.notibras.com\/site\/#website","url":"https:\/\/www.notibras.com\/site\/","name":"Notibras","description":"Not\u00edcias de Bras\u00edlia, do Brasil e do Mundo","publisher":{"@id":"https:\/\/www.notibras.com\/site\/#organization"},"potentialAction":[{"@type":"SearchAction","target":{"@type":"EntryPoint","urlTemplate":"https:\/\/www.notibras.com\/site\/?s={search_term_string}"},"query-input":{"@type":"PropertyValueSpecification","valueRequired":true,"valueName":"search_term_string"}}],"inLanguage":"pt-BR"},{"@type":"Organization","@id":"https:\/\/www.notibras.com\/site\/#organization","name":"Grupo Notibras de Comunica\u00e7\u00e3o","url":"https:\/\/www.notibras.com\/site\/","logo":{"@type":"ImageObject","inLanguage":"pt-BR","@id":"https:\/\/www.notibras.com\/site\/#\/schema\/logo\/image\/","url":"https:\/\/www.notibras.com\/site\/wp-content\/uploads\/2023\/01\/notibras23.png","contentUrl":"https:\/\/www.notibras.com\/site\/wp-content\/uploads\/2023\/01\/notibras23.png","width":350,"height":87,"caption":"Grupo Notibras de Comunica\u00e7\u00e3o"},"image":{"@id":"https:\/\/www.notibras.com\/site\/#\/schema\/logo\/image\/"},"sameAs":["https:\/\/www.facebook.com\/notibras\/","https:\/\/x.com\/Notibras","https:\/\/www.instagram.com\/notibras\/"]},{"@type":"Person","@id":"https:\/\/www.notibras.com\/site\/#\/schema\/person\/36ab0979449956132d3e5b517ea76ac8","name":"Reda\u00e7\u00e3o","image":{"@type":"ImageObject","inLanguage":"pt-BR","@id":"https:\/\/secure.gravatar.com\/avatar\/e0a867bdedb85fd243eadf09663511f96fc81e0720a4a42581f334ad4303aa6b?s=96&d=mm&r=g","url":"https:\/\/secure.gravatar.com\/avatar\/e0a867bdedb85fd243eadf09663511f96fc81e0720a4a42581f334ad4303aa6b?s=96&d=mm&r=g","contentUrl":"https:\/\/secure.gravatar.com\/avatar\/e0a867bdedb85fd243eadf09663511f96fc81e0720a4a42581f334ad4303aa6b?s=96&d=mm&r=g","caption":"Reda\u00e7\u00e3o"}}]}},"amp_enabled":true,"_links":{"self":[{"href":"https:\/\/www.notibras.com\/site\/wp-json\/wp\/v2\/posts\/317104","targetHints":{"allow":["GET"]}}],"collection":[{"href":"https:\/\/www.notibras.com\/site\/wp-json\/wp\/v2\/posts"}],"about":[{"href":"https:\/\/www.notibras.com\/site\/wp-json\/wp\/v2\/types\/post"}],"author":[{"embeddable":true,"href":"https:\/\/www.notibras.com\/site\/wp-json\/wp\/v2\/users\/2"}],"replies":[{"embeddable":true,"href":"https:\/\/www.notibras.com\/site\/wp-json\/wp\/v2\/comments?post=317104"}],"version-history":[{"count":1,"href":"https:\/\/www.notibras.com\/site\/wp-json\/wp\/v2\/posts\/317104\/revisions"}],"predecessor-version":[{"id":317106,"href":"https:\/\/www.notibras.com\/site\/wp-json\/wp\/v2\/posts\/317104\/revisions\/317106"}],"wp:featuredmedia":[{"embeddable":true,"href":"https:\/\/www.notibras.com\/site\/wp-json\/wp\/v2\/media\/317105"}],"wp:attachment":[{"href":"https:\/\/www.notibras.com\/site\/wp-json\/wp\/v2\/media?parent=317104"}],"wp:term":[{"taxonomy":"category","embeddable":true,"href":"https:\/\/www.notibras.com\/site\/wp-json\/wp\/v2\/categories?post=317104"},{"taxonomy":"post_tag","embeddable":true,"href":"https:\/\/www.notibras.com\/site\/wp-json\/wp\/v2\/tags?post=317104"}],"curies":[{"name":"wp","href":"https:\/\/api.w.org\/{rel}","templated":true}]}}