{"id":317117,"date":"2023-11-17T00:00:24","date_gmt":"2023-11-17T03:00:24","guid":{"rendered":"https:\/\/www.notibras.com\/site\/?p=317117"},"modified":"2023-11-17T00:27:11","modified_gmt":"2023-11-17T03:27:11","slug":"federais-cobram-salario-melhor-e-reestruturacao-de-carreiras","status":"publish","type":"post","link":"https:\/\/www.notibras.com\/site\/federais-cobram-salario-melhor-e-reestruturacao-de-carreiras\/","title":{"rendered":"Federais cobram sal\u00e1rio melhor e reestrutura\u00e7\u00e3o de carreiras"},"content":{"rendered":"<p>Delegados, agentes e servidores administrativos da Pol\u00edcia Federal (PF) realizaram, nesta quinta-feira (16), em todo o pa\u00eds, o segundo ato da mobiliza\u00e7\u00e3o pela valoriza\u00e7\u00e3o e reestrutura\u00e7\u00e3o das carreiras policial e administrativa da entidade e por reajuste salarial. A mobiliza\u00e7\u00e3o ocorre no Dia do Policial Federal.<\/p>\n<p>A primeira mobiliza\u00e7\u00e3o dos policiais federais ocorreu em 26 de outubro, com atos em frente das superintend\u00eancias regionais e outras unidades da PF de todo o pa\u00eds, no chamado Dia D.<\/p>\n<p>Em Bras\u00edlia, centenas de manifestantes se concentraram na sede da Pol\u00edcia Federal, no in\u00edcio da Asa Norte, bairro da regi\u00e3o central da capital federal, e seguiram de \u00f4nibus at\u00e9 o Minist\u00e9rio da Justi\u00e7a e Seguran\u00e7a P\u00fablica (MJSP), na Esplanada dos Minist\u00e9rios. Nas falas, os policiais e servidores administrativos da corpora\u00e7\u00e3o reclamaram do posicionamento do Minist\u00e9rio da Gest\u00e3o e da Inova\u00e7\u00e3o em Servi\u00e7os P\u00fablicos (MGI), em rela\u00e7\u00e3o \u00e0 proposta de valoriza\u00e7\u00e3o dessas carreiras.<\/p>\n<p>Agentes, escriv\u00e3es, peritos, papiloscopistas e delegados vestiram coletes e sustentaram faixas com as frases em que dizem que h\u00e1 falta de compromisso do governo federal com as categorias. \u201cO descaso com a PF continua, Valoriza\u00e7\u00e3o da PF j\u00e1.\u201d E tamb\u00e9m: \u201cSeguran\u00e7a P\u00fablica desvalorizada, sociedade desprotegida\u201d.<\/p>\n<p>De acordo com Associa\u00e7\u00e3o Nacional dos Delegados de Pol\u00edcia Federal (ADPF), a categoria se posicionou de forma favor\u00e1vel \u00e0 proposta de reestrutura\u00e7\u00e3o das carreiras negociada pela Dire\u00e7\u00e3o-Geral da Pol\u00edcia Federal com o Minist\u00e9rio da Justi\u00e7a e Seguran\u00e7a P\u00fablica.<\/p>\n<p>A entidade afirma que este texto teria sido enviado ao Minist\u00e9rio da Gest\u00e3o e da Inova\u00e7\u00e3o em Servi\u00e7os P\u00fablicos (MGI), mas, que as negocia\u00e7\u00f5es estariam paradas h\u00e1 meses na pasta. \u201cEssa n\u00e3o \u00e9 uma reivindica\u00e7\u00e3o classista, essa \u00e9 uma proposta da Pol\u00edcia Federal, do Minist\u00e9rio da Justi\u00e7a. Mas, o que estamos vendo, \u00e9 um descaso do Minist\u00e9rio da Gest\u00e3o e da Inova\u00e7\u00e3o com a dire\u00e7\u00e3o da PF e com o ministro da Justi\u00e7a, porque a proposta j\u00e1 est\u00e1 com eles h\u00e1 meses e todas as reuni\u00f5es s\u00e3o proteladas\u201d, declarou o presidente da ADPF, Luciano Leiro.<\/p>\n<p>A Federa\u00e7\u00e3o Nacional dos Policiais Federais (Fenapef) tem posicionamento semelhante. O presidente da Fenapef, Marcus Firme dos Reis, espera que os atos do segundo dia de mobiliza\u00e7\u00f5es destravem as negocia\u00e7\u00f5es. \u201cEsperamos com isso chamar a aten\u00e7\u00e3o para uma situa\u00e7\u00e3o que se arrasta sem uma raz\u00e3o convincente, visto que a proposta foi chancelada pelo pr\u00f3prio governo federal. Entretanto, mesmo diante desse fato hist\u00f3rico, o MGI ainda n\u00e3o apresentou os meios necess\u00e1rios \u00e0 sua execu\u00e7\u00e3o.\u201d<\/p>\n<p>A ADPF afirma tamb\u00e9m que existe uma defasagem salarial na remunera\u00e7\u00e3o dos delegados da PF desde 2006, al\u00e9m de falta de equipamentos de prote\u00e7\u00e3o e de efetivo no combate ao crime organizado.<\/p>\n<p>Atividades<br \/>\nNeste dia de reivindica\u00e7\u00f5es, paralisa\u00e7\u00f5es e assembleias em todo o pa\u00eds, v\u00e1rias atividades da PF foram afetadas, como emiss\u00e3o de passaporte, de certid\u00e3o de antecedentes criminais e da guia de transporte de armas de fogo e muni\u00e7\u00f5es, entre outras. A previs\u00e3o \u00e9 que os servi\u00e7os p\u00fablicos sejam retomados nesta sexta-feira (17).<\/p>\n<p><strong>Reuni\u00e3o<\/strong><br \/>\nO MGI coordenou uma nova reuni\u00e3o da Mesa Nacional de Negocia\u00e7\u00e3o Permanente, que re\u00fane todas as representa\u00e7\u00f5es do funcionalismo p\u00fablico federal. \u201cNo dia de hoje, estamos apresentando \u00e0s entidades sindicais todas aquelas demandas que foram encaminhadas ao governo federal que n\u00e3o t\u00eam impacto financeiro, mas s\u00e3o important\u00edssimas para servidores e servidoras e que n\u00f3s podemos avan\u00e7ar na pauta e na constru\u00e7\u00e3o de uma resposta positiva a essas demandas\u201d, adiantou o secret\u00e1rio de Rela\u00e7\u00f5es de Trabalho da pasta, Jos\u00e9 Lopez Feij\u00f3o.<\/p>\n<p>Sobre as demandas financeiras de reajuste salarial e de benef\u00edcios, o secret\u00e1rio informou que o governo federal trabalha para conseguir espa\u00e7o or\u00e7ament\u00e1rio para consolidar uma proposta. \u201cAt\u00e9 o fim deste ano, esperamos poder apresentar [uma proposta financeira] ao funcionalismo p\u00fablico e, com isso, atender \u00e0 totalidade das demandas que nos foram formuladas\u201d, disse o secret\u00e1rio.<\/p>\n<p>Especificamente sobre as carreiras policiais e administrativas da Pol\u00edcia Federal, o MGI informou, em nota enviada \u00e0 Ag\u00eancia Brasil que, brevemente, ser\u00e1 agendada nova reuni\u00e3o para dar continuidade ao debate sobre as propostas com a Pol\u00edcia Federal, entidades de classes da PF e o Minist\u00e9rio da Justi\u00e7a e Seguran\u00e7a P\u00fablica. A pasta, no entanto, n\u00e3o confirmou a data de 28 de novembro, apontada pela Associa\u00e7\u00e3o Nacional dos Delegados de Pol\u00edcia Federal (ADPF).<\/p>\n<p>A nota do MGI relembra ainda que o governo federal reinstalou, no in\u00edcio de 2023, a Mesa Permanente de Negocia\u00e7\u00e3o com os servidores p\u00fablicos. \u201cO primeiro acordo fechado este ano de [reajuste de] 9% para todos os servidores, inclusive os policiais federais.\u201d<\/p>\n<p>O MGI informa tamb\u00e9m que, neste segundo semestre, teve in\u00edcio o debate sobre reajuste dos servidores para 2024 e, como parte desse processo, em outubro, foram abertas dez mesas negocia\u00e7\u00e3o espec\u00edficas para tratar de algumas carreiras. \u201cNo dia 11 de setembro, foi aberta a mesa espec\u00edfica para as demandas dos cargos das carreiras policiais. Nessa ocasi\u00e3o, a categoria apresentou proposta de reajuste, que est\u00e1 em an\u00e1lise na Secretaria de Rela\u00e7\u00f5es de Trabalho [MGI]\u201d, afirma o MGI.<\/p>\n","protected":false},"excerpt":{"rendered":"<p>Delegados, agentes e servidores administrativos da Pol\u00edcia Federal (PF) realizaram, nesta quinta-feira (16), em todo o pa\u00eds, o segundo ato da mobiliza\u00e7\u00e3o pela valoriza\u00e7\u00e3o e reestrutura\u00e7\u00e3o das carreiras policial e administrativa da entidade e por reajuste salarial. A mobiliza\u00e7\u00e3o ocorre no Dia do Policial Federal. A primeira mobiliza\u00e7\u00e3o dos policiais federais ocorreu em 26 de [&hellip;]<\/p>\n","protected":false},"author":2,"featured_media":317118,"comment_status":"closed","ping_status":"closed","sticky":false,"template":"","format":"standard","meta":{"_acf_changed":false,"footnotes":""},"categories":[161],"tags":[],"class_list":["post-317117","post","type-post","status-publish","format-standard","has-post-thumbnail","hentry","category-quadradinho-em-foco"],"acf":[],"yoast_head":"<!-- This site is optimized with the Yoast SEO plugin v27.2 - https:\/\/yoast.com\/product\/yoast-seo-wordpress\/ -->\n<title>Federais cobram sal\u00e1rio melhor e reestrutura\u00e7\u00e3o de carreiras - Notibras<\/title>\n<meta name=\"robots\" content=\"index, follow, max-snippet:-1, max-image-preview:large, max-video-preview:-1\" \/>\n<link rel=\"canonical\" href=\"https:\/\/www.notibras.com\/site\/federais-cobram-salario-melhor-e-reestruturacao-de-carreiras\/\" \/>\n<meta property=\"og:locale\" content=\"pt_BR\" \/>\n<meta property=\"og:type\" content=\"article\" \/>\n<meta property=\"og:title\" content=\"Federais cobram sal\u00e1rio melhor e reestrutura\u00e7\u00e3o de carreiras - Notibras\" \/>\n<meta property=\"og:description\" content=\"Delegados, agentes e servidores administrativos da Pol\u00edcia Federal (PF) realizaram, nesta quinta-feira (16), em todo o pa\u00eds, o segundo ato da mobiliza\u00e7\u00e3o pela valoriza\u00e7\u00e3o e reestrutura\u00e7\u00e3o das carreiras policial e administrativa da entidade e por reajuste salarial. A mobiliza\u00e7\u00e3o ocorre no Dia do Policial Federal. A primeira mobiliza\u00e7\u00e3o dos policiais federais ocorreu em 26 de [&hellip;]\" \/>\n<meta property=\"og:url\" content=\"https:\/\/www.notibras.com\/site\/federais-cobram-salario-melhor-e-reestruturacao-de-carreiras\/\" \/>\n<meta property=\"og:site_name\" content=\"Notibras\" \/>\n<meta property=\"article:publisher\" content=\"https:\/\/www.facebook.com\/notibras\/\" \/>\n<meta property=\"article:published_time\" content=\"2023-11-17T03:00:24+00:00\" \/>\n<meta property=\"article:modified_time\" content=\"2023-11-17T03:27:11+00:00\" \/>\n<meta property=\"og:image\" content=\"https:\/\/www.notibras.com\/site\/wp-content\/uploads\/2023\/11\/pfcrise.webp\" \/>\n\t<meta property=\"og:image:width\" content=\"1170\" \/>\n\t<meta property=\"og:image:height\" content=\"700\" \/>\n\t<meta property=\"og:image:type\" content=\"image\/webp\" \/>\n<meta name=\"author\" content=\"Reda\u00e7\u00e3o\" \/>\n<meta name=\"twitter:card\" content=\"summary_large_image\" \/>\n<meta name=\"twitter:creator\" content=\"@Notibras\" \/>\n<meta name=\"twitter:site\" content=\"@Notibras\" \/>\n<meta name=\"twitter:label1\" content=\"Escrito por\" \/>\n\t<meta name=\"twitter:data1\" content=\"Reda\u00e7\u00e3o\" \/>\n\t<meta name=\"twitter:label2\" content=\"Est. tempo de leitura\" \/>\n\t<meta name=\"twitter:data2\" content=\"5 minutos\" \/>\n<script type=\"application\/ld+json\" class=\"yoast-schema-graph\">{\"@context\":\"https:\/\/schema.org\",\"@graph\":[{\"@type\":\"Article\",\"@id\":\"https:\/\/www.notibras.com\/site\/federais-cobram-salario-melhor-e-reestruturacao-de-carreiras\/#article\",\"isPartOf\":{\"@id\":\"https:\/\/www.notibras.com\/site\/federais-cobram-salario-melhor-e-reestruturacao-de-carreiras\/\"},\"author\":{\"name\":\"Reda\u00e7\u00e3o\",\"@id\":\"https:\/\/www.notibras.com\/site\/#\/schema\/person\/36ab0979449956132d3e5b517ea76ac8\"},\"headline\":\"Federais cobram sal\u00e1rio melhor e reestrutura\u00e7\u00e3o de carreiras\",\"datePublished\":\"2023-11-17T03:00:24+00:00\",\"dateModified\":\"2023-11-17T03:27:11+00:00\",\"mainEntityOfPage\":{\"@id\":\"https:\/\/www.notibras.com\/site\/federais-cobram-salario-melhor-e-reestruturacao-de-carreiras\/\"},\"wordCount\":930,\"publisher\":{\"@id\":\"https:\/\/www.notibras.com\/site\/#organization\"},\"image\":{\"@id\":\"https:\/\/www.notibras.com\/site\/federais-cobram-salario-melhor-e-reestruturacao-de-carreiras\/#primaryimage\"},\"thumbnailUrl\":\"https:\/\/www.notibras.com\/site\/wp-content\/uploads\/2023\/11\/pfcrise.webp\",\"articleSection\":[\"Quadradinho em Foco\"],\"inLanguage\":\"pt-BR\"},{\"@type\":\"WebPage\",\"@id\":\"https:\/\/www.notibras.com\/site\/federais-cobram-salario-melhor-e-reestruturacao-de-carreiras\/\",\"url\":\"https:\/\/www.notibras.com\/site\/federais-cobram-salario-melhor-e-reestruturacao-de-carreiras\/\",\"name\":\"Federais cobram sal\u00e1rio melhor e reestrutura\u00e7\u00e3o de carreiras - Notibras\",\"isPartOf\":{\"@id\":\"https:\/\/www.notibras.com\/site\/#website\"},\"primaryImageOfPage\":{\"@id\":\"https:\/\/www.notibras.com\/site\/federais-cobram-salario-melhor-e-reestruturacao-de-carreiras\/#primaryimage\"},\"image\":{\"@id\":\"https:\/\/www.notibras.com\/site\/federais-cobram-salario-melhor-e-reestruturacao-de-carreiras\/#primaryimage\"},\"thumbnailUrl\":\"https:\/\/www.notibras.com\/site\/wp-content\/uploads\/2023\/11\/pfcrise.webp\",\"datePublished\":\"2023-11-17T03:00:24+00:00\",\"dateModified\":\"2023-11-17T03:27:11+00:00\",\"breadcrumb\":{\"@id\":\"https:\/\/www.notibras.com\/site\/federais-cobram-salario-melhor-e-reestruturacao-de-carreiras\/#breadcrumb\"},\"inLanguage\":\"pt-BR\",\"potentialAction\":[{\"@type\":\"ReadAction\",\"target\":[\"https:\/\/www.notibras.com\/site\/federais-cobram-salario-melhor-e-reestruturacao-de-carreiras\/\"]}]},{\"@type\":\"ImageObject\",\"inLanguage\":\"pt-BR\",\"@id\":\"https:\/\/www.notibras.com\/site\/federais-cobram-salario-melhor-e-reestruturacao-de-carreiras\/#primaryimage\",\"url\":\"https:\/\/www.notibras.com\/site\/wp-content\/uploads\/2023\/11\/pfcrise.webp\",\"contentUrl\":\"https:\/\/www.notibras.com\/site\/wp-content\/uploads\/2023\/11\/pfcrise.webp\",\"width\":1170,\"height\":700},{\"@type\":\"BreadcrumbList\",\"@id\":\"https:\/\/www.notibras.com\/site\/federais-cobram-salario-melhor-e-reestruturacao-de-carreiras\/#breadcrumb\",\"itemListElement\":[{\"@type\":\"ListItem\",\"position\":1,\"name\":\"In\u00edcio\",\"item\":\"https:\/\/www.notibras.com\/site\/\"},{\"@type\":\"ListItem\",\"position\":2,\"name\":\"Federais cobram sal\u00e1rio melhor e reestrutura\u00e7\u00e3o de carreiras\"}]},{\"@type\":\"WebSite\",\"@id\":\"https:\/\/www.notibras.com\/site\/#website\",\"url\":\"https:\/\/www.notibras.com\/site\/\",\"name\":\"Notibras\",\"description\":\"Not\u00edcias de Bras\u00edlia, do Brasil e do Mundo\",\"publisher\":{\"@id\":\"https:\/\/www.notibras.com\/site\/#organization\"},\"potentialAction\":[{\"@type\":\"SearchAction\",\"target\":{\"@type\":\"EntryPoint\",\"urlTemplate\":\"https:\/\/www.notibras.com\/site\/?s={search_term_string}\"},\"query-input\":{\"@type\":\"PropertyValueSpecification\",\"valueRequired\":true,\"valueName\":\"search_term_string\"}}],\"inLanguage\":\"pt-BR\"},{\"@type\":\"Organization\",\"@id\":\"https:\/\/www.notibras.com\/site\/#organization\",\"name\":\"Grupo Notibras de Comunica\u00e7\u00e3o\",\"url\":\"https:\/\/www.notibras.com\/site\/\",\"logo\":{\"@type\":\"ImageObject\",\"inLanguage\":\"pt-BR\",\"@id\":\"https:\/\/www.notibras.com\/site\/#\/schema\/logo\/image\/\",\"url\":\"https:\/\/www.notibras.com\/site\/wp-content\/uploads\/2023\/01\/notibras23.png\",\"contentUrl\":\"https:\/\/www.notibras.com\/site\/wp-content\/uploads\/2023\/01\/notibras23.png\",\"width\":350,\"height\":87,\"caption\":\"Grupo Notibras de Comunica\u00e7\u00e3o\"},\"image\":{\"@id\":\"https:\/\/www.notibras.com\/site\/#\/schema\/logo\/image\/\"},\"sameAs\":[\"https:\/\/www.facebook.com\/notibras\/\",\"https:\/\/x.com\/Notibras\",\"https:\/\/www.instagram.com\/notibras\/\"]},{\"@type\":\"Person\",\"@id\":\"https:\/\/www.notibras.com\/site\/#\/schema\/person\/36ab0979449956132d3e5b517ea76ac8\",\"name\":\"Reda\u00e7\u00e3o\",\"image\":{\"@type\":\"ImageObject\",\"inLanguage\":\"pt-BR\",\"@id\":\"https:\/\/secure.gravatar.com\/avatar\/e0a867bdedb85fd243eadf09663511f96fc81e0720a4a42581f334ad4303aa6b?s=96&d=mm&r=g\",\"url\":\"https:\/\/secure.gravatar.com\/avatar\/e0a867bdedb85fd243eadf09663511f96fc81e0720a4a42581f334ad4303aa6b?s=96&d=mm&r=g\",\"contentUrl\":\"https:\/\/secure.gravatar.com\/avatar\/e0a867bdedb85fd243eadf09663511f96fc81e0720a4a42581f334ad4303aa6b?s=96&d=mm&r=g\",\"caption\":\"Reda\u00e7\u00e3o\"}}]}<\/script>\n<!-- \/ Yoast SEO plugin. -->","yoast_head_json":{"title":"Federais cobram sal\u00e1rio melhor e reestrutura\u00e7\u00e3o de carreiras - Notibras","robots":{"index":"index","follow":"follow","max-snippet":"max-snippet:-1","max-image-preview":"max-image-preview:large","max-video-preview":"max-video-preview:-1"},"canonical":"https:\/\/www.notibras.com\/site\/federais-cobram-salario-melhor-e-reestruturacao-de-carreiras\/","og_locale":"pt_BR","og_type":"article","og_title":"Federais cobram sal\u00e1rio melhor e reestrutura\u00e7\u00e3o de carreiras - Notibras","og_description":"Delegados, agentes e servidores administrativos da Pol\u00edcia Federal (PF) realizaram, nesta quinta-feira (16), em todo o pa\u00eds, o segundo ato da mobiliza\u00e7\u00e3o pela valoriza\u00e7\u00e3o e reestrutura\u00e7\u00e3o das carreiras policial e administrativa da entidade e por reajuste salarial. A mobiliza\u00e7\u00e3o ocorre no Dia do Policial Federal. A primeira mobiliza\u00e7\u00e3o dos policiais federais ocorreu em 26 de [&hellip;]","og_url":"https:\/\/www.notibras.com\/site\/federais-cobram-salario-melhor-e-reestruturacao-de-carreiras\/","og_site_name":"Notibras","article_publisher":"https:\/\/www.facebook.com\/notibras\/","article_published_time":"2023-11-17T03:00:24+00:00","article_modified_time":"2023-11-17T03:27:11+00:00","og_image":[{"width":1170,"height":700,"url":"https:\/\/www.notibras.com\/site\/wp-content\/uploads\/2023\/11\/pfcrise.webp","type":"image\/webp"}],"author":"Reda\u00e7\u00e3o","twitter_card":"summary_large_image","twitter_creator":"@Notibras","twitter_site":"@Notibras","twitter_misc":{"Escrito por":"Reda\u00e7\u00e3o","Est. tempo de leitura":"5 minutos"},"schema":{"@context":"https:\/\/schema.org","@graph":[{"@type":"Article","@id":"https:\/\/www.notibras.com\/site\/federais-cobram-salario-melhor-e-reestruturacao-de-carreiras\/#article","isPartOf":{"@id":"https:\/\/www.notibras.com\/site\/federais-cobram-salario-melhor-e-reestruturacao-de-carreiras\/"},"author":{"name":"Reda\u00e7\u00e3o","@id":"https:\/\/www.notibras.com\/site\/#\/schema\/person\/36ab0979449956132d3e5b517ea76ac8"},"headline":"Federais cobram sal\u00e1rio melhor e reestrutura\u00e7\u00e3o de carreiras","datePublished":"2023-11-17T03:00:24+00:00","dateModified":"2023-11-17T03:27:11+00:00","mainEntityOfPage":{"@id":"https:\/\/www.notibras.com\/site\/federais-cobram-salario-melhor-e-reestruturacao-de-carreiras\/"},"wordCount":930,"publisher":{"@id":"https:\/\/www.notibras.com\/site\/#organization"},"image":{"@id":"https:\/\/www.notibras.com\/site\/federais-cobram-salario-melhor-e-reestruturacao-de-carreiras\/#primaryimage"},"thumbnailUrl":"https:\/\/www.notibras.com\/site\/wp-content\/uploads\/2023\/11\/pfcrise.webp","articleSection":["Quadradinho em Foco"],"inLanguage":"pt-BR"},{"@type":"WebPage","@id":"https:\/\/www.notibras.com\/site\/federais-cobram-salario-melhor-e-reestruturacao-de-carreiras\/","url":"https:\/\/www.notibras.com\/site\/federais-cobram-salario-melhor-e-reestruturacao-de-carreiras\/","name":"Federais cobram sal\u00e1rio melhor e reestrutura\u00e7\u00e3o de carreiras - Notibras","isPartOf":{"@id":"https:\/\/www.notibras.com\/site\/#website"},"primaryImageOfPage":{"@id":"https:\/\/www.notibras.com\/site\/federais-cobram-salario-melhor-e-reestruturacao-de-carreiras\/#primaryimage"},"image":{"@id":"https:\/\/www.notibras.com\/site\/federais-cobram-salario-melhor-e-reestruturacao-de-carreiras\/#primaryimage"},"thumbnailUrl":"https:\/\/www.notibras.com\/site\/wp-content\/uploads\/2023\/11\/pfcrise.webp","datePublished":"2023-11-17T03:00:24+00:00","dateModified":"2023-11-17T03:27:11+00:00","breadcrumb":{"@id":"https:\/\/www.notibras.com\/site\/federais-cobram-salario-melhor-e-reestruturacao-de-carreiras\/#breadcrumb"},"inLanguage":"pt-BR","potentialAction":[{"@type":"ReadAction","target":["https:\/\/www.notibras.com\/site\/federais-cobram-salario-melhor-e-reestruturacao-de-carreiras\/"]}]},{"@type":"ImageObject","inLanguage":"pt-BR","@id":"https:\/\/www.notibras.com\/site\/federais-cobram-salario-melhor-e-reestruturacao-de-carreiras\/#primaryimage","url":"https:\/\/www.notibras.com\/site\/wp-content\/uploads\/2023\/11\/pfcrise.webp","contentUrl":"https:\/\/www.notibras.com\/site\/wp-content\/uploads\/2023\/11\/pfcrise.webp","width":1170,"height":700},{"@type":"BreadcrumbList","@id":"https:\/\/www.notibras.com\/site\/federais-cobram-salario-melhor-e-reestruturacao-de-carreiras\/#breadcrumb","itemListElement":[{"@type":"ListItem","position":1,"name":"In\u00edcio","item":"https:\/\/www.notibras.com\/site\/"},{"@type":"ListItem","position":2,"name":"Federais cobram sal\u00e1rio melhor e reestrutura\u00e7\u00e3o de carreiras"}]},{"@type":"WebSite","@id":"https:\/\/www.notibras.com\/site\/#website","url":"https:\/\/www.notibras.com\/site\/","name":"Notibras","description":"Not\u00edcias de Bras\u00edlia, do Brasil e do Mundo","publisher":{"@id":"https:\/\/www.notibras.com\/site\/#organization"},"potentialAction":[{"@type":"SearchAction","target":{"@type":"EntryPoint","urlTemplate":"https:\/\/www.notibras.com\/site\/?s={search_term_string}"},"query-input":{"@type":"PropertyValueSpecification","valueRequired":true,"valueName":"search_term_string"}}],"inLanguage":"pt-BR"},{"@type":"Organization","@id":"https:\/\/www.notibras.com\/site\/#organization","name":"Grupo Notibras de Comunica\u00e7\u00e3o","url":"https:\/\/www.notibras.com\/site\/","logo":{"@type":"ImageObject","inLanguage":"pt-BR","@id":"https:\/\/www.notibras.com\/site\/#\/schema\/logo\/image\/","url":"https:\/\/www.notibras.com\/site\/wp-content\/uploads\/2023\/01\/notibras23.png","contentUrl":"https:\/\/www.notibras.com\/site\/wp-content\/uploads\/2023\/01\/notibras23.png","width":350,"height":87,"caption":"Grupo Notibras de Comunica\u00e7\u00e3o"},"image":{"@id":"https:\/\/www.notibras.com\/site\/#\/schema\/logo\/image\/"},"sameAs":["https:\/\/www.facebook.com\/notibras\/","https:\/\/x.com\/Notibras","https:\/\/www.instagram.com\/notibras\/"]},{"@type":"Person","@id":"https:\/\/www.notibras.com\/site\/#\/schema\/person\/36ab0979449956132d3e5b517ea76ac8","name":"Reda\u00e7\u00e3o","image":{"@type":"ImageObject","inLanguage":"pt-BR","@id":"https:\/\/secure.gravatar.com\/avatar\/e0a867bdedb85fd243eadf09663511f96fc81e0720a4a42581f334ad4303aa6b?s=96&d=mm&r=g","url":"https:\/\/secure.gravatar.com\/avatar\/e0a867bdedb85fd243eadf09663511f96fc81e0720a4a42581f334ad4303aa6b?s=96&d=mm&r=g","contentUrl":"https:\/\/secure.gravatar.com\/avatar\/e0a867bdedb85fd243eadf09663511f96fc81e0720a4a42581f334ad4303aa6b?s=96&d=mm&r=g","caption":"Reda\u00e7\u00e3o"}}]}},"amp_enabled":true,"_links":{"self":[{"href":"https:\/\/www.notibras.com\/site\/wp-json\/wp\/v2\/posts\/317117","targetHints":{"allow":["GET"]}}],"collection":[{"href":"https:\/\/www.notibras.com\/site\/wp-json\/wp\/v2\/posts"}],"about":[{"href":"https:\/\/www.notibras.com\/site\/wp-json\/wp\/v2\/types\/post"}],"author":[{"embeddable":true,"href":"https:\/\/www.notibras.com\/site\/wp-json\/wp\/v2\/users\/2"}],"replies":[{"embeddable":true,"href":"https:\/\/www.notibras.com\/site\/wp-json\/wp\/v2\/comments?post=317117"}],"version-history":[{"count":1,"href":"https:\/\/www.notibras.com\/site\/wp-json\/wp\/v2\/posts\/317117\/revisions"}],"predecessor-version":[{"id":317119,"href":"https:\/\/www.notibras.com\/site\/wp-json\/wp\/v2\/posts\/317117\/revisions\/317119"}],"wp:featuredmedia":[{"embeddable":true,"href":"https:\/\/www.notibras.com\/site\/wp-json\/wp\/v2\/media\/317118"}],"wp:attachment":[{"href":"https:\/\/www.notibras.com\/site\/wp-json\/wp\/v2\/media?parent=317117"}],"wp:term":[{"taxonomy":"category","embeddable":true,"href":"https:\/\/www.notibras.com\/site\/wp-json\/wp\/v2\/categories?post=317117"},{"taxonomy":"post_tag","embeddable":true,"href":"https:\/\/www.notibras.com\/site\/wp-json\/wp\/v2\/tags?post=317117"}],"curies":[{"name":"wp","href":"https:\/\/api.w.org\/{rel}","templated":true}]}}