{"id":317169,"date":"2023-11-17T19:02:41","date_gmt":"2023-11-17T22:02:41","guid":{"rendered":"https:\/\/www.notibras.com\/site\/?p=317169"},"modified":"2023-11-17T19:02:41","modified_gmt":"2023-11-17T22:02:41","slug":"jose-paulo-volta-a-unb-para-homenagear-sepulveda-pertence","status":"publish","type":"post","link":"https:\/\/www.notibras.com\/site\/jose-paulo-volta-a-unb-para-homenagear-sepulveda-pertence\/","title":{"rendered":"Jos\u00e9 Paulo \u201cvolta\u201d \u00e0 UnB para homenagear Sep\u00falveda Pertence"},"content":{"rendered":"<p>Homem de muitas hist\u00f3rias, chefe e l\u00edder ideol\u00f3gico de alguns do seu tempo e da maioria daqueles com os quais conviveu, Jos\u00e9 Paulo Sep\u00falveda Pertence nos deixou fisicamente no primeiro domingo de julho. Partiu para o plano superior e, de l\u00e1, continua nos ensinando tudo que aprendeu. E n\u00e3o foi pouca coisa. Inovador, sem medos e capaz de, com sua eloqu\u00eancia jur\u00eddica, solucionar problemas insol\u00faveis em segundos, o homem Jos\u00e9 Paulo \u00e9 imorr\u00edvel. Art\u00edfice do atual Minist\u00e9rio P\u00fablico Federal, de onde foi cassado em outubro de 1969, e uma das mais estridentes mem\u00f3rias da Corte Suprema, o jurista Sep\u00falveda Pertence \u00e9 inesquec\u00edvel.<\/p>\n<p>Um s\u00e1bio aproveitador dos prazeres da vida, o mestre do Direito viveu a plenitude de sua exist\u00eancia. Sem margem de erro para cima ou para baixo, esse mineiro de Sabar\u00e1 est\u00e1 l\u00e1 em riba, mas n\u00e3o tira o olho da P\u00e1tria amada, sempre preocupado com os percal\u00e7os do Estado Democr\u00e1tico de Direito. \u00c0queles aos quais o futuro a Sep\u00falveda ainda pertence, sugiro que mantenham vivas as hist\u00f3rias desse garantidor de normas, defensor ferrenho dos direitos humanos e adorado homem do povo. Como ele pertence ao Brasil e faz parte de minha autobiografia, eu as eternizei.<\/p>\n<p>Jos\u00e9 Paulo n\u00e3o renasceu. Infelizmente, o homem n\u00e3o pode ser visto por n\u00f3s mortais. Entretanto, a ess\u00eancia de Sep\u00falveda Pertence vive e estar\u00e1 entre n\u00f3s pr\u00f3ximos dias 21 a 23, quando amigos eternos, advogados, acad\u00eamicos e autoridades de hoje, de ontem e de sempre se reunir\u00e3o na Faculdade de Direito da UnB para debater tr\u00eas temas que ele adorava e, por isso, os guardava no bolso do palet\u00f3, na barba que um dia assumiu como pretenso protesto e na imaterial pasta que carregava em sua mem\u00f3ria multim\u00eddia: Democracia, Constitui\u00e7\u00e3o e Liberdade.<\/p>\n<p>Nesses tr\u00eas dias, o ex-presidente Jos\u00e9 Sarney, os ministros Dias Toffoli, C\u00e1rmem L\u00facia e Daniela Teixeira se juntar\u00e3o aos advogados Fernando Neves, Aristides Junqueira, Menelick de Carvalho Neto, Miro Teixeira, Ant\u00f4nio Carlos de Almeida Castro (Kakay), Jos\u00e9 Geraldo de Souza J\u00fanior e Nabor Bulh\u00f5es em um memor\u00e1vel encontro de cabe\u00e7as pensantes para, mais uma vez, homenagear um dos maiores mestres do saber. Do c\u00e9u, Pertence j\u00e1 pediu todas as v\u00eanias a S\u00e3o Pedro e, mesmo invis\u00edvel, estar\u00e1 na primeira fila do Audit\u00f3rio Esperan\u00e7a Garcia. Como as vagas s\u00e3o limitadas, confirme logo sua presen\u00e7a pelo <strong>Whatsapp (61) 4042-3649<\/strong>.<\/p>\n<p><strong>*Armando Cardoso \u00e9 presidente do Conselho Editorial de <em>Notibras<\/em><\/strong><\/p>\n","protected":false},"excerpt":{"rendered":"<p>Homem de muitas hist\u00f3rias, chefe e l\u00edder ideol\u00f3gico de alguns do seu tempo e da maioria daqueles com os quais conviveu, Jos\u00e9 Paulo Sep\u00falveda Pertence nos deixou fisicamente no primeiro domingo de julho. Partiu para o plano superior e, de l\u00e1, continua nos ensinando tudo que aprendeu. E n\u00e3o foi pouca coisa. Inovador, sem medos [&hellip;]<\/p>\n","protected":false},"author":2,"featured_media":317170,"comment_status":"closed","ping_status":"closed","sticky":false,"template":"","format":"standard","meta":{"_acf_changed":false,"footnotes":""},"categories":[161],"tags":[95],"class_list":["post-317169","post","type-post","status-publish","format-standard","has-post-thumbnail","hentry","category-quadradinho-em-foco","tag-capa"],"acf":[],"yoast_head":"<!-- This site is optimized with the Yoast SEO plugin v27.2 - https:\/\/yoast.com\/product\/yoast-seo-wordpress\/ -->\n<title>Jos\u00e9 Paulo \u201cvolta\u201d \u00e0 UnB para homenagear Sep\u00falveda Pertence - Notibras<\/title>\n<meta name=\"robots\" content=\"index, follow, max-snippet:-1, max-image-preview:large, max-video-preview:-1\" \/>\n<link rel=\"canonical\" href=\"https:\/\/www.notibras.com\/site\/jose-paulo-volta-a-unb-para-homenagear-sepulveda-pertence\/\" \/>\n<meta property=\"og:locale\" content=\"pt_BR\" \/>\n<meta property=\"og:type\" content=\"article\" \/>\n<meta property=\"og:title\" content=\"Jos\u00e9 Paulo \u201cvolta\u201d \u00e0 UnB para homenagear Sep\u00falveda Pertence - Notibras\" \/>\n<meta property=\"og:description\" content=\"Homem de muitas hist\u00f3rias, chefe e l\u00edder ideol\u00f3gico de alguns do seu tempo e da maioria daqueles com os quais conviveu, Jos\u00e9 Paulo Sep\u00falveda Pertence nos deixou fisicamente no primeiro domingo de julho. Partiu para o plano superior e, de l\u00e1, continua nos ensinando tudo que aprendeu. E n\u00e3o foi pouca coisa. Inovador, sem medos [&hellip;]\" \/>\n<meta property=\"og:url\" content=\"https:\/\/www.notibras.com\/site\/jose-paulo-volta-a-unb-para-homenagear-sepulveda-pertence\/\" \/>\n<meta property=\"og:site_name\" content=\"Notibras\" \/>\n<meta property=\"article:publisher\" content=\"https:\/\/www.facebook.com\/notibras\/\" \/>\n<meta property=\"article:published_time\" content=\"2023-11-17T22:02:41+00:00\" \/>\n<meta property=\"og:image\" content=\"https:\/\/www.notibras.com\/site\/wp-content\/uploads\/2023\/11\/sp.webp\" \/>\n\t<meta property=\"og:image:width\" content=\"770\" \/>\n\t<meta property=\"og:image:height\" content=\"513\" \/>\n\t<meta property=\"og:image:type\" content=\"image\/webp\" \/>\n<meta name=\"author\" content=\"Reda\u00e7\u00e3o\" \/>\n<meta name=\"twitter:card\" content=\"summary_large_image\" \/>\n<meta name=\"twitter:creator\" content=\"@Notibras\" \/>\n<meta name=\"twitter:site\" content=\"@Notibras\" \/>\n<meta name=\"twitter:label1\" content=\"Escrito por\" \/>\n\t<meta name=\"twitter:data1\" content=\"Reda\u00e7\u00e3o\" \/>\n\t<meta name=\"twitter:label2\" content=\"Est. tempo de leitura\" \/>\n\t<meta name=\"twitter:data2\" content=\"3 minutos\" \/>\n<script type=\"application\/ld+json\" class=\"yoast-schema-graph\">{\"@context\":\"https:\/\/schema.org\",\"@graph\":[{\"@type\":\"Article\",\"@id\":\"https:\/\/www.notibras.com\/site\/jose-paulo-volta-a-unb-para-homenagear-sepulveda-pertence\/#article\",\"isPartOf\":{\"@id\":\"https:\/\/www.notibras.com\/site\/jose-paulo-volta-a-unb-para-homenagear-sepulveda-pertence\/\"},\"author\":{\"name\":\"Reda\u00e7\u00e3o\",\"@id\":\"https:\/\/www.notibras.com\/site\/#\/schema\/person\/36ab0979449956132d3e5b517ea76ac8\"},\"headline\":\"Jos\u00e9 Paulo \u201cvolta\u201d \u00e0 UnB para homenagear Sep\u00falveda Pertence\",\"datePublished\":\"2023-11-17T22:02:41+00:00\",\"mainEntityOfPage\":{\"@id\":\"https:\/\/www.notibras.com\/site\/jose-paulo-volta-a-unb-para-homenagear-sepulveda-pertence\/\"},\"wordCount\":449,\"publisher\":{\"@id\":\"https:\/\/www.notibras.com\/site\/#organization\"},\"image\":{\"@id\":\"https:\/\/www.notibras.com\/site\/jose-paulo-volta-a-unb-para-homenagear-sepulveda-pertence\/#primaryimage\"},\"thumbnailUrl\":\"https:\/\/www.notibras.com\/site\/wp-content\/uploads\/2023\/11\/sp.webp\",\"keywords\":[\"capa\"],\"articleSection\":[\"Quadradinho em Foco\"],\"inLanguage\":\"pt-BR\"},{\"@type\":\"WebPage\",\"@id\":\"https:\/\/www.notibras.com\/site\/jose-paulo-volta-a-unb-para-homenagear-sepulveda-pertence\/\",\"url\":\"https:\/\/www.notibras.com\/site\/jose-paulo-volta-a-unb-para-homenagear-sepulveda-pertence\/\",\"name\":\"Jos\u00e9 Paulo \u201cvolta\u201d \u00e0 UnB para homenagear Sep\u00falveda Pertence - Notibras\",\"isPartOf\":{\"@id\":\"https:\/\/www.notibras.com\/site\/#website\"},\"primaryImageOfPage\":{\"@id\":\"https:\/\/www.notibras.com\/site\/jose-paulo-volta-a-unb-para-homenagear-sepulveda-pertence\/#primaryimage\"},\"image\":{\"@id\":\"https:\/\/www.notibras.com\/site\/jose-paulo-volta-a-unb-para-homenagear-sepulveda-pertence\/#primaryimage\"},\"thumbnailUrl\":\"https:\/\/www.notibras.com\/site\/wp-content\/uploads\/2023\/11\/sp.webp\",\"datePublished\":\"2023-11-17T22:02:41+00:00\",\"breadcrumb\":{\"@id\":\"https:\/\/www.notibras.com\/site\/jose-paulo-volta-a-unb-para-homenagear-sepulveda-pertence\/#breadcrumb\"},\"inLanguage\":\"pt-BR\",\"potentialAction\":[{\"@type\":\"ReadAction\",\"target\":[\"https:\/\/www.notibras.com\/site\/jose-paulo-volta-a-unb-para-homenagear-sepulveda-pertence\/\"]}]},{\"@type\":\"ImageObject\",\"inLanguage\":\"pt-BR\",\"@id\":\"https:\/\/www.notibras.com\/site\/jose-paulo-volta-a-unb-para-homenagear-sepulveda-pertence\/#primaryimage\",\"url\":\"https:\/\/www.notibras.com\/site\/wp-content\/uploads\/2023\/11\/sp.webp\",\"contentUrl\":\"https:\/\/www.notibras.com\/site\/wp-content\/uploads\/2023\/11\/sp.webp\",\"width\":770,\"height\":513},{\"@type\":\"BreadcrumbList\",\"@id\":\"https:\/\/www.notibras.com\/site\/jose-paulo-volta-a-unb-para-homenagear-sepulveda-pertence\/#breadcrumb\",\"itemListElement\":[{\"@type\":\"ListItem\",\"position\":1,\"name\":\"In\u00edcio\",\"item\":\"https:\/\/www.notibras.com\/site\/\"},{\"@type\":\"ListItem\",\"position\":2,\"name\":\"Jos\u00e9 Paulo \u201cvolta\u201d \u00e0 UnB para homenagear Sep\u00falveda Pertence\"}]},{\"@type\":\"WebSite\",\"@id\":\"https:\/\/www.notibras.com\/site\/#website\",\"url\":\"https:\/\/www.notibras.com\/site\/\",\"name\":\"Notibras\",\"description\":\"Not\u00edcias de Bras\u00edlia, do Brasil e do Mundo\",\"publisher\":{\"@id\":\"https:\/\/www.notibras.com\/site\/#organization\"},\"potentialAction\":[{\"@type\":\"SearchAction\",\"target\":{\"@type\":\"EntryPoint\",\"urlTemplate\":\"https:\/\/www.notibras.com\/site\/?s={search_term_string}\"},\"query-input\":{\"@type\":\"PropertyValueSpecification\",\"valueRequired\":true,\"valueName\":\"search_term_string\"}}],\"inLanguage\":\"pt-BR\"},{\"@type\":\"Organization\",\"@id\":\"https:\/\/www.notibras.com\/site\/#organization\",\"name\":\"Grupo Notibras de Comunica\u00e7\u00e3o\",\"url\":\"https:\/\/www.notibras.com\/site\/\",\"logo\":{\"@type\":\"ImageObject\",\"inLanguage\":\"pt-BR\",\"@id\":\"https:\/\/www.notibras.com\/site\/#\/schema\/logo\/image\/\",\"url\":\"https:\/\/www.notibras.com\/site\/wp-content\/uploads\/2023\/01\/notibras23.png\",\"contentUrl\":\"https:\/\/www.notibras.com\/site\/wp-content\/uploads\/2023\/01\/notibras23.png\",\"width\":350,\"height\":87,\"caption\":\"Grupo Notibras de Comunica\u00e7\u00e3o\"},\"image\":{\"@id\":\"https:\/\/www.notibras.com\/site\/#\/schema\/logo\/image\/\"},\"sameAs\":[\"https:\/\/www.facebook.com\/notibras\/\",\"https:\/\/x.com\/Notibras\",\"https:\/\/www.instagram.com\/notibras\/\"]},{\"@type\":\"Person\",\"@id\":\"https:\/\/www.notibras.com\/site\/#\/schema\/person\/36ab0979449956132d3e5b517ea76ac8\",\"name\":\"Reda\u00e7\u00e3o\",\"image\":{\"@type\":\"ImageObject\",\"inLanguage\":\"pt-BR\",\"@id\":\"https:\/\/secure.gravatar.com\/avatar\/e0a867bdedb85fd243eadf09663511f96fc81e0720a4a42581f334ad4303aa6b?s=96&d=mm&r=g\",\"url\":\"https:\/\/secure.gravatar.com\/avatar\/e0a867bdedb85fd243eadf09663511f96fc81e0720a4a42581f334ad4303aa6b?s=96&d=mm&r=g\",\"contentUrl\":\"https:\/\/secure.gravatar.com\/avatar\/e0a867bdedb85fd243eadf09663511f96fc81e0720a4a42581f334ad4303aa6b?s=96&d=mm&r=g\",\"caption\":\"Reda\u00e7\u00e3o\"}}]}<\/script>\n<!-- \/ Yoast SEO plugin. -->","yoast_head_json":{"title":"Jos\u00e9 Paulo \u201cvolta\u201d \u00e0 UnB para homenagear Sep\u00falveda Pertence - Notibras","robots":{"index":"index","follow":"follow","max-snippet":"max-snippet:-1","max-image-preview":"max-image-preview:large","max-video-preview":"max-video-preview:-1"},"canonical":"https:\/\/www.notibras.com\/site\/jose-paulo-volta-a-unb-para-homenagear-sepulveda-pertence\/","og_locale":"pt_BR","og_type":"article","og_title":"Jos\u00e9 Paulo \u201cvolta\u201d \u00e0 UnB para homenagear Sep\u00falveda Pertence - Notibras","og_description":"Homem de muitas hist\u00f3rias, chefe e l\u00edder ideol\u00f3gico de alguns do seu tempo e da maioria daqueles com os quais conviveu, Jos\u00e9 Paulo Sep\u00falveda Pertence nos deixou fisicamente no primeiro domingo de julho. Partiu para o plano superior e, de l\u00e1, continua nos ensinando tudo que aprendeu. E n\u00e3o foi pouca coisa. Inovador, sem medos [&hellip;]","og_url":"https:\/\/www.notibras.com\/site\/jose-paulo-volta-a-unb-para-homenagear-sepulveda-pertence\/","og_site_name":"Notibras","article_publisher":"https:\/\/www.facebook.com\/notibras\/","article_published_time":"2023-11-17T22:02:41+00:00","og_image":[{"width":770,"height":513,"url":"https:\/\/www.notibras.com\/site\/wp-content\/uploads\/2023\/11\/sp.webp","type":"image\/webp"}],"author":"Reda\u00e7\u00e3o","twitter_card":"summary_large_image","twitter_creator":"@Notibras","twitter_site":"@Notibras","twitter_misc":{"Escrito por":"Reda\u00e7\u00e3o","Est. tempo de leitura":"3 minutos"},"schema":{"@context":"https:\/\/schema.org","@graph":[{"@type":"Article","@id":"https:\/\/www.notibras.com\/site\/jose-paulo-volta-a-unb-para-homenagear-sepulveda-pertence\/#article","isPartOf":{"@id":"https:\/\/www.notibras.com\/site\/jose-paulo-volta-a-unb-para-homenagear-sepulveda-pertence\/"},"author":{"name":"Reda\u00e7\u00e3o","@id":"https:\/\/www.notibras.com\/site\/#\/schema\/person\/36ab0979449956132d3e5b517ea76ac8"},"headline":"Jos\u00e9 Paulo \u201cvolta\u201d \u00e0 UnB para homenagear Sep\u00falveda Pertence","datePublished":"2023-11-17T22:02:41+00:00","mainEntityOfPage":{"@id":"https:\/\/www.notibras.com\/site\/jose-paulo-volta-a-unb-para-homenagear-sepulveda-pertence\/"},"wordCount":449,"publisher":{"@id":"https:\/\/www.notibras.com\/site\/#organization"},"image":{"@id":"https:\/\/www.notibras.com\/site\/jose-paulo-volta-a-unb-para-homenagear-sepulveda-pertence\/#primaryimage"},"thumbnailUrl":"https:\/\/www.notibras.com\/site\/wp-content\/uploads\/2023\/11\/sp.webp","keywords":["capa"],"articleSection":["Quadradinho em Foco"],"inLanguage":"pt-BR"},{"@type":"WebPage","@id":"https:\/\/www.notibras.com\/site\/jose-paulo-volta-a-unb-para-homenagear-sepulveda-pertence\/","url":"https:\/\/www.notibras.com\/site\/jose-paulo-volta-a-unb-para-homenagear-sepulveda-pertence\/","name":"Jos\u00e9 Paulo \u201cvolta\u201d \u00e0 UnB para homenagear Sep\u00falveda Pertence - Notibras","isPartOf":{"@id":"https:\/\/www.notibras.com\/site\/#website"},"primaryImageOfPage":{"@id":"https:\/\/www.notibras.com\/site\/jose-paulo-volta-a-unb-para-homenagear-sepulveda-pertence\/#primaryimage"},"image":{"@id":"https:\/\/www.notibras.com\/site\/jose-paulo-volta-a-unb-para-homenagear-sepulveda-pertence\/#primaryimage"},"thumbnailUrl":"https:\/\/www.notibras.com\/site\/wp-content\/uploads\/2023\/11\/sp.webp","datePublished":"2023-11-17T22:02:41+00:00","breadcrumb":{"@id":"https:\/\/www.notibras.com\/site\/jose-paulo-volta-a-unb-para-homenagear-sepulveda-pertence\/#breadcrumb"},"inLanguage":"pt-BR","potentialAction":[{"@type":"ReadAction","target":["https:\/\/www.notibras.com\/site\/jose-paulo-volta-a-unb-para-homenagear-sepulveda-pertence\/"]}]},{"@type":"ImageObject","inLanguage":"pt-BR","@id":"https:\/\/www.notibras.com\/site\/jose-paulo-volta-a-unb-para-homenagear-sepulveda-pertence\/#primaryimage","url":"https:\/\/www.notibras.com\/site\/wp-content\/uploads\/2023\/11\/sp.webp","contentUrl":"https:\/\/www.notibras.com\/site\/wp-content\/uploads\/2023\/11\/sp.webp","width":770,"height":513},{"@type":"BreadcrumbList","@id":"https:\/\/www.notibras.com\/site\/jose-paulo-volta-a-unb-para-homenagear-sepulveda-pertence\/#breadcrumb","itemListElement":[{"@type":"ListItem","position":1,"name":"In\u00edcio","item":"https:\/\/www.notibras.com\/site\/"},{"@type":"ListItem","position":2,"name":"Jos\u00e9 Paulo \u201cvolta\u201d \u00e0 UnB para homenagear Sep\u00falveda Pertence"}]},{"@type":"WebSite","@id":"https:\/\/www.notibras.com\/site\/#website","url":"https:\/\/www.notibras.com\/site\/","name":"Notibras","description":"Not\u00edcias de Bras\u00edlia, do Brasil e do Mundo","publisher":{"@id":"https:\/\/www.notibras.com\/site\/#organization"},"potentialAction":[{"@type":"SearchAction","target":{"@type":"EntryPoint","urlTemplate":"https:\/\/www.notibras.com\/site\/?s={search_term_string}"},"query-input":{"@type":"PropertyValueSpecification","valueRequired":true,"valueName":"search_term_string"}}],"inLanguage":"pt-BR"},{"@type":"Organization","@id":"https:\/\/www.notibras.com\/site\/#organization","name":"Grupo Notibras de Comunica\u00e7\u00e3o","url":"https:\/\/www.notibras.com\/site\/","logo":{"@type":"ImageObject","inLanguage":"pt-BR","@id":"https:\/\/www.notibras.com\/site\/#\/schema\/logo\/image\/","url":"https:\/\/www.notibras.com\/site\/wp-content\/uploads\/2023\/01\/notibras23.png","contentUrl":"https:\/\/www.notibras.com\/site\/wp-content\/uploads\/2023\/01\/notibras23.png","width":350,"height":87,"caption":"Grupo Notibras de Comunica\u00e7\u00e3o"},"image":{"@id":"https:\/\/www.notibras.com\/site\/#\/schema\/logo\/image\/"},"sameAs":["https:\/\/www.facebook.com\/notibras\/","https:\/\/x.com\/Notibras","https:\/\/www.instagram.com\/notibras\/"]},{"@type":"Person","@id":"https:\/\/www.notibras.com\/site\/#\/schema\/person\/36ab0979449956132d3e5b517ea76ac8","name":"Reda\u00e7\u00e3o","image":{"@type":"ImageObject","inLanguage":"pt-BR","@id":"https:\/\/secure.gravatar.com\/avatar\/e0a867bdedb85fd243eadf09663511f96fc81e0720a4a42581f334ad4303aa6b?s=96&d=mm&r=g","url":"https:\/\/secure.gravatar.com\/avatar\/e0a867bdedb85fd243eadf09663511f96fc81e0720a4a42581f334ad4303aa6b?s=96&d=mm&r=g","contentUrl":"https:\/\/secure.gravatar.com\/avatar\/e0a867bdedb85fd243eadf09663511f96fc81e0720a4a42581f334ad4303aa6b?s=96&d=mm&r=g","caption":"Reda\u00e7\u00e3o"}}]}},"amp_enabled":true,"_links":{"self":[{"href":"https:\/\/www.notibras.com\/site\/wp-json\/wp\/v2\/posts\/317169","targetHints":{"allow":["GET"]}}],"collection":[{"href":"https:\/\/www.notibras.com\/site\/wp-json\/wp\/v2\/posts"}],"about":[{"href":"https:\/\/www.notibras.com\/site\/wp-json\/wp\/v2\/types\/post"}],"author":[{"embeddable":true,"href":"https:\/\/www.notibras.com\/site\/wp-json\/wp\/v2\/users\/2"}],"replies":[{"embeddable":true,"href":"https:\/\/www.notibras.com\/site\/wp-json\/wp\/v2\/comments?post=317169"}],"version-history":[{"count":1,"href":"https:\/\/www.notibras.com\/site\/wp-json\/wp\/v2\/posts\/317169\/revisions"}],"predecessor-version":[{"id":317171,"href":"https:\/\/www.notibras.com\/site\/wp-json\/wp\/v2\/posts\/317169\/revisions\/317171"}],"wp:featuredmedia":[{"embeddable":true,"href":"https:\/\/www.notibras.com\/site\/wp-json\/wp\/v2\/media\/317170"}],"wp:attachment":[{"href":"https:\/\/www.notibras.com\/site\/wp-json\/wp\/v2\/media?parent=317169"}],"wp:term":[{"taxonomy":"category","embeddable":true,"href":"https:\/\/www.notibras.com\/site\/wp-json\/wp\/v2\/categories?post=317169"},{"taxonomy":"post_tag","embeddable":true,"href":"https:\/\/www.notibras.com\/site\/wp-json\/wp\/v2\/tags?post=317169"}],"curies":[{"name":"wp","href":"https:\/\/api.w.org\/{rel}","templated":true}]}}