{"id":317189,"date":"2023-11-18T08:43:10","date_gmt":"2023-11-18T11:43:10","guid":{"rendered":"https:\/\/www.notibras.com\/site\/?p=317189"},"modified":"2023-11-18T08:43:10","modified_gmt":"2023-11-18T11:43:10","slug":"tribunal-deve-aprovar-contas-de-ibaneis-mas-com-ressalvas","status":"publish","type":"post","link":"https:\/\/www.notibras.com\/site\/tribunal-deve-aprovar-contas-de-ibaneis-mas-com-ressalvas\/","title":{"rendered":"Tribunal deve aprovar contas de Ibaneis, mas com ressalvas"},"content":{"rendered":"<p>O Tribunal de Contas do Distrito Federal vai realizar na quinta-feira, 23, uma Sess\u00e3o Especial para avaliar as Contas do Governo relativas ao exerc\u00edcio de 2022. A an\u00e1lise ser\u00e1 no Plen\u00e1rio da Corte, \u00e0s 15h.<\/p>\n<p>Essa aprecia\u00e7\u00e3o tem um cap\u00edtulo especial. Isso porque, al\u00e9m de 2022 ter sido ano eleitoral, foi tamb\u00e9m o \u00faltimo ano do primeiro mandato do governador Ibaneis Rocha.<\/p>\n<p>Portanto, avaliam auditores da Corte de Contas, al\u00e9m de analisar a execu\u00e7\u00e3o do or\u00e7amento; o cumprimento dos limites m\u00ednimos de aplica\u00e7\u00e3o de recursos em sa\u00fade, educa\u00e7\u00e3o e pesquisa previstos na Constitui\u00e7\u00e3o Federal; e o desempenho dos programas de governo do DF, tamb\u00e9m ser\u00e1 verificado se foram respeitadas as restri\u00e7\u00f5es impostas pela Lei de Responsabilidade Fiscal para as despesas realizadas no per\u00edodo.<\/p>\n<p>Essas informa\u00e7\u00f5es s\u00e3o analisadas em conjunto com v\u00e1rios processos e procedimentos de fiscaliza\u00e7\u00e3o na gest\u00e3o fiscal do DF nas \u00e1reas de Educa\u00e7\u00e3o, Seguran\u00e7a P\u00fablica e Desenvolvimento Social, entre outras. S\u00e3o tamb\u00e9m consideradas as auditorias especiais, como a que avaliou a pol\u00edtica de Aten\u00e7\u00e3o Domiciliar do DF, o chamado Home Care e o acompanhamento dos gastos do Instituto de Gest\u00e3o Estrat\u00e9gica de Sa\u00fade (Iges).<\/p>\n<p>A an\u00e1lise pr\u00e9via foi feita pela Secretaria de Macroavalia\u00e7\u00e3o da Gest\u00e3o P\u00fablica, sob a supervis\u00e3o do relator, conselheiro Renato Rainha. O material foi baseado nas informa\u00e7\u00f5es enviadas pelo Poder Executivo \u00e0 C\u00e2mara Legislativa na presta\u00e7\u00e3o de contas anual e em documentos encaminhados pelas unidades que comp\u00f5em o GDF e nas fiscaliza\u00e7\u00f5es realizadas pela Corte.<\/p>\n<p>A equipe t\u00e9cnica utilizou, ainda, dados obtidos diretamente no Sistema Integrado de Gest\u00e3o Governamental (SIGGO) e no Sistema Integrado de Administra\u00e7\u00e3o Financeira do Governo Federal (SIAFI).<\/p>\n<p>O Relat\u00f3rio Anal\u00edtico e Parecer Pr\u00e9vio (RAPP) relativo \u00e0s Contas de 2022 tamb\u00e9m apresenta a avalia\u00e7\u00e3o do patrim\u00f4nio do GDF, das demonstra\u00e7\u00f5es cont\u00e1beis e das gest\u00f5es fiscal, or\u00e7ament\u00e1ria e financeira, a exemplo das despesas com pessoal e com licita\u00e7\u00f5es, dos gastos com publicidade e propaganda, al\u00e9m dos resultados por \u00e1rea de governo.<\/p>\n","protected":false},"excerpt":{"rendered":"<p>O Tribunal de Contas do Distrito Federal vai realizar na quinta-feira, 23, uma Sess\u00e3o Especial para avaliar as Contas do Governo relativas ao exerc\u00edcio de 2022. A an\u00e1lise ser\u00e1 no Plen\u00e1rio da Corte, \u00e0s 15h. Essa aprecia\u00e7\u00e3o tem um cap\u00edtulo especial. Isso porque, al\u00e9m de 2022 ter sido ano eleitoral, foi tamb\u00e9m o \u00faltimo ano [&hellip;]<\/p>\n","protected":false},"author":2,"featured_media":290509,"comment_status":"closed","ping_status":"closed","sticky":false,"template":"","format":"standard","meta":{"_acf_changed":false,"footnotes":""},"categories":[161],"tags":[],"class_list":["post-317189","post","type-post","status-publish","format-standard","has-post-thumbnail","hentry","category-quadradinho-em-foco"],"acf":[],"yoast_head":"<!-- This site is optimized with the Yoast SEO plugin v27.2 - https:\/\/yoast.com\/product\/yoast-seo-wordpress\/ -->\n<title>Tribunal deve aprovar contas de Ibaneis, mas com ressalvas - Notibras<\/title>\n<meta name=\"robots\" content=\"index, follow, max-snippet:-1, max-image-preview:large, max-video-preview:-1\" \/>\n<link rel=\"canonical\" href=\"https:\/\/www.notibras.com\/site\/tribunal-deve-aprovar-contas-de-ibaneis-mas-com-ressalvas\/\" \/>\n<meta property=\"og:locale\" content=\"pt_BR\" \/>\n<meta property=\"og:type\" content=\"article\" \/>\n<meta property=\"og:title\" content=\"Tribunal deve aprovar contas de Ibaneis, mas com ressalvas - Notibras\" \/>\n<meta property=\"og:description\" content=\"O Tribunal de Contas do Distrito Federal vai realizar na quinta-feira, 23, uma Sess\u00e3o Especial para avaliar as Contas do Governo relativas ao exerc\u00edcio de 2022. A an\u00e1lise ser\u00e1 no Plen\u00e1rio da Corte, \u00e0s 15h. Essa aprecia\u00e7\u00e3o tem um cap\u00edtulo especial. Isso porque, al\u00e9m de 2022 ter sido ano eleitoral, foi tamb\u00e9m o \u00faltimo ano [&hellip;]\" \/>\n<meta property=\"og:url\" content=\"https:\/\/www.notibras.com\/site\/tribunal-deve-aprovar-contas-de-ibaneis-mas-com-ressalvas\/\" \/>\n<meta property=\"og:site_name\" content=\"Notibras\" \/>\n<meta property=\"article:publisher\" content=\"https:\/\/www.facebook.com\/notibras\/\" \/>\n<meta property=\"article:published_time\" content=\"2023-11-18T11:43:10+00:00\" \/>\n<meta property=\"og:image\" content=\"https:\/\/www.notibras.com\/site\/wp-content\/uploads\/2022\/08\/Palacio-do-Buriti-1.jpg\" \/>\n\t<meta property=\"og:image:width\" content=\"2048\" \/>\n\t<meta property=\"og:image:height\" content=\"1365\" \/>\n\t<meta property=\"og:image:type\" content=\"image\/jpeg\" \/>\n<meta name=\"author\" content=\"Reda\u00e7\u00e3o\" \/>\n<meta name=\"twitter:card\" content=\"summary_large_image\" \/>\n<meta name=\"twitter:creator\" content=\"@Notibras\" \/>\n<meta name=\"twitter:site\" content=\"@Notibras\" \/>\n<meta name=\"twitter:label1\" content=\"Escrito por\" \/>\n\t<meta name=\"twitter:data1\" content=\"Reda\u00e7\u00e3o\" \/>\n\t<meta name=\"twitter:label2\" content=\"Est. tempo de leitura\" \/>\n\t<meta name=\"twitter:data2\" content=\"2 minutos\" \/>\n<script type=\"application\/ld+json\" class=\"yoast-schema-graph\">{\"@context\":\"https:\/\/schema.org\",\"@graph\":[{\"@type\":\"Article\",\"@id\":\"https:\/\/www.notibras.com\/site\/tribunal-deve-aprovar-contas-de-ibaneis-mas-com-ressalvas\/#article\",\"isPartOf\":{\"@id\":\"https:\/\/www.notibras.com\/site\/tribunal-deve-aprovar-contas-de-ibaneis-mas-com-ressalvas\/\"},\"author\":{\"name\":\"Reda\u00e7\u00e3o\",\"@id\":\"https:\/\/www.notibras.com\/site\/#\/schema\/person\/36ab0979449956132d3e5b517ea76ac8\"},\"headline\":\"Tribunal deve aprovar contas de Ibaneis, mas com ressalvas\",\"datePublished\":\"2023-11-18T11:43:10+00:00\",\"mainEntityOfPage\":{\"@id\":\"https:\/\/www.notibras.com\/site\/tribunal-deve-aprovar-contas-de-ibaneis-mas-com-ressalvas\/\"},\"wordCount\":383,\"publisher\":{\"@id\":\"https:\/\/www.notibras.com\/site\/#organization\"},\"image\":{\"@id\":\"https:\/\/www.notibras.com\/site\/tribunal-deve-aprovar-contas-de-ibaneis-mas-com-ressalvas\/#primaryimage\"},\"thumbnailUrl\":\"https:\/\/www.notibras.com\/site\/wp-content\/uploads\/2022\/08\/Palacio-do-Buriti-1.jpg\",\"articleSection\":[\"Quadradinho em Foco\"],\"inLanguage\":\"pt-BR\"},{\"@type\":\"WebPage\",\"@id\":\"https:\/\/www.notibras.com\/site\/tribunal-deve-aprovar-contas-de-ibaneis-mas-com-ressalvas\/\",\"url\":\"https:\/\/www.notibras.com\/site\/tribunal-deve-aprovar-contas-de-ibaneis-mas-com-ressalvas\/\",\"name\":\"Tribunal deve aprovar contas de Ibaneis, mas com ressalvas - Notibras\",\"isPartOf\":{\"@id\":\"https:\/\/www.notibras.com\/site\/#website\"},\"primaryImageOfPage\":{\"@id\":\"https:\/\/www.notibras.com\/site\/tribunal-deve-aprovar-contas-de-ibaneis-mas-com-ressalvas\/#primaryimage\"},\"image\":{\"@id\":\"https:\/\/www.notibras.com\/site\/tribunal-deve-aprovar-contas-de-ibaneis-mas-com-ressalvas\/#primaryimage\"},\"thumbnailUrl\":\"https:\/\/www.notibras.com\/site\/wp-content\/uploads\/2022\/08\/Palacio-do-Buriti-1.jpg\",\"datePublished\":\"2023-11-18T11:43:10+00:00\",\"breadcrumb\":{\"@id\":\"https:\/\/www.notibras.com\/site\/tribunal-deve-aprovar-contas-de-ibaneis-mas-com-ressalvas\/#breadcrumb\"},\"inLanguage\":\"pt-BR\",\"potentialAction\":[{\"@type\":\"ReadAction\",\"target\":[\"https:\/\/www.notibras.com\/site\/tribunal-deve-aprovar-contas-de-ibaneis-mas-com-ressalvas\/\"]}]},{\"@type\":\"ImageObject\",\"inLanguage\":\"pt-BR\",\"@id\":\"https:\/\/www.notibras.com\/site\/tribunal-deve-aprovar-contas-de-ibaneis-mas-com-ressalvas\/#primaryimage\",\"url\":\"https:\/\/www.notibras.com\/site\/wp-content\/uploads\/2022\/08\/Palacio-do-Buriti-1.jpg\",\"contentUrl\":\"https:\/\/www.notibras.com\/site\/wp-content\/uploads\/2022\/08\/Palacio-do-Buriti-1.jpg\",\"width\":2048,\"height\":1365},{\"@type\":\"BreadcrumbList\",\"@id\":\"https:\/\/www.notibras.com\/site\/tribunal-deve-aprovar-contas-de-ibaneis-mas-com-ressalvas\/#breadcrumb\",\"itemListElement\":[{\"@type\":\"ListItem\",\"position\":1,\"name\":\"In\u00edcio\",\"item\":\"https:\/\/www.notibras.com\/site\/\"},{\"@type\":\"ListItem\",\"position\":2,\"name\":\"Tribunal deve aprovar contas de Ibaneis, mas com ressalvas\"}]},{\"@type\":\"WebSite\",\"@id\":\"https:\/\/www.notibras.com\/site\/#website\",\"url\":\"https:\/\/www.notibras.com\/site\/\",\"name\":\"Notibras\",\"description\":\"Not\u00edcias de Bras\u00edlia, do Brasil e do Mundo\",\"publisher\":{\"@id\":\"https:\/\/www.notibras.com\/site\/#organization\"},\"potentialAction\":[{\"@type\":\"SearchAction\",\"target\":{\"@type\":\"EntryPoint\",\"urlTemplate\":\"https:\/\/www.notibras.com\/site\/?s={search_term_string}\"},\"query-input\":{\"@type\":\"PropertyValueSpecification\",\"valueRequired\":true,\"valueName\":\"search_term_string\"}}],\"inLanguage\":\"pt-BR\"},{\"@type\":\"Organization\",\"@id\":\"https:\/\/www.notibras.com\/site\/#organization\",\"name\":\"Grupo Notibras de Comunica\u00e7\u00e3o\",\"url\":\"https:\/\/www.notibras.com\/site\/\",\"logo\":{\"@type\":\"ImageObject\",\"inLanguage\":\"pt-BR\",\"@id\":\"https:\/\/www.notibras.com\/site\/#\/schema\/logo\/image\/\",\"url\":\"https:\/\/www.notibras.com\/site\/wp-content\/uploads\/2023\/01\/notibras23.png\",\"contentUrl\":\"https:\/\/www.notibras.com\/site\/wp-content\/uploads\/2023\/01\/notibras23.png\",\"width\":350,\"height\":87,\"caption\":\"Grupo Notibras de Comunica\u00e7\u00e3o\"},\"image\":{\"@id\":\"https:\/\/www.notibras.com\/site\/#\/schema\/logo\/image\/\"},\"sameAs\":[\"https:\/\/www.facebook.com\/notibras\/\",\"https:\/\/x.com\/Notibras\",\"https:\/\/www.instagram.com\/notibras\/\"]},{\"@type\":\"Person\",\"@id\":\"https:\/\/www.notibras.com\/site\/#\/schema\/person\/36ab0979449956132d3e5b517ea76ac8\",\"name\":\"Reda\u00e7\u00e3o\",\"image\":{\"@type\":\"ImageObject\",\"inLanguage\":\"pt-BR\",\"@id\":\"https:\/\/secure.gravatar.com\/avatar\/e0a867bdedb85fd243eadf09663511f96fc81e0720a4a42581f334ad4303aa6b?s=96&d=mm&r=g\",\"url\":\"https:\/\/secure.gravatar.com\/avatar\/e0a867bdedb85fd243eadf09663511f96fc81e0720a4a42581f334ad4303aa6b?s=96&d=mm&r=g\",\"contentUrl\":\"https:\/\/secure.gravatar.com\/avatar\/e0a867bdedb85fd243eadf09663511f96fc81e0720a4a42581f334ad4303aa6b?s=96&d=mm&r=g\",\"caption\":\"Reda\u00e7\u00e3o\"}}]}<\/script>\n<!-- \/ Yoast SEO plugin. -->","yoast_head_json":{"title":"Tribunal deve aprovar contas de Ibaneis, mas com ressalvas - Notibras","robots":{"index":"index","follow":"follow","max-snippet":"max-snippet:-1","max-image-preview":"max-image-preview:large","max-video-preview":"max-video-preview:-1"},"canonical":"https:\/\/www.notibras.com\/site\/tribunal-deve-aprovar-contas-de-ibaneis-mas-com-ressalvas\/","og_locale":"pt_BR","og_type":"article","og_title":"Tribunal deve aprovar contas de Ibaneis, mas com ressalvas - Notibras","og_description":"O Tribunal de Contas do Distrito Federal vai realizar na quinta-feira, 23, uma Sess\u00e3o Especial para avaliar as Contas do Governo relativas ao exerc\u00edcio de 2022. A an\u00e1lise ser\u00e1 no Plen\u00e1rio da Corte, \u00e0s 15h. Essa aprecia\u00e7\u00e3o tem um cap\u00edtulo especial. Isso porque, al\u00e9m de 2022 ter sido ano eleitoral, foi tamb\u00e9m o \u00faltimo ano [&hellip;]","og_url":"https:\/\/www.notibras.com\/site\/tribunal-deve-aprovar-contas-de-ibaneis-mas-com-ressalvas\/","og_site_name":"Notibras","article_publisher":"https:\/\/www.facebook.com\/notibras\/","article_published_time":"2023-11-18T11:43:10+00:00","og_image":[{"width":2048,"height":1365,"url":"https:\/\/www.notibras.com\/site\/wp-content\/uploads\/2022\/08\/Palacio-do-Buriti-1.jpg","type":"image\/jpeg"}],"author":"Reda\u00e7\u00e3o","twitter_card":"summary_large_image","twitter_creator":"@Notibras","twitter_site":"@Notibras","twitter_misc":{"Escrito por":"Reda\u00e7\u00e3o","Est. tempo de leitura":"2 minutos"},"schema":{"@context":"https:\/\/schema.org","@graph":[{"@type":"Article","@id":"https:\/\/www.notibras.com\/site\/tribunal-deve-aprovar-contas-de-ibaneis-mas-com-ressalvas\/#article","isPartOf":{"@id":"https:\/\/www.notibras.com\/site\/tribunal-deve-aprovar-contas-de-ibaneis-mas-com-ressalvas\/"},"author":{"name":"Reda\u00e7\u00e3o","@id":"https:\/\/www.notibras.com\/site\/#\/schema\/person\/36ab0979449956132d3e5b517ea76ac8"},"headline":"Tribunal deve aprovar contas de Ibaneis, mas com ressalvas","datePublished":"2023-11-18T11:43:10+00:00","mainEntityOfPage":{"@id":"https:\/\/www.notibras.com\/site\/tribunal-deve-aprovar-contas-de-ibaneis-mas-com-ressalvas\/"},"wordCount":383,"publisher":{"@id":"https:\/\/www.notibras.com\/site\/#organization"},"image":{"@id":"https:\/\/www.notibras.com\/site\/tribunal-deve-aprovar-contas-de-ibaneis-mas-com-ressalvas\/#primaryimage"},"thumbnailUrl":"https:\/\/www.notibras.com\/site\/wp-content\/uploads\/2022\/08\/Palacio-do-Buriti-1.jpg","articleSection":["Quadradinho em Foco"],"inLanguage":"pt-BR"},{"@type":"WebPage","@id":"https:\/\/www.notibras.com\/site\/tribunal-deve-aprovar-contas-de-ibaneis-mas-com-ressalvas\/","url":"https:\/\/www.notibras.com\/site\/tribunal-deve-aprovar-contas-de-ibaneis-mas-com-ressalvas\/","name":"Tribunal deve aprovar contas de Ibaneis, mas com ressalvas - Notibras","isPartOf":{"@id":"https:\/\/www.notibras.com\/site\/#website"},"primaryImageOfPage":{"@id":"https:\/\/www.notibras.com\/site\/tribunal-deve-aprovar-contas-de-ibaneis-mas-com-ressalvas\/#primaryimage"},"image":{"@id":"https:\/\/www.notibras.com\/site\/tribunal-deve-aprovar-contas-de-ibaneis-mas-com-ressalvas\/#primaryimage"},"thumbnailUrl":"https:\/\/www.notibras.com\/site\/wp-content\/uploads\/2022\/08\/Palacio-do-Buriti-1.jpg","datePublished":"2023-11-18T11:43:10+00:00","breadcrumb":{"@id":"https:\/\/www.notibras.com\/site\/tribunal-deve-aprovar-contas-de-ibaneis-mas-com-ressalvas\/#breadcrumb"},"inLanguage":"pt-BR","potentialAction":[{"@type":"ReadAction","target":["https:\/\/www.notibras.com\/site\/tribunal-deve-aprovar-contas-de-ibaneis-mas-com-ressalvas\/"]}]},{"@type":"ImageObject","inLanguage":"pt-BR","@id":"https:\/\/www.notibras.com\/site\/tribunal-deve-aprovar-contas-de-ibaneis-mas-com-ressalvas\/#primaryimage","url":"https:\/\/www.notibras.com\/site\/wp-content\/uploads\/2022\/08\/Palacio-do-Buriti-1.jpg","contentUrl":"https:\/\/www.notibras.com\/site\/wp-content\/uploads\/2022\/08\/Palacio-do-Buriti-1.jpg","width":2048,"height":1365},{"@type":"BreadcrumbList","@id":"https:\/\/www.notibras.com\/site\/tribunal-deve-aprovar-contas-de-ibaneis-mas-com-ressalvas\/#breadcrumb","itemListElement":[{"@type":"ListItem","position":1,"name":"In\u00edcio","item":"https:\/\/www.notibras.com\/site\/"},{"@type":"ListItem","position":2,"name":"Tribunal deve aprovar contas de Ibaneis, mas com ressalvas"}]},{"@type":"WebSite","@id":"https:\/\/www.notibras.com\/site\/#website","url":"https:\/\/www.notibras.com\/site\/","name":"Notibras","description":"Not\u00edcias de Bras\u00edlia, do Brasil e do Mundo","publisher":{"@id":"https:\/\/www.notibras.com\/site\/#organization"},"potentialAction":[{"@type":"SearchAction","target":{"@type":"EntryPoint","urlTemplate":"https:\/\/www.notibras.com\/site\/?s={search_term_string}"},"query-input":{"@type":"PropertyValueSpecification","valueRequired":true,"valueName":"search_term_string"}}],"inLanguage":"pt-BR"},{"@type":"Organization","@id":"https:\/\/www.notibras.com\/site\/#organization","name":"Grupo Notibras de Comunica\u00e7\u00e3o","url":"https:\/\/www.notibras.com\/site\/","logo":{"@type":"ImageObject","inLanguage":"pt-BR","@id":"https:\/\/www.notibras.com\/site\/#\/schema\/logo\/image\/","url":"https:\/\/www.notibras.com\/site\/wp-content\/uploads\/2023\/01\/notibras23.png","contentUrl":"https:\/\/www.notibras.com\/site\/wp-content\/uploads\/2023\/01\/notibras23.png","width":350,"height":87,"caption":"Grupo Notibras de Comunica\u00e7\u00e3o"},"image":{"@id":"https:\/\/www.notibras.com\/site\/#\/schema\/logo\/image\/"},"sameAs":["https:\/\/www.facebook.com\/notibras\/","https:\/\/x.com\/Notibras","https:\/\/www.instagram.com\/notibras\/"]},{"@type":"Person","@id":"https:\/\/www.notibras.com\/site\/#\/schema\/person\/36ab0979449956132d3e5b517ea76ac8","name":"Reda\u00e7\u00e3o","image":{"@type":"ImageObject","inLanguage":"pt-BR","@id":"https:\/\/secure.gravatar.com\/avatar\/e0a867bdedb85fd243eadf09663511f96fc81e0720a4a42581f334ad4303aa6b?s=96&d=mm&r=g","url":"https:\/\/secure.gravatar.com\/avatar\/e0a867bdedb85fd243eadf09663511f96fc81e0720a4a42581f334ad4303aa6b?s=96&d=mm&r=g","contentUrl":"https:\/\/secure.gravatar.com\/avatar\/e0a867bdedb85fd243eadf09663511f96fc81e0720a4a42581f334ad4303aa6b?s=96&d=mm&r=g","caption":"Reda\u00e7\u00e3o"}}]}},"amp_enabled":true,"_links":{"self":[{"href":"https:\/\/www.notibras.com\/site\/wp-json\/wp\/v2\/posts\/317189","targetHints":{"allow":["GET"]}}],"collection":[{"href":"https:\/\/www.notibras.com\/site\/wp-json\/wp\/v2\/posts"}],"about":[{"href":"https:\/\/www.notibras.com\/site\/wp-json\/wp\/v2\/types\/post"}],"author":[{"embeddable":true,"href":"https:\/\/www.notibras.com\/site\/wp-json\/wp\/v2\/users\/2"}],"replies":[{"embeddable":true,"href":"https:\/\/www.notibras.com\/site\/wp-json\/wp\/v2\/comments?post=317189"}],"version-history":[{"count":1,"href":"https:\/\/www.notibras.com\/site\/wp-json\/wp\/v2\/posts\/317189\/revisions"}],"predecessor-version":[{"id":317190,"href":"https:\/\/www.notibras.com\/site\/wp-json\/wp\/v2\/posts\/317189\/revisions\/317190"}],"wp:featuredmedia":[{"embeddable":true,"href":"https:\/\/www.notibras.com\/site\/wp-json\/wp\/v2\/media\/290509"}],"wp:attachment":[{"href":"https:\/\/www.notibras.com\/site\/wp-json\/wp\/v2\/media?parent=317189"}],"wp:term":[{"taxonomy":"category","embeddable":true,"href":"https:\/\/www.notibras.com\/site\/wp-json\/wp\/v2\/categories?post=317189"},{"taxonomy":"post_tag","embeddable":true,"href":"https:\/\/www.notibras.com\/site\/wp-json\/wp\/v2\/tags?post=317189"}],"curies":[{"name":"wp","href":"https:\/\/api.w.org\/{rel}","templated":true}]}}