{"id":317191,"date":"2023-11-18T08:57:04","date_gmt":"2023-11-18T11:57:04","guid":{"rendered":"https:\/\/www.notibras.com\/site\/?p=317191"},"modified":"2023-11-18T08:57:04","modified_gmt":"2023-11-18T11:57:04","slug":"torneira-aberta-dobra-conta-dagua-de-s-pedro","status":"publish","type":"post","link":"https:\/\/www.notibras.com\/site\/torneira-aberta-dobra-conta-dagua-de-s-pedro\/","title":{"rendered":"Torneira aberta dobra conta d&#8217;\u00e1gua de S. Pedro"},"content":{"rendered":"<p>O medo \u00e9 algo intr\u00ednseco a todos n\u00f3s. Sabemos que h\u00e1 os destemidos, todos, ali\u00e1s, fingidos de uma sociedade hip\u00f3crita. Por conta disso, qualquer um de n\u00f3s poderia afirmar que a fragilidade humana nos aproxima, ao mesmo tempo em que nos afasta.<\/p>\n<p>Como somos todos medrosos, isso nos une. Entretanto, nossos medos n\u00e3o s\u00e3o congruentes. H\u00e1 pessoas que morrem de medo de barata, aranha, cobra e at\u00e9 mesmo de ursos-polares, mesmo vivendo ao Sul da linha do Equador. Tamb\u00e9m n\u00e3o podemos deixar de apontar para v\u00e1rios indiv\u00edduos receosos de escuro, fantasma, assombra\u00e7\u00e3o, ou seja, de coisas m\u00edsticas.<\/p>\n<p>Aqueles que acompanham meus escritos sabem que sou casado com a Dona Irene. Pois bem, apesar de ela ser flagrantemente muito mais corajosa que eu, minha esposa tem l\u00e1 alguns pavores. Um deles \u00e9 de barata, como grande parte da popula\u00e7\u00e3o mundial. Outro, no entanto, \u00e9 algo mais peculiar: chuva.<\/p>\n<p>E l\u00e1 est\u00e1vamos n\u00f3s dois dormindo na fazenda que tivemos em Goi\u00e1s, quando come\u00e7ou a chover toda a \u00e1gua do C\u00e9u. Com certeza, S\u00e3o Pedro havia deixado todas as torneiras abertas, talvez por descuido, talvez at\u00e9 para provocar medo na minha amada. Tudo por implic\u00e2ncia!<\/p>\n<p>Como tenho sono de pedra, n\u00e3o percebi aquele desperd\u00edcio de \u00e1gua caindo sobre o telhado. Era um temporal, obviamente acompanhado de raios e trov\u00f5es. A Dona Irene, completamente em p\u00e2nico, me cutucou at\u00e9 que conseguiu me despertar.<\/p>\n<p>&#8211; Oi, amor, o que foi?<\/p>\n<p>&#8211; Dudu, est\u00e1 chovendo.<\/p>\n<p>&#8211; Hum. Vamos dormir.<\/p>\n<p>&#8211; Pede pra chuva parar!<\/p>\n<p>&#8211; Chuva, para.<\/p>\n<p>Aqueles olhos assustados, quase escorrendo l\u00e1grimas, aguardavam ansiosamente por aquele milagre. \u00c9 claro que o meu pedido n\u00e3o surtiu efeito. Por isso, olhei para a minha mulher e disse: &#8220;N\u00e3o parou&#8221;.<\/p>\n<p>Ela me abra\u00e7ou e assim permanecemos at\u00e9 o amanhecer. O dia estava lindo. A Dona Irene me puxou para fora da casa e fomos passear. Todos os passarinhos pareciam ter feito o mesmo, pois eram n\u00edtidos os sons daquela orquestra. Quanto ao S\u00e3o Pedro, creio que ele iria ter um treco, pois a conta d&#8217;\u00e1gua seria alta naquele m\u00eas.<\/p>\n","protected":false},"excerpt":{"rendered":"<p>O medo \u00e9 algo intr\u00ednseco a todos n\u00f3s. Sabemos que h\u00e1 os destemidos, todos, ali\u00e1s, fingidos de uma sociedade hip\u00f3crita. Por conta disso, qualquer um de n\u00f3s poderia afirmar que a fragilidade humana nos aproxima, ao mesmo tempo em que nos afasta. Como somos todos medrosos, isso nos une. Entretanto, nossos medos n\u00e3o s\u00e3o congruentes. [&hellip;]<\/p>\n","protected":false},"author":2,"featured_media":228097,"comment_status":"closed","ping_status":"closed","sticky":false,"template":"","format":"standard","meta":{"_acf_changed":false,"footnotes":""},"categories":[161],"tags":[],"class_list":["post-317191","post","type-post","status-publish","format-standard","has-post-thumbnail","hentry","category-quadradinho-em-foco"],"acf":[],"yoast_head":"<!-- This site is optimized with the Yoast SEO plugin v27.2 - https:\/\/yoast.com\/product\/yoast-seo-wordpress\/ -->\n<title>Torneira aberta dobra conta d&#039;\u00e1gua de S. Pedro - Notibras<\/title>\n<meta name=\"robots\" content=\"index, follow, max-snippet:-1, max-image-preview:large, max-video-preview:-1\" \/>\n<link rel=\"canonical\" href=\"https:\/\/www.notibras.com\/site\/torneira-aberta-dobra-conta-dagua-de-s-pedro\/\" \/>\n<meta property=\"og:locale\" content=\"pt_BR\" \/>\n<meta property=\"og:type\" content=\"article\" \/>\n<meta property=\"og:title\" content=\"Torneira aberta dobra conta d&#039;\u00e1gua de S. Pedro - Notibras\" \/>\n<meta property=\"og:description\" content=\"O medo \u00e9 algo intr\u00ednseco a todos n\u00f3s. Sabemos que h\u00e1 os destemidos, todos, ali\u00e1s, fingidos de uma sociedade hip\u00f3crita. Por conta disso, qualquer um de n\u00f3s poderia afirmar que a fragilidade humana nos aproxima, ao mesmo tempo em que nos afasta. Como somos todos medrosos, isso nos une. Entretanto, nossos medos n\u00e3o s\u00e3o congruentes. [&hellip;]\" \/>\n<meta property=\"og:url\" content=\"https:\/\/www.notibras.com\/site\/torneira-aberta-dobra-conta-dagua-de-s-pedro\/\" \/>\n<meta property=\"og:site_name\" content=\"Notibras\" \/>\n<meta property=\"article:publisher\" content=\"https:\/\/www.facebook.com\/notibras\/\" \/>\n<meta property=\"article:published_time\" content=\"2023-11-18T11:57:04+00:00\" \/>\n<meta property=\"og:image\" content=\"https:\/\/www.notibras.com\/site\/wp-content\/uploads\/2020\/04\/virus-chuva.jpg\" \/>\n\t<meta property=\"og:image:width\" content=\"1080\" \/>\n\t<meta property=\"og:image:height\" content=\"611\" \/>\n\t<meta property=\"og:image:type\" content=\"image\/jpeg\" \/>\n<meta name=\"author\" content=\"Reda\u00e7\u00e3o\" \/>\n<meta name=\"twitter:card\" content=\"summary_large_image\" \/>\n<meta name=\"twitter:creator\" content=\"@Notibras\" \/>\n<meta name=\"twitter:site\" content=\"@Notibras\" \/>\n<meta name=\"twitter:label1\" content=\"Escrito por\" \/>\n\t<meta name=\"twitter:data1\" content=\"Reda\u00e7\u00e3o\" \/>\n\t<meta name=\"twitter:label2\" content=\"Est. tempo de leitura\" \/>\n\t<meta name=\"twitter:data2\" content=\"2 minutos\" \/>\n<script type=\"application\/ld+json\" class=\"yoast-schema-graph\">{\"@context\":\"https:\/\/schema.org\",\"@graph\":[{\"@type\":\"Article\",\"@id\":\"https:\/\/www.notibras.com\/site\/torneira-aberta-dobra-conta-dagua-de-s-pedro\/#article\",\"isPartOf\":{\"@id\":\"https:\/\/www.notibras.com\/site\/torneira-aberta-dobra-conta-dagua-de-s-pedro\/\"},\"author\":{\"name\":\"Reda\u00e7\u00e3o\",\"@id\":\"https:\/\/www.notibras.com\/site\/#\/schema\/person\/36ab0979449956132d3e5b517ea76ac8\"},\"headline\":\"Torneira aberta dobra conta d&#8217;\u00e1gua de S. Pedro\",\"datePublished\":\"2023-11-18T11:57:04+00:00\",\"mainEntityOfPage\":{\"@id\":\"https:\/\/www.notibras.com\/site\/torneira-aberta-dobra-conta-dagua-de-s-pedro\/\"},\"wordCount\":379,\"publisher\":{\"@id\":\"https:\/\/www.notibras.com\/site\/#organization\"},\"image\":{\"@id\":\"https:\/\/www.notibras.com\/site\/torneira-aberta-dobra-conta-dagua-de-s-pedro\/#primaryimage\"},\"thumbnailUrl\":\"https:\/\/www.notibras.com\/site\/wp-content\/uploads\/2020\/04\/virus-chuva.jpg\",\"articleSection\":[\"Quadradinho em Foco\"],\"inLanguage\":\"pt-BR\"},{\"@type\":\"WebPage\",\"@id\":\"https:\/\/www.notibras.com\/site\/torneira-aberta-dobra-conta-dagua-de-s-pedro\/\",\"url\":\"https:\/\/www.notibras.com\/site\/torneira-aberta-dobra-conta-dagua-de-s-pedro\/\",\"name\":\"Torneira aberta dobra conta d'\u00e1gua de S. Pedro - Notibras\",\"isPartOf\":{\"@id\":\"https:\/\/www.notibras.com\/site\/#website\"},\"primaryImageOfPage\":{\"@id\":\"https:\/\/www.notibras.com\/site\/torneira-aberta-dobra-conta-dagua-de-s-pedro\/#primaryimage\"},\"image\":{\"@id\":\"https:\/\/www.notibras.com\/site\/torneira-aberta-dobra-conta-dagua-de-s-pedro\/#primaryimage\"},\"thumbnailUrl\":\"https:\/\/www.notibras.com\/site\/wp-content\/uploads\/2020\/04\/virus-chuva.jpg\",\"datePublished\":\"2023-11-18T11:57:04+00:00\",\"breadcrumb\":{\"@id\":\"https:\/\/www.notibras.com\/site\/torneira-aberta-dobra-conta-dagua-de-s-pedro\/#breadcrumb\"},\"inLanguage\":\"pt-BR\",\"potentialAction\":[{\"@type\":\"ReadAction\",\"target\":[\"https:\/\/www.notibras.com\/site\/torneira-aberta-dobra-conta-dagua-de-s-pedro\/\"]}]},{\"@type\":\"ImageObject\",\"inLanguage\":\"pt-BR\",\"@id\":\"https:\/\/www.notibras.com\/site\/torneira-aberta-dobra-conta-dagua-de-s-pedro\/#primaryimage\",\"url\":\"https:\/\/www.notibras.com\/site\/wp-content\/uploads\/2020\/04\/virus-chuva.jpg\",\"contentUrl\":\"https:\/\/www.notibras.com\/site\/wp-content\/uploads\/2020\/04\/virus-chuva.jpg\",\"width\":1080,\"height\":611},{\"@type\":\"BreadcrumbList\",\"@id\":\"https:\/\/www.notibras.com\/site\/torneira-aberta-dobra-conta-dagua-de-s-pedro\/#breadcrumb\",\"itemListElement\":[{\"@type\":\"ListItem\",\"position\":1,\"name\":\"In\u00edcio\",\"item\":\"https:\/\/www.notibras.com\/site\/\"},{\"@type\":\"ListItem\",\"position\":2,\"name\":\"Torneira aberta dobra conta d&#8217;\u00e1gua de S. Pedro\"}]},{\"@type\":\"WebSite\",\"@id\":\"https:\/\/www.notibras.com\/site\/#website\",\"url\":\"https:\/\/www.notibras.com\/site\/\",\"name\":\"Notibras\",\"description\":\"Not\u00edcias de Bras\u00edlia, do Brasil e do Mundo\",\"publisher\":{\"@id\":\"https:\/\/www.notibras.com\/site\/#organization\"},\"potentialAction\":[{\"@type\":\"SearchAction\",\"target\":{\"@type\":\"EntryPoint\",\"urlTemplate\":\"https:\/\/www.notibras.com\/site\/?s={search_term_string}\"},\"query-input\":{\"@type\":\"PropertyValueSpecification\",\"valueRequired\":true,\"valueName\":\"search_term_string\"}}],\"inLanguage\":\"pt-BR\"},{\"@type\":\"Organization\",\"@id\":\"https:\/\/www.notibras.com\/site\/#organization\",\"name\":\"Grupo Notibras de Comunica\u00e7\u00e3o\",\"url\":\"https:\/\/www.notibras.com\/site\/\",\"logo\":{\"@type\":\"ImageObject\",\"inLanguage\":\"pt-BR\",\"@id\":\"https:\/\/www.notibras.com\/site\/#\/schema\/logo\/image\/\",\"url\":\"https:\/\/www.notibras.com\/site\/wp-content\/uploads\/2023\/01\/notibras23.png\",\"contentUrl\":\"https:\/\/www.notibras.com\/site\/wp-content\/uploads\/2023\/01\/notibras23.png\",\"width\":350,\"height\":87,\"caption\":\"Grupo Notibras de Comunica\u00e7\u00e3o\"},\"image\":{\"@id\":\"https:\/\/www.notibras.com\/site\/#\/schema\/logo\/image\/\"},\"sameAs\":[\"https:\/\/www.facebook.com\/notibras\/\",\"https:\/\/x.com\/Notibras\",\"https:\/\/www.instagram.com\/notibras\/\"]},{\"@type\":\"Person\",\"@id\":\"https:\/\/www.notibras.com\/site\/#\/schema\/person\/36ab0979449956132d3e5b517ea76ac8\",\"name\":\"Reda\u00e7\u00e3o\",\"image\":{\"@type\":\"ImageObject\",\"inLanguage\":\"pt-BR\",\"@id\":\"https:\/\/secure.gravatar.com\/avatar\/e0a867bdedb85fd243eadf09663511f96fc81e0720a4a42581f334ad4303aa6b?s=96&d=mm&r=g\",\"url\":\"https:\/\/secure.gravatar.com\/avatar\/e0a867bdedb85fd243eadf09663511f96fc81e0720a4a42581f334ad4303aa6b?s=96&d=mm&r=g\",\"contentUrl\":\"https:\/\/secure.gravatar.com\/avatar\/e0a867bdedb85fd243eadf09663511f96fc81e0720a4a42581f334ad4303aa6b?s=96&d=mm&r=g\",\"caption\":\"Reda\u00e7\u00e3o\"}}]}<\/script>\n<!-- \/ Yoast SEO plugin. -->","yoast_head_json":{"title":"Torneira aberta dobra conta d'\u00e1gua de S. Pedro - Notibras","robots":{"index":"index","follow":"follow","max-snippet":"max-snippet:-1","max-image-preview":"max-image-preview:large","max-video-preview":"max-video-preview:-1"},"canonical":"https:\/\/www.notibras.com\/site\/torneira-aberta-dobra-conta-dagua-de-s-pedro\/","og_locale":"pt_BR","og_type":"article","og_title":"Torneira aberta dobra conta d'\u00e1gua de S. Pedro - Notibras","og_description":"O medo \u00e9 algo intr\u00ednseco a todos n\u00f3s. Sabemos que h\u00e1 os destemidos, todos, ali\u00e1s, fingidos de uma sociedade hip\u00f3crita. Por conta disso, qualquer um de n\u00f3s poderia afirmar que a fragilidade humana nos aproxima, ao mesmo tempo em que nos afasta. Como somos todos medrosos, isso nos une. Entretanto, nossos medos n\u00e3o s\u00e3o congruentes. [&hellip;]","og_url":"https:\/\/www.notibras.com\/site\/torneira-aberta-dobra-conta-dagua-de-s-pedro\/","og_site_name":"Notibras","article_publisher":"https:\/\/www.facebook.com\/notibras\/","article_published_time":"2023-11-18T11:57:04+00:00","og_image":[{"width":1080,"height":611,"url":"https:\/\/www.notibras.com\/site\/wp-content\/uploads\/2020\/04\/virus-chuva.jpg","type":"image\/jpeg"}],"author":"Reda\u00e7\u00e3o","twitter_card":"summary_large_image","twitter_creator":"@Notibras","twitter_site":"@Notibras","twitter_misc":{"Escrito por":"Reda\u00e7\u00e3o","Est. tempo de leitura":"2 minutos"},"schema":{"@context":"https:\/\/schema.org","@graph":[{"@type":"Article","@id":"https:\/\/www.notibras.com\/site\/torneira-aberta-dobra-conta-dagua-de-s-pedro\/#article","isPartOf":{"@id":"https:\/\/www.notibras.com\/site\/torneira-aberta-dobra-conta-dagua-de-s-pedro\/"},"author":{"name":"Reda\u00e7\u00e3o","@id":"https:\/\/www.notibras.com\/site\/#\/schema\/person\/36ab0979449956132d3e5b517ea76ac8"},"headline":"Torneira aberta dobra conta d&#8217;\u00e1gua de S. Pedro","datePublished":"2023-11-18T11:57:04+00:00","mainEntityOfPage":{"@id":"https:\/\/www.notibras.com\/site\/torneira-aberta-dobra-conta-dagua-de-s-pedro\/"},"wordCount":379,"publisher":{"@id":"https:\/\/www.notibras.com\/site\/#organization"},"image":{"@id":"https:\/\/www.notibras.com\/site\/torneira-aberta-dobra-conta-dagua-de-s-pedro\/#primaryimage"},"thumbnailUrl":"https:\/\/www.notibras.com\/site\/wp-content\/uploads\/2020\/04\/virus-chuva.jpg","articleSection":["Quadradinho em Foco"],"inLanguage":"pt-BR"},{"@type":"WebPage","@id":"https:\/\/www.notibras.com\/site\/torneira-aberta-dobra-conta-dagua-de-s-pedro\/","url":"https:\/\/www.notibras.com\/site\/torneira-aberta-dobra-conta-dagua-de-s-pedro\/","name":"Torneira aberta dobra conta d'\u00e1gua de S. Pedro - Notibras","isPartOf":{"@id":"https:\/\/www.notibras.com\/site\/#website"},"primaryImageOfPage":{"@id":"https:\/\/www.notibras.com\/site\/torneira-aberta-dobra-conta-dagua-de-s-pedro\/#primaryimage"},"image":{"@id":"https:\/\/www.notibras.com\/site\/torneira-aberta-dobra-conta-dagua-de-s-pedro\/#primaryimage"},"thumbnailUrl":"https:\/\/www.notibras.com\/site\/wp-content\/uploads\/2020\/04\/virus-chuva.jpg","datePublished":"2023-11-18T11:57:04+00:00","breadcrumb":{"@id":"https:\/\/www.notibras.com\/site\/torneira-aberta-dobra-conta-dagua-de-s-pedro\/#breadcrumb"},"inLanguage":"pt-BR","potentialAction":[{"@type":"ReadAction","target":["https:\/\/www.notibras.com\/site\/torneira-aberta-dobra-conta-dagua-de-s-pedro\/"]}]},{"@type":"ImageObject","inLanguage":"pt-BR","@id":"https:\/\/www.notibras.com\/site\/torneira-aberta-dobra-conta-dagua-de-s-pedro\/#primaryimage","url":"https:\/\/www.notibras.com\/site\/wp-content\/uploads\/2020\/04\/virus-chuva.jpg","contentUrl":"https:\/\/www.notibras.com\/site\/wp-content\/uploads\/2020\/04\/virus-chuva.jpg","width":1080,"height":611},{"@type":"BreadcrumbList","@id":"https:\/\/www.notibras.com\/site\/torneira-aberta-dobra-conta-dagua-de-s-pedro\/#breadcrumb","itemListElement":[{"@type":"ListItem","position":1,"name":"In\u00edcio","item":"https:\/\/www.notibras.com\/site\/"},{"@type":"ListItem","position":2,"name":"Torneira aberta dobra conta d&#8217;\u00e1gua de S. Pedro"}]},{"@type":"WebSite","@id":"https:\/\/www.notibras.com\/site\/#website","url":"https:\/\/www.notibras.com\/site\/","name":"Notibras","description":"Not\u00edcias de Bras\u00edlia, do Brasil e do Mundo","publisher":{"@id":"https:\/\/www.notibras.com\/site\/#organization"},"potentialAction":[{"@type":"SearchAction","target":{"@type":"EntryPoint","urlTemplate":"https:\/\/www.notibras.com\/site\/?s={search_term_string}"},"query-input":{"@type":"PropertyValueSpecification","valueRequired":true,"valueName":"search_term_string"}}],"inLanguage":"pt-BR"},{"@type":"Organization","@id":"https:\/\/www.notibras.com\/site\/#organization","name":"Grupo Notibras de Comunica\u00e7\u00e3o","url":"https:\/\/www.notibras.com\/site\/","logo":{"@type":"ImageObject","inLanguage":"pt-BR","@id":"https:\/\/www.notibras.com\/site\/#\/schema\/logo\/image\/","url":"https:\/\/www.notibras.com\/site\/wp-content\/uploads\/2023\/01\/notibras23.png","contentUrl":"https:\/\/www.notibras.com\/site\/wp-content\/uploads\/2023\/01\/notibras23.png","width":350,"height":87,"caption":"Grupo Notibras de Comunica\u00e7\u00e3o"},"image":{"@id":"https:\/\/www.notibras.com\/site\/#\/schema\/logo\/image\/"},"sameAs":["https:\/\/www.facebook.com\/notibras\/","https:\/\/x.com\/Notibras","https:\/\/www.instagram.com\/notibras\/"]},{"@type":"Person","@id":"https:\/\/www.notibras.com\/site\/#\/schema\/person\/36ab0979449956132d3e5b517ea76ac8","name":"Reda\u00e7\u00e3o","image":{"@type":"ImageObject","inLanguage":"pt-BR","@id":"https:\/\/secure.gravatar.com\/avatar\/e0a867bdedb85fd243eadf09663511f96fc81e0720a4a42581f334ad4303aa6b?s=96&d=mm&r=g","url":"https:\/\/secure.gravatar.com\/avatar\/e0a867bdedb85fd243eadf09663511f96fc81e0720a4a42581f334ad4303aa6b?s=96&d=mm&r=g","contentUrl":"https:\/\/secure.gravatar.com\/avatar\/e0a867bdedb85fd243eadf09663511f96fc81e0720a4a42581f334ad4303aa6b?s=96&d=mm&r=g","caption":"Reda\u00e7\u00e3o"}}]}},"amp_enabled":true,"_links":{"self":[{"href":"https:\/\/www.notibras.com\/site\/wp-json\/wp\/v2\/posts\/317191","targetHints":{"allow":["GET"]}}],"collection":[{"href":"https:\/\/www.notibras.com\/site\/wp-json\/wp\/v2\/posts"}],"about":[{"href":"https:\/\/www.notibras.com\/site\/wp-json\/wp\/v2\/types\/post"}],"author":[{"embeddable":true,"href":"https:\/\/www.notibras.com\/site\/wp-json\/wp\/v2\/users\/2"}],"replies":[{"embeddable":true,"href":"https:\/\/www.notibras.com\/site\/wp-json\/wp\/v2\/comments?post=317191"}],"version-history":[{"count":1,"href":"https:\/\/www.notibras.com\/site\/wp-json\/wp\/v2\/posts\/317191\/revisions"}],"predecessor-version":[{"id":317192,"href":"https:\/\/www.notibras.com\/site\/wp-json\/wp\/v2\/posts\/317191\/revisions\/317192"}],"wp:featuredmedia":[{"embeddable":true,"href":"https:\/\/www.notibras.com\/site\/wp-json\/wp\/v2\/media\/228097"}],"wp:attachment":[{"href":"https:\/\/www.notibras.com\/site\/wp-json\/wp\/v2\/media?parent=317191"}],"wp:term":[{"taxonomy":"category","embeddable":true,"href":"https:\/\/www.notibras.com\/site\/wp-json\/wp\/v2\/categories?post=317191"},{"taxonomy":"post_tag","embeddable":true,"href":"https:\/\/www.notibras.com\/site\/wp-json\/wp\/v2\/tags?post=317191"}],"curies":[{"name":"wp","href":"https:\/\/api.w.org\/{rel}","templated":true}]}}