{"id":317296,"date":"2023-11-19T05:33:54","date_gmt":"2023-11-19T08:33:54","guid":{"rendered":"https:\/\/www.notibras.com\/site\/?p=317296"},"modified":"2023-11-19T13:38:00","modified_gmt":"2023-11-19T16:38:00","slug":"segunda-e-ponto-facultativo-mas-a-escravidao-continua","status":"publish","type":"post","link":"https:\/\/www.notibras.com\/site\/segunda-e-ponto-facultativo-mas-a-escravidao-continua\/","title":{"rendered":"Segunda \u00e9 ponto facultativo, mas a &#8216;escravid\u00e3o&#8217; continua"},"content":{"rendered":"<p>O Dia da Consci\u00eancia Negra \u00e9 celebrado nesta segunda-feira (20) e ser\u00e1 ponto facultativo no Distrito Federal. A medida foi publicada no Di\u00e1rio Oficial do DF em janeiro, por meio do Decreto n\u00ba 44.145\/2023. A data faz alus\u00e3o \u00e0 morte de Zumbi dos Palmares, em 1695. Ele foi o \u00faltimo dos l\u00edderes do Quilombo dos Palmares, que era o maior da \u00e9poca colonial, e lutou pelo fim da escravid\u00e3o no pa\u00eds e pela liberdade de culto e religi\u00e3o.<\/p>\n<p>\u200cDiante do ponto facultativo, pode haver altera\u00e7\u00e3o no funcionamento de \u00f3rg\u00e3os e servi\u00e7os p\u00fablicos do Governo do Distrito Federal (GDF). Confira:<\/p>\n<p><strong>Sa\u00fade<\/strong><br \/>\nApesar do ponto facultativo, as unidades da Secretaria de Sa\u00fade (SES-DF) funcionar\u00e3o normalmente. As emerg\u00eancias dos hospitais regionais, emerg\u00eancia odontol\u00f3gica do Hospital Regional da Asa Norte (Hran), as unidades de pronto atendimento (UPAs) e a Casa de Parto de S\u00e3o Sebasti\u00e3o atendem de forma ininterrupta. O Samu tamb\u00e9m atende 24 horas, pelo telefone 192.<\/p>\n<p>\u200cA assist\u00eancia das unidades b\u00e1sicas de sa\u00fade (UBSs) e dos centros de especialidades odontol\u00f3gicas (CEOs), assim como o servi\u00e7o de vacina\u00e7\u00e3o, as farm\u00e1cias de alto custo, os ambulat\u00f3rios e as policl\u00ednicas, ser\u00e1 mantida normalmente.<\/p>\n<p>\u200cAs unidades do Centro de Aten\u00e7\u00e3o Psicossocial (Caps) do tipo III, do Centro de Aten\u00e7\u00e3o Psicossocial \u00c1lcool e outras Drogas III (Caps AD III), os Caps tipos I e II e o Centro de Aten\u00e7\u00e3o Psicossocial Infanto-Juvenil (Capsi) tamb\u00e9m funcionar\u00e3o de forma ininterrupta.<\/p>\n<p><strong>\u200cHospital Veterin\u00e1rio<\/strong><br \/>\nO Servi\u00e7o Veterin\u00e1rio P\u00fablico do Distrito Federal (Hvep) funcionar\u00e1 normalmente, das 7h30 \u00e0s 17h.<\/p>\n<p><strong>\u200cFor\u00e7as de seguran\u00e7a<\/strong><br \/>\nConforme informa a Secretaria de Seguran\u00e7a P\u00fablica (SSP-DF), a Pol\u00edcia Militar funciona ininterruptamente, todos os dias da semana. Todas as 31 delegacias circunscricionais da Pol\u00edcia Civil, assim como as duas delegacias de Atendimento \u00e0 Mulher (DEAM I e II) e as duas delegacias da Crian\u00e7a e do Adolescente (DCA I e II), estar\u00e3o abertas 24 horas.<\/p>\n<p>O expediente administrativo do Corpo de Bombeiros funcionar\u00e1 em regime de escala de 24 horas, sem interrup\u00e7\u00e3o, atendendo a emerg\u00eancias. A Defesa Civil mant\u00e9m equipes de t\u00e9cnicos plantonistas todo o dia, durante 24 horas. Em caso de qualquer intercorr\u00eancia, o cidad\u00e3o pode acionar pelos telefones 193 ou 199.<\/p>\n<p>Por outro lado, n\u00e3o haver\u00e1 atendimento ao p\u00fablico nas unidades do Departamento de Tr\u00e2nsito (Detran-DF). Os servidores que atuam na educa\u00e7\u00e3o, engenharia e fiscaliza\u00e7\u00e3o de tr\u00e2nsito trabalhar\u00e3o em regime de escala normal. Os servi\u00e7os online, dispon\u00edveis por meio do aplicativo Detran Digital e do Portal de Servi\u00e7os do Detran-DF, funcionar\u00e3o normalmente.<\/p>\n<p><strong>\u200cJusti\u00e7a e Cidadania<\/strong><br \/>\nA Secretaria de Justi\u00e7a e Cidadania (Sejus-DF) afirma que n\u00e3o haver\u00e1 atendimento presencial nos servi\u00e7os da pasta. As unidades do Conselho Tutelar, do Centro Integrado 18 de Maio, bem como dos N\u00facleos do Programa Pr\u00f3-V\u00edtima, do Na Hora e do Procon estar\u00e3o fechadas.<\/p>\n<p>\u200cApenas a unidade do Na Hora Per\u00edcia M\u00e9dica Federal estar\u00e1 aberta, das 7h \u00e0s 19h. O atendimento \u00e9 exclusivo para os cidad\u00e3os agendados.<\/p>\n<p>Demandas urgentes podem ser comunicadas aos seguintes contatos:<br \/>\nConselhos Tutelares \u2013 telefone 125<br \/>\nCentro Integrado 18 de Maio \u2013 (61) 9 8314-0636<br \/>\nN\u00facleos do Programa Pr\u00f3-V\u00edtima \u2013 (61) 9 8314-0620<\/p>\n<p><strong>\u200cServi\u00e7o Social<\/strong><br \/>\nCentro de Refer\u00eancia de Assist\u00eancia Social (Cras), do Centro de Refer\u00eancia Especializado de Assist\u00eancia Social (Creas) e do Centro de Conviv\u00eancia (Cecon) n\u00e3o funcionar\u00e3o | Foto: L\u00facio Bernardo Jr.\/Ag\u00eancia Bras\u00edlia<br \/>\nTodos os Restaurantes Comunit\u00e1rios do DF funcionar\u00e3o normalmente. O mesmo ocorre nos Centros Pop, nas Unidades de Acolhimento, na Unidade de Prote\u00e7\u00e3o Social (UPS) e na Central de Atendimento. J\u00e1 as unidades do Centro de Refer\u00eancia de Assist\u00eancia Social (Cras), do Centro de Refer\u00eancia Especializado de Assist\u00eancia Social (Creas) e do Centro de Conviv\u00eancia (Cecon) fecham no ponto facultativo.<\/p>\n<p><strong>\u200cTransporte<\/strong><br \/>\nA Secretaria de Transporte e Mobilidade (Semob-DF) comunica que os \u00f4nibus circular\u00e3o com tabela de dia \u00fatil. O Metr\u00f4-DF tamb\u00e9m informa que o funcionamento ser\u00e1 normal, das 5h30 \u00e0s 23h30.<\/p>\n<p><strong>Tr\u00e2nsito<\/strong><br \/>\nO Departamento de Estradas de Rodagem do Distrito Federal (DER-DF) informa que as opera\u00e7\u00f5es de mobilidade, na Estrada Parque Ceil\u00e2ndia (DF-095\/Estrutural), na Estrada Parque Contorno (DF-001), no trecho entre o viaduto de Samambaia e o viaduto do Pist\u00e3o Sul, e na BR-070 ser\u00e3o realizadas normalmente. O Eixo Rodovi\u00e1rio (DF-002), mais conhecido como Eix\u00e3o, ser\u00e1 mantido para o fluxo de ve\u00edculos. Al\u00e9m disso, n\u00e3o haver\u00e1 atendimento presencial do \u00f3rg\u00e3o aos cidad\u00e3os.<\/p>\n<p><strong>Lazer<\/strong><br \/>\nO Zool\u00f3gico, o Planet\u00e1rio e o Jardim Bot\u00e2nico de Bras\u00edlia estar\u00e3o fechados, uma vez que \u00e9 o dia de manuten\u00e7\u00e3o dos espa\u00e7os.<\/p>\n<p><strong>Educa\u00e7\u00e3o<\/strong><br \/>\nHaver\u00e1 aula normal nas unidades de ensino.<\/p>\n<p><strong>\u200c\u200cCultura<\/strong><br \/>\nEstar\u00e3o fechados os seguintes equipamentos: Espa\u00e7o Cultural Renato Russo, Centro Cultural 3 Poderes, Espa\u00e7o Oscar Niemeyer, Biblioteca P\u00fablica de Bras\u00edlia, Biblioteca Nacional, Casa do Cantador, Museu do Catetinho, Museu de Arte de Bras\u00edlia, Museu Nacional da Rep\u00fablica e o Complexo Cultural de Planaltina.<\/p>\n<p>Funcionar\u00e3o normalmente o Museu Vivo da Mem\u00f3ria Candanga, o Centro de Dan\u00e7a, o Memorial dos Povos Ind\u00edgenas e o Complexo Cultural de Samambaia.<\/p>\n<p>\u200c<strong>Ceasa<\/strong><br \/>\nO funcionamento da Ceasa seguir\u00e1 o habitual \u2013 a administra\u00e7\u00e3o funciona das 8h \u00e0s 17h, os boxes das 4h30 \u00e0s 17h, o Mercado Org\u00e2nico das 6h \u00e0s 12h e a Central de Flores das 8h \u00e0s 17h.<\/p>\n<p><strong>BRB\u200c<\/strong><br \/>\nAs ag\u00eancias e correspondentes banc\u00e1rios funcionar\u00e3o normalmente. O Mirante da Torre de TV estar\u00e1 fechado para manuten\u00e7\u00e3o.<\/p>\n<p><strong>\u00c1gua e energia<\/strong><br \/>\nA Caesb informa que n\u00e3o haver\u00e1 expediente no ponto facultativo, mas as equipes de manuten\u00e7\u00e3o seguir\u00e3o trabalhando em regime de plant\u00e3o. Tamb\u00e9m n\u00e3o haver\u00e1 atendimento nos escrit\u00f3rios e postos do Na Hora. O app, o site e o telefone 115 funcionam ininterruptamente.<\/p>\n<p>\u200cN\u00e3o haver\u00e1 mudan\u00e7as no funcionamento da Neoenergia Bras\u00edlia.<\/p>\n<p>\u200c<strong>Limpeza urbana<\/strong><br \/>\nO Servi\u00e7o de Limpeza Urbana (SLU-DF) informa que ser\u00e1 mantido o funcionamento das unidades da diretoria, das empresas contratadas e das cooperativas de triagem.<\/p>\n<p><strong>\u200cParques<\/strong><br \/>\nO Instituto Bras\u00edlia Ambiental informa que todas as unidades de conserva\u00e7\u00e3o administradas pela autarquia funcionar\u00e3o normalmente.<\/p>\n<p>\u2013 Parque Ecol\u00f3gico do Anfiteatro Natural do Lago Sul: aberto todos os dias, das 6h \u00e0s 18h;<\/p>\n<p>\u2013 Parque Ecol\u00f3gico de \u00c1guas Claras: aberto todos os dias, das 5h \u00e0s 22h;<\/p>\n<p>\u2013 Parque Ecol\u00f3gico Areal: aberto todos os dias, das 6h \u00e0s 18h;<\/p>\n<p>\u2013 Parque Ecol\u00f3gico da Asa Sul: aberto todos os dias, das 6h \u00e0s 20h;<\/p>\n<p>\u2013 Parque Distrital das Copa\u00edbas: aberto todos os dias, das 8h \u00e0s 18h;<\/p>\n<p>\u2013 Parque Ecol\u00f3gico Cortado: aberto todos os dias, das 6h \u00e0s 20h;<\/p>\n<p>\u2013 Monumento Natural Dom Bosco: aberto todos os dias, das 6h \u00e0s 20h;<\/p>\n<p>\u2013 Parque Ecol\u00f3gico Ezechias Heringer: aberto todos os dias, das 6h \u00e0s 22h;<\/p>\n<p>\u2013 Parque Recreativo do Gama: aberto todos os dias, das 6h \u00e0s 18h;<\/p>\n<p>\u2013 Parque Ecol\u00f3gico do Lago Norte: aberto todos os dias, das 6h \u00e0s 18h;<\/p>\n<p>\u2013 Parque Ecol\u00f3gico Olhos D\u2019\u00e1gua: aberto todos os dias \u2013 port\u00e3o principal, das 5h30 \u00e0s 20h, e port\u00f5es laterais, das 6h \u00e0s 18h;<\/p>\n<p>\u2013 Parque Ecol\u00f3gico do Parano\u00e1: aberto todos os dias, das 6h \u00e0s 18h;<\/p>\n<p>\u2013 Parque Ecol\u00f3gico Pen\u00ednsula Sul: aberto todos os dias, das 6h \u00e0s 22h;<\/p>\n<p>\u2013 Parque Ecol\u00f3gico do Riacho Fundo: aberto todos os dias, das 6h \u00e0s 18h;<\/p>\n<p>\u2013 Parque Ecol\u00f3gico Saburo Onoyama: aberto todos os dias, das 6h \u00e0s 18h;<\/p>\n<p>\u2013 Parque Ecol\u00f3gico Sucupira: aberto todos os dias, das 6h \u00e0s 20h;<\/p>\n<p>\u2013 Parque Ecol\u00f3gico Tr\u00eas Meninas: aberto todos os dias, das 7h \u00e0s 18h;<\/p>\n<p>\u2013 Parque Ecol\u00f3gico Veredinha: aberto todos os dias, das 6h \u00e0s 22h.<\/p>\n","protected":false},"excerpt":{"rendered":"<p>O Dia da Consci\u00eancia Negra \u00e9 celebrado nesta segunda-feira (20) e ser\u00e1 ponto facultativo no Distrito Federal. A medida foi publicada no Di\u00e1rio Oficial do DF em janeiro, por meio do Decreto n\u00ba 44.145\/2023. A data faz alus\u00e3o \u00e0 morte de Zumbi dos Palmares, em 1695. Ele foi o \u00faltimo dos l\u00edderes do Quilombo dos [&hellip;]<\/p>\n","protected":false},"author":2,"featured_media":317297,"comment_status":"closed","ping_status":"closed","sticky":false,"template":"","format":"standard","meta":{"_acf_changed":false,"footnotes":""},"categories":[161],"tags":[],"class_list":["post-317296","post","type-post","status-publish","format-standard","has-post-thumbnail","hentry","category-quadradinho-em-foco"],"acf":[],"yoast_head":"<!-- This site is optimized with the Yoast SEO plugin v27.2 - https:\/\/yoast.com\/product\/yoast-seo-wordpress\/ -->\n<title>Segunda \u00e9 ponto facultativo, mas a &#039;escravid\u00e3o&#039; continua - Notibras<\/title>\n<meta name=\"robots\" content=\"index, follow, max-snippet:-1, max-image-preview:large, max-video-preview:-1\" \/>\n<link rel=\"canonical\" href=\"https:\/\/www.notibras.com\/site\/segunda-e-ponto-facultativo-mas-a-escravidao-continua\/\" \/>\n<meta property=\"og:locale\" content=\"pt_BR\" \/>\n<meta property=\"og:type\" content=\"article\" \/>\n<meta property=\"og:title\" content=\"Segunda \u00e9 ponto facultativo, mas a &#039;escravid\u00e3o&#039; continua - Notibras\" \/>\n<meta property=\"og:description\" content=\"O Dia da Consci\u00eancia Negra \u00e9 celebrado nesta segunda-feira (20) e ser\u00e1 ponto facultativo no Distrito Federal. A medida foi publicada no Di\u00e1rio Oficial do DF em janeiro, por meio do Decreto n\u00ba 44.145\/2023. A data faz alus\u00e3o \u00e0 morte de Zumbi dos Palmares, em 1695. Ele foi o \u00faltimo dos l\u00edderes do Quilombo dos [&hellip;]\" \/>\n<meta property=\"og:url\" content=\"https:\/\/www.notibras.com\/site\/segunda-e-ponto-facultativo-mas-a-escravidao-continua\/\" \/>\n<meta property=\"og:site_name\" content=\"Notibras\" \/>\n<meta property=\"article:publisher\" content=\"https:\/\/www.facebook.com\/notibras\/\" \/>\n<meta property=\"article:published_time\" content=\"2023-11-19T08:33:54+00:00\" \/>\n<meta property=\"article:modified_time\" content=\"2023-11-19T16:38:00+00:00\" \/>\n<meta property=\"og:image\" content=\"https:\/\/www.notibras.com\/site\/wp-content\/uploads\/2023\/11\/Na-Hora-Foto-Paulo-H.-Carvalho-1-1536x1020-1.jpg\" \/>\n\t<meta property=\"og:image:width\" content=\"1536\" \/>\n\t<meta property=\"og:image:height\" content=\"1020\" \/>\n\t<meta property=\"og:image:type\" content=\"image\/jpeg\" \/>\n<meta name=\"author\" content=\"Reda\u00e7\u00e3o\" \/>\n<meta name=\"twitter:card\" content=\"summary_large_image\" \/>\n<meta name=\"twitter:creator\" content=\"@Notibras\" \/>\n<meta name=\"twitter:site\" content=\"@Notibras\" \/>\n<meta name=\"twitter:label1\" content=\"Escrito por\" \/>\n\t<meta name=\"twitter:data1\" content=\"Reda\u00e7\u00e3o\" \/>\n\t<meta name=\"twitter:label2\" content=\"Est. tempo de leitura\" \/>\n\t<meta name=\"twitter:data2\" content=\"7 minutos\" \/>\n<script type=\"application\/ld+json\" class=\"yoast-schema-graph\">{\"@context\":\"https:\/\/schema.org\",\"@graph\":[{\"@type\":\"Article\",\"@id\":\"https:\/\/www.notibras.com\/site\/segunda-e-ponto-facultativo-mas-a-escravidao-continua\/#article\",\"isPartOf\":{\"@id\":\"https:\/\/www.notibras.com\/site\/segunda-e-ponto-facultativo-mas-a-escravidao-continua\/\"},\"author\":{\"name\":\"Reda\u00e7\u00e3o\",\"@id\":\"https:\/\/www.notibras.com\/site\/#\/schema\/person\/36ab0979449956132d3e5b517ea76ac8\"},\"headline\":\"Segunda \u00e9 ponto facultativo, mas a &#8216;escravid\u00e3o&#8217; continua\",\"datePublished\":\"2023-11-19T08:33:54+00:00\",\"dateModified\":\"2023-11-19T16:38:00+00:00\",\"mainEntityOfPage\":{\"@id\":\"https:\/\/www.notibras.com\/site\/segunda-e-ponto-facultativo-mas-a-escravidao-continua\/\"},\"wordCount\":1327,\"publisher\":{\"@id\":\"https:\/\/www.notibras.com\/site\/#organization\"},\"image\":{\"@id\":\"https:\/\/www.notibras.com\/site\/segunda-e-ponto-facultativo-mas-a-escravidao-continua\/#primaryimage\"},\"thumbnailUrl\":\"https:\/\/www.notibras.com\/site\/wp-content\/uploads\/2023\/11\/Na-Hora-Foto-Paulo-H.-Carvalho-1-1536x1020-1.jpg\",\"articleSection\":[\"Quadradinho em Foco\"],\"inLanguage\":\"pt-BR\"},{\"@type\":\"WebPage\",\"@id\":\"https:\/\/www.notibras.com\/site\/segunda-e-ponto-facultativo-mas-a-escravidao-continua\/\",\"url\":\"https:\/\/www.notibras.com\/site\/segunda-e-ponto-facultativo-mas-a-escravidao-continua\/\",\"name\":\"Segunda \u00e9 ponto facultativo, mas a 'escravid\u00e3o' continua - Notibras\",\"isPartOf\":{\"@id\":\"https:\/\/www.notibras.com\/site\/#website\"},\"primaryImageOfPage\":{\"@id\":\"https:\/\/www.notibras.com\/site\/segunda-e-ponto-facultativo-mas-a-escravidao-continua\/#primaryimage\"},\"image\":{\"@id\":\"https:\/\/www.notibras.com\/site\/segunda-e-ponto-facultativo-mas-a-escravidao-continua\/#primaryimage\"},\"thumbnailUrl\":\"https:\/\/www.notibras.com\/site\/wp-content\/uploads\/2023\/11\/Na-Hora-Foto-Paulo-H.-Carvalho-1-1536x1020-1.jpg\",\"datePublished\":\"2023-11-19T08:33:54+00:00\",\"dateModified\":\"2023-11-19T16:38:00+00:00\",\"breadcrumb\":{\"@id\":\"https:\/\/www.notibras.com\/site\/segunda-e-ponto-facultativo-mas-a-escravidao-continua\/#breadcrumb\"},\"inLanguage\":\"pt-BR\",\"potentialAction\":[{\"@type\":\"ReadAction\",\"target\":[\"https:\/\/www.notibras.com\/site\/segunda-e-ponto-facultativo-mas-a-escravidao-continua\/\"]}]},{\"@type\":\"ImageObject\",\"inLanguage\":\"pt-BR\",\"@id\":\"https:\/\/www.notibras.com\/site\/segunda-e-ponto-facultativo-mas-a-escravidao-continua\/#primaryimage\",\"url\":\"https:\/\/www.notibras.com\/site\/wp-content\/uploads\/2023\/11\/Na-Hora-Foto-Paulo-H.-Carvalho-1-1536x1020-1.jpg\",\"contentUrl\":\"https:\/\/www.notibras.com\/site\/wp-content\/uploads\/2023\/11\/Na-Hora-Foto-Paulo-H.-Carvalho-1-1536x1020-1.jpg\",\"width\":1536,\"height\":1020},{\"@type\":\"BreadcrumbList\",\"@id\":\"https:\/\/www.notibras.com\/site\/segunda-e-ponto-facultativo-mas-a-escravidao-continua\/#breadcrumb\",\"itemListElement\":[{\"@type\":\"ListItem\",\"position\":1,\"name\":\"In\u00edcio\",\"item\":\"https:\/\/www.notibras.com\/site\/\"},{\"@type\":\"ListItem\",\"position\":2,\"name\":\"Segunda \u00e9 ponto facultativo, mas a &#8216;escravid\u00e3o&#8217; continua\"}]},{\"@type\":\"WebSite\",\"@id\":\"https:\/\/www.notibras.com\/site\/#website\",\"url\":\"https:\/\/www.notibras.com\/site\/\",\"name\":\"Notibras\",\"description\":\"Not\u00edcias de Bras\u00edlia, do Brasil e do Mundo\",\"publisher\":{\"@id\":\"https:\/\/www.notibras.com\/site\/#organization\"},\"potentialAction\":[{\"@type\":\"SearchAction\",\"target\":{\"@type\":\"EntryPoint\",\"urlTemplate\":\"https:\/\/www.notibras.com\/site\/?s={search_term_string}\"},\"query-input\":{\"@type\":\"PropertyValueSpecification\",\"valueRequired\":true,\"valueName\":\"search_term_string\"}}],\"inLanguage\":\"pt-BR\"},{\"@type\":\"Organization\",\"@id\":\"https:\/\/www.notibras.com\/site\/#organization\",\"name\":\"Grupo Notibras de Comunica\u00e7\u00e3o\",\"url\":\"https:\/\/www.notibras.com\/site\/\",\"logo\":{\"@type\":\"ImageObject\",\"inLanguage\":\"pt-BR\",\"@id\":\"https:\/\/www.notibras.com\/site\/#\/schema\/logo\/image\/\",\"url\":\"https:\/\/www.notibras.com\/site\/wp-content\/uploads\/2023\/01\/notibras23.png\",\"contentUrl\":\"https:\/\/www.notibras.com\/site\/wp-content\/uploads\/2023\/01\/notibras23.png\",\"width\":350,\"height\":87,\"caption\":\"Grupo Notibras de Comunica\u00e7\u00e3o\"},\"image\":{\"@id\":\"https:\/\/www.notibras.com\/site\/#\/schema\/logo\/image\/\"},\"sameAs\":[\"https:\/\/www.facebook.com\/notibras\/\",\"https:\/\/x.com\/Notibras\",\"https:\/\/www.instagram.com\/notibras\/\"]},{\"@type\":\"Person\",\"@id\":\"https:\/\/www.notibras.com\/site\/#\/schema\/person\/36ab0979449956132d3e5b517ea76ac8\",\"name\":\"Reda\u00e7\u00e3o\",\"image\":{\"@type\":\"ImageObject\",\"inLanguage\":\"pt-BR\",\"@id\":\"https:\/\/secure.gravatar.com\/avatar\/e0a867bdedb85fd243eadf09663511f96fc81e0720a4a42581f334ad4303aa6b?s=96&d=mm&r=g\",\"url\":\"https:\/\/secure.gravatar.com\/avatar\/e0a867bdedb85fd243eadf09663511f96fc81e0720a4a42581f334ad4303aa6b?s=96&d=mm&r=g\",\"contentUrl\":\"https:\/\/secure.gravatar.com\/avatar\/e0a867bdedb85fd243eadf09663511f96fc81e0720a4a42581f334ad4303aa6b?s=96&d=mm&r=g\",\"caption\":\"Reda\u00e7\u00e3o\"}}]}<\/script>\n<!-- \/ Yoast SEO plugin. -->","yoast_head_json":{"title":"Segunda \u00e9 ponto facultativo, mas a 'escravid\u00e3o' continua - Notibras","robots":{"index":"index","follow":"follow","max-snippet":"max-snippet:-1","max-image-preview":"max-image-preview:large","max-video-preview":"max-video-preview:-1"},"canonical":"https:\/\/www.notibras.com\/site\/segunda-e-ponto-facultativo-mas-a-escravidao-continua\/","og_locale":"pt_BR","og_type":"article","og_title":"Segunda \u00e9 ponto facultativo, mas a 'escravid\u00e3o' continua - Notibras","og_description":"O Dia da Consci\u00eancia Negra \u00e9 celebrado nesta segunda-feira (20) e ser\u00e1 ponto facultativo no Distrito Federal. A medida foi publicada no Di\u00e1rio Oficial do DF em janeiro, por meio do Decreto n\u00ba 44.145\/2023. A data faz alus\u00e3o \u00e0 morte de Zumbi dos Palmares, em 1695. Ele foi o \u00faltimo dos l\u00edderes do Quilombo dos [&hellip;]","og_url":"https:\/\/www.notibras.com\/site\/segunda-e-ponto-facultativo-mas-a-escravidao-continua\/","og_site_name":"Notibras","article_publisher":"https:\/\/www.facebook.com\/notibras\/","article_published_time":"2023-11-19T08:33:54+00:00","article_modified_time":"2023-11-19T16:38:00+00:00","og_image":[{"width":1536,"height":1020,"url":"https:\/\/www.notibras.com\/site\/wp-content\/uploads\/2023\/11\/Na-Hora-Foto-Paulo-H.-Carvalho-1-1536x1020-1.jpg","type":"image\/jpeg"}],"author":"Reda\u00e7\u00e3o","twitter_card":"summary_large_image","twitter_creator":"@Notibras","twitter_site":"@Notibras","twitter_misc":{"Escrito por":"Reda\u00e7\u00e3o","Est. tempo de leitura":"7 minutos"},"schema":{"@context":"https:\/\/schema.org","@graph":[{"@type":"Article","@id":"https:\/\/www.notibras.com\/site\/segunda-e-ponto-facultativo-mas-a-escravidao-continua\/#article","isPartOf":{"@id":"https:\/\/www.notibras.com\/site\/segunda-e-ponto-facultativo-mas-a-escravidao-continua\/"},"author":{"name":"Reda\u00e7\u00e3o","@id":"https:\/\/www.notibras.com\/site\/#\/schema\/person\/36ab0979449956132d3e5b517ea76ac8"},"headline":"Segunda \u00e9 ponto facultativo, mas a &#8216;escravid\u00e3o&#8217; continua","datePublished":"2023-11-19T08:33:54+00:00","dateModified":"2023-11-19T16:38:00+00:00","mainEntityOfPage":{"@id":"https:\/\/www.notibras.com\/site\/segunda-e-ponto-facultativo-mas-a-escravidao-continua\/"},"wordCount":1327,"publisher":{"@id":"https:\/\/www.notibras.com\/site\/#organization"},"image":{"@id":"https:\/\/www.notibras.com\/site\/segunda-e-ponto-facultativo-mas-a-escravidao-continua\/#primaryimage"},"thumbnailUrl":"https:\/\/www.notibras.com\/site\/wp-content\/uploads\/2023\/11\/Na-Hora-Foto-Paulo-H.-Carvalho-1-1536x1020-1.jpg","articleSection":["Quadradinho em Foco"],"inLanguage":"pt-BR"},{"@type":"WebPage","@id":"https:\/\/www.notibras.com\/site\/segunda-e-ponto-facultativo-mas-a-escravidao-continua\/","url":"https:\/\/www.notibras.com\/site\/segunda-e-ponto-facultativo-mas-a-escravidao-continua\/","name":"Segunda \u00e9 ponto facultativo, mas a 'escravid\u00e3o' continua - Notibras","isPartOf":{"@id":"https:\/\/www.notibras.com\/site\/#website"},"primaryImageOfPage":{"@id":"https:\/\/www.notibras.com\/site\/segunda-e-ponto-facultativo-mas-a-escravidao-continua\/#primaryimage"},"image":{"@id":"https:\/\/www.notibras.com\/site\/segunda-e-ponto-facultativo-mas-a-escravidao-continua\/#primaryimage"},"thumbnailUrl":"https:\/\/www.notibras.com\/site\/wp-content\/uploads\/2023\/11\/Na-Hora-Foto-Paulo-H.-Carvalho-1-1536x1020-1.jpg","datePublished":"2023-11-19T08:33:54+00:00","dateModified":"2023-11-19T16:38:00+00:00","breadcrumb":{"@id":"https:\/\/www.notibras.com\/site\/segunda-e-ponto-facultativo-mas-a-escravidao-continua\/#breadcrumb"},"inLanguage":"pt-BR","potentialAction":[{"@type":"ReadAction","target":["https:\/\/www.notibras.com\/site\/segunda-e-ponto-facultativo-mas-a-escravidao-continua\/"]}]},{"@type":"ImageObject","inLanguage":"pt-BR","@id":"https:\/\/www.notibras.com\/site\/segunda-e-ponto-facultativo-mas-a-escravidao-continua\/#primaryimage","url":"https:\/\/www.notibras.com\/site\/wp-content\/uploads\/2023\/11\/Na-Hora-Foto-Paulo-H.-Carvalho-1-1536x1020-1.jpg","contentUrl":"https:\/\/www.notibras.com\/site\/wp-content\/uploads\/2023\/11\/Na-Hora-Foto-Paulo-H.-Carvalho-1-1536x1020-1.jpg","width":1536,"height":1020},{"@type":"BreadcrumbList","@id":"https:\/\/www.notibras.com\/site\/segunda-e-ponto-facultativo-mas-a-escravidao-continua\/#breadcrumb","itemListElement":[{"@type":"ListItem","position":1,"name":"In\u00edcio","item":"https:\/\/www.notibras.com\/site\/"},{"@type":"ListItem","position":2,"name":"Segunda \u00e9 ponto facultativo, mas a &#8216;escravid\u00e3o&#8217; continua"}]},{"@type":"WebSite","@id":"https:\/\/www.notibras.com\/site\/#website","url":"https:\/\/www.notibras.com\/site\/","name":"Notibras","description":"Not\u00edcias de Bras\u00edlia, do Brasil e do Mundo","publisher":{"@id":"https:\/\/www.notibras.com\/site\/#organization"},"potentialAction":[{"@type":"SearchAction","target":{"@type":"EntryPoint","urlTemplate":"https:\/\/www.notibras.com\/site\/?s={search_term_string}"},"query-input":{"@type":"PropertyValueSpecification","valueRequired":true,"valueName":"search_term_string"}}],"inLanguage":"pt-BR"},{"@type":"Organization","@id":"https:\/\/www.notibras.com\/site\/#organization","name":"Grupo Notibras de Comunica\u00e7\u00e3o","url":"https:\/\/www.notibras.com\/site\/","logo":{"@type":"ImageObject","inLanguage":"pt-BR","@id":"https:\/\/www.notibras.com\/site\/#\/schema\/logo\/image\/","url":"https:\/\/www.notibras.com\/site\/wp-content\/uploads\/2023\/01\/notibras23.png","contentUrl":"https:\/\/www.notibras.com\/site\/wp-content\/uploads\/2023\/01\/notibras23.png","width":350,"height":87,"caption":"Grupo Notibras de Comunica\u00e7\u00e3o"},"image":{"@id":"https:\/\/www.notibras.com\/site\/#\/schema\/logo\/image\/"},"sameAs":["https:\/\/www.facebook.com\/notibras\/","https:\/\/x.com\/Notibras","https:\/\/www.instagram.com\/notibras\/"]},{"@type":"Person","@id":"https:\/\/www.notibras.com\/site\/#\/schema\/person\/36ab0979449956132d3e5b517ea76ac8","name":"Reda\u00e7\u00e3o","image":{"@type":"ImageObject","inLanguage":"pt-BR","@id":"https:\/\/secure.gravatar.com\/avatar\/e0a867bdedb85fd243eadf09663511f96fc81e0720a4a42581f334ad4303aa6b?s=96&d=mm&r=g","url":"https:\/\/secure.gravatar.com\/avatar\/e0a867bdedb85fd243eadf09663511f96fc81e0720a4a42581f334ad4303aa6b?s=96&d=mm&r=g","contentUrl":"https:\/\/secure.gravatar.com\/avatar\/e0a867bdedb85fd243eadf09663511f96fc81e0720a4a42581f334ad4303aa6b?s=96&d=mm&r=g","caption":"Reda\u00e7\u00e3o"}}]}},"amp_enabled":true,"_links":{"self":[{"href":"https:\/\/www.notibras.com\/site\/wp-json\/wp\/v2\/posts\/317296","targetHints":{"allow":["GET"]}}],"collection":[{"href":"https:\/\/www.notibras.com\/site\/wp-json\/wp\/v2\/posts"}],"about":[{"href":"https:\/\/www.notibras.com\/site\/wp-json\/wp\/v2\/types\/post"}],"author":[{"embeddable":true,"href":"https:\/\/www.notibras.com\/site\/wp-json\/wp\/v2\/users\/2"}],"replies":[{"embeddable":true,"href":"https:\/\/www.notibras.com\/site\/wp-json\/wp\/v2\/comments?post=317296"}],"version-history":[{"count":1,"href":"https:\/\/www.notibras.com\/site\/wp-json\/wp\/v2\/posts\/317296\/revisions"}],"predecessor-version":[{"id":317298,"href":"https:\/\/www.notibras.com\/site\/wp-json\/wp\/v2\/posts\/317296\/revisions\/317298"}],"wp:featuredmedia":[{"embeddable":true,"href":"https:\/\/www.notibras.com\/site\/wp-json\/wp\/v2\/media\/317297"}],"wp:attachment":[{"href":"https:\/\/www.notibras.com\/site\/wp-json\/wp\/v2\/media?parent=317296"}],"wp:term":[{"taxonomy":"category","embeddable":true,"href":"https:\/\/www.notibras.com\/site\/wp-json\/wp\/v2\/categories?post=317296"},{"taxonomy":"post_tag","embeddable":true,"href":"https:\/\/www.notibras.com\/site\/wp-json\/wp\/v2\/tags?post=317296"}],"curies":[{"name":"wp","href":"https:\/\/api.w.org\/{rel}","templated":true}]}}