{"id":317299,"date":"2023-11-19T06:42:33","date_gmt":"2023-11-19T09:42:33","guid":{"rendered":"https:\/\/www.notibras.com\/site\/?p=317299"},"modified":"2023-11-19T13:44:44","modified_gmt":"2023-11-19T16:44:44","slug":"aedes-chega-a-brasilia-com-a-velocidade-dos-pingos-das-chuvas","status":"publish","type":"post","link":"https:\/\/www.notibras.com\/site\/aedes-chega-a-brasilia-com-a-velocidade-dos-pingos-das-chuvas\/","title":{"rendered":"Aedes chega a Bras\u00edlia com a velocidade dos pingos das chuvas"},"content":{"rendered":"<p>Durante todo o ano, a Vigil\u00e2ncia Ambiental do Distrito Federal manteve a\u00e7\u00f5es de combate \u00e0 dengue para proteger a popula\u00e7\u00e3o, o que levou \u00e0 redu\u00e7\u00e3o no n\u00famero de casos prov\u00e1veis da doen\u00e7a. Com o per\u00edodo chuvoso, os cuidados precisam ser redobrados. Um \u00fanico ovo do mosquito Aedes aegypti, transmissor de dengue, chikungunya, zika e febre amarela, consegue sobreviver at\u00e9 400 dias sem contato com a \u00e1gua, s\u00f3 aguardando o primeiro momento de chuva para eclodir.<\/p>\n<p>Entre as a\u00e7\u00f5es permanentes adotadas pela sa\u00fade p\u00fablica do DF est\u00e3o o fumac\u00ea, o manejo ambiental, o controle qu\u00edmico, as inspe\u00e7\u00f5es dos agentes de vigil\u00e2ncia a resid\u00eancias e o investimento em novas tecnologias, como as armadilhas ovitrampas.<\/p>\n<p>\u201cAumentamos o n\u00famero de armadilhas ovitrampas instaladas, o que nos leva a obter dados que tornam mais eficiente o trabalho do pessoal do campo. A pr\u00f3pria armadilha faz o sequestro de ovos que se tornariam mosquitos\u201d, explica o diretor de Vigil\u00e2ncia Ambiental, Jadir Costa Filho. Esse tipo de armadilha simula um ambiente com condi\u00e7\u00f5es ideais para procria\u00e7\u00e3o do mosquito e depois captura os ovos, impedindo a prolifera\u00e7\u00e3o do inseto.<\/p>\n<p>Com os esfor\u00e7os contra a dengue, as equipes j\u00e1 inspecionaram, neste ano, 2.056.344 im\u00f3veis. Al\u00e9m disso, o DF foi uma das poucas unidades da Federa\u00e7\u00e3o que n\u00e3o sofreu desabastecimento de insumos. Isso porque o governo do Distrito Federal (GDF) se antecipou e fez a aquisi\u00e7\u00e3o no ano passado. \u201cPor conta disso, j\u00e1 estamos com a compra de mais inseticidas em andamento para o ano que vem\u201d, destaca o diretor.<\/p>\n<p><strong>N\u00fameros no DF<\/strong><br \/>\nDe acordo com o Boletim Epidemiol\u00f3gico 39 de 2023, at\u00e9 a semana epidemiol\u00f3gica 44, foram registrados 27.719 casos prov\u00e1veis de dengue em residentes do DF, uma redu\u00e7\u00e3o de mais de 58,1% em rela\u00e7\u00e3o ao mesmo per\u00edodo do ano passado, que contabilizou 66.182 casos prov\u00e1veis da doen\u00e7a. No mesmo per\u00edodo, o registro soma dez casos graves e um \u00f3bito causado pela dengue.<\/p>\n<p>Entre as sete Regi\u00f5es de Sa\u00fade, a Sudoeste foi a que apresentou o maior n\u00famero de casos prov\u00e1veis (6.778), seguida pelas Regi\u00f5es Oeste (5.331), Norte (4.115), Leste (3.281), Centro-Sul (2.170), Central (1.449) e Sul (1.051). Com rela\u00e7\u00e3o \u00e0 situa\u00e7\u00e3o epidemiol\u00f3gica nas regi\u00f5es administrativas, Ceil\u00e2ndia tem o maior n\u00famero prov\u00e1vel de casos (3.348), seguida de Samambaia (2.655), Brazl\u00e2ndia (1.979), Planaltina (1.928) e S\u00e3o Sebasti\u00e3o (1.847).<\/p>\n<p><strong>Cuidados da popula\u00e7\u00e3o<\/strong><br \/>\nApesar dos dados positivos, \u00e9 preciso manter os esfor\u00e7os para que os \u00edndices sejam cada vez menores. Para isso, a participa\u00e7\u00e3o da popula\u00e7\u00e3o \u00e9 essencial, pois ela precisa ajudar com as avalia\u00e7\u00f5es internas e externas das resid\u00eancias. O mosquito adulto se esconde em locais sombreados. A orienta\u00e7\u00e3o \u00e9 deixar o ambiente sempre arejado, sacudir cortinas e procurar por ac\u00famulo de \u00e1gua em locais menos evidentes, por exemplo, o degelo atr\u00e1s da geladeira e os recipientes de bebedouros.<\/p>\n<p>O subsecret\u00e1rio de Vigil\u00e2ncia \u00e0 Sa\u00fade, Divino Valero, explica que as a\u00e7\u00f5es de controle antivetorial para o combate \u00e0 dengue se baseiam nas visitas domiciliares, nas distribui\u00e7\u00f5es de armadilhas, no controle efetivo da popula\u00e7\u00e3o de mosquitos e no processo de educa\u00e7\u00e3o em sa\u00fade. \u201cPara completar e coroar as a\u00e7\u00f5es do governo \u00e9 preciso a participa\u00e7\u00e3o de toda a sociedade. Cada um deve fazer a sua parte. Inspecione seu quintal, d\u00ea uma olhada na caixa d\u2019\u00e1gua, n\u00e3o deixe nenhum dep\u00f3sito que tenha ou possa conter \u00e1gua. Assim, a popula\u00e7\u00e3o contribui e vira um agente do pr\u00f3prio domic\u00edlio.\u201d<\/p>\n<p>Valero refor\u00e7a que o objetivo da Secretaria de Sa\u00fade do DF \u00e9 interromper o ciclo biol\u00f3gico e conter a evolu\u00e7\u00e3o do mosquito, al\u00e9m de trabalhar em parceria com a popula\u00e7\u00e3o para que ela ajude no combate ao Aedes aegypti. Para comunicar a Vigil\u00e2ncia Ambiental sobre focos no entorno de suas casas, basta ligar no telefone 160.<\/p>\n<p><strong>Dengue<\/strong><br \/>\nA dengue \u00e9 uma doen\u00e7a transmitida pela picada da f\u00eamea do mosquito Aedes aegypti. O per\u00edodo do ano com maior transmiss\u00e3o da doen\u00e7a ocorre nos meses mais chuvosos de cada regi\u00e3o, geralmente de novembro a maio. O ac\u00famulo de \u00e1gua parada contribui para a prolifera\u00e7\u00e3o do mosquito e, consequentemente, para a maior dissemina\u00e7\u00e3o da doen\u00e7a. Logo, a preven\u00e7\u00e3o \u00e9 a melhor forma de combat\u00ea-la. \u00c9 importante evitar \u00e1gua parada todos os dias, porque os ovos do mosquito podem sobreviver por at\u00e9 um ano no ambiente.<\/p>\n<p>Todas as faixas et\u00e1rias s\u00e3o igualmente suscet\u00edveis \u00e0 doen\u00e7a, por\u00e9m, idosos e portadores de doen\u00e7as cr\u00f4nicas, como diabetes e hipertens\u00e3o arterial, t\u00eam maior risco de evoluir para casos graves e outras complica\u00e7\u00f5es fatais. Em caso de sintomas, a orienta\u00e7\u00e3o \u00e9 procurar uma unidade b\u00e1sica de sa\u00fade. Acesse o InfoSa\u00fade e localize sua UBS de refer\u00eancia.<\/p>\n<p>Os principais sintomas da dengue s\u00e3o:<br \/>\nFebre alta \u2013 acima de 38\u00b0C<br \/>\nDor no corpo e nas articula\u00e7\u00f5es<br \/>\nDor atr\u00e1s dos olhos<br \/>\nMal-estar<br \/>\nFalta de apetite<br \/>\nDor de cabe\u00e7a<br \/>\nManchas vermelhas pelo corpo<\/p>\n","protected":false},"excerpt":{"rendered":"<p>Durante todo o ano, a Vigil\u00e2ncia Ambiental do Distrito Federal manteve a\u00e7\u00f5es de combate \u00e0 dengue para proteger a popula\u00e7\u00e3o, o que levou \u00e0 redu\u00e7\u00e3o no n\u00famero de casos prov\u00e1veis da doen\u00e7a. Com o per\u00edodo chuvoso, os cuidados precisam ser redobrados. Um \u00fanico ovo do mosquito Aedes aegypti, transmissor de dengue, chikungunya, zika e febre [&hellip;]<\/p>\n","protected":false},"author":2,"featured_media":317300,"comment_status":"closed","ping_status":"closed","sticky":false,"template":"","format":"standard","meta":{"_acf_changed":false,"footnotes":""},"categories":[161],"tags":[],"class_list":["post-317299","post","type-post","status-publish","format-standard","has-post-thumbnail","hentry","category-quadradinho-em-foco"],"acf":[],"yoast_head":"<!-- This site is optimized with the Yoast SEO plugin v27.2 - https:\/\/yoast.com\/product\/yoast-seo-wordpress\/ -->\n<title>Aedes chega a Bras\u00edlia com a velocidade dos pingos das chuvas - Notibras<\/title>\n<meta name=\"robots\" content=\"index, follow, max-snippet:-1, max-image-preview:large, max-video-preview:-1\" \/>\n<link rel=\"canonical\" href=\"https:\/\/www.notibras.com\/site\/aedes-chega-a-brasilia-com-a-velocidade-dos-pingos-das-chuvas\/\" \/>\n<meta property=\"og:locale\" content=\"pt_BR\" \/>\n<meta property=\"og:type\" content=\"article\" \/>\n<meta property=\"og:title\" content=\"Aedes chega a Bras\u00edlia com a velocidade dos pingos das chuvas - Notibras\" \/>\n<meta property=\"og:description\" content=\"Durante todo o ano, a Vigil\u00e2ncia Ambiental do Distrito Federal manteve a\u00e7\u00f5es de combate \u00e0 dengue para proteger a popula\u00e7\u00e3o, o que levou \u00e0 redu\u00e7\u00e3o no n\u00famero de casos prov\u00e1veis da doen\u00e7a. Com o per\u00edodo chuvoso, os cuidados precisam ser redobrados. Um \u00fanico ovo do mosquito Aedes aegypti, transmissor de dengue, chikungunya, zika e febre [&hellip;]\" \/>\n<meta property=\"og:url\" content=\"https:\/\/www.notibras.com\/site\/aedes-chega-a-brasilia-com-a-velocidade-dos-pingos-das-chuvas\/\" \/>\n<meta property=\"og:site_name\" content=\"Notibras\" \/>\n<meta property=\"article:publisher\" content=\"https:\/\/www.facebook.com\/notibras\/\" \/>\n<meta property=\"article:published_time\" content=\"2023-11-19T09:42:33+00:00\" \/>\n<meta property=\"article:modified_time\" content=\"2023-11-19T16:44:44+00:00\" \/>\n<meta property=\"og:image\" content=\"https:\/\/www.notibras.com\/site\/wp-content\/uploads\/2023\/11\/dengue.cguva_.jpg\" \/>\n\t<meta property=\"og:image:width\" content=\"1200\" \/>\n\t<meta property=\"og:image:height\" content=\"800\" \/>\n\t<meta property=\"og:image:type\" content=\"image\/jpeg\" \/>\n<meta name=\"author\" content=\"Reda\u00e7\u00e3o\" \/>\n<meta name=\"twitter:card\" content=\"summary_large_image\" \/>\n<meta name=\"twitter:creator\" content=\"@Notibras\" \/>\n<meta name=\"twitter:site\" content=\"@Notibras\" \/>\n<meta name=\"twitter:label1\" content=\"Escrito por\" \/>\n\t<meta name=\"twitter:data1\" content=\"Reda\u00e7\u00e3o\" \/>\n\t<meta name=\"twitter:label2\" content=\"Est. tempo de leitura\" \/>\n\t<meta name=\"twitter:data2\" content=\"5 minutos\" \/>\n<script type=\"application\/ld+json\" class=\"yoast-schema-graph\">{\"@context\":\"https:\/\/schema.org\",\"@graph\":[{\"@type\":\"Article\",\"@id\":\"https:\/\/www.notibras.com\/site\/aedes-chega-a-brasilia-com-a-velocidade-dos-pingos-das-chuvas\/#article\",\"isPartOf\":{\"@id\":\"https:\/\/www.notibras.com\/site\/aedes-chega-a-brasilia-com-a-velocidade-dos-pingos-das-chuvas\/\"},\"author\":{\"name\":\"Reda\u00e7\u00e3o\",\"@id\":\"https:\/\/www.notibras.com\/site\/#\/schema\/person\/36ab0979449956132d3e5b517ea76ac8\"},\"headline\":\"Aedes chega a Bras\u00edlia com a velocidade dos pingos das chuvas\",\"datePublished\":\"2023-11-19T09:42:33+00:00\",\"dateModified\":\"2023-11-19T16:44:44+00:00\",\"mainEntityOfPage\":{\"@id\":\"https:\/\/www.notibras.com\/site\/aedes-chega-a-brasilia-com-a-velocidade-dos-pingos-das-chuvas\/\"},\"wordCount\":875,\"publisher\":{\"@id\":\"https:\/\/www.notibras.com\/site\/#organization\"},\"image\":{\"@id\":\"https:\/\/www.notibras.com\/site\/aedes-chega-a-brasilia-com-a-velocidade-dos-pingos-das-chuvas\/#primaryimage\"},\"thumbnailUrl\":\"https:\/\/www.notibras.com\/site\/wp-content\/uploads\/2023\/11\/dengue.cguva_.jpg\",\"articleSection\":[\"Quadradinho em Foco\"],\"inLanguage\":\"pt-BR\"},{\"@type\":\"WebPage\",\"@id\":\"https:\/\/www.notibras.com\/site\/aedes-chega-a-brasilia-com-a-velocidade-dos-pingos-das-chuvas\/\",\"url\":\"https:\/\/www.notibras.com\/site\/aedes-chega-a-brasilia-com-a-velocidade-dos-pingos-das-chuvas\/\",\"name\":\"Aedes chega a Bras\u00edlia com a velocidade dos pingos das chuvas - Notibras\",\"isPartOf\":{\"@id\":\"https:\/\/www.notibras.com\/site\/#website\"},\"primaryImageOfPage\":{\"@id\":\"https:\/\/www.notibras.com\/site\/aedes-chega-a-brasilia-com-a-velocidade-dos-pingos-das-chuvas\/#primaryimage\"},\"image\":{\"@id\":\"https:\/\/www.notibras.com\/site\/aedes-chega-a-brasilia-com-a-velocidade-dos-pingos-das-chuvas\/#primaryimage\"},\"thumbnailUrl\":\"https:\/\/www.notibras.com\/site\/wp-content\/uploads\/2023\/11\/dengue.cguva_.jpg\",\"datePublished\":\"2023-11-19T09:42:33+00:00\",\"dateModified\":\"2023-11-19T16:44:44+00:00\",\"breadcrumb\":{\"@id\":\"https:\/\/www.notibras.com\/site\/aedes-chega-a-brasilia-com-a-velocidade-dos-pingos-das-chuvas\/#breadcrumb\"},\"inLanguage\":\"pt-BR\",\"potentialAction\":[{\"@type\":\"ReadAction\",\"target\":[\"https:\/\/www.notibras.com\/site\/aedes-chega-a-brasilia-com-a-velocidade-dos-pingos-das-chuvas\/\"]}]},{\"@type\":\"ImageObject\",\"inLanguage\":\"pt-BR\",\"@id\":\"https:\/\/www.notibras.com\/site\/aedes-chega-a-brasilia-com-a-velocidade-dos-pingos-das-chuvas\/#primaryimage\",\"url\":\"https:\/\/www.notibras.com\/site\/wp-content\/uploads\/2023\/11\/dengue.cguva_.jpg\",\"contentUrl\":\"https:\/\/www.notibras.com\/site\/wp-content\/uploads\/2023\/11\/dengue.cguva_.jpg\",\"width\":1200,\"height\":800},{\"@type\":\"BreadcrumbList\",\"@id\":\"https:\/\/www.notibras.com\/site\/aedes-chega-a-brasilia-com-a-velocidade-dos-pingos-das-chuvas\/#breadcrumb\",\"itemListElement\":[{\"@type\":\"ListItem\",\"position\":1,\"name\":\"In\u00edcio\",\"item\":\"https:\/\/www.notibras.com\/site\/\"},{\"@type\":\"ListItem\",\"position\":2,\"name\":\"Aedes chega a Bras\u00edlia com a velocidade dos pingos das chuvas\"}]},{\"@type\":\"WebSite\",\"@id\":\"https:\/\/www.notibras.com\/site\/#website\",\"url\":\"https:\/\/www.notibras.com\/site\/\",\"name\":\"Notibras\",\"description\":\"Not\u00edcias de Bras\u00edlia, do Brasil e do Mundo\",\"publisher\":{\"@id\":\"https:\/\/www.notibras.com\/site\/#organization\"},\"potentialAction\":[{\"@type\":\"SearchAction\",\"target\":{\"@type\":\"EntryPoint\",\"urlTemplate\":\"https:\/\/www.notibras.com\/site\/?s={search_term_string}\"},\"query-input\":{\"@type\":\"PropertyValueSpecification\",\"valueRequired\":true,\"valueName\":\"search_term_string\"}}],\"inLanguage\":\"pt-BR\"},{\"@type\":\"Organization\",\"@id\":\"https:\/\/www.notibras.com\/site\/#organization\",\"name\":\"Grupo Notibras de Comunica\u00e7\u00e3o\",\"url\":\"https:\/\/www.notibras.com\/site\/\",\"logo\":{\"@type\":\"ImageObject\",\"inLanguage\":\"pt-BR\",\"@id\":\"https:\/\/www.notibras.com\/site\/#\/schema\/logo\/image\/\",\"url\":\"https:\/\/www.notibras.com\/site\/wp-content\/uploads\/2023\/01\/notibras23.png\",\"contentUrl\":\"https:\/\/www.notibras.com\/site\/wp-content\/uploads\/2023\/01\/notibras23.png\",\"width\":350,\"height\":87,\"caption\":\"Grupo Notibras de Comunica\u00e7\u00e3o\"},\"image\":{\"@id\":\"https:\/\/www.notibras.com\/site\/#\/schema\/logo\/image\/\"},\"sameAs\":[\"https:\/\/www.facebook.com\/notibras\/\",\"https:\/\/x.com\/Notibras\",\"https:\/\/www.instagram.com\/notibras\/\"]},{\"@type\":\"Person\",\"@id\":\"https:\/\/www.notibras.com\/site\/#\/schema\/person\/36ab0979449956132d3e5b517ea76ac8\",\"name\":\"Reda\u00e7\u00e3o\",\"image\":{\"@type\":\"ImageObject\",\"inLanguage\":\"pt-BR\",\"@id\":\"https:\/\/secure.gravatar.com\/avatar\/e0a867bdedb85fd243eadf09663511f96fc81e0720a4a42581f334ad4303aa6b?s=96&d=mm&r=g\",\"url\":\"https:\/\/secure.gravatar.com\/avatar\/e0a867bdedb85fd243eadf09663511f96fc81e0720a4a42581f334ad4303aa6b?s=96&d=mm&r=g\",\"contentUrl\":\"https:\/\/secure.gravatar.com\/avatar\/e0a867bdedb85fd243eadf09663511f96fc81e0720a4a42581f334ad4303aa6b?s=96&d=mm&r=g\",\"caption\":\"Reda\u00e7\u00e3o\"}}]}<\/script>\n<!-- \/ Yoast SEO plugin. -->","yoast_head_json":{"title":"Aedes chega a Bras\u00edlia com a velocidade dos pingos das chuvas - Notibras","robots":{"index":"index","follow":"follow","max-snippet":"max-snippet:-1","max-image-preview":"max-image-preview:large","max-video-preview":"max-video-preview:-1"},"canonical":"https:\/\/www.notibras.com\/site\/aedes-chega-a-brasilia-com-a-velocidade-dos-pingos-das-chuvas\/","og_locale":"pt_BR","og_type":"article","og_title":"Aedes chega a Bras\u00edlia com a velocidade dos pingos das chuvas - Notibras","og_description":"Durante todo o ano, a Vigil\u00e2ncia Ambiental do Distrito Federal manteve a\u00e7\u00f5es de combate \u00e0 dengue para proteger a popula\u00e7\u00e3o, o que levou \u00e0 redu\u00e7\u00e3o no n\u00famero de casos prov\u00e1veis da doen\u00e7a. Com o per\u00edodo chuvoso, os cuidados precisam ser redobrados. Um \u00fanico ovo do mosquito Aedes aegypti, transmissor de dengue, chikungunya, zika e febre [&hellip;]","og_url":"https:\/\/www.notibras.com\/site\/aedes-chega-a-brasilia-com-a-velocidade-dos-pingos-das-chuvas\/","og_site_name":"Notibras","article_publisher":"https:\/\/www.facebook.com\/notibras\/","article_published_time":"2023-11-19T09:42:33+00:00","article_modified_time":"2023-11-19T16:44:44+00:00","og_image":[{"width":1200,"height":800,"url":"https:\/\/www.notibras.com\/site\/wp-content\/uploads\/2023\/11\/dengue.cguva_.jpg","type":"image\/jpeg"}],"author":"Reda\u00e7\u00e3o","twitter_card":"summary_large_image","twitter_creator":"@Notibras","twitter_site":"@Notibras","twitter_misc":{"Escrito por":"Reda\u00e7\u00e3o","Est. tempo de leitura":"5 minutos"},"schema":{"@context":"https:\/\/schema.org","@graph":[{"@type":"Article","@id":"https:\/\/www.notibras.com\/site\/aedes-chega-a-brasilia-com-a-velocidade-dos-pingos-das-chuvas\/#article","isPartOf":{"@id":"https:\/\/www.notibras.com\/site\/aedes-chega-a-brasilia-com-a-velocidade-dos-pingos-das-chuvas\/"},"author":{"name":"Reda\u00e7\u00e3o","@id":"https:\/\/www.notibras.com\/site\/#\/schema\/person\/36ab0979449956132d3e5b517ea76ac8"},"headline":"Aedes chega a Bras\u00edlia com a velocidade dos pingos das chuvas","datePublished":"2023-11-19T09:42:33+00:00","dateModified":"2023-11-19T16:44:44+00:00","mainEntityOfPage":{"@id":"https:\/\/www.notibras.com\/site\/aedes-chega-a-brasilia-com-a-velocidade-dos-pingos-das-chuvas\/"},"wordCount":875,"publisher":{"@id":"https:\/\/www.notibras.com\/site\/#organization"},"image":{"@id":"https:\/\/www.notibras.com\/site\/aedes-chega-a-brasilia-com-a-velocidade-dos-pingos-das-chuvas\/#primaryimage"},"thumbnailUrl":"https:\/\/www.notibras.com\/site\/wp-content\/uploads\/2023\/11\/dengue.cguva_.jpg","articleSection":["Quadradinho em Foco"],"inLanguage":"pt-BR"},{"@type":"WebPage","@id":"https:\/\/www.notibras.com\/site\/aedes-chega-a-brasilia-com-a-velocidade-dos-pingos-das-chuvas\/","url":"https:\/\/www.notibras.com\/site\/aedes-chega-a-brasilia-com-a-velocidade-dos-pingos-das-chuvas\/","name":"Aedes chega a Bras\u00edlia com a velocidade dos pingos das chuvas - Notibras","isPartOf":{"@id":"https:\/\/www.notibras.com\/site\/#website"},"primaryImageOfPage":{"@id":"https:\/\/www.notibras.com\/site\/aedes-chega-a-brasilia-com-a-velocidade-dos-pingos-das-chuvas\/#primaryimage"},"image":{"@id":"https:\/\/www.notibras.com\/site\/aedes-chega-a-brasilia-com-a-velocidade-dos-pingos-das-chuvas\/#primaryimage"},"thumbnailUrl":"https:\/\/www.notibras.com\/site\/wp-content\/uploads\/2023\/11\/dengue.cguva_.jpg","datePublished":"2023-11-19T09:42:33+00:00","dateModified":"2023-11-19T16:44:44+00:00","breadcrumb":{"@id":"https:\/\/www.notibras.com\/site\/aedes-chega-a-brasilia-com-a-velocidade-dos-pingos-das-chuvas\/#breadcrumb"},"inLanguage":"pt-BR","potentialAction":[{"@type":"ReadAction","target":["https:\/\/www.notibras.com\/site\/aedes-chega-a-brasilia-com-a-velocidade-dos-pingos-das-chuvas\/"]}]},{"@type":"ImageObject","inLanguage":"pt-BR","@id":"https:\/\/www.notibras.com\/site\/aedes-chega-a-brasilia-com-a-velocidade-dos-pingos-das-chuvas\/#primaryimage","url":"https:\/\/www.notibras.com\/site\/wp-content\/uploads\/2023\/11\/dengue.cguva_.jpg","contentUrl":"https:\/\/www.notibras.com\/site\/wp-content\/uploads\/2023\/11\/dengue.cguva_.jpg","width":1200,"height":800},{"@type":"BreadcrumbList","@id":"https:\/\/www.notibras.com\/site\/aedes-chega-a-brasilia-com-a-velocidade-dos-pingos-das-chuvas\/#breadcrumb","itemListElement":[{"@type":"ListItem","position":1,"name":"In\u00edcio","item":"https:\/\/www.notibras.com\/site\/"},{"@type":"ListItem","position":2,"name":"Aedes chega a Bras\u00edlia com a velocidade dos pingos das chuvas"}]},{"@type":"WebSite","@id":"https:\/\/www.notibras.com\/site\/#website","url":"https:\/\/www.notibras.com\/site\/","name":"Notibras","description":"Not\u00edcias de Bras\u00edlia, do Brasil e do Mundo","publisher":{"@id":"https:\/\/www.notibras.com\/site\/#organization"},"potentialAction":[{"@type":"SearchAction","target":{"@type":"EntryPoint","urlTemplate":"https:\/\/www.notibras.com\/site\/?s={search_term_string}"},"query-input":{"@type":"PropertyValueSpecification","valueRequired":true,"valueName":"search_term_string"}}],"inLanguage":"pt-BR"},{"@type":"Organization","@id":"https:\/\/www.notibras.com\/site\/#organization","name":"Grupo Notibras de Comunica\u00e7\u00e3o","url":"https:\/\/www.notibras.com\/site\/","logo":{"@type":"ImageObject","inLanguage":"pt-BR","@id":"https:\/\/www.notibras.com\/site\/#\/schema\/logo\/image\/","url":"https:\/\/www.notibras.com\/site\/wp-content\/uploads\/2023\/01\/notibras23.png","contentUrl":"https:\/\/www.notibras.com\/site\/wp-content\/uploads\/2023\/01\/notibras23.png","width":350,"height":87,"caption":"Grupo Notibras de Comunica\u00e7\u00e3o"},"image":{"@id":"https:\/\/www.notibras.com\/site\/#\/schema\/logo\/image\/"},"sameAs":["https:\/\/www.facebook.com\/notibras\/","https:\/\/x.com\/Notibras","https:\/\/www.instagram.com\/notibras\/"]},{"@type":"Person","@id":"https:\/\/www.notibras.com\/site\/#\/schema\/person\/36ab0979449956132d3e5b517ea76ac8","name":"Reda\u00e7\u00e3o","image":{"@type":"ImageObject","inLanguage":"pt-BR","@id":"https:\/\/secure.gravatar.com\/avatar\/e0a867bdedb85fd243eadf09663511f96fc81e0720a4a42581f334ad4303aa6b?s=96&d=mm&r=g","url":"https:\/\/secure.gravatar.com\/avatar\/e0a867bdedb85fd243eadf09663511f96fc81e0720a4a42581f334ad4303aa6b?s=96&d=mm&r=g","contentUrl":"https:\/\/secure.gravatar.com\/avatar\/e0a867bdedb85fd243eadf09663511f96fc81e0720a4a42581f334ad4303aa6b?s=96&d=mm&r=g","caption":"Reda\u00e7\u00e3o"}}]}},"amp_enabled":true,"_links":{"self":[{"href":"https:\/\/www.notibras.com\/site\/wp-json\/wp\/v2\/posts\/317299","targetHints":{"allow":["GET"]}}],"collection":[{"href":"https:\/\/www.notibras.com\/site\/wp-json\/wp\/v2\/posts"}],"about":[{"href":"https:\/\/www.notibras.com\/site\/wp-json\/wp\/v2\/types\/post"}],"author":[{"embeddable":true,"href":"https:\/\/www.notibras.com\/site\/wp-json\/wp\/v2\/users\/2"}],"replies":[{"embeddable":true,"href":"https:\/\/www.notibras.com\/site\/wp-json\/wp\/v2\/comments?post=317299"}],"version-history":[{"count":1,"href":"https:\/\/www.notibras.com\/site\/wp-json\/wp\/v2\/posts\/317299\/revisions"}],"predecessor-version":[{"id":317301,"href":"https:\/\/www.notibras.com\/site\/wp-json\/wp\/v2\/posts\/317299\/revisions\/317301"}],"wp:featuredmedia":[{"embeddable":true,"href":"https:\/\/www.notibras.com\/site\/wp-json\/wp\/v2\/media\/317300"}],"wp:attachment":[{"href":"https:\/\/www.notibras.com\/site\/wp-json\/wp\/v2\/media?parent=317299"}],"wp:term":[{"taxonomy":"category","embeddable":true,"href":"https:\/\/www.notibras.com\/site\/wp-json\/wp\/v2\/categories?post=317299"},{"taxonomy":"post_tag","embeddable":true,"href":"https:\/\/www.notibras.com\/site\/wp-json\/wp\/v2\/tags?post=317299"}],"curies":[{"name":"wp","href":"https:\/\/api.w.org\/{rel}","templated":true}]}}