{"id":317329,"date":"2023-11-20T07:27:21","date_gmt":"2023-11-20T10:27:21","guid":{"rendered":"https:\/\/www.notibras.com\/site\/?p=317329"},"modified":"2023-11-20T07:49:50","modified_gmt":"2023-11-20T10:49:50","slug":"historia-do-rio-e-a-garoupa-devolvida-ao-mar","status":"publish","type":"post","link":"https:\/\/www.notibras.com\/site\/historia-do-rio-e-a-garoupa-devolvida-ao-mar\/","title":{"rendered":"Hist\u00f3ria do Rio e a garoupa devolvida ao mar"},"content":{"rendered":"<p>Ter\u00e7a-feira era o dia sagrado das pescarias de An\u00edbal e Nilson. A dupla se dirigiu at\u00e9 o Caminho dos Pescadores, localizado na pedra do Leme, quando o sol j\u00e1 n\u00e3o castigava tanto. Nessa ter\u00e7a-feira em particular, uma ter\u00e7a-feira de outubro, o som das cigarras acompanhou boa parte do passatempo dos dois velhos.<\/p>\n<p>Entre cocorocas e sargos, eis que surgiu uma bela garoupa no anzol de Nilson, o que fez arrancar alguns coment\u00e1rios exaltados dos presentes.<\/p>\n<p>&#8211; Ganhou o dia, heim, Nilson! \u2013 Gilbert, um franc\u00eas radicado no Brasil desde o final da Segunda Grande Guerra, foi o primeiro a parabeniz\u00e1-lo pelo feito.<\/p>\n<p>&#8211; Desse jeito n\u00e3o sobra mais peixe pra gente! \u2013 Celso, um velho pescador que morava no M\u00e9ier, comentou em tom de brincadeira.<\/p>\n<p>&#8211; Pois \u00e9, o meu amigo aqui \u00e9 o maior pescador desta pedra!, emendou An\u00edbal.<\/p>\n<p>&#8211; Ih, olha l\u00e1 a garoupa que o velho pegou! \u2013 um rapaz, que nem estava pescando, falou para a roda de amigos, todos na faixa dos 15, 16 anos.<\/p>\n<p>Diante de tais coment\u00e1rios, Nilson sorriu enquanto retirava o peixe do anzol. Contemplou, com certo ar de servi\u00e7o cumprido, a pele escura da garoupa de n\u00e3o mais de 40 cent\u00edmetros. Humilde, falou: &#8220;Pura sorte, pura sorte. Al\u00e9m do mais, prefiro um pampo, que \u00e9 mais saboroso&#8221;. Depois\u00a0 olhou mais uma vez o peixe que agonizava em suas m\u00e3os, e devolveu-o ao mar.<\/p>\n<p>Nilson n\u00e3o costumava fazer isso, mas o triste olhar daquela garoupa mexeu de certo modo com seus sentimentos. O gesto foi por puro impulso, pois, se parasse um segundo sequer para refletir, a janta j\u00e1 estaria garantida.<\/p>\n<p>As primeiras estrelas j\u00e1 despontavam no c\u00e9u quando Nilson e An\u00edbal resolveram se despedir da pescaria, que teve um saldo de tr\u00eas cocorocas, dois sargos, um sargento, uma garoupa devolvida ao mar e nenhum pampo.<\/p>\n<p>O cal\u00e7ad\u00e3o estava apinhado de gente correndo para c\u00e1 e para l\u00e1, caminhando em v\u00e1rios ritmos, gente sentada nas mesinhas dos quiosques, gente em p\u00e9 batendo papo, gente jogando futebol na areia, gente brincando de v\u00f4lei, gente simplesmente contemplando o mar ou, ent\u00e3o, gente observando pessoas, possivelmente em busca de companhia para mais tarde ou, quem sabe, at\u00e9 para j\u00e1.<\/p>\n<p>An\u00edbal e Nilson, no entanto, passariam praticamente despercebidos, caso n\u00e3o fosse a tralha toda que carregavam.<\/p>\n","protected":false},"excerpt":{"rendered":"<p>Ter\u00e7a-feira era o dia sagrado das pescarias de An\u00edbal e Nilson. A dupla se dirigiu at\u00e9 o Caminho dos Pescadores, localizado na pedra do Leme, quando o sol j\u00e1 n\u00e3o castigava tanto. Nessa ter\u00e7a-feira em particular, uma ter\u00e7a-feira de outubro, o som das cigarras acompanhou boa parte do passatempo dos dois velhos. Entre cocorocas e [&hellip;]<\/p>\n","protected":false},"author":2,"featured_media":317330,"comment_status":"closed","ping_status":"closed","sticky":false,"template":"","format":"standard","meta":{"_acf_changed":false,"footnotes":""},"categories":[161],"tags":[],"class_list":["post-317329","post","type-post","status-publish","format-standard","has-post-thumbnail","hentry","category-quadradinho-em-foco"],"acf":[],"yoast_head":"<!-- This site is optimized with the Yoast SEO plugin v27.2 - https:\/\/yoast.com\/product\/yoast-seo-wordpress\/ -->\n<title>Hist\u00f3ria do Rio e a garoupa devolvida ao mar - Notibras<\/title>\n<meta name=\"robots\" content=\"index, follow, max-snippet:-1, max-image-preview:large, max-video-preview:-1\" \/>\n<link rel=\"canonical\" href=\"https:\/\/www.notibras.com\/site\/historia-do-rio-e-a-garoupa-devolvida-ao-mar\/\" \/>\n<meta property=\"og:locale\" content=\"pt_BR\" \/>\n<meta property=\"og:type\" content=\"article\" \/>\n<meta property=\"og:title\" content=\"Hist\u00f3ria do Rio e a garoupa devolvida ao mar - Notibras\" \/>\n<meta property=\"og:description\" content=\"Ter\u00e7a-feira era o dia sagrado das pescarias de An\u00edbal e Nilson. A dupla se dirigiu at\u00e9 o Caminho dos Pescadores, localizado na pedra do Leme, quando o sol j\u00e1 n\u00e3o castigava tanto. Nessa ter\u00e7a-feira em particular, uma ter\u00e7a-feira de outubro, o som das cigarras acompanhou boa parte do passatempo dos dois velhos. Entre cocorocas e [&hellip;]\" \/>\n<meta property=\"og:url\" content=\"https:\/\/www.notibras.com\/site\/historia-do-rio-e-a-garoupa-devolvida-ao-mar\/\" \/>\n<meta property=\"og:site_name\" content=\"Notibras\" \/>\n<meta property=\"article:publisher\" content=\"https:\/\/www.facebook.com\/notibras\/\" \/>\n<meta property=\"article:published_time\" content=\"2023-11-20T10:27:21+00:00\" \/>\n<meta property=\"article:modified_time\" content=\"2023-11-20T10:49:50+00:00\" \/>\n<meta property=\"og:image\" content=\"https:\/\/www.notibras.com\/site\/wp-content\/uploads\/2023\/11\/garoupa.rj_.jpg\" \/>\n\t<meta property=\"og:image:width\" content=\"2500\" \/>\n\t<meta property=\"og:image:height\" content=\"1588\" \/>\n\t<meta property=\"og:image:type\" content=\"image\/jpeg\" \/>\n<meta name=\"author\" content=\"Reda\u00e7\u00e3o\" \/>\n<meta name=\"twitter:card\" content=\"summary_large_image\" \/>\n<meta name=\"twitter:creator\" content=\"@Notibras\" \/>\n<meta name=\"twitter:site\" content=\"@Notibras\" \/>\n<meta name=\"twitter:label1\" content=\"Escrito por\" \/>\n\t<meta name=\"twitter:data1\" content=\"Reda\u00e7\u00e3o\" \/>\n\t<meta name=\"twitter:label2\" content=\"Est. tempo de leitura\" \/>\n\t<meta name=\"twitter:data2\" content=\"3 minutos\" \/>\n<script type=\"application\/ld+json\" class=\"yoast-schema-graph\">{\"@context\":\"https:\/\/schema.org\",\"@graph\":[{\"@type\":\"Article\",\"@id\":\"https:\/\/www.notibras.com\/site\/historia-do-rio-e-a-garoupa-devolvida-ao-mar\/#article\",\"isPartOf\":{\"@id\":\"https:\/\/www.notibras.com\/site\/historia-do-rio-e-a-garoupa-devolvida-ao-mar\/\"},\"author\":{\"name\":\"Reda\u00e7\u00e3o\",\"@id\":\"https:\/\/www.notibras.com\/site\/#\/schema\/person\/36ab0979449956132d3e5b517ea76ac8\"},\"headline\":\"Hist\u00f3ria do Rio e a garoupa devolvida ao mar\",\"datePublished\":\"2023-11-20T10:27:21+00:00\",\"dateModified\":\"2023-11-20T10:49:50+00:00\",\"mainEntityOfPage\":{\"@id\":\"https:\/\/www.notibras.com\/site\/historia-do-rio-e-a-garoupa-devolvida-ao-mar\/\"},\"wordCount\":409,\"publisher\":{\"@id\":\"https:\/\/www.notibras.com\/site\/#organization\"},\"image\":{\"@id\":\"https:\/\/www.notibras.com\/site\/historia-do-rio-e-a-garoupa-devolvida-ao-mar\/#primaryimage\"},\"thumbnailUrl\":\"https:\/\/www.notibras.com\/site\/wp-content\/uploads\/2023\/11\/garoupa.rj_.jpg\",\"articleSection\":[\"Quadradinho em Foco\"],\"inLanguage\":\"pt-BR\"},{\"@type\":\"WebPage\",\"@id\":\"https:\/\/www.notibras.com\/site\/historia-do-rio-e-a-garoupa-devolvida-ao-mar\/\",\"url\":\"https:\/\/www.notibras.com\/site\/historia-do-rio-e-a-garoupa-devolvida-ao-mar\/\",\"name\":\"Hist\u00f3ria do Rio e a garoupa devolvida ao mar - Notibras\",\"isPartOf\":{\"@id\":\"https:\/\/www.notibras.com\/site\/#website\"},\"primaryImageOfPage\":{\"@id\":\"https:\/\/www.notibras.com\/site\/historia-do-rio-e-a-garoupa-devolvida-ao-mar\/#primaryimage\"},\"image\":{\"@id\":\"https:\/\/www.notibras.com\/site\/historia-do-rio-e-a-garoupa-devolvida-ao-mar\/#primaryimage\"},\"thumbnailUrl\":\"https:\/\/www.notibras.com\/site\/wp-content\/uploads\/2023\/11\/garoupa.rj_.jpg\",\"datePublished\":\"2023-11-20T10:27:21+00:00\",\"dateModified\":\"2023-11-20T10:49:50+00:00\",\"breadcrumb\":{\"@id\":\"https:\/\/www.notibras.com\/site\/historia-do-rio-e-a-garoupa-devolvida-ao-mar\/#breadcrumb\"},\"inLanguage\":\"pt-BR\",\"potentialAction\":[{\"@type\":\"ReadAction\",\"target\":[\"https:\/\/www.notibras.com\/site\/historia-do-rio-e-a-garoupa-devolvida-ao-mar\/\"]}]},{\"@type\":\"ImageObject\",\"inLanguage\":\"pt-BR\",\"@id\":\"https:\/\/www.notibras.com\/site\/historia-do-rio-e-a-garoupa-devolvida-ao-mar\/#primaryimage\",\"url\":\"https:\/\/www.notibras.com\/site\/wp-content\/uploads\/2023\/11\/garoupa.rj_.jpg\",\"contentUrl\":\"https:\/\/www.notibras.com\/site\/wp-content\/uploads\/2023\/11\/garoupa.rj_.jpg\",\"width\":2500,\"height\":1588},{\"@type\":\"BreadcrumbList\",\"@id\":\"https:\/\/www.notibras.com\/site\/historia-do-rio-e-a-garoupa-devolvida-ao-mar\/#breadcrumb\",\"itemListElement\":[{\"@type\":\"ListItem\",\"position\":1,\"name\":\"In\u00edcio\",\"item\":\"https:\/\/www.notibras.com\/site\/\"},{\"@type\":\"ListItem\",\"position\":2,\"name\":\"Hist\u00f3ria do Rio e a garoupa devolvida ao mar\"}]},{\"@type\":\"WebSite\",\"@id\":\"https:\/\/www.notibras.com\/site\/#website\",\"url\":\"https:\/\/www.notibras.com\/site\/\",\"name\":\"Notibras\",\"description\":\"Not\u00edcias de Bras\u00edlia, do Brasil e do Mundo\",\"publisher\":{\"@id\":\"https:\/\/www.notibras.com\/site\/#organization\"},\"potentialAction\":[{\"@type\":\"SearchAction\",\"target\":{\"@type\":\"EntryPoint\",\"urlTemplate\":\"https:\/\/www.notibras.com\/site\/?s={search_term_string}\"},\"query-input\":{\"@type\":\"PropertyValueSpecification\",\"valueRequired\":true,\"valueName\":\"search_term_string\"}}],\"inLanguage\":\"pt-BR\"},{\"@type\":\"Organization\",\"@id\":\"https:\/\/www.notibras.com\/site\/#organization\",\"name\":\"Grupo Notibras de Comunica\u00e7\u00e3o\",\"url\":\"https:\/\/www.notibras.com\/site\/\",\"logo\":{\"@type\":\"ImageObject\",\"inLanguage\":\"pt-BR\",\"@id\":\"https:\/\/www.notibras.com\/site\/#\/schema\/logo\/image\/\",\"url\":\"https:\/\/www.notibras.com\/site\/wp-content\/uploads\/2023\/01\/notibras23.png\",\"contentUrl\":\"https:\/\/www.notibras.com\/site\/wp-content\/uploads\/2023\/01\/notibras23.png\",\"width\":350,\"height\":87,\"caption\":\"Grupo Notibras de Comunica\u00e7\u00e3o\"},\"image\":{\"@id\":\"https:\/\/www.notibras.com\/site\/#\/schema\/logo\/image\/\"},\"sameAs\":[\"https:\/\/www.facebook.com\/notibras\/\",\"https:\/\/x.com\/Notibras\",\"https:\/\/www.instagram.com\/notibras\/\"]},{\"@type\":\"Person\",\"@id\":\"https:\/\/www.notibras.com\/site\/#\/schema\/person\/36ab0979449956132d3e5b517ea76ac8\",\"name\":\"Reda\u00e7\u00e3o\",\"image\":{\"@type\":\"ImageObject\",\"inLanguage\":\"pt-BR\",\"@id\":\"https:\/\/secure.gravatar.com\/avatar\/e0a867bdedb85fd243eadf09663511f96fc81e0720a4a42581f334ad4303aa6b?s=96&d=mm&r=g\",\"url\":\"https:\/\/secure.gravatar.com\/avatar\/e0a867bdedb85fd243eadf09663511f96fc81e0720a4a42581f334ad4303aa6b?s=96&d=mm&r=g\",\"contentUrl\":\"https:\/\/secure.gravatar.com\/avatar\/e0a867bdedb85fd243eadf09663511f96fc81e0720a4a42581f334ad4303aa6b?s=96&d=mm&r=g\",\"caption\":\"Reda\u00e7\u00e3o\"}}]}<\/script>\n<!-- \/ Yoast SEO plugin. -->","yoast_head_json":{"title":"Hist\u00f3ria do Rio e a garoupa devolvida ao mar - Notibras","robots":{"index":"index","follow":"follow","max-snippet":"max-snippet:-1","max-image-preview":"max-image-preview:large","max-video-preview":"max-video-preview:-1"},"canonical":"https:\/\/www.notibras.com\/site\/historia-do-rio-e-a-garoupa-devolvida-ao-mar\/","og_locale":"pt_BR","og_type":"article","og_title":"Hist\u00f3ria do Rio e a garoupa devolvida ao mar - Notibras","og_description":"Ter\u00e7a-feira era o dia sagrado das pescarias de An\u00edbal e Nilson. A dupla se dirigiu at\u00e9 o Caminho dos Pescadores, localizado na pedra do Leme, quando o sol j\u00e1 n\u00e3o castigava tanto. Nessa ter\u00e7a-feira em particular, uma ter\u00e7a-feira de outubro, o som das cigarras acompanhou boa parte do passatempo dos dois velhos. Entre cocorocas e [&hellip;]","og_url":"https:\/\/www.notibras.com\/site\/historia-do-rio-e-a-garoupa-devolvida-ao-mar\/","og_site_name":"Notibras","article_publisher":"https:\/\/www.facebook.com\/notibras\/","article_published_time":"2023-11-20T10:27:21+00:00","article_modified_time":"2023-11-20T10:49:50+00:00","og_image":[{"width":2500,"height":1588,"url":"https:\/\/www.notibras.com\/site\/wp-content\/uploads\/2023\/11\/garoupa.rj_.jpg","type":"image\/jpeg"}],"author":"Reda\u00e7\u00e3o","twitter_card":"summary_large_image","twitter_creator":"@Notibras","twitter_site":"@Notibras","twitter_misc":{"Escrito por":"Reda\u00e7\u00e3o","Est. tempo de leitura":"3 minutos"},"schema":{"@context":"https:\/\/schema.org","@graph":[{"@type":"Article","@id":"https:\/\/www.notibras.com\/site\/historia-do-rio-e-a-garoupa-devolvida-ao-mar\/#article","isPartOf":{"@id":"https:\/\/www.notibras.com\/site\/historia-do-rio-e-a-garoupa-devolvida-ao-mar\/"},"author":{"name":"Reda\u00e7\u00e3o","@id":"https:\/\/www.notibras.com\/site\/#\/schema\/person\/36ab0979449956132d3e5b517ea76ac8"},"headline":"Hist\u00f3ria do Rio e a garoupa devolvida ao mar","datePublished":"2023-11-20T10:27:21+00:00","dateModified":"2023-11-20T10:49:50+00:00","mainEntityOfPage":{"@id":"https:\/\/www.notibras.com\/site\/historia-do-rio-e-a-garoupa-devolvida-ao-mar\/"},"wordCount":409,"publisher":{"@id":"https:\/\/www.notibras.com\/site\/#organization"},"image":{"@id":"https:\/\/www.notibras.com\/site\/historia-do-rio-e-a-garoupa-devolvida-ao-mar\/#primaryimage"},"thumbnailUrl":"https:\/\/www.notibras.com\/site\/wp-content\/uploads\/2023\/11\/garoupa.rj_.jpg","articleSection":["Quadradinho em Foco"],"inLanguage":"pt-BR"},{"@type":"WebPage","@id":"https:\/\/www.notibras.com\/site\/historia-do-rio-e-a-garoupa-devolvida-ao-mar\/","url":"https:\/\/www.notibras.com\/site\/historia-do-rio-e-a-garoupa-devolvida-ao-mar\/","name":"Hist\u00f3ria do Rio e a garoupa devolvida ao mar - Notibras","isPartOf":{"@id":"https:\/\/www.notibras.com\/site\/#website"},"primaryImageOfPage":{"@id":"https:\/\/www.notibras.com\/site\/historia-do-rio-e-a-garoupa-devolvida-ao-mar\/#primaryimage"},"image":{"@id":"https:\/\/www.notibras.com\/site\/historia-do-rio-e-a-garoupa-devolvida-ao-mar\/#primaryimage"},"thumbnailUrl":"https:\/\/www.notibras.com\/site\/wp-content\/uploads\/2023\/11\/garoupa.rj_.jpg","datePublished":"2023-11-20T10:27:21+00:00","dateModified":"2023-11-20T10:49:50+00:00","breadcrumb":{"@id":"https:\/\/www.notibras.com\/site\/historia-do-rio-e-a-garoupa-devolvida-ao-mar\/#breadcrumb"},"inLanguage":"pt-BR","potentialAction":[{"@type":"ReadAction","target":["https:\/\/www.notibras.com\/site\/historia-do-rio-e-a-garoupa-devolvida-ao-mar\/"]}]},{"@type":"ImageObject","inLanguage":"pt-BR","@id":"https:\/\/www.notibras.com\/site\/historia-do-rio-e-a-garoupa-devolvida-ao-mar\/#primaryimage","url":"https:\/\/www.notibras.com\/site\/wp-content\/uploads\/2023\/11\/garoupa.rj_.jpg","contentUrl":"https:\/\/www.notibras.com\/site\/wp-content\/uploads\/2023\/11\/garoupa.rj_.jpg","width":2500,"height":1588},{"@type":"BreadcrumbList","@id":"https:\/\/www.notibras.com\/site\/historia-do-rio-e-a-garoupa-devolvida-ao-mar\/#breadcrumb","itemListElement":[{"@type":"ListItem","position":1,"name":"In\u00edcio","item":"https:\/\/www.notibras.com\/site\/"},{"@type":"ListItem","position":2,"name":"Hist\u00f3ria do Rio e a garoupa devolvida ao mar"}]},{"@type":"WebSite","@id":"https:\/\/www.notibras.com\/site\/#website","url":"https:\/\/www.notibras.com\/site\/","name":"Notibras","description":"Not\u00edcias de Bras\u00edlia, do Brasil e do Mundo","publisher":{"@id":"https:\/\/www.notibras.com\/site\/#organization"},"potentialAction":[{"@type":"SearchAction","target":{"@type":"EntryPoint","urlTemplate":"https:\/\/www.notibras.com\/site\/?s={search_term_string}"},"query-input":{"@type":"PropertyValueSpecification","valueRequired":true,"valueName":"search_term_string"}}],"inLanguage":"pt-BR"},{"@type":"Organization","@id":"https:\/\/www.notibras.com\/site\/#organization","name":"Grupo Notibras de Comunica\u00e7\u00e3o","url":"https:\/\/www.notibras.com\/site\/","logo":{"@type":"ImageObject","inLanguage":"pt-BR","@id":"https:\/\/www.notibras.com\/site\/#\/schema\/logo\/image\/","url":"https:\/\/www.notibras.com\/site\/wp-content\/uploads\/2023\/01\/notibras23.png","contentUrl":"https:\/\/www.notibras.com\/site\/wp-content\/uploads\/2023\/01\/notibras23.png","width":350,"height":87,"caption":"Grupo Notibras de Comunica\u00e7\u00e3o"},"image":{"@id":"https:\/\/www.notibras.com\/site\/#\/schema\/logo\/image\/"},"sameAs":["https:\/\/www.facebook.com\/notibras\/","https:\/\/x.com\/Notibras","https:\/\/www.instagram.com\/notibras\/"]},{"@type":"Person","@id":"https:\/\/www.notibras.com\/site\/#\/schema\/person\/36ab0979449956132d3e5b517ea76ac8","name":"Reda\u00e7\u00e3o","image":{"@type":"ImageObject","inLanguage":"pt-BR","@id":"https:\/\/secure.gravatar.com\/avatar\/e0a867bdedb85fd243eadf09663511f96fc81e0720a4a42581f334ad4303aa6b?s=96&d=mm&r=g","url":"https:\/\/secure.gravatar.com\/avatar\/e0a867bdedb85fd243eadf09663511f96fc81e0720a4a42581f334ad4303aa6b?s=96&d=mm&r=g","contentUrl":"https:\/\/secure.gravatar.com\/avatar\/e0a867bdedb85fd243eadf09663511f96fc81e0720a4a42581f334ad4303aa6b?s=96&d=mm&r=g","caption":"Reda\u00e7\u00e3o"}}]}},"amp_enabled":true,"_links":{"self":[{"href":"https:\/\/www.notibras.com\/site\/wp-json\/wp\/v2\/posts\/317329","targetHints":{"allow":["GET"]}}],"collection":[{"href":"https:\/\/www.notibras.com\/site\/wp-json\/wp\/v2\/posts"}],"about":[{"href":"https:\/\/www.notibras.com\/site\/wp-json\/wp\/v2\/types\/post"}],"author":[{"embeddable":true,"href":"https:\/\/www.notibras.com\/site\/wp-json\/wp\/v2\/users\/2"}],"replies":[{"embeddable":true,"href":"https:\/\/www.notibras.com\/site\/wp-json\/wp\/v2\/comments?post=317329"}],"version-history":[{"count":1,"href":"https:\/\/www.notibras.com\/site\/wp-json\/wp\/v2\/posts\/317329\/revisions"}],"predecessor-version":[{"id":317331,"href":"https:\/\/www.notibras.com\/site\/wp-json\/wp\/v2\/posts\/317329\/revisions\/317331"}],"wp:featuredmedia":[{"embeddable":true,"href":"https:\/\/www.notibras.com\/site\/wp-json\/wp\/v2\/media\/317330"}],"wp:attachment":[{"href":"https:\/\/www.notibras.com\/site\/wp-json\/wp\/v2\/media?parent=317329"}],"wp:term":[{"taxonomy":"category","embeddable":true,"href":"https:\/\/www.notibras.com\/site\/wp-json\/wp\/v2\/categories?post=317329"},{"taxonomy":"post_tag","embeddable":true,"href":"https:\/\/www.notibras.com\/site\/wp-json\/wp\/v2\/tags?post=317329"}],"curies":[{"name":"wp","href":"https:\/\/api.w.org\/{rel}","templated":true}]}}