{"id":317332,"date":"2023-11-20T07:20:03","date_gmt":"2023-11-20T10:20:03","guid":{"rendered":"https:\/\/www.notibras.com\/site\/?p=317332"},"modified":"2023-11-20T19:10:10","modified_gmt":"2023-11-20T22:10:10","slug":"ventos-vao-silenciar-afastar-nuvens-e-fazer-vibrar-som-do-pagode","status":"publish","type":"post","link":"https:\/\/www.notibras.com\/site\/ventos-vao-silenciar-afastar-nuvens-e-fazer-vibrar-som-do-pagode\/","title":{"rendered":"Ventos v\u00e3o silenciar, afastar nuvens e fazer vibrar som do pagode"},"content":{"rendered":"<p>Nesses dias de calor no Distrito Federal, agora entremeados com pancadas de chuvas esparsas, ainda d\u00e1 para curtir, com a ajuda de S\u00e3o Pedro e as nuvens sopradas pelo vento em uma noite estrelada, o ritmo contagiante ao som de pagode. Os acordes animados ecoam por todos os cantos, mas h\u00e1, em Taguatinga, um local todo especial. \u00c9 na CNJ 4 bloco B loja 1\/3. Ali fica o Celeiro Boteco e Brasas. No s\u00e1bado, 25, a casa abre as portas para o grupo Di Bobeira. \u00c9 um show imperd\u00edvel.<\/p>\n<p>Puxados por Rodrigo <em>Diguinho<\/em> Miguel, percussionista e vocalista, os m\u00fasicos lan\u00e7am no ar muita harmonia e uma alegria contagiante para regar a noite do nosso quadradinho tupiniquim. Diguinho, a quem dispenso um tratamento bem informal, \u00e9 um velho amigo, amizade que conquistei ao longo dos anos e que preservo at\u00e9 hoje.<\/p>\n<p>Hora de agendar antecipadamente, portanto, o pr\u00f3ximo s\u00e1bado para uma noite de m\u00fasica e dan\u00e7a destinada aos amantes de um bom pagode de som pulsante.<\/p>\n<p>No palco, o Di Bobeira entra em sintonia com a energia da cidade, cativando a plateia com batuques vibrantes e letras que contam hist\u00f3rias de paix\u00e3o e alegria. O repert\u00f3rio variado, repleto de cl\u00e1ssicos e composi\u00e7\u00f5es originais, proporciona uma experi\u00eancia musical rica e aut\u00eantica.<\/p>\n<p>Os frequentadores do local, vestidos com roupas leves e coloridas, com um gingado caracter\u00edstico, movimentam-se em sintonia com o compasso envolvente. A pista improvisada de dan\u00e7a, em volta mesmo das mesas, transforma-se em um mar de sorrisos e passos sincronizados, enquanto a atmosfera festiva se espalha por grupos de amigos celebrando a vida.<\/p>\n<p>Entre uma batucada e outra, o clima descontra\u00eddo e acolhedor reflete a ess\u00eancia calorosa de Taguatinga, segunda cidade mais importante das administra\u00e7\u00f5es regionais da capital da Rep\u00fablica Bras\u00edlia. As luzes coloridas adornam o ambiente, criando uma atmosfera vibrante e festiva. Nas mesas, petiscos deliciosos s\u00e3o saboreados entre risadas e brindes, completando a experi\u00eancia sensorial.<\/p>\n<p>\u00c0 medida que a noite avan\u00e7a, a energia do pagode se torna um elo, unindo pessoas de diferentes origens em uma celebra\u00e7\u00e3o \u00fanica. Ao som dos pandeiros e cavaquinhos, a cidade se entrega \u00e0 magia dessa noite de pagode, transformando-a em um cap\u00edtulo memor\u00e1vel na rica hist\u00f3ria cultural em um dos recantos mais apraz\u00edveis da capital brasileira.<\/p>\n<p>Gostou da ideia? Ent\u00e3o, repito e voc\u00ea agenda: \u00e9 logo ali na CNJ 4 bloco B loja 1\/3, em Taguatinga. O pagode rola a partir das 19 horas do s\u00e1bado, 25. E Diguinho e seu grupo, prometo, ver\u00e1 uma nova legi\u00e3o de f\u00e3s que por certo acompanhar\u00e3o sua agenda musical onde quer que esteja.<\/p>\n<p>**<strong>Aos nossos leitores<\/strong>: <em><strong>Notibras<\/strong> <\/em>abriu este espa\u00e7o editorial para o segmento PcD. Para que possamos interagir, mostrarmos que somos pessoas comuns. Encaminhe sugest\u00f5es, mande seus textos. Prometo que tudo ser\u00e1 bem recebido e aproveitado. Meu WhasApp \u00e9 +55 61 98425-4895.<\/p>\n<p>&nbsp;<\/p>\n","protected":false},"excerpt":{"rendered":"<p>Nesses dias de calor no Distrito Federal, agora entremeados com pancadas de chuvas esparsas, ainda d\u00e1 para curtir, com a ajuda de S\u00e3o Pedro e as nuvens sopradas pelo vento em uma noite estrelada, o ritmo contagiante ao som de pagode. Os acordes animados ecoam por todos os cantos, mas h\u00e1, em Taguatinga, um local [&hellip;]<\/p>\n","protected":false},"author":2,"featured_media":317333,"comment_status":"closed","ping_status":"closed","sticky":false,"template":"","format":"standard","meta":{"_acf_changed":false,"footnotes":""},"categories":[161],"tags":[],"class_list":["post-317332","post","type-post","status-publish","format-standard","has-post-thumbnail","hentry","category-quadradinho-em-foco"],"acf":[],"yoast_head":"<!-- This site is optimized with the Yoast SEO plugin v27.2 - https:\/\/yoast.com\/product\/yoast-seo-wordpress\/ -->\n<title>Ventos v\u00e3o silenciar, afastar nuvens e fazer vibrar som do pagode - Notibras<\/title>\n<meta name=\"robots\" content=\"index, follow, max-snippet:-1, max-image-preview:large, max-video-preview:-1\" \/>\n<link rel=\"canonical\" href=\"https:\/\/www.notibras.com\/site\/ventos-vao-silenciar-afastar-nuvens-e-fazer-vibrar-som-do-pagode\/\" \/>\n<meta property=\"og:locale\" content=\"pt_BR\" \/>\n<meta property=\"og:type\" content=\"article\" \/>\n<meta property=\"og:title\" content=\"Ventos v\u00e3o silenciar, afastar nuvens e fazer vibrar som do pagode - Notibras\" \/>\n<meta property=\"og:description\" content=\"Nesses dias de calor no Distrito Federal, agora entremeados com pancadas de chuvas esparsas, ainda d\u00e1 para curtir, com a ajuda de S\u00e3o Pedro e as nuvens sopradas pelo vento em uma noite estrelada, o ritmo contagiante ao som de pagode. Os acordes animados ecoam por todos os cantos, mas h\u00e1, em Taguatinga, um local [&hellip;]\" \/>\n<meta property=\"og:url\" content=\"https:\/\/www.notibras.com\/site\/ventos-vao-silenciar-afastar-nuvens-e-fazer-vibrar-som-do-pagode\/\" \/>\n<meta property=\"og:site_name\" content=\"Notibras\" \/>\n<meta property=\"article:publisher\" content=\"https:\/\/www.facebook.com\/notibras\/\" \/>\n<meta property=\"article:published_time\" content=\"2023-11-20T10:20:03+00:00\" \/>\n<meta property=\"article:modified_time\" content=\"2023-11-20T22:10:10+00:00\" \/>\n<meta property=\"og:image\" content=\"https:\/\/www.notibras.com\/site\/wp-content\/uploads\/2023\/11\/diguinho.jpg\" \/>\n\t<meta property=\"og:image:width\" content=\"512\" \/>\n\t<meta property=\"og:image:height\" content=\"511\" \/>\n\t<meta property=\"og:image:type\" content=\"image\/jpeg\" \/>\n<meta name=\"author\" content=\"Reda\u00e7\u00e3o\" \/>\n<meta name=\"twitter:card\" content=\"summary_large_image\" \/>\n<meta name=\"twitter:creator\" content=\"@Notibras\" \/>\n<meta name=\"twitter:site\" content=\"@Notibras\" \/>\n<meta name=\"twitter:label1\" content=\"Escrito por\" \/>\n\t<meta name=\"twitter:data1\" content=\"Reda\u00e7\u00e3o\" \/>\n\t<meta name=\"twitter:label2\" content=\"Est. tempo de leitura\" \/>\n\t<meta name=\"twitter:data2\" content=\"3 minutos\" \/>\n<script type=\"application\/ld+json\" class=\"yoast-schema-graph\">{\"@context\":\"https:\/\/schema.org\",\"@graph\":[{\"@type\":\"Article\",\"@id\":\"https:\/\/www.notibras.com\/site\/ventos-vao-silenciar-afastar-nuvens-e-fazer-vibrar-som-do-pagode\/#article\",\"isPartOf\":{\"@id\":\"https:\/\/www.notibras.com\/site\/ventos-vao-silenciar-afastar-nuvens-e-fazer-vibrar-som-do-pagode\/\"},\"author\":{\"name\":\"Reda\u00e7\u00e3o\",\"@id\":\"https:\/\/www.notibras.com\/site\/#\/schema\/person\/36ab0979449956132d3e5b517ea76ac8\"},\"headline\":\"Ventos v\u00e3o silenciar, afastar nuvens e fazer vibrar som do pagode\",\"datePublished\":\"2023-11-20T10:20:03+00:00\",\"dateModified\":\"2023-11-20T22:10:10+00:00\",\"mainEntityOfPage\":{\"@id\":\"https:\/\/www.notibras.com\/site\/ventos-vao-silenciar-afastar-nuvens-e-fazer-vibrar-som-do-pagode\/\"},\"wordCount\":502,\"publisher\":{\"@id\":\"https:\/\/www.notibras.com\/site\/#organization\"},\"image\":{\"@id\":\"https:\/\/www.notibras.com\/site\/ventos-vao-silenciar-afastar-nuvens-e-fazer-vibrar-som-do-pagode\/#primaryimage\"},\"thumbnailUrl\":\"https:\/\/www.notibras.com\/site\/wp-content\/uploads\/2023\/11\/diguinho.jpg\",\"articleSection\":[\"Quadradinho em Foco\"],\"inLanguage\":\"pt-BR\"},{\"@type\":\"WebPage\",\"@id\":\"https:\/\/www.notibras.com\/site\/ventos-vao-silenciar-afastar-nuvens-e-fazer-vibrar-som-do-pagode\/\",\"url\":\"https:\/\/www.notibras.com\/site\/ventos-vao-silenciar-afastar-nuvens-e-fazer-vibrar-som-do-pagode\/\",\"name\":\"Ventos v\u00e3o silenciar, afastar nuvens e fazer vibrar som do pagode - Notibras\",\"isPartOf\":{\"@id\":\"https:\/\/www.notibras.com\/site\/#website\"},\"primaryImageOfPage\":{\"@id\":\"https:\/\/www.notibras.com\/site\/ventos-vao-silenciar-afastar-nuvens-e-fazer-vibrar-som-do-pagode\/#primaryimage\"},\"image\":{\"@id\":\"https:\/\/www.notibras.com\/site\/ventos-vao-silenciar-afastar-nuvens-e-fazer-vibrar-som-do-pagode\/#primaryimage\"},\"thumbnailUrl\":\"https:\/\/www.notibras.com\/site\/wp-content\/uploads\/2023\/11\/diguinho.jpg\",\"datePublished\":\"2023-11-20T10:20:03+00:00\",\"dateModified\":\"2023-11-20T22:10:10+00:00\",\"breadcrumb\":{\"@id\":\"https:\/\/www.notibras.com\/site\/ventos-vao-silenciar-afastar-nuvens-e-fazer-vibrar-som-do-pagode\/#breadcrumb\"},\"inLanguage\":\"pt-BR\",\"potentialAction\":[{\"@type\":\"ReadAction\",\"target\":[\"https:\/\/www.notibras.com\/site\/ventos-vao-silenciar-afastar-nuvens-e-fazer-vibrar-som-do-pagode\/\"]}]},{\"@type\":\"ImageObject\",\"inLanguage\":\"pt-BR\",\"@id\":\"https:\/\/www.notibras.com\/site\/ventos-vao-silenciar-afastar-nuvens-e-fazer-vibrar-som-do-pagode\/#primaryimage\",\"url\":\"https:\/\/www.notibras.com\/site\/wp-content\/uploads\/2023\/11\/diguinho.jpg\",\"contentUrl\":\"https:\/\/www.notibras.com\/site\/wp-content\/uploads\/2023\/11\/diguinho.jpg\",\"width\":512,\"height\":511},{\"@type\":\"BreadcrumbList\",\"@id\":\"https:\/\/www.notibras.com\/site\/ventos-vao-silenciar-afastar-nuvens-e-fazer-vibrar-som-do-pagode\/#breadcrumb\",\"itemListElement\":[{\"@type\":\"ListItem\",\"position\":1,\"name\":\"In\u00edcio\",\"item\":\"https:\/\/www.notibras.com\/site\/\"},{\"@type\":\"ListItem\",\"position\":2,\"name\":\"Ventos v\u00e3o silenciar, afastar nuvens e fazer vibrar som do pagode\"}]},{\"@type\":\"WebSite\",\"@id\":\"https:\/\/www.notibras.com\/site\/#website\",\"url\":\"https:\/\/www.notibras.com\/site\/\",\"name\":\"Notibras\",\"description\":\"Not\u00edcias de Bras\u00edlia, do Brasil e do Mundo\",\"publisher\":{\"@id\":\"https:\/\/www.notibras.com\/site\/#organization\"},\"potentialAction\":[{\"@type\":\"SearchAction\",\"target\":{\"@type\":\"EntryPoint\",\"urlTemplate\":\"https:\/\/www.notibras.com\/site\/?s={search_term_string}\"},\"query-input\":{\"@type\":\"PropertyValueSpecification\",\"valueRequired\":true,\"valueName\":\"search_term_string\"}}],\"inLanguage\":\"pt-BR\"},{\"@type\":\"Organization\",\"@id\":\"https:\/\/www.notibras.com\/site\/#organization\",\"name\":\"Grupo Notibras de Comunica\u00e7\u00e3o\",\"url\":\"https:\/\/www.notibras.com\/site\/\",\"logo\":{\"@type\":\"ImageObject\",\"inLanguage\":\"pt-BR\",\"@id\":\"https:\/\/www.notibras.com\/site\/#\/schema\/logo\/image\/\",\"url\":\"https:\/\/www.notibras.com\/site\/wp-content\/uploads\/2023\/01\/notibras23.png\",\"contentUrl\":\"https:\/\/www.notibras.com\/site\/wp-content\/uploads\/2023\/01\/notibras23.png\",\"width\":350,\"height\":87,\"caption\":\"Grupo Notibras de Comunica\u00e7\u00e3o\"},\"image\":{\"@id\":\"https:\/\/www.notibras.com\/site\/#\/schema\/logo\/image\/\"},\"sameAs\":[\"https:\/\/www.facebook.com\/notibras\/\",\"https:\/\/x.com\/Notibras\",\"https:\/\/www.instagram.com\/notibras\/\"]},{\"@type\":\"Person\",\"@id\":\"https:\/\/www.notibras.com\/site\/#\/schema\/person\/36ab0979449956132d3e5b517ea76ac8\",\"name\":\"Reda\u00e7\u00e3o\",\"image\":{\"@type\":\"ImageObject\",\"inLanguage\":\"pt-BR\",\"@id\":\"https:\/\/secure.gravatar.com\/avatar\/e0a867bdedb85fd243eadf09663511f96fc81e0720a4a42581f334ad4303aa6b?s=96&d=mm&r=g\",\"url\":\"https:\/\/secure.gravatar.com\/avatar\/e0a867bdedb85fd243eadf09663511f96fc81e0720a4a42581f334ad4303aa6b?s=96&d=mm&r=g\",\"contentUrl\":\"https:\/\/secure.gravatar.com\/avatar\/e0a867bdedb85fd243eadf09663511f96fc81e0720a4a42581f334ad4303aa6b?s=96&d=mm&r=g\",\"caption\":\"Reda\u00e7\u00e3o\"}}]}<\/script>\n<!-- \/ Yoast SEO plugin. -->","yoast_head_json":{"title":"Ventos v\u00e3o silenciar, afastar nuvens e fazer vibrar som do pagode - Notibras","robots":{"index":"index","follow":"follow","max-snippet":"max-snippet:-1","max-image-preview":"max-image-preview:large","max-video-preview":"max-video-preview:-1"},"canonical":"https:\/\/www.notibras.com\/site\/ventos-vao-silenciar-afastar-nuvens-e-fazer-vibrar-som-do-pagode\/","og_locale":"pt_BR","og_type":"article","og_title":"Ventos v\u00e3o silenciar, afastar nuvens e fazer vibrar som do pagode - Notibras","og_description":"Nesses dias de calor no Distrito Federal, agora entremeados com pancadas de chuvas esparsas, ainda d\u00e1 para curtir, com a ajuda de S\u00e3o Pedro e as nuvens sopradas pelo vento em uma noite estrelada, o ritmo contagiante ao som de pagode. Os acordes animados ecoam por todos os cantos, mas h\u00e1, em Taguatinga, um local [&hellip;]","og_url":"https:\/\/www.notibras.com\/site\/ventos-vao-silenciar-afastar-nuvens-e-fazer-vibrar-som-do-pagode\/","og_site_name":"Notibras","article_publisher":"https:\/\/www.facebook.com\/notibras\/","article_published_time":"2023-11-20T10:20:03+00:00","article_modified_time":"2023-11-20T22:10:10+00:00","og_image":[{"width":512,"height":511,"url":"https:\/\/www.notibras.com\/site\/wp-content\/uploads\/2023\/11\/diguinho.jpg","type":"image\/jpeg"}],"author":"Reda\u00e7\u00e3o","twitter_card":"summary_large_image","twitter_creator":"@Notibras","twitter_site":"@Notibras","twitter_misc":{"Escrito por":"Reda\u00e7\u00e3o","Est. tempo de leitura":"3 minutos"},"schema":{"@context":"https:\/\/schema.org","@graph":[{"@type":"Article","@id":"https:\/\/www.notibras.com\/site\/ventos-vao-silenciar-afastar-nuvens-e-fazer-vibrar-som-do-pagode\/#article","isPartOf":{"@id":"https:\/\/www.notibras.com\/site\/ventos-vao-silenciar-afastar-nuvens-e-fazer-vibrar-som-do-pagode\/"},"author":{"name":"Reda\u00e7\u00e3o","@id":"https:\/\/www.notibras.com\/site\/#\/schema\/person\/36ab0979449956132d3e5b517ea76ac8"},"headline":"Ventos v\u00e3o silenciar, afastar nuvens e fazer vibrar som do pagode","datePublished":"2023-11-20T10:20:03+00:00","dateModified":"2023-11-20T22:10:10+00:00","mainEntityOfPage":{"@id":"https:\/\/www.notibras.com\/site\/ventos-vao-silenciar-afastar-nuvens-e-fazer-vibrar-som-do-pagode\/"},"wordCount":502,"publisher":{"@id":"https:\/\/www.notibras.com\/site\/#organization"},"image":{"@id":"https:\/\/www.notibras.com\/site\/ventos-vao-silenciar-afastar-nuvens-e-fazer-vibrar-som-do-pagode\/#primaryimage"},"thumbnailUrl":"https:\/\/www.notibras.com\/site\/wp-content\/uploads\/2023\/11\/diguinho.jpg","articleSection":["Quadradinho em Foco"],"inLanguage":"pt-BR"},{"@type":"WebPage","@id":"https:\/\/www.notibras.com\/site\/ventos-vao-silenciar-afastar-nuvens-e-fazer-vibrar-som-do-pagode\/","url":"https:\/\/www.notibras.com\/site\/ventos-vao-silenciar-afastar-nuvens-e-fazer-vibrar-som-do-pagode\/","name":"Ventos v\u00e3o silenciar, afastar nuvens e fazer vibrar som do pagode - Notibras","isPartOf":{"@id":"https:\/\/www.notibras.com\/site\/#website"},"primaryImageOfPage":{"@id":"https:\/\/www.notibras.com\/site\/ventos-vao-silenciar-afastar-nuvens-e-fazer-vibrar-som-do-pagode\/#primaryimage"},"image":{"@id":"https:\/\/www.notibras.com\/site\/ventos-vao-silenciar-afastar-nuvens-e-fazer-vibrar-som-do-pagode\/#primaryimage"},"thumbnailUrl":"https:\/\/www.notibras.com\/site\/wp-content\/uploads\/2023\/11\/diguinho.jpg","datePublished":"2023-11-20T10:20:03+00:00","dateModified":"2023-11-20T22:10:10+00:00","breadcrumb":{"@id":"https:\/\/www.notibras.com\/site\/ventos-vao-silenciar-afastar-nuvens-e-fazer-vibrar-som-do-pagode\/#breadcrumb"},"inLanguage":"pt-BR","potentialAction":[{"@type":"ReadAction","target":["https:\/\/www.notibras.com\/site\/ventos-vao-silenciar-afastar-nuvens-e-fazer-vibrar-som-do-pagode\/"]}]},{"@type":"ImageObject","inLanguage":"pt-BR","@id":"https:\/\/www.notibras.com\/site\/ventos-vao-silenciar-afastar-nuvens-e-fazer-vibrar-som-do-pagode\/#primaryimage","url":"https:\/\/www.notibras.com\/site\/wp-content\/uploads\/2023\/11\/diguinho.jpg","contentUrl":"https:\/\/www.notibras.com\/site\/wp-content\/uploads\/2023\/11\/diguinho.jpg","width":512,"height":511},{"@type":"BreadcrumbList","@id":"https:\/\/www.notibras.com\/site\/ventos-vao-silenciar-afastar-nuvens-e-fazer-vibrar-som-do-pagode\/#breadcrumb","itemListElement":[{"@type":"ListItem","position":1,"name":"In\u00edcio","item":"https:\/\/www.notibras.com\/site\/"},{"@type":"ListItem","position":2,"name":"Ventos v\u00e3o silenciar, afastar nuvens e fazer vibrar som do pagode"}]},{"@type":"WebSite","@id":"https:\/\/www.notibras.com\/site\/#website","url":"https:\/\/www.notibras.com\/site\/","name":"Notibras","description":"Not\u00edcias de Bras\u00edlia, do Brasil e do Mundo","publisher":{"@id":"https:\/\/www.notibras.com\/site\/#organization"},"potentialAction":[{"@type":"SearchAction","target":{"@type":"EntryPoint","urlTemplate":"https:\/\/www.notibras.com\/site\/?s={search_term_string}"},"query-input":{"@type":"PropertyValueSpecification","valueRequired":true,"valueName":"search_term_string"}}],"inLanguage":"pt-BR"},{"@type":"Organization","@id":"https:\/\/www.notibras.com\/site\/#organization","name":"Grupo Notibras de Comunica\u00e7\u00e3o","url":"https:\/\/www.notibras.com\/site\/","logo":{"@type":"ImageObject","inLanguage":"pt-BR","@id":"https:\/\/www.notibras.com\/site\/#\/schema\/logo\/image\/","url":"https:\/\/www.notibras.com\/site\/wp-content\/uploads\/2023\/01\/notibras23.png","contentUrl":"https:\/\/www.notibras.com\/site\/wp-content\/uploads\/2023\/01\/notibras23.png","width":350,"height":87,"caption":"Grupo Notibras de Comunica\u00e7\u00e3o"},"image":{"@id":"https:\/\/www.notibras.com\/site\/#\/schema\/logo\/image\/"},"sameAs":["https:\/\/www.facebook.com\/notibras\/","https:\/\/x.com\/Notibras","https:\/\/www.instagram.com\/notibras\/"]},{"@type":"Person","@id":"https:\/\/www.notibras.com\/site\/#\/schema\/person\/36ab0979449956132d3e5b517ea76ac8","name":"Reda\u00e7\u00e3o","image":{"@type":"ImageObject","inLanguage":"pt-BR","@id":"https:\/\/secure.gravatar.com\/avatar\/e0a867bdedb85fd243eadf09663511f96fc81e0720a4a42581f334ad4303aa6b?s=96&d=mm&r=g","url":"https:\/\/secure.gravatar.com\/avatar\/e0a867bdedb85fd243eadf09663511f96fc81e0720a4a42581f334ad4303aa6b?s=96&d=mm&r=g","contentUrl":"https:\/\/secure.gravatar.com\/avatar\/e0a867bdedb85fd243eadf09663511f96fc81e0720a4a42581f334ad4303aa6b?s=96&d=mm&r=g","caption":"Reda\u00e7\u00e3o"}}]}},"amp_enabled":true,"_links":{"self":[{"href":"https:\/\/www.notibras.com\/site\/wp-json\/wp\/v2\/posts\/317332","targetHints":{"allow":["GET"]}}],"collection":[{"href":"https:\/\/www.notibras.com\/site\/wp-json\/wp\/v2\/posts"}],"about":[{"href":"https:\/\/www.notibras.com\/site\/wp-json\/wp\/v2\/types\/post"}],"author":[{"embeddable":true,"href":"https:\/\/www.notibras.com\/site\/wp-json\/wp\/v2\/users\/2"}],"replies":[{"embeddable":true,"href":"https:\/\/www.notibras.com\/site\/wp-json\/wp\/v2\/comments?post=317332"}],"version-history":[{"count":4,"href":"https:\/\/www.notibras.com\/site\/wp-json\/wp\/v2\/posts\/317332\/revisions"}],"predecessor-version":[{"id":317362,"href":"https:\/\/www.notibras.com\/site\/wp-json\/wp\/v2\/posts\/317332\/revisions\/317362"}],"wp:featuredmedia":[{"embeddable":true,"href":"https:\/\/www.notibras.com\/site\/wp-json\/wp\/v2\/media\/317333"}],"wp:attachment":[{"href":"https:\/\/www.notibras.com\/site\/wp-json\/wp\/v2\/media?parent=317332"}],"wp:term":[{"taxonomy":"category","embeddable":true,"href":"https:\/\/www.notibras.com\/site\/wp-json\/wp\/v2\/categories?post=317332"},{"taxonomy":"post_tag","embeddable":true,"href":"https:\/\/www.notibras.com\/site\/wp-json\/wp\/v2\/tags?post=317332"}],"curies":[{"name":"wp","href":"https:\/\/api.w.org\/{rel}","templated":true}]}}