{"id":317381,"date":"2023-11-21T07:31:29","date_gmt":"2023-11-21T10:31:29","guid":{"rendered":"https:\/\/www.notibras.com\/site\/?p=317381"},"modified":"2023-11-21T07:36:34","modified_gmt":"2023-11-21T10:36:34","slug":"coracao-engasga-e-heranca-sera-disputada-a-tapa","status":"publish","type":"post","link":"https:\/\/www.notibras.com\/site\/coracao-engasga-e-heranca-sera-disputada-a-tapa\/","title":{"rendered":"Cora\u00e7\u00e3o engasga e heran\u00e7a ser\u00e1 disputada a tapa"},"content":{"rendered":"<p>Apesar de n\u00e3o me sentir t\u00e3o velho, a maioria das pessoas costuma colocar um senhor logo antes do meu nome. E n\u00e3o pense voc\u00ea que possuo posi\u00e7\u00e3o social de destaque. \u00c9 verdade que tamb\u00e9m n\u00e3o preciso contar os vint\u00e9ns no final do m\u00eas, isto \u00e9, desde que n\u00e3o surja algum imprevisto ou, por ventura, eu resolva extrapolar o or\u00e7amento por conta de certas extravag\u00e2ncias. Por sorte, gente da minha idade geralmente as usufruiu quase todas h\u00e1 tempos.<\/p>\n<p>Como deve ter percebido, j\u00e1 passei dos 60. Para ser preciso, completei 67 no \u00faltimo julho. Devo confessar que, h\u00e1 tempos, abomino meus anivers\u00e1rios. N\u00e3o por conta do avan\u00e7ar da idade, mas porque todos, invariavelmente, acontecem no mesmo dia do m\u00eas mais frio do ano por aqui onde moro. Minhas carnes, antes firmes, agora n\u00e3o suportam mais os rigorosos invernos que cismam em chegar praticamente na mesma \u00e9poca.<\/p>\n<p>Al\u00e9m do clima, outro desconforto me tomou nos \u00faltimos dias. N\u00e3o sei se essa \u00e9 a palavra adequada, mesmo porque, at\u00e9 aquele exato momento, havia suportado, certamente a contragosto, todos os invernos, por mais rigorosos que fossem. Todavia, desde ent\u00e3o, algo tem me tirado o sono e me enchido de pesadelos. \u00c9 que tive meu primeiro encontro com a morte.<\/p>\n<p>Calma, que explico antes que voc\u00ea se aborre\u00e7a e me deixe aqui falando sozinho. Isso \u00e9 at\u00e9 comprens\u00edvel, j\u00e1 que n\u00e3o seria o primeiro a faz\u00ea-lo. Entretanto, pe\u00e7o-lhe um pouco de paci\u00eancia com este velho. Prometo ser breve, como breves foram os anos que passaram diante dos meus olhos. Como deveria t\u00ea-los aproveitado melhor!<\/p>\n<p>Fui ao m\u00e9dico dia desses. Exames de rotina, nada mais. Fa\u00e7o-os quase anualmente. N\u00e3o porque seja t\u00e3o preocupado com a sa\u00fade, que, \u00e9 certo, me fez companhia durante d\u00e9cadas. Eu, que pensava que t\u00ednhamos uma rela\u00e7\u00e3o harmoniosa, fui pego de supresa quando o cardiologista me abriu os olhos para um problema em uma das v\u00e1lvulas do cora\u00e7\u00e3o. Mitral. Pois \u00e9 esse o nome da dita cuja, que, a essa altura da vida, resolveu me trair. E eu, ing\u00eanuo at\u00e9 aquele momento, nunca havia desconfiado. Ela agiu sorrateiramente.<\/p>\n<p>&#8211; Doutor, \u00e9 grave?<\/p>\n<p>&#8211; N\u00e3o muito, mas requer cirurgia o mais breve poss\u00edvel.<\/p>\n<p>&#8211; \u00c9 arriscado?<\/p>\n<p>&#8211; N\u00e3o se preocupe com isso. J\u00e1 operei diversos casos at\u00e9 piores do que o seu.<\/p>\n<p>&#8211; Ent\u00e3o, posso ficar tranquilo?<\/p>\n<p>&#8211; Certamente, mas, como diz aquele ditado, o seguro morreu de velho. Melhor apressar o testamento.<\/p>\n<p>Que todos vamos morrer um dia, sempre soube. No entanto, quando a morte se aproxima de maneira t\u00e3o sutil, nos pega desprevenido. Seja como for, j\u00e1 decidi que n\u00e3o farei testamento. Que os herdeiros se engalfiem pelas migalhas!<\/p>\n","protected":false},"excerpt":{"rendered":"<p>Apesar de n\u00e3o me sentir t\u00e3o velho, a maioria das pessoas costuma colocar um senhor logo antes do meu nome. E n\u00e3o pense voc\u00ea que possuo posi\u00e7\u00e3o social de destaque. \u00c9 verdade que tamb\u00e9m n\u00e3o preciso contar os vint\u00e9ns no final do m\u00eas, isto \u00e9, desde que n\u00e3o surja algum imprevisto ou, por ventura, eu [&hellip;]<\/p>\n","protected":false},"author":2,"featured_media":245880,"comment_status":"closed","ping_status":"closed","sticky":false,"template":"","format":"standard","meta":{"_acf_changed":false,"footnotes":""},"categories":[161],"tags":[],"class_list":["post-317381","post","type-post","status-publish","format-standard","has-post-thumbnail","hentry","category-quadradinho-em-foco"],"acf":[],"yoast_head":"<!-- This site is optimized with the Yoast SEO plugin v27.2 - https:\/\/yoast.com\/product\/yoast-seo-wordpress\/ -->\n<title>Cora\u00e7\u00e3o engasga e heran\u00e7a ser\u00e1 disputada a tapa - Notibras<\/title>\n<meta name=\"robots\" content=\"index, follow, max-snippet:-1, max-image-preview:large, max-video-preview:-1\" \/>\n<link rel=\"canonical\" href=\"https:\/\/www.notibras.com\/site\/coracao-engasga-e-heranca-sera-disputada-a-tapa\/\" \/>\n<meta property=\"og:locale\" content=\"pt_BR\" \/>\n<meta property=\"og:type\" content=\"article\" \/>\n<meta property=\"og:title\" content=\"Cora\u00e7\u00e3o engasga e heran\u00e7a ser\u00e1 disputada a tapa - Notibras\" \/>\n<meta property=\"og:description\" content=\"Apesar de n\u00e3o me sentir t\u00e3o velho, a maioria das pessoas costuma colocar um senhor logo antes do meu nome. E n\u00e3o pense voc\u00ea que possuo posi\u00e7\u00e3o social de destaque. \u00c9 verdade que tamb\u00e9m n\u00e3o preciso contar os vint\u00e9ns no final do m\u00eas, isto \u00e9, desde que n\u00e3o surja algum imprevisto ou, por ventura, eu [&hellip;]\" \/>\n<meta property=\"og:url\" content=\"https:\/\/www.notibras.com\/site\/coracao-engasga-e-heranca-sera-disputada-a-tapa\/\" \/>\n<meta property=\"og:site_name\" content=\"Notibras\" \/>\n<meta property=\"article:publisher\" content=\"https:\/\/www.facebook.com\/notibras\/\" \/>\n<meta property=\"article:published_time\" content=\"2023-11-21T10:31:29+00:00\" \/>\n<meta property=\"article:modified_time\" content=\"2023-11-21T10:36:34+00:00\" \/>\n<meta property=\"og:image\" content=\"https:\/\/www.notibras.com\/site\/wp-content\/uploads\/2020\/11\/close-up-doutor-enchimento-medico-forma-paciente_23-2148050550.jpg\" \/>\n\t<meta property=\"og:image:width\" content=\"626\" \/>\n\t<meta property=\"og:image:height\" content=\"417\" \/>\n\t<meta property=\"og:image:type\" content=\"image\/jpeg\" \/>\n<meta name=\"author\" content=\"Reda\u00e7\u00e3o\" \/>\n<meta name=\"twitter:card\" content=\"summary_large_image\" \/>\n<meta name=\"twitter:creator\" content=\"@Notibras\" \/>\n<meta name=\"twitter:site\" content=\"@Notibras\" \/>\n<meta name=\"twitter:label1\" content=\"Escrito por\" \/>\n\t<meta name=\"twitter:data1\" content=\"Reda\u00e7\u00e3o\" \/>\n\t<meta name=\"twitter:label2\" content=\"Est. tempo de leitura\" \/>\n\t<meta name=\"twitter:data2\" content=\"3 minutos\" \/>\n<script type=\"application\/ld+json\" class=\"yoast-schema-graph\">{\"@context\":\"https:\/\/schema.org\",\"@graph\":[{\"@type\":\"Article\",\"@id\":\"https:\/\/www.notibras.com\/site\/coracao-engasga-e-heranca-sera-disputada-a-tapa\/#article\",\"isPartOf\":{\"@id\":\"https:\/\/www.notibras.com\/site\/coracao-engasga-e-heranca-sera-disputada-a-tapa\/\"},\"author\":{\"name\":\"Reda\u00e7\u00e3o\",\"@id\":\"https:\/\/www.notibras.com\/site\/#\/schema\/person\/36ab0979449956132d3e5b517ea76ac8\"},\"headline\":\"Cora\u00e7\u00e3o engasga e heran\u00e7a ser\u00e1 disputada a tapa\",\"datePublished\":\"2023-11-21T10:31:29+00:00\",\"dateModified\":\"2023-11-21T10:36:34+00:00\",\"mainEntityOfPage\":{\"@id\":\"https:\/\/www.notibras.com\/site\/coracao-engasga-e-heranca-sera-disputada-a-tapa\/\"},\"wordCount\":480,\"publisher\":{\"@id\":\"https:\/\/www.notibras.com\/site\/#organization\"},\"image\":{\"@id\":\"https:\/\/www.notibras.com\/site\/coracao-engasga-e-heranca-sera-disputada-a-tapa\/#primaryimage\"},\"thumbnailUrl\":\"https:\/\/www.notibras.com\/site\/wp-content\/uploads\/2020\/11\/close-up-doutor-enchimento-medico-forma-paciente_23-2148050550.jpg\",\"articleSection\":[\"Quadradinho em Foco\"],\"inLanguage\":\"pt-BR\"},{\"@type\":\"WebPage\",\"@id\":\"https:\/\/www.notibras.com\/site\/coracao-engasga-e-heranca-sera-disputada-a-tapa\/\",\"url\":\"https:\/\/www.notibras.com\/site\/coracao-engasga-e-heranca-sera-disputada-a-tapa\/\",\"name\":\"Cora\u00e7\u00e3o engasga e heran\u00e7a ser\u00e1 disputada a tapa - Notibras\",\"isPartOf\":{\"@id\":\"https:\/\/www.notibras.com\/site\/#website\"},\"primaryImageOfPage\":{\"@id\":\"https:\/\/www.notibras.com\/site\/coracao-engasga-e-heranca-sera-disputada-a-tapa\/#primaryimage\"},\"image\":{\"@id\":\"https:\/\/www.notibras.com\/site\/coracao-engasga-e-heranca-sera-disputada-a-tapa\/#primaryimage\"},\"thumbnailUrl\":\"https:\/\/www.notibras.com\/site\/wp-content\/uploads\/2020\/11\/close-up-doutor-enchimento-medico-forma-paciente_23-2148050550.jpg\",\"datePublished\":\"2023-11-21T10:31:29+00:00\",\"dateModified\":\"2023-11-21T10:36:34+00:00\",\"breadcrumb\":{\"@id\":\"https:\/\/www.notibras.com\/site\/coracao-engasga-e-heranca-sera-disputada-a-tapa\/#breadcrumb\"},\"inLanguage\":\"pt-BR\",\"potentialAction\":[{\"@type\":\"ReadAction\",\"target\":[\"https:\/\/www.notibras.com\/site\/coracao-engasga-e-heranca-sera-disputada-a-tapa\/\"]}]},{\"@type\":\"ImageObject\",\"inLanguage\":\"pt-BR\",\"@id\":\"https:\/\/www.notibras.com\/site\/coracao-engasga-e-heranca-sera-disputada-a-tapa\/#primaryimage\",\"url\":\"https:\/\/www.notibras.com\/site\/wp-content\/uploads\/2020\/11\/close-up-doutor-enchimento-medico-forma-paciente_23-2148050550.jpg\",\"contentUrl\":\"https:\/\/www.notibras.com\/site\/wp-content\/uploads\/2020\/11\/close-up-doutor-enchimento-medico-forma-paciente_23-2148050550.jpg\",\"width\":626,\"height\":417},{\"@type\":\"BreadcrumbList\",\"@id\":\"https:\/\/www.notibras.com\/site\/coracao-engasga-e-heranca-sera-disputada-a-tapa\/#breadcrumb\",\"itemListElement\":[{\"@type\":\"ListItem\",\"position\":1,\"name\":\"In\u00edcio\",\"item\":\"https:\/\/www.notibras.com\/site\/\"},{\"@type\":\"ListItem\",\"position\":2,\"name\":\"Cora\u00e7\u00e3o engasga e heran\u00e7a ser\u00e1 disputada a tapa\"}]},{\"@type\":\"WebSite\",\"@id\":\"https:\/\/www.notibras.com\/site\/#website\",\"url\":\"https:\/\/www.notibras.com\/site\/\",\"name\":\"Notibras\",\"description\":\"Not\u00edcias de Bras\u00edlia, do Brasil e do Mundo\",\"publisher\":{\"@id\":\"https:\/\/www.notibras.com\/site\/#organization\"},\"potentialAction\":[{\"@type\":\"SearchAction\",\"target\":{\"@type\":\"EntryPoint\",\"urlTemplate\":\"https:\/\/www.notibras.com\/site\/?s={search_term_string}\"},\"query-input\":{\"@type\":\"PropertyValueSpecification\",\"valueRequired\":true,\"valueName\":\"search_term_string\"}}],\"inLanguage\":\"pt-BR\"},{\"@type\":\"Organization\",\"@id\":\"https:\/\/www.notibras.com\/site\/#organization\",\"name\":\"Grupo Notibras de Comunica\u00e7\u00e3o\",\"url\":\"https:\/\/www.notibras.com\/site\/\",\"logo\":{\"@type\":\"ImageObject\",\"inLanguage\":\"pt-BR\",\"@id\":\"https:\/\/www.notibras.com\/site\/#\/schema\/logo\/image\/\",\"url\":\"https:\/\/www.notibras.com\/site\/wp-content\/uploads\/2023\/01\/notibras23.png\",\"contentUrl\":\"https:\/\/www.notibras.com\/site\/wp-content\/uploads\/2023\/01\/notibras23.png\",\"width\":350,\"height\":87,\"caption\":\"Grupo Notibras de Comunica\u00e7\u00e3o\"},\"image\":{\"@id\":\"https:\/\/www.notibras.com\/site\/#\/schema\/logo\/image\/\"},\"sameAs\":[\"https:\/\/www.facebook.com\/notibras\/\",\"https:\/\/x.com\/Notibras\",\"https:\/\/www.instagram.com\/notibras\/\"]},{\"@type\":\"Person\",\"@id\":\"https:\/\/www.notibras.com\/site\/#\/schema\/person\/36ab0979449956132d3e5b517ea76ac8\",\"name\":\"Reda\u00e7\u00e3o\",\"image\":{\"@type\":\"ImageObject\",\"inLanguage\":\"pt-BR\",\"@id\":\"https:\/\/secure.gravatar.com\/avatar\/e0a867bdedb85fd243eadf09663511f96fc81e0720a4a42581f334ad4303aa6b?s=96&d=mm&r=g\",\"url\":\"https:\/\/secure.gravatar.com\/avatar\/e0a867bdedb85fd243eadf09663511f96fc81e0720a4a42581f334ad4303aa6b?s=96&d=mm&r=g\",\"contentUrl\":\"https:\/\/secure.gravatar.com\/avatar\/e0a867bdedb85fd243eadf09663511f96fc81e0720a4a42581f334ad4303aa6b?s=96&d=mm&r=g\",\"caption\":\"Reda\u00e7\u00e3o\"}}]}<\/script>\n<!-- \/ Yoast SEO plugin. -->","yoast_head_json":{"title":"Cora\u00e7\u00e3o engasga e heran\u00e7a ser\u00e1 disputada a tapa - Notibras","robots":{"index":"index","follow":"follow","max-snippet":"max-snippet:-1","max-image-preview":"max-image-preview:large","max-video-preview":"max-video-preview:-1"},"canonical":"https:\/\/www.notibras.com\/site\/coracao-engasga-e-heranca-sera-disputada-a-tapa\/","og_locale":"pt_BR","og_type":"article","og_title":"Cora\u00e7\u00e3o engasga e heran\u00e7a ser\u00e1 disputada a tapa - Notibras","og_description":"Apesar de n\u00e3o me sentir t\u00e3o velho, a maioria das pessoas costuma colocar um senhor logo antes do meu nome. E n\u00e3o pense voc\u00ea que possuo posi\u00e7\u00e3o social de destaque. \u00c9 verdade que tamb\u00e9m n\u00e3o preciso contar os vint\u00e9ns no final do m\u00eas, isto \u00e9, desde que n\u00e3o surja algum imprevisto ou, por ventura, eu [&hellip;]","og_url":"https:\/\/www.notibras.com\/site\/coracao-engasga-e-heranca-sera-disputada-a-tapa\/","og_site_name":"Notibras","article_publisher":"https:\/\/www.facebook.com\/notibras\/","article_published_time":"2023-11-21T10:31:29+00:00","article_modified_time":"2023-11-21T10:36:34+00:00","og_image":[{"width":626,"height":417,"url":"https:\/\/www.notibras.com\/site\/wp-content\/uploads\/2020\/11\/close-up-doutor-enchimento-medico-forma-paciente_23-2148050550.jpg","type":"image\/jpeg"}],"author":"Reda\u00e7\u00e3o","twitter_card":"summary_large_image","twitter_creator":"@Notibras","twitter_site":"@Notibras","twitter_misc":{"Escrito por":"Reda\u00e7\u00e3o","Est. tempo de leitura":"3 minutos"},"schema":{"@context":"https:\/\/schema.org","@graph":[{"@type":"Article","@id":"https:\/\/www.notibras.com\/site\/coracao-engasga-e-heranca-sera-disputada-a-tapa\/#article","isPartOf":{"@id":"https:\/\/www.notibras.com\/site\/coracao-engasga-e-heranca-sera-disputada-a-tapa\/"},"author":{"name":"Reda\u00e7\u00e3o","@id":"https:\/\/www.notibras.com\/site\/#\/schema\/person\/36ab0979449956132d3e5b517ea76ac8"},"headline":"Cora\u00e7\u00e3o engasga e heran\u00e7a ser\u00e1 disputada a tapa","datePublished":"2023-11-21T10:31:29+00:00","dateModified":"2023-11-21T10:36:34+00:00","mainEntityOfPage":{"@id":"https:\/\/www.notibras.com\/site\/coracao-engasga-e-heranca-sera-disputada-a-tapa\/"},"wordCount":480,"publisher":{"@id":"https:\/\/www.notibras.com\/site\/#organization"},"image":{"@id":"https:\/\/www.notibras.com\/site\/coracao-engasga-e-heranca-sera-disputada-a-tapa\/#primaryimage"},"thumbnailUrl":"https:\/\/www.notibras.com\/site\/wp-content\/uploads\/2020\/11\/close-up-doutor-enchimento-medico-forma-paciente_23-2148050550.jpg","articleSection":["Quadradinho em Foco"],"inLanguage":"pt-BR"},{"@type":"WebPage","@id":"https:\/\/www.notibras.com\/site\/coracao-engasga-e-heranca-sera-disputada-a-tapa\/","url":"https:\/\/www.notibras.com\/site\/coracao-engasga-e-heranca-sera-disputada-a-tapa\/","name":"Cora\u00e7\u00e3o engasga e heran\u00e7a ser\u00e1 disputada a tapa - Notibras","isPartOf":{"@id":"https:\/\/www.notibras.com\/site\/#website"},"primaryImageOfPage":{"@id":"https:\/\/www.notibras.com\/site\/coracao-engasga-e-heranca-sera-disputada-a-tapa\/#primaryimage"},"image":{"@id":"https:\/\/www.notibras.com\/site\/coracao-engasga-e-heranca-sera-disputada-a-tapa\/#primaryimage"},"thumbnailUrl":"https:\/\/www.notibras.com\/site\/wp-content\/uploads\/2020\/11\/close-up-doutor-enchimento-medico-forma-paciente_23-2148050550.jpg","datePublished":"2023-11-21T10:31:29+00:00","dateModified":"2023-11-21T10:36:34+00:00","breadcrumb":{"@id":"https:\/\/www.notibras.com\/site\/coracao-engasga-e-heranca-sera-disputada-a-tapa\/#breadcrumb"},"inLanguage":"pt-BR","potentialAction":[{"@type":"ReadAction","target":["https:\/\/www.notibras.com\/site\/coracao-engasga-e-heranca-sera-disputada-a-tapa\/"]}]},{"@type":"ImageObject","inLanguage":"pt-BR","@id":"https:\/\/www.notibras.com\/site\/coracao-engasga-e-heranca-sera-disputada-a-tapa\/#primaryimage","url":"https:\/\/www.notibras.com\/site\/wp-content\/uploads\/2020\/11\/close-up-doutor-enchimento-medico-forma-paciente_23-2148050550.jpg","contentUrl":"https:\/\/www.notibras.com\/site\/wp-content\/uploads\/2020\/11\/close-up-doutor-enchimento-medico-forma-paciente_23-2148050550.jpg","width":626,"height":417},{"@type":"BreadcrumbList","@id":"https:\/\/www.notibras.com\/site\/coracao-engasga-e-heranca-sera-disputada-a-tapa\/#breadcrumb","itemListElement":[{"@type":"ListItem","position":1,"name":"In\u00edcio","item":"https:\/\/www.notibras.com\/site\/"},{"@type":"ListItem","position":2,"name":"Cora\u00e7\u00e3o engasga e heran\u00e7a ser\u00e1 disputada a tapa"}]},{"@type":"WebSite","@id":"https:\/\/www.notibras.com\/site\/#website","url":"https:\/\/www.notibras.com\/site\/","name":"Notibras","description":"Not\u00edcias de Bras\u00edlia, do Brasil e do Mundo","publisher":{"@id":"https:\/\/www.notibras.com\/site\/#organization"},"potentialAction":[{"@type":"SearchAction","target":{"@type":"EntryPoint","urlTemplate":"https:\/\/www.notibras.com\/site\/?s={search_term_string}"},"query-input":{"@type":"PropertyValueSpecification","valueRequired":true,"valueName":"search_term_string"}}],"inLanguage":"pt-BR"},{"@type":"Organization","@id":"https:\/\/www.notibras.com\/site\/#organization","name":"Grupo Notibras de Comunica\u00e7\u00e3o","url":"https:\/\/www.notibras.com\/site\/","logo":{"@type":"ImageObject","inLanguage":"pt-BR","@id":"https:\/\/www.notibras.com\/site\/#\/schema\/logo\/image\/","url":"https:\/\/www.notibras.com\/site\/wp-content\/uploads\/2023\/01\/notibras23.png","contentUrl":"https:\/\/www.notibras.com\/site\/wp-content\/uploads\/2023\/01\/notibras23.png","width":350,"height":87,"caption":"Grupo Notibras de Comunica\u00e7\u00e3o"},"image":{"@id":"https:\/\/www.notibras.com\/site\/#\/schema\/logo\/image\/"},"sameAs":["https:\/\/www.facebook.com\/notibras\/","https:\/\/x.com\/Notibras","https:\/\/www.instagram.com\/notibras\/"]},{"@type":"Person","@id":"https:\/\/www.notibras.com\/site\/#\/schema\/person\/36ab0979449956132d3e5b517ea76ac8","name":"Reda\u00e7\u00e3o","image":{"@type":"ImageObject","inLanguage":"pt-BR","@id":"https:\/\/secure.gravatar.com\/avatar\/e0a867bdedb85fd243eadf09663511f96fc81e0720a4a42581f334ad4303aa6b?s=96&d=mm&r=g","url":"https:\/\/secure.gravatar.com\/avatar\/e0a867bdedb85fd243eadf09663511f96fc81e0720a4a42581f334ad4303aa6b?s=96&d=mm&r=g","contentUrl":"https:\/\/secure.gravatar.com\/avatar\/e0a867bdedb85fd243eadf09663511f96fc81e0720a4a42581f334ad4303aa6b?s=96&d=mm&r=g","caption":"Reda\u00e7\u00e3o"}}]}},"amp_enabled":true,"_links":{"self":[{"href":"https:\/\/www.notibras.com\/site\/wp-json\/wp\/v2\/posts\/317381","targetHints":{"allow":["GET"]}}],"collection":[{"href":"https:\/\/www.notibras.com\/site\/wp-json\/wp\/v2\/posts"}],"about":[{"href":"https:\/\/www.notibras.com\/site\/wp-json\/wp\/v2\/types\/post"}],"author":[{"embeddable":true,"href":"https:\/\/www.notibras.com\/site\/wp-json\/wp\/v2\/users\/2"}],"replies":[{"embeddable":true,"href":"https:\/\/www.notibras.com\/site\/wp-json\/wp\/v2\/comments?post=317381"}],"version-history":[{"count":3,"href":"https:\/\/www.notibras.com\/site\/wp-json\/wp\/v2\/posts\/317381\/revisions"}],"predecessor-version":[{"id":317384,"href":"https:\/\/www.notibras.com\/site\/wp-json\/wp\/v2\/posts\/317381\/revisions\/317384"}],"wp:featuredmedia":[{"embeddable":true,"href":"https:\/\/www.notibras.com\/site\/wp-json\/wp\/v2\/media\/245880"}],"wp:attachment":[{"href":"https:\/\/www.notibras.com\/site\/wp-json\/wp\/v2\/media?parent=317381"}],"wp:term":[{"taxonomy":"category","embeddable":true,"href":"https:\/\/www.notibras.com\/site\/wp-json\/wp\/v2\/categories?post=317381"},{"taxonomy":"post_tag","embeddable":true,"href":"https:\/\/www.notibras.com\/site\/wp-json\/wp\/v2\/tags?post=317381"}],"curies":[{"name":"wp","href":"https:\/\/api.w.org\/{rel}","templated":true}]}}