{"id":317385,"date":"2023-11-21T00:00:33","date_gmt":"2023-11-21T03:00:33","guid":{"rendered":"https:\/\/www.notibras.com\/site\/?p=317385"},"modified":"2023-11-21T07:42:03","modified_gmt":"2023-11-21T10:42:03","slug":"campanha-pede-fim-da-violencia-contra-as-mulheres","status":"publish","type":"post","link":"https:\/\/www.notibras.com\/site\/campanha-pede-fim-da-violencia-contra-as-mulheres\/","title":{"rendered":"Campanha pede fim da viol\u00eancia contra as mulheres"},"content":{"rendered":"<p>A campanha 21 Dias de Ativismo Pelo Fim das Viol\u00eancias Contra as Mulheres teve in\u00edcio nesta segunda-feira (20). A abertura da a\u00e7\u00e3o global coincide com o Dia da Consci\u00eancia Negra, como forma de chamar a aten\u00e7\u00e3o para o fato de as mulheres negras estarem entre as principais v\u00edtimas de viol\u00eancia, expostas ao machismo e ao racismo.<\/p>\n<p>A campanha, realizada anualmente, visa conscientizar a sociedade sobre as agress\u00f5es sofridas pelas mulheres dentro de casa, no ambiente de trabalho, na justi\u00e7a e em locais coletivos, bem como propor medidas de preven\u00e7\u00e3o e combate \u00e0 viol\u00eancia. As atividades s\u00e3o realizadas pelo Poder P\u00fablico e organiza\u00e7\u00f5es da sociedade civil. No Distrito Federal, eventos ser\u00e3o promovidos pela Central \u00danica dos Trabalhadores (CUT).<\/p>\n<p>Uma mulher \u00e9 v\u00edtima de viol\u00eancia a cada quatro horas, conforme dados do boletim da Rede de Observat\u00f3rios da Seguran\u00e7a. Em 2022, 1.437 mulheres foram v\u00edtimas de feminic\u00eddio, sendo 61,1% delas negras.<\/p>\n<p>A campanha vai at\u00e9 o dia 10 de dezembro. O movimento surgiu a partir de uma iniciativa internacional chamada 16 Dias de Ativismo pelo Fim da Viol\u00eancia contra a mulher, iniciada em 1991, em homenagem \u00e0s irm\u00e3s P\u00e1tria, Minerva e Maria Teresa, que foram assassinadas, em 25 de novembro de 1960, na Rep\u00fablica Dominicana. Elas foram violentadas, torturadas e mortas durante a ditadura de Rafael Trujillo.<\/p>\n","protected":false},"excerpt":{"rendered":"<p>A campanha 21 Dias de Ativismo Pelo Fim das Viol\u00eancias Contra as Mulheres teve in\u00edcio nesta segunda-feira (20). A abertura da a\u00e7\u00e3o global coincide com o Dia da Consci\u00eancia Negra, como forma de chamar a aten\u00e7\u00e3o para o fato de as mulheres negras estarem entre as principais v\u00edtimas de viol\u00eancia, expostas ao machismo e ao [&hellip;]<\/p>\n","protected":false},"author":2,"featured_media":317386,"comment_status":"closed","ping_status":"closed","sticky":false,"template":"","format":"standard","meta":{"_acf_changed":false,"footnotes":""},"categories":[161],"tags":[],"class_list":["post-317385","post","type-post","status-publish","format-standard","has-post-thumbnail","hentry","category-quadradinho-em-foco"],"acf":[],"yoast_head":"<!-- This site is optimized with the Yoast SEO plugin v27.2 - https:\/\/yoast.com\/product\/yoast-seo-wordpress\/ -->\n<title>Campanha pede fim da viol\u00eancia contra as mulheres - Notibras<\/title>\n<meta name=\"robots\" content=\"index, follow, max-snippet:-1, max-image-preview:large, max-video-preview:-1\" \/>\n<link rel=\"canonical\" href=\"https:\/\/www.notibras.com\/site\/campanha-pede-fim-da-violencia-contra-as-mulheres\/\" \/>\n<meta property=\"og:locale\" content=\"pt_BR\" \/>\n<meta property=\"og:type\" content=\"article\" \/>\n<meta property=\"og:title\" content=\"Campanha pede fim da viol\u00eancia contra as mulheres - Notibras\" \/>\n<meta property=\"og:description\" content=\"A campanha 21 Dias de Ativismo Pelo Fim das Viol\u00eancias Contra as Mulheres teve in\u00edcio nesta segunda-feira (20). A abertura da a\u00e7\u00e3o global coincide com o Dia da Consci\u00eancia Negra, como forma de chamar a aten\u00e7\u00e3o para o fato de as mulheres negras estarem entre as principais v\u00edtimas de viol\u00eancia, expostas ao machismo e ao [&hellip;]\" \/>\n<meta property=\"og:url\" content=\"https:\/\/www.notibras.com\/site\/campanha-pede-fim-da-violencia-contra-as-mulheres\/\" \/>\n<meta property=\"og:site_name\" content=\"Notibras\" \/>\n<meta property=\"article:publisher\" content=\"https:\/\/www.facebook.com\/notibras\/\" \/>\n<meta property=\"article:published_time\" content=\"2023-11-21T03:00:33+00:00\" \/>\n<meta property=\"article:modified_time\" content=\"2023-11-21T10:42:03+00:00\" \/>\n<meta property=\"og:image\" content=\"https:\/\/www.notibras.com\/site\/wp-content\/uploads\/2023\/11\/muvi.webp\" \/>\n\t<meta property=\"og:image:width\" content=\"1170\" \/>\n\t<meta property=\"og:image:height\" content=\"700\" \/>\n\t<meta property=\"og:image:type\" content=\"image\/webp\" \/>\n<meta name=\"author\" content=\"Reda\u00e7\u00e3o\" \/>\n<meta name=\"twitter:card\" content=\"summary_large_image\" \/>\n<meta name=\"twitter:creator\" content=\"@Notibras\" \/>\n<meta name=\"twitter:site\" content=\"@Notibras\" \/>\n<meta name=\"twitter:label1\" content=\"Escrito por\" \/>\n\t<meta name=\"twitter:data1\" content=\"Reda\u00e7\u00e3o\" \/>\n\t<meta name=\"twitter:label2\" content=\"Est. tempo de leitura\" \/>\n\t<meta name=\"twitter:data2\" content=\"2 minutos\" \/>\n<script type=\"application\/ld+json\" class=\"yoast-schema-graph\">{\"@context\":\"https:\/\/schema.org\",\"@graph\":[{\"@type\":\"Article\",\"@id\":\"https:\/\/www.notibras.com\/site\/campanha-pede-fim-da-violencia-contra-as-mulheres\/#article\",\"isPartOf\":{\"@id\":\"https:\/\/www.notibras.com\/site\/campanha-pede-fim-da-violencia-contra-as-mulheres\/\"},\"author\":{\"name\":\"Reda\u00e7\u00e3o\",\"@id\":\"https:\/\/www.notibras.com\/site\/#\/schema\/person\/36ab0979449956132d3e5b517ea76ac8\"},\"headline\":\"Campanha pede fim da viol\u00eancia contra as mulheres\",\"datePublished\":\"2023-11-21T03:00:33+00:00\",\"dateModified\":\"2023-11-21T10:42:03+00:00\",\"mainEntityOfPage\":{\"@id\":\"https:\/\/www.notibras.com\/site\/campanha-pede-fim-da-violencia-contra-as-mulheres\/\"},\"wordCount\":237,\"publisher\":{\"@id\":\"https:\/\/www.notibras.com\/site\/#organization\"},\"image\":{\"@id\":\"https:\/\/www.notibras.com\/site\/campanha-pede-fim-da-violencia-contra-as-mulheres\/#primaryimage\"},\"thumbnailUrl\":\"https:\/\/www.notibras.com\/site\/wp-content\/uploads\/2023\/11\/muvi.webp\",\"articleSection\":[\"Quadradinho em Foco\"],\"inLanguage\":\"pt-BR\"},{\"@type\":\"WebPage\",\"@id\":\"https:\/\/www.notibras.com\/site\/campanha-pede-fim-da-violencia-contra-as-mulheres\/\",\"url\":\"https:\/\/www.notibras.com\/site\/campanha-pede-fim-da-violencia-contra-as-mulheres\/\",\"name\":\"Campanha pede fim da viol\u00eancia contra as mulheres - Notibras\",\"isPartOf\":{\"@id\":\"https:\/\/www.notibras.com\/site\/#website\"},\"primaryImageOfPage\":{\"@id\":\"https:\/\/www.notibras.com\/site\/campanha-pede-fim-da-violencia-contra-as-mulheres\/#primaryimage\"},\"image\":{\"@id\":\"https:\/\/www.notibras.com\/site\/campanha-pede-fim-da-violencia-contra-as-mulheres\/#primaryimage\"},\"thumbnailUrl\":\"https:\/\/www.notibras.com\/site\/wp-content\/uploads\/2023\/11\/muvi.webp\",\"datePublished\":\"2023-11-21T03:00:33+00:00\",\"dateModified\":\"2023-11-21T10:42:03+00:00\",\"breadcrumb\":{\"@id\":\"https:\/\/www.notibras.com\/site\/campanha-pede-fim-da-violencia-contra-as-mulheres\/#breadcrumb\"},\"inLanguage\":\"pt-BR\",\"potentialAction\":[{\"@type\":\"ReadAction\",\"target\":[\"https:\/\/www.notibras.com\/site\/campanha-pede-fim-da-violencia-contra-as-mulheres\/\"]}]},{\"@type\":\"ImageObject\",\"inLanguage\":\"pt-BR\",\"@id\":\"https:\/\/www.notibras.com\/site\/campanha-pede-fim-da-violencia-contra-as-mulheres\/#primaryimage\",\"url\":\"https:\/\/www.notibras.com\/site\/wp-content\/uploads\/2023\/11\/muvi.webp\",\"contentUrl\":\"https:\/\/www.notibras.com\/site\/wp-content\/uploads\/2023\/11\/muvi.webp\",\"width\":1170,\"height\":700},{\"@type\":\"BreadcrumbList\",\"@id\":\"https:\/\/www.notibras.com\/site\/campanha-pede-fim-da-violencia-contra-as-mulheres\/#breadcrumb\",\"itemListElement\":[{\"@type\":\"ListItem\",\"position\":1,\"name\":\"In\u00edcio\",\"item\":\"https:\/\/www.notibras.com\/site\/\"},{\"@type\":\"ListItem\",\"position\":2,\"name\":\"Campanha pede fim da viol\u00eancia contra as mulheres\"}]},{\"@type\":\"WebSite\",\"@id\":\"https:\/\/www.notibras.com\/site\/#website\",\"url\":\"https:\/\/www.notibras.com\/site\/\",\"name\":\"Notibras\",\"description\":\"Not\u00edcias de Bras\u00edlia, do Brasil e do Mundo\",\"publisher\":{\"@id\":\"https:\/\/www.notibras.com\/site\/#organization\"},\"potentialAction\":[{\"@type\":\"SearchAction\",\"target\":{\"@type\":\"EntryPoint\",\"urlTemplate\":\"https:\/\/www.notibras.com\/site\/?s={search_term_string}\"},\"query-input\":{\"@type\":\"PropertyValueSpecification\",\"valueRequired\":true,\"valueName\":\"search_term_string\"}}],\"inLanguage\":\"pt-BR\"},{\"@type\":\"Organization\",\"@id\":\"https:\/\/www.notibras.com\/site\/#organization\",\"name\":\"Grupo Notibras de Comunica\u00e7\u00e3o\",\"url\":\"https:\/\/www.notibras.com\/site\/\",\"logo\":{\"@type\":\"ImageObject\",\"inLanguage\":\"pt-BR\",\"@id\":\"https:\/\/www.notibras.com\/site\/#\/schema\/logo\/image\/\",\"url\":\"https:\/\/www.notibras.com\/site\/wp-content\/uploads\/2023\/01\/notibras23.png\",\"contentUrl\":\"https:\/\/www.notibras.com\/site\/wp-content\/uploads\/2023\/01\/notibras23.png\",\"width\":350,\"height\":87,\"caption\":\"Grupo Notibras de Comunica\u00e7\u00e3o\"},\"image\":{\"@id\":\"https:\/\/www.notibras.com\/site\/#\/schema\/logo\/image\/\"},\"sameAs\":[\"https:\/\/www.facebook.com\/notibras\/\",\"https:\/\/x.com\/Notibras\",\"https:\/\/www.instagram.com\/notibras\/\"]},{\"@type\":\"Person\",\"@id\":\"https:\/\/www.notibras.com\/site\/#\/schema\/person\/36ab0979449956132d3e5b517ea76ac8\",\"name\":\"Reda\u00e7\u00e3o\",\"image\":{\"@type\":\"ImageObject\",\"inLanguage\":\"pt-BR\",\"@id\":\"https:\/\/secure.gravatar.com\/avatar\/e0a867bdedb85fd243eadf09663511f96fc81e0720a4a42581f334ad4303aa6b?s=96&d=mm&r=g\",\"url\":\"https:\/\/secure.gravatar.com\/avatar\/e0a867bdedb85fd243eadf09663511f96fc81e0720a4a42581f334ad4303aa6b?s=96&d=mm&r=g\",\"contentUrl\":\"https:\/\/secure.gravatar.com\/avatar\/e0a867bdedb85fd243eadf09663511f96fc81e0720a4a42581f334ad4303aa6b?s=96&d=mm&r=g\",\"caption\":\"Reda\u00e7\u00e3o\"}}]}<\/script>\n<!-- \/ Yoast SEO plugin. -->","yoast_head_json":{"title":"Campanha pede fim da viol\u00eancia contra as mulheres - Notibras","robots":{"index":"index","follow":"follow","max-snippet":"max-snippet:-1","max-image-preview":"max-image-preview:large","max-video-preview":"max-video-preview:-1"},"canonical":"https:\/\/www.notibras.com\/site\/campanha-pede-fim-da-violencia-contra-as-mulheres\/","og_locale":"pt_BR","og_type":"article","og_title":"Campanha pede fim da viol\u00eancia contra as mulheres - Notibras","og_description":"A campanha 21 Dias de Ativismo Pelo Fim das Viol\u00eancias Contra as Mulheres teve in\u00edcio nesta segunda-feira (20). A abertura da a\u00e7\u00e3o global coincide com o Dia da Consci\u00eancia Negra, como forma de chamar a aten\u00e7\u00e3o para o fato de as mulheres negras estarem entre as principais v\u00edtimas de viol\u00eancia, expostas ao machismo e ao [&hellip;]","og_url":"https:\/\/www.notibras.com\/site\/campanha-pede-fim-da-violencia-contra-as-mulheres\/","og_site_name":"Notibras","article_publisher":"https:\/\/www.facebook.com\/notibras\/","article_published_time":"2023-11-21T03:00:33+00:00","article_modified_time":"2023-11-21T10:42:03+00:00","og_image":[{"width":1170,"height":700,"url":"https:\/\/www.notibras.com\/site\/wp-content\/uploads\/2023\/11\/muvi.webp","type":"image\/webp"}],"author":"Reda\u00e7\u00e3o","twitter_card":"summary_large_image","twitter_creator":"@Notibras","twitter_site":"@Notibras","twitter_misc":{"Escrito por":"Reda\u00e7\u00e3o","Est. tempo de leitura":"2 minutos"},"schema":{"@context":"https:\/\/schema.org","@graph":[{"@type":"Article","@id":"https:\/\/www.notibras.com\/site\/campanha-pede-fim-da-violencia-contra-as-mulheres\/#article","isPartOf":{"@id":"https:\/\/www.notibras.com\/site\/campanha-pede-fim-da-violencia-contra-as-mulheres\/"},"author":{"name":"Reda\u00e7\u00e3o","@id":"https:\/\/www.notibras.com\/site\/#\/schema\/person\/36ab0979449956132d3e5b517ea76ac8"},"headline":"Campanha pede fim da viol\u00eancia contra as mulheres","datePublished":"2023-11-21T03:00:33+00:00","dateModified":"2023-11-21T10:42:03+00:00","mainEntityOfPage":{"@id":"https:\/\/www.notibras.com\/site\/campanha-pede-fim-da-violencia-contra-as-mulheres\/"},"wordCount":237,"publisher":{"@id":"https:\/\/www.notibras.com\/site\/#organization"},"image":{"@id":"https:\/\/www.notibras.com\/site\/campanha-pede-fim-da-violencia-contra-as-mulheres\/#primaryimage"},"thumbnailUrl":"https:\/\/www.notibras.com\/site\/wp-content\/uploads\/2023\/11\/muvi.webp","articleSection":["Quadradinho em Foco"],"inLanguage":"pt-BR"},{"@type":"WebPage","@id":"https:\/\/www.notibras.com\/site\/campanha-pede-fim-da-violencia-contra-as-mulheres\/","url":"https:\/\/www.notibras.com\/site\/campanha-pede-fim-da-violencia-contra-as-mulheres\/","name":"Campanha pede fim da viol\u00eancia contra as mulheres - Notibras","isPartOf":{"@id":"https:\/\/www.notibras.com\/site\/#website"},"primaryImageOfPage":{"@id":"https:\/\/www.notibras.com\/site\/campanha-pede-fim-da-violencia-contra-as-mulheres\/#primaryimage"},"image":{"@id":"https:\/\/www.notibras.com\/site\/campanha-pede-fim-da-violencia-contra-as-mulheres\/#primaryimage"},"thumbnailUrl":"https:\/\/www.notibras.com\/site\/wp-content\/uploads\/2023\/11\/muvi.webp","datePublished":"2023-11-21T03:00:33+00:00","dateModified":"2023-11-21T10:42:03+00:00","breadcrumb":{"@id":"https:\/\/www.notibras.com\/site\/campanha-pede-fim-da-violencia-contra-as-mulheres\/#breadcrumb"},"inLanguage":"pt-BR","potentialAction":[{"@type":"ReadAction","target":["https:\/\/www.notibras.com\/site\/campanha-pede-fim-da-violencia-contra-as-mulheres\/"]}]},{"@type":"ImageObject","inLanguage":"pt-BR","@id":"https:\/\/www.notibras.com\/site\/campanha-pede-fim-da-violencia-contra-as-mulheres\/#primaryimage","url":"https:\/\/www.notibras.com\/site\/wp-content\/uploads\/2023\/11\/muvi.webp","contentUrl":"https:\/\/www.notibras.com\/site\/wp-content\/uploads\/2023\/11\/muvi.webp","width":1170,"height":700},{"@type":"BreadcrumbList","@id":"https:\/\/www.notibras.com\/site\/campanha-pede-fim-da-violencia-contra-as-mulheres\/#breadcrumb","itemListElement":[{"@type":"ListItem","position":1,"name":"In\u00edcio","item":"https:\/\/www.notibras.com\/site\/"},{"@type":"ListItem","position":2,"name":"Campanha pede fim da viol\u00eancia contra as mulheres"}]},{"@type":"WebSite","@id":"https:\/\/www.notibras.com\/site\/#website","url":"https:\/\/www.notibras.com\/site\/","name":"Notibras","description":"Not\u00edcias de Bras\u00edlia, do Brasil e do Mundo","publisher":{"@id":"https:\/\/www.notibras.com\/site\/#organization"},"potentialAction":[{"@type":"SearchAction","target":{"@type":"EntryPoint","urlTemplate":"https:\/\/www.notibras.com\/site\/?s={search_term_string}"},"query-input":{"@type":"PropertyValueSpecification","valueRequired":true,"valueName":"search_term_string"}}],"inLanguage":"pt-BR"},{"@type":"Organization","@id":"https:\/\/www.notibras.com\/site\/#organization","name":"Grupo Notibras de Comunica\u00e7\u00e3o","url":"https:\/\/www.notibras.com\/site\/","logo":{"@type":"ImageObject","inLanguage":"pt-BR","@id":"https:\/\/www.notibras.com\/site\/#\/schema\/logo\/image\/","url":"https:\/\/www.notibras.com\/site\/wp-content\/uploads\/2023\/01\/notibras23.png","contentUrl":"https:\/\/www.notibras.com\/site\/wp-content\/uploads\/2023\/01\/notibras23.png","width":350,"height":87,"caption":"Grupo Notibras de Comunica\u00e7\u00e3o"},"image":{"@id":"https:\/\/www.notibras.com\/site\/#\/schema\/logo\/image\/"},"sameAs":["https:\/\/www.facebook.com\/notibras\/","https:\/\/x.com\/Notibras","https:\/\/www.instagram.com\/notibras\/"]},{"@type":"Person","@id":"https:\/\/www.notibras.com\/site\/#\/schema\/person\/36ab0979449956132d3e5b517ea76ac8","name":"Reda\u00e7\u00e3o","image":{"@type":"ImageObject","inLanguage":"pt-BR","@id":"https:\/\/secure.gravatar.com\/avatar\/e0a867bdedb85fd243eadf09663511f96fc81e0720a4a42581f334ad4303aa6b?s=96&d=mm&r=g","url":"https:\/\/secure.gravatar.com\/avatar\/e0a867bdedb85fd243eadf09663511f96fc81e0720a4a42581f334ad4303aa6b?s=96&d=mm&r=g","contentUrl":"https:\/\/secure.gravatar.com\/avatar\/e0a867bdedb85fd243eadf09663511f96fc81e0720a4a42581f334ad4303aa6b?s=96&d=mm&r=g","caption":"Reda\u00e7\u00e3o"}}]}},"amp_enabled":true,"_links":{"self":[{"href":"https:\/\/www.notibras.com\/site\/wp-json\/wp\/v2\/posts\/317385","targetHints":{"allow":["GET"]}}],"collection":[{"href":"https:\/\/www.notibras.com\/site\/wp-json\/wp\/v2\/posts"}],"about":[{"href":"https:\/\/www.notibras.com\/site\/wp-json\/wp\/v2\/types\/post"}],"author":[{"embeddable":true,"href":"https:\/\/www.notibras.com\/site\/wp-json\/wp\/v2\/users\/2"}],"replies":[{"embeddable":true,"href":"https:\/\/www.notibras.com\/site\/wp-json\/wp\/v2\/comments?post=317385"}],"version-history":[{"count":1,"href":"https:\/\/www.notibras.com\/site\/wp-json\/wp\/v2\/posts\/317385\/revisions"}],"predecessor-version":[{"id":317387,"href":"https:\/\/www.notibras.com\/site\/wp-json\/wp\/v2\/posts\/317385\/revisions\/317387"}],"wp:featuredmedia":[{"embeddable":true,"href":"https:\/\/www.notibras.com\/site\/wp-json\/wp\/v2\/media\/317386"}],"wp:attachment":[{"href":"https:\/\/www.notibras.com\/site\/wp-json\/wp\/v2\/media?parent=317385"}],"wp:term":[{"taxonomy":"category","embeddable":true,"href":"https:\/\/www.notibras.com\/site\/wp-json\/wp\/v2\/categories?post=317385"},{"taxonomy":"post_tag","embeddable":true,"href":"https:\/\/www.notibras.com\/site\/wp-json\/wp\/v2\/tags?post=317385"}],"curies":[{"name":"wp","href":"https:\/\/api.w.org\/{rel}","templated":true}]}}