{"id":317391,"date":"2023-11-21T06:51:33","date_gmt":"2023-11-21T09:51:33","guid":{"rendered":"https:\/\/www.notibras.com\/site\/?p=317391"},"modified":"2023-11-21T07:54:54","modified_gmt":"2023-11-21T10:54:54","slug":"temporada-de-compras-exige-atencao-dos-consumidores","status":"publish","type":"post","link":"https:\/\/www.notibras.com\/site\/temporada-de-compras-exige-atencao-dos-consumidores\/","title":{"rendered":"Temporada de compras exige aten\u00e7\u00e3o dos consumidores"},"content":{"rendered":"<p>O fim de ano \u00e9 marcado pelas festividades de Natal e ano novo e tamb\u00e9m por promo\u00e7\u00f5es no com\u00e9rcio, como a Black Friday. Para evitar cair em fraudes e promo\u00e7\u00f5es e ter preju\u00edzos com o pagamento do 13\u00ba sal\u00e1rio ou daquela economia de meses e anos, o Instituto de Defesa do Consumidor (Procon) recomenda cautela e planejamento.<\/p>\n<p>Segundo o Procon, o planejamento \u00e9 a primeira medida a ser tomada pelo consumidor. Para tanto, eles recomendam que as pessoas evitem comprar por impulso e pesquisem o pre\u00e7o do produto desejado em v\u00e1rios locais e durante semanas e meses. Isso pode evitar que o comprador pague um pre\u00e7o acima do mercado e caia em falsas promo\u00e7\u00f5es.<\/p>\n<p>Em caso de necessidade de contato com o Procon-DF, o consumidor pode acionar pelo telefone 151, o e-mail 151@procon.df.gov.br ou uma das dez ag\u00eancias presenciais do \u00f3rg\u00e3o.<\/p>\n<p>\u201cO brasileiro gosta da Black Friday, isso pegou aqui no pa\u00eds. O planejamento financeiro \u00e9 necess\u00e1rio para saber se o que ele pretende comprar nesse per\u00edodo vai caber no or\u00e7amento e n\u00e3o vai virar uma d\u00edvida no futuro, se vai poder pagar \u00e0 vista ou dividir. A primeira quest\u00e3o \u00e9 essa\u201d, explica o diretor-geral do Procon, Marcelo de Souza do Nascimento.<\/p>\n<p>Um exemplo \u00e9 a compra de uma geladeira que o consumidor pesquisou nos \u00faltimos meses e custava R$ 2 mil. Na Black Friday, ele v\u00ea o pre\u00e7o de R$ 2,3 mil mas o lojista anuncia que ela est\u00e1 com desconto de R$ 2,7 mil por R$ 2,3 mil, ou seja, acima do que deveria custar. Esse tipo de aten\u00e7\u00e3o \u00e9 recomend\u00e1vel \u00e0s pessoas.<\/p>\n<p>Ainda no campo das compras em lojas f\u00edsicas, o poss\u00edvel comprador deve ver se o produto anunciado aceita trocas. H\u00e1 lojas que n\u00e3o fazem troca em promo\u00e7\u00f5es, e elas s\u00e3o apenas obrigadas a trocar em caso de defeito do produto. Por isso, \u00e9 importante guardar panfletos, trocas de mensagens, e-mails e demais documentos que tratem sobre uma promo\u00e7\u00e3o ou produto em quest\u00e3o. Caso a loja n\u00e3o tenha divulgado claramente a sua pol\u00edtica de troca, o consumidor pode pedir que o vendedor anote as condi\u00e7\u00f5es.<\/p>\n<p>J\u00e1 no caso de compras digitais, \u00e9 importante estar atento a outro problema: golpe de sites falsos. Antes de comprar na internet, o Procon orienta que se pesquise a reputa\u00e7\u00e3o da empresa, se ela tem endere\u00e7o f\u00edsico, que se olhe o CNPJ da empresa e tamb\u00e9m a pol\u00edtica de cancelamento e troca. \u201cSe o site tiver sido criado h\u00e1 pouco tempo, provavelmente \u00e9 golpe. Eles criam o site na v\u00e9spera de \u00e9pocas de venda, n\u00e3o entregam o produto ou entregam um falsificado, e depois fecham o site e as pessoas n\u00e3o encontram os donos daquela empresa\u201d, alerta o diretor-geral do Procon\/DF.<\/p>\n<p>Outra dica para compras online \u00e9 pesquisar sobre reclama\u00e7\u00f5es da empresa e ver coment\u00e1rios nas redes sociais. Isso pode ajudar o consumidor a evitar dores de cabe\u00e7a.<\/p>\n<p>\u201c\u00c9 preciso estar atento \u00e0s falsas oportunidades. Depois da Black Friday, tem o Natal e o ano novo; depois no come\u00e7o do ano, tem uma queima de estoque. O consumidor n\u00e3o precisa ter aquela pressa. Tem que tomar cuidado com an\u00fancio de oportunidade \u00fanica e tamb\u00e9m com pre\u00e7o muito abaixo do mercado\u201d, observa Marcelo do Nascimento.<\/p>\n<p>No entanto, Marcelo avalia que tanto lojistas quanto consumidores est\u00e3o mais atentos. \u201cPercebemos que o lojista est\u00e1 ficando mais respons\u00e1vel com os an\u00fancios e tamb\u00e9m o consumidor est\u00e1 ficando mais preparado e tendo conhecimento do direito dele diretamente com o lojista. Est\u00e3o mais bem informados\u201d, confirma.<\/p>\n","protected":false},"excerpt":{"rendered":"<p>O fim de ano \u00e9 marcado pelas festividades de Natal e ano novo e tamb\u00e9m por promo\u00e7\u00f5es no com\u00e9rcio, como a Black Friday. Para evitar cair em fraudes e promo\u00e7\u00f5es e ter preju\u00edzos com o pagamento do 13\u00ba sal\u00e1rio ou daquela economia de meses e anos, o Instituto de Defesa do Consumidor (Procon) recomenda cautela [&hellip;]<\/p>\n","protected":false},"author":2,"featured_media":317392,"comment_status":"closed","ping_status":"closed","sticky":false,"template":"","format":"standard","meta":{"_acf_changed":false,"footnotes":""},"categories":[161],"tags":[],"class_list":["post-317391","post","type-post","status-publish","format-standard","has-post-thumbnail","hentry","category-quadradinho-em-foco"],"acf":[],"yoast_head":"<!-- This site is optimized with the Yoast SEO plugin v27.2 - https:\/\/yoast.com\/product\/yoast-seo-wordpress\/ -->\n<title>Temporada de compras exige aten\u00e7\u00e3o dos consumidores - Notibras<\/title>\n<meta name=\"robots\" content=\"index, follow, max-snippet:-1, max-image-preview:large, max-video-preview:-1\" \/>\n<link rel=\"canonical\" href=\"https:\/\/www.notibras.com\/site\/temporada-de-compras-exige-atencao-dos-consumidores\/\" \/>\n<meta property=\"og:locale\" content=\"pt_BR\" \/>\n<meta property=\"og:type\" content=\"article\" \/>\n<meta property=\"og:title\" content=\"Temporada de compras exige aten\u00e7\u00e3o dos consumidores - Notibras\" \/>\n<meta property=\"og:description\" content=\"O fim de ano \u00e9 marcado pelas festividades de Natal e ano novo e tamb\u00e9m por promo\u00e7\u00f5es no com\u00e9rcio, como a Black Friday. Para evitar cair em fraudes e promo\u00e7\u00f5es e ter preju\u00edzos com o pagamento do 13\u00ba sal\u00e1rio ou daquela economia de meses e anos, o Instituto de Defesa do Consumidor (Procon) recomenda cautela [&hellip;]\" \/>\n<meta property=\"og:url\" content=\"https:\/\/www.notibras.com\/site\/temporada-de-compras-exige-atencao-dos-consumidores\/\" \/>\n<meta property=\"og:site_name\" content=\"Notibras\" \/>\n<meta property=\"article:publisher\" content=\"https:\/\/www.facebook.com\/notibras\/\" \/>\n<meta property=\"article:published_time\" content=\"2023-11-21T09:51:33+00:00\" \/>\n<meta property=\"article:modified_time\" content=\"2023-11-21T10:54:54+00:00\" \/>\n<meta property=\"og:image\" content=\"https:\/\/www.notibras.com\/site\/wp-content\/uploads\/2023\/11\/Foto-Lucio-Bernardo-Jr-1536x1078-1.jpg\" \/>\n\t<meta property=\"og:image:width\" content=\"1536\" \/>\n\t<meta property=\"og:image:height\" content=\"1078\" \/>\n\t<meta property=\"og:image:type\" content=\"image\/jpeg\" \/>\n<meta name=\"author\" content=\"Reda\u00e7\u00e3o\" \/>\n<meta name=\"twitter:card\" content=\"summary_large_image\" \/>\n<meta name=\"twitter:creator\" content=\"@Notibras\" \/>\n<meta name=\"twitter:site\" content=\"@Notibras\" \/>\n<meta name=\"twitter:label1\" content=\"Escrito por\" \/>\n\t<meta name=\"twitter:data1\" content=\"Reda\u00e7\u00e3o\" \/>\n\t<meta name=\"twitter:label2\" content=\"Est. tempo de leitura\" \/>\n\t<meta name=\"twitter:data2\" content=\"4 minutos\" \/>\n<script type=\"application\/ld+json\" class=\"yoast-schema-graph\">{\"@context\":\"https:\/\/schema.org\",\"@graph\":[{\"@type\":\"Article\",\"@id\":\"https:\/\/www.notibras.com\/site\/temporada-de-compras-exige-atencao-dos-consumidores\/#article\",\"isPartOf\":{\"@id\":\"https:\/\/www.notibras.com\/site\/temporada-de-compras-exige-atencao-dos-consumidores\/\"},\"author\":{\"name\":\"Reda\u00e7\u00e3o\",\"@id\":\"https:\/\/www.notibras.com\/site\/#\/schema\/person\/36ab0979449956132d3e5b517ea76ac8\"},\"headline\":\"Temporada de compras exige aten\u00e7\u00e3o dos consumidores\",\"datePublished\":\"2023-11-21T09:51:33+00:00\",\"dateModified\":\"2023-11-21T10:54:54+00:00\",\"mainEntityOfPage\":{\"@id\":\"https:\/\/www.notibras.com\/site\/temporada-de-compras-exige-atencao-dos-consumidores\/\"},\"wordCount\":626,\"publisher\":{\"@id\":\"https:\/\/www.notibras.com\/site\/#organization\"},\"image\":{\"@id\":\"https:\/\/www.notibras.com\/site\/temporada-de-compras-exige-atencao-dos-consumidores\/#primaryimage\"},\"thumbnailUrl\":\"https:\/\/www.notibras.com\/site\/wp-content\/uploads\/2023\/11\/Foto-Lucio-Bernardo-Jr-1536x1078-1.jpg\",\"articleSection\":[\"Quadradinho em Foco\"],\"inLanguage\":\"pt-BR\"},{\"@type\":\"WebPage\",\"@id\":\"https:\/\/www.notibras.com\/site\/temporada-de-compras-exige-atencao-dos-consumidores\/\",\"url\":\"https:\/\/www.notibras.com\/site\/temporada-de-compras-exige-atencao-dos-consumidores\/\",\"name\":\"Temporada de compras exige aten\u00e7\u00e3o dos consumidores - Notibras\",\"isPartOf\":{\"@id\":\"https:\/\/www.notibras.com\/site\/#website\"},\"primaryImageOfPage\":{\"@id\":\"https:\/\/www.notibras.com\/site\/temporada-de-compras-exige-atencao-dos-consumidores\/#primaryimage\"},\"image\":{\"@id\":\"https:\/\/www.notibras.com\/site\/temporada-de-compras-exige-atencao-dos-consumidores\/#primaryimage\"},\"thumbnailUrl\":\"https:\/\/www.notibras.com\/site\/wp-content\/uploads\/2023\/11\/Foto-Lucio-Bernardo-Jr-1536x1078-1.jpg\",\"datePublished\":\"2023-11-21T09:51:33+00:00\",\"dateModified\":\"2023-11-21T10:54:54+00:00\",\"breadcrumb\":{\"@id\":\"https:\/\/www.notibras.com\/site\/temporada-de-compras-exige-atencao-dos-consumidores\/#breadcrumb\"},\"inLanguage\":\"pt-BR\",\"potentialAction\":[{\"@type\":\"ReadAction\",\"target\":[\"https:\/\/www.notibras.com\/site\/temporada-de-compras-exige-atencao-dos-consumidores\/\"]}]},{\"@type\":\"ImageObject\",\"inLanguage\":\"pt-BR\",\"@id\":\"https:\/\/www.notibras.com\/site\/temporada-de-compras-exige-atencao-dos-consumidores\/#primaryimage\",\"url\":\"https:\/\/www.notibras.com\/site\/wp-content\/uploads\/2023\/11\/Foto-Lucio-Bernardo-Jr-1536x1078-1.jpg\",\"contentUrl\":\"https:\/\/www.notibras.com\/site\/wp-content\/uploads\/2023\/11\/Foto-Lucio-Bernardo-Jr-1536x1078-1.jpg\",\"width\":1536,\"height\":1078},{\"@type\":\"BreadcrumbList\",\"@id\":\"https:\/\/www.notibras.com\/site\/temporada-de-compras-exige-atencao-dos-consumidores\/#breadcrumb\",\"itemListElement\":[{\"@type\":\"ListItem\",\"position\":1,\"name\":\"In\u00edcio\",\"item\":\"https:\/\/www.notibras.com\/site\/\"},{\"@type\":\"ListItem\",\"position\":2,\"name\":\"Temporada de compras exige aten\u00e7\u00e3o dos consumidores\"}]},{\"@type\":\"WebSite\",\"@id\":\"https:\/\/www.notibras.com\/site\/#website\",\"url\":\"https:\/\/www.notibras.com\/site\/\",\"name\":\"Notibras\",\"description\":\"Not\u00edcias de Bras\u00edlia, do Brasil e do Mundo\",\"publisher\":{\"@id\":\"https:\/\/www.notibras.com\/site\/#organization\"},\"potentialAction\":[{\"@type\":\"SearchAction\",\"target\":{\"@type\":\"EntryPoint\",\"urlTemplate\":\"https:\/\/www.notibras.com\/site\/?s={search_term_string}\"},\"query-input\":{\"@type\":\"PropertyValueSpecification\",\"valueRequired\":true,\"valueName\":\"search_term_string\"}}],\"inLanguage\":\"pt-BR\"},{\"@type\":\"Organization\",\"@id\":\"https:\/\/www.notibras.com\/site\/#organization\",\"name\":\"Grupo Notibras de Comunica\u00e7\u00e3o\",\"url\":\"https:\/\/www.notibras.com\/site\/\",\"logo\":{\"@type\":\"ImageObject\",\"inLanguage\":\"pt-BR\",\"@id\":\"https:\/\/www.notibras.com\/site\/#\/schema\/logo\/image\/\",\"url\":\"https:\/\/www.notibras.com\/site\/wp-content\/uploads\/2023\/01\/notibras23.png\",\"contentUrl\":\"https:\/\/www.notibras.com\/site\/wp-content\/uploads\/2023\/01\/notibras23.png\",\"width\":350,\"height\":87,\"caption\":\"Grupo Notibras de Comunica\u00e7\u00e3o\"},\"image\":{\"@id\":\"https:\/\/www.notibras.com\/site\/#\/schema\/logo\/image\/\"},\"sameAs\":[\"https:\/\/www.facebook.com\/notibras\/\",\"https:\/\/x.com\/Notibras\",\"https:\/\/www.instagram.com\/notibras\/\"]},{\"@type\":\"Person\",\"@id\":\"https:\/\/www.notibras.com\/site\/#\/schema\/person\/36ab0979449956132d3e5b517ea76ac8\",\"name\":\"Reda\u00e7\u00e3o\",\"image\":{\"@type\":\"ImageObject\",\"inLanguage\":\"pt-BR\",\"@id\":\"https:\/\/secure.gravatar.com\/avatar\/e0a867bdedb85fd243eadf09663511f96fc81e0720a4a42581f334ad4303aa6b?s=96&d=mm&r=g\",\"url\":\"https:\/\/secure.gravatar.com\/avatar\/e0a867bdedb85fd243eadf09663511f96fc81e0720a4a42581f334ad4303aa6b?s=96&d=mm&r=g\",\"contentUrl\":\"https:\/\/secure.gravatar.com\/avatar\/e0a867bdedb85fd243eadf09663511f96fc81e0720a4a42581f334ad4303aa6b?s=96&d=mm&r=g\",\"caption\":\"Reda\u00e7\u00e3o\"}}]}<\/script>\n<!-- \/ Yoast SEO plugin. -->","yoast_head_json":{"title":"Temporada de compras exige aten\u00e7\u00e3o dos consumidores - Notibras","robots":{"index":"index","follow":"follow","max-snippet":"max-snippet:-1","max-image-preview":"max-image-preview:large","max-video-preview":"max-video-preview:-1"},"canonical":"https:\/\/www.notibras.com\/site\/temporada-de-compras-exige-atencao-dos-consumidores\/","og_locale":"pt_BR","og_type":"article","og_title":"Temporada de compras exige aten\u00e7\u00e3o dos consumidores - Notibras","og_description":"O fim de ano \u00e9 marcado pelas festividades de Natal e ano novo e tamb\u00e9m por promo\u00e7\u00f5es no com\u00e9rcio, como a Black Friday. Para evitar cair em fraudes e promo\u00e7\u00f5es e ter preju\u00edzos com o pagamento do 13\u00ba sal\u00e1rio ou daquela economia de meses e anos, o Instituto de Defesa do Consumidor (Procon) recomenda cautela [&hellip;]","og_url":"https:\/\/www.notibras.com\/site\/temporada-de-compras-exige-atencao-dos-consumidores\/","og_site_name":"Notibras","article_publisher":"https:\/\/www.facebook.com\/notibras\/","article_published_time":"2023-11-21T09:51:33+00:00","article_modified_time":"2023-11-21T10:54:54+00:00","og_image":[{"width":1536,"height":1078,"url":"https:\/\/www.notibras.com\/site\/wp-content\/uploads\/2023\/11\/Foto-Lucio-Bernardo-Jr-1536x1078-1.jpg","type":"image\/jpeg"}],"author":"Reda\u00e7\u00e3o","twitter_card":"summary_large_image","twitter_creator":"@Notibras","twitter_site":"@Notibras","twitter_misc":{"Escrito por":"Reda\u00e7\u00e3o","Est. tempo de leitura":"4 minutos"},"schema":{"@context":"https:\/\/schema.org","@graph":[{"@type":"Article","@id":"https:\/\/www.notibras.com\/site\/temporada-de-compras-exige-atencao-dos-consumidores\/#article","isPartOf":{"@id":"https:\/\/www.notibras.com\/site\/temporada-de-compras-exige-atencao-dos-consumidores\/"},"author":{"name":"Reda\u00e7\u00e3o","@id":"https:\/\/www.notibras.com\/site\/#\/schema\/person\/36ab0979449956132d3e5b517ea76ac8"},"headline":"Temporada de compras exige aten\u00e7\u00e3o dos consumidores","datePublished":"2023-11-21T09:51:33+00:00","dateModified":"2023-11-21T10:54:54+00:00","mainEntityOfPage":{"@id":"https:\/\/www.notibras.com\/site\/temporada-de-compras-exige-atencao-dos-consumidores\/"},"wordCount":626,"publisher":{"@id":"https:\/\/www.notibras.com\/site\/#organization"},"image":{"@id":"https:\/\/www.notibras.com\/site\/temporada-de-compras-exige-atencao-dos-consumidores\/#primaryimage"},"thumbnailUrl":"https:\/\/www.notibras.com\/site\/wp-content\/uploads\/2023\/11\/Foto-Lucio-Bernardo-Jr-1536x1078-1.jpg","articleSection":["Quadradinho em Foco"],"inLanguage":"pt-BR"},{"@type":"WebPage","@id":"https:\/\/www.notibras.com\/site\/temporada-de-compras-exige-atencao-dos-consumidores\/","url":"https:\/\/www.notibras.com\/site\/temporada-de-compras-exige-atencao-dos-consumidores\/","name":"Temporada de compras exige aten\u00e7\u00e3o dos consumidores - Notibras","isPartOf":{"@id":"https:\/\/www.notibras.com\/site\/#website"},"primaryImageOfPage":{"@id":"https:\/\/www.notibras.com\/site\/temporada-de-compras-exige-atencao-dos-consumidores\/#primaryimage"},"image":{"@id":"https:\/\/www.notibras.com\/site\/temporada-de-compras-exige-atencao-dos-consumidores\/#primaryimage"},"thumbnailUrl":"https:\/\/www.notibras.com\/site\/wp-content\/uploads\/2023\/11\/Foto-Lucio-Bernardo-Jr-1536x1078-1.jpg","datePublished":"2023-11-21T09:51:33+00:00","dateModified":"2023-11-21T10:54:54+00:00","breadcrumb":{"@id":"https:\/\/www.notibras.com\/site\/temporada-de-compras-exige-atencao-dos-consumidores\/#breadcrumb"},"inLanguage":"pt-BR","potentialAction":[{"@type":"ReadAction","target":["https:\/\/www.notibras.com\/site\/temporada-de-compras-exige-atencao-dos-consumidores\/"]}]},{"@type":"ImageObject","inLanguage":"pt-BR","@id":"https:\/\/www.notibras.com\/site\/temporada-de-compras-exige-atencao-dos-consumidores\/#primaryimage","url":"https:\/\/www.notibras.com\/site\/wp-content\/uploads\/2023\/11\/Foto-Lucio-Bernardo-Jr-1536x1078-1.jpg","contentUrl":"https:\/\/www.notibras.com\/site\/wp-content\/uploads\/2023\/11\/Foto-Lucio-Bernardo-Jr-1536x1078-1.jpg","width":1536,"height":1078},{"@type":"BreadcrumbList","@id":"https:\/\/www.notibras.com\/site\/temporada-de-compras-exige-atencao-dos-consumidores\/#breadcrumb","itemListElement":[{"@type":"ListItem","position":1,"name":"In\u00edcio","item":"https:\/\/www.notibras.com\/site\/"},{"@type":"ListItem","position":2,"name":"Temporada de compras exige aten\u00e7\u00e3o dos consumidores"}]},{"@type":"WebSite","@id":"https:\/\/www.notibras.com\/site\/#website","url":"https:\/\/www.notibras.com\/site\/","name":"Notibras","description":"Not\u00edcias de Bras\u00edlia, do Brasil e do Mundo","publisher":{"@id":"https:\/\/www.notibras.com\/site\/#organization"},"potentialAction":[{"@type":"SearchAction","target":{"@type":"EntryPoint","urlTemplate":"https:\/\/www.notibras.com\/site\/?s={search_term_string}"},"query-input":{"@type":"PropertyValueSpecification","valueRequired":true,"valueName":"search_term_string"}}],"inLanguage":"pt-BR"},{"@type":"Organization","@id":"https:\/\/www.notibras.com\/site\/#organization","name":"Grupo Notibras de Comunica\u00e7\u00e3o","url":"https:\/\/www.notibras.com\/site\/","logo":{"@type":"ImageObject","inLanguage":"pt-BR","@id":"https:\/\/www.notibras.com\/site\/#\/schema\/logo\/image\/","url":"https:\/\/www.notibras.com\/site\/wp-content\/uploads\/2023\/01\/notibras23.png","contentUrl":"https:\/\/www.notibras.com\/site\/wp-content\/uploads\/2023\/01\/notibras23.png","width":350,"height":87,"caption":"Grupo Notibras de Comunica\u00e7\u00e3o"},"image":{"@id":"https:\/\/www.notibras.com\/site\/#\/schema\/logo\/image\/"},"sameAs":["https:\/\/www.facebook.com\/notibras\/","https:\/\/x.com\/Notibras","https:\/\/www.instagram.com\/notibras\/"]},{"@type":"Person","@id":"https:\/\/www.notibras.com\/site\/#\/schema\/person\/36ab0979449956132d3e5b517ea76ac8","name":"Reda\u00e7\u00e3o","image":{"@type":"ImageObject","inLanguage":"pt-BR","@id":"https:\/\/secure.gravatar.com\/avatar\/e0a867bdedb85fd243eadf09663511f96fc81e0720a4a42581f334ad4303aa6b?s=96&d=mm&r=g","url":"https:\/\/secure.gravatar.com\/avatar\/e0a867bdedb85fd243eadf09663511f96fc81e0720a4a42581f334ad4303aa6b?s=96&d=mm&r=g","contentUrl":"https:\/\/secure.gravatar.com\/avatar\/e0a867bdedb85fd243eadf09663511f96fc81e0720a4a42581f334ad4303aa6b?s=96&d=mm&r=g","caption":"Reda\u00e7\u00e3o"}}]}},"amp_enabled":true,"_links":{"self":[{"href":"https:\/\/www.notibras.com\/site\/wp-json\/wp\/v2\/posts\/317391","targetHints":{"allow":["GET"]}}],"collection":[{"href":"https:\/\/www.notibras.com\/site\/wp-json\/wp\/v2\/posts"}],"about":[{"href":"https:\/\/www.notibras.com\/site\/wp-json\/wp\/v2\/types\/post"}],"author":[{"embeddable":true,"href":"https:\/\/www.notibras.com\/site\/wp-json\/wp\/v2\/users\/2"}],"replies":[{"embeddable":true,"href":"https:\/\/www.notibras.com\/site\/wp-json\/wp\/v2\/comments?post=317391"}],"version-history":[{"count":1,"href":"https:\/\/www.notibras.com\/site\/wp-json\/wp\/v2\/posts\/317391\/revisions"}],"predecessor-version":[{"id":317393,"href":"https:\/\/www.notibras.com\/site\/wp-json\/wp\/v2\/posts\/317391\/revisions\/317393"}],"wp:featuredmedia":[{"embeddable":true,"href":"https:\/\/www.notibras.com\/site\/wp-json\/wp\/v2\/media\/317392"}],"wp:attachment":[{"href":"https:\/\/www.notibras.com\/site\/wp-json\/wp\/v2\/media?parent=317391"}],"wp:term":[{"taxonomy":"category","embeddable":true,"href":"https:\/\/www.notibras.com\/site\/wp-json\/wp\/v2\/categories?post=317391"},{"taxonomy":"post_tag","embeddable":true,"href":"https:\/\/www.notibras.com\/site\/wp-json\/wp\/v2\/tags?post=317391"}],"curies":[{"name":"wp","href":"https:\/\/api.w.org\/{rel}","templated":true}]}}