{"id":317394,"date":"2023-11-21T00:56:30","date_gmt":"2023-11-21T03:56:30","guid":{"rendered":"https:\/\/www.notibras.com\/site\/?p=317394"},"modified":"2023-11-21T08:03:18","modified_gmt":"2023-11-21T11:03:18","slug":"trabalho-com-a-comunidade-conserva-estradas-vicinais","status":"publish","type":"post","link":"https:\/\/www.notibras.com\/site\/trabalho-com-a-comunidade-conserva-estradas-vicinais\/","title":{"rendered":"Trabalho com a comunidade conserva estradas vicinais"},"content":{"rendered":"<p>A preserva\u00e7\u00e3o das vias n\u00e3o pavimentadas \u00e9 o retrato de um trabalho conjunto entre \u00f3rg\u00e3os do Governo do Distrito Federal (GDF) e moradores das localidades rurais. Enquanto o Executivo conserva e recupera as rodovias, com nivelamento, implanta\u00e7\u00e3o de RCC (res\u00edduos da constru\u00e7\u00e3o civil) e a cria\u00e7\u00e3o de mecanismos de drenagem, a comunidade ajuda a manter a qualidade das estradas com pequenas a\u00e7\u00f5es dentro das propriedades. Uma dessas iniciativas se d\u00e1 por meio do programa Porteira para Dentro, coordenado pela Secretaria de Agricultura, Abastecimento e Desenvolvimento Rural do DF (Seagri).<\/p>\n<p>O objetivo \u00e9 fazer a manuten\u00e7\u00e3o das estradas e a constru\u00e7\u00e3o de bols\u00f5es \u2013 buracos profundos escavados no solo para conter a \u00e1gua das chuvas e evitar eros\u00f5es \u2013, sobretudo para proteger os rios e mananciais localizados no interior das propriedades.<\/p>\n<p>Somente neste ano, as equipes da Seagri constru\u00edram 111 baci\u00f5es nas \u00e1reas rurais do DF e recuperaram com cascalho e RCC mais de 145 km de estradas rurais com a ajuda do Porteira para Dentro, ultrapassando o total de 94,2 km executados em 2022. Al\u00e9m disso, de 2019 at\u00e9 setembro deste ano, outros 6.294 km de estradas rurais receberam interven\u00e7\u00e3o do GDF com a aplica\u00e7\u00e3o do material nas vias n\u00e3o pavimentadas do DF.<\/p>\n<p><strong>Preserva\u00e7\u00e3o do solo<\/strong><br \/>\n\u201cO plano \u00e9 atender as demandas da comunidade\u201d, explica o secret\u00e1rio executivo da Seagri, Rafael Bueno. \u201cDe maneira geral, elas v\u00eam pelas associa\u00e7\u00f5es ou pelas administra\u00e7\u00f5es regionais. A gente conversa com todos os entes para que haja uma mobiliza\u00e7\u00e3o para que nos recebam. Antes de iniciar o servi\u00e7o, fazemos uma reuni\u00e3o com os representantes e depois realizamos uma vistoria no local para verificar qual servi\u00e7o ser\u00e1 feito e qual maquin\u00e1rio ser\u00e1 utilizado.\u201d<\/p>\n<p>O servi\u00e7o \u00e9 mais uma forma de o governo atuar na conserva\u00e7\u00e3o das vias n\u00e3o pavimentadas. \u201cA qualidade das estradas est\u00e1 intimamente ligada \u00e0 preserva\u00e7\u00e3o do solo e da \u00e1gua dentro das propriedades\u201d, pontua o coordenador do Polo Rural do programa GDF Presente na Secretaria de Governo (Segov), Luciano Mendes. \u201cOs produtores n\u00e3o podem deixar o solo exposto sem pastagem, palha ou alguma cultura, porque quando chove \u00e9 tudo carregado para dentro das estradas e dos c\u00f3rregos, que v\u00e3o assoreando\u201d.<\/p>\n<p>Por isso, a Seagri e a Empresa de Assist\u00eancia T\u00e9cnica e Extens\u00e3o Rural do DF (Emater) tamb\u00e9m auxiliam os produtores rurais em rela\u00e7\u00e3o \u00e0 topografia dos terrenos, al\u00e9m de melhorar o acesso dos \u00f4nibus \u00e0 comunidade escolar rural.<\/p>\n<p>\u201cOrientamos sobre a necessidade da cria\u00e7\u00e3o de ondula\u00e7\u00f5es transversais, mais conhecidas como peitos-de-pombo, e das bacias de reten\u00e7\u00e3o, tamb\u00e9m chamadas de barraginhas, que s\u00e3o pequenas bacias escavadas no solo\u201d, detalha a engenheira ambiental Icl\u00e9a Silva, extensionista rural da Emater.<\/p>\n<p><strong>Bons exemplos<\/strong><br \/>\nMorador do Assentamento Primeiro de Julho, em S\u00e3o Sebasti\u00e3o, o produtor de ovos Giliard Antunes conta que a situa\u00e7\u00e3o da \u00e1rea da Agulhinha melhorou muito depois da atua\u00e7\u00e3o do governo dentro e fora das propriedades. \u201cHouve uma for\u00e7a-tarefa aqui em que o governo recascalhou a estrada e fez bols\u00f5es e peitos-de-pombo para desviar a \u00e1gua\u201d, lembra. \u201cIsso melhorou 100%. Agora n\u00e3o temos mais problemas de carros quebrados ou servi\u00e7os que n\u00e3o querem vir aqui. Sem falar que para n\u00f3s, que produzimos ovos de galinha, a estrada restaurada garante que o produto vai chegar em bom estado\u201d.<\/p>\n<p>Com uma propriedade de quatro hectares, Antunes tamb\u00e9m precisou fazer sua parte para melhorar a situa\u00e7\u00e3o da comunidade. Com ajuda do programa Porteira para Dentro, foram instalados bols\u00f5es e lombadas para diminuir a velocidade da \u00e1gua, em momentos de enxurradas. \u201cAgora a \u00e1gua fica dentro da propriedade, o que \u00e9 \u00f3timo, porque n\u00e3o escorrega para as vias e tamb\u00e9m faz com que eu sempre tenha a terra molhada, melhorando a qualidade do solo\u201d, comemora.<\/p>\n<p>O bom exemplo tamb\u00e9m \u00e9 dado pela produtora rural Maria Jos\u00e9 Ribeiro Alves, do N\u00facleo Rural Ponte Alta Norte, no Gama. Ela produz biscoitos caseiros e acerola, que s\u00e3o vendidos nas feiras e no com\u00e9rcio da regi\u00e3o administrativa. Dentro da propriedade, Maria Jos\u00e9 colaborou com o trabalho desenvolvido pelo governo.<\/p>\n<p>\u201cPara que o Estado consiga trabalhar nas melhorias da regi\u00e3o, a gente precisa autorizar que eles tirem o cercamento da nossa propriedade para a m\u00e1quina chegar at\u00e9 aqui, e eles, ent\u00e3o, conseguirem construir os bols\u00f5es e os peitos-de-pombo, mas tem muitos vizinhos que n\u00e3o deixam, e a chuva acaba ocasionando eros\u00f5es nas vias e os rios, polu\u00eddos\u201d, aponta ela.<\/p>\n<p><strong>Conscientiza\u00e7\u00e3o<\/strong><br \/>\nPara isso, s\u00e3o elaboradas a\u00e7\u00f5es de educa\u00e7\u00e3o ambiental a fim de promover a conscientiza\u00e7\u00e3o sobre o assunto entre os produtores agr\u00edcolas. \u201cH\u00e1 sinaliza\u00e7\u00e3o dos \u00f3rg\u00e3os do GDF pedindo para que as pessoas n\u00e3o obstruam os baci\u00f5es; as associa\u00e7\u00f5es tamb\u00e9m t\u00eam o papel de conversar com os vizinhos para n\u00e3o atrapalhar o trabalho desenvolvido pelo governo\u201d, avalia Rafael Bueno.<\/p>\n<p>Uma das principais consequ\u00eancias da chuva em vias n\u00e3o pavimentadas que n\u00e3o contam com as estrat\u00e9gias de drenagem \u00e9 o assoreamento dos cursos d\u2019\u00e1gua \u2014 ac\u00famulo de terra, lixo e mat\u00e9ria org\u00e2nica no fundo de um rio ou c\u00f3rrego. No caso do N\u00facleo Rural Ponte Alta Norte, h\u00e1 um riacho que d\u00e1 acesso ao Engenho das Lajes.<\/p>\n<p>\u201cAqui tem muitas minas de \u00e1gua, mas todas elas est\u00e3o praticamente acabadas com tanta eros\u00e3o\u201d, alerta Maria Jos\u00e9. \u201cA gente precisa urgentemente evitar que essa \u00e1gua escorra para dentro dos nossos c\u00f3rregos, mas, se os propriet\u00e1rios das ch\u00e1caras n\u00e3o colaborarem, infelizmente, o futuro vai ser a polui\u00e7\u00e3o dessas \u00e1guas.\u201d<\/p>\n","protected":false},"excerpt":{"rendered":"<p>A preserva\u00e7\u00e3o das vias n\u00e3o pavimentadas \u00e9 o retrato de um trabalho conjunto entre \u00f3rg\u00e3os do Governo do Distrito Federal (GDF) e moradores das localidades rurais. Enquanto o Executivo conserva e recupera as rodovias, com nivelamento, implanta\u00e7\u00e3o de RCC (res\u00edduos da constru\u00e7\u00e3o civil) e a cria\u00e7\u00e3o de mecanismos de drenagem, a comunidade ajuda a manter [&hellip;]<\/p>\n","protected":false},"author":2,"featured_media":317395,"comment_status":"closed","ping_status":"closed","sticky":false,"template":"","format":"standard","meta":{"_acf_changed":false,"footnotes":""},"categories":[161],"tags":[],"class_list":["post-317394","post","type-post","status-publish","format-standard","has-post-thumbnail","hentry","category-quadradinho-em-foco"],"acf":[],"yoast_head":"<!-- This site is optimized with the Yoast SEO plugin v27.2 - https:\/\/yoast.com\/product\/yoast-seo-wordpress\/ -->\n<title>Trabalho com a comunidade conserva estradas vicinais - Notibras<\/title>\n<meta name=\"robots\" content=\"index, follow, max-snippet:-1, max-image-preview:large, max-video-preview:-1\" \/>\n<link rel=\"canonical\" href=\"https:\/\/www.notibras.com\/site\/trabalho-com-a-comunidade-conserva-estradas-vicinais\/\" \/>\n<meta property=\"og:locale\" content=\"pt_BR\" \/>\n<meta property=\"og:type\" content=\"article\" \/>\n<meta property=\"og:title\" content=\"Trabalho com a comunidade conserva estradas vicinais - Notibras\" \/>\n<meta property=\"og:description\" content=\"A preserva\u00e7\u00e3o das vias n\u00e3o pavimentadas \u00e9 o retrato de um trabalho conjunto entre \u00f3rg\u00e3os do Governo do Distrito Federal (GDF) e moradores das localidades rurais. Enquanto o Executivo conserva e recupera as rodovias, com nivelamento, implanta\u00e7\u00e3o de RCC (res\u00edduos da constru\u00e7\u00e3o civil) e a cria\u00e7\u00e3o de mecanismos de drenagem, a comunidade ajuda a manter [&hellip;]\" \/>\n<meta property=\"og:url\" content=\"https:\/\/www.notibras.com\/site\/trabalho-com-a-comunidade-conserva-estradas-vicinais\/\" \/>\n<meta property=\"og:site_name\" content=\"Notibras\" \/>\n<meta property=\"article:publisher\" content=\"https:\/\/www.facebook.com\/notibras\/\" \/>\n<meta property=\"article:published_time\" content=\"2023-11-21T03:56:30+00:00\" \/>\n<meta property=\"article:modified_time\" content=\"2023-11-21T11:03:18+00:00\" \/>\n<meta property=\"og:image\" content=\"https:\/\/www.notibras.com\/site\/wp-content\/uploads\/2023\/11\/20.11.-Especial-areas-nao-pavimentadas.-Foto-Joel-Rodrigues-Agencia-Brasilia2-1536x1023-1.jpeg\" \/>\n\t<meta property=\"og:image:width\" content=\"1536\" \/>\n\t<meta property=\"og:image:height\" content=\"1023\" \/>\n\t<meta property=\"og:image:type\" content=\"image\/jpeg\" \/>\n<meta name=\"author\" content=\"Reda\u00e7\u00e3o\" \/>\n<meta name=\"twitter:card\" content=\"summary_large_image\" \/>\n<meta name=\"twitter:creator\" content=\"@Notibras\" \/>\n<meta name=\"twitter:site\" content=\"@Notibras\" \/>\n<meta name=\"twitter:label1\" content=\"Escrito por\" \/>\n\t<meta name=\"twitter:data1\" content=\"Reda\u00e7\u00e3o\" \/>\n\t<meta name=\"twitter:label2\" content=\"Est. tempo de leitura\" \/>\n\t<meta name=\"twitter:data2\" content=\"5 minutos\" \/>\n<script type=\"application\/ld+json\" class=\"yoast-schema-graph\">{\"@context\":\"https:\/\/schema.org\",\"@graph\":[{\"@type\":\"Article\",\"@id\":\"https:\/\/www.notibras.com\/site\/trabalho-com-a-comunidade-conserva-estradas-vicinais\/#article\",\"isPartOf\":{\"@id\":\"https:\/\/www.notibras.com\/site\/trabalho-com-a-comunidade-conserva-estradas-vicinais\/\"},\"author\":{\"name\":\"Reda\u00e7\u00e3o\",\"@id\":\"https:\/\/www.notibras.com\/site\/#\/schema\/person\/36ab0979449956132d3e5b517ea76ac8\"},\"headline\":\"Trabalho com a comunidade conserva estradas vicinais\",\"datePublished\":\"2023-11-21T03:56:30+00:00\",\"dateModified\":\"2023-11-21T11:03:18+00:00\",\"mainEntityOfPage\":{\"@id\":\"https:\/\/www.notibras.com\/site\/trabalho-com-a-comunidade-conserva-estradas-vicinais\/\"},\"wordCount\":972,\"publisher\":{\"@id\":\"https:\/\/www.notibras.com\/site\/#organization\"},\"image\":{\"@id\":\"https:\/\/www.notibras.com\/site\/trabalho-com-a-comunidade-conserva-estradas-vicinais\/#primaryimage\"},\"thumbnailUrl\":\"https:\/\/www.notibras.com\/site\/wp-content\/uploads\/2023\/11\/20.11.-Especial-areas-nao-pavimentadas.-Foto-Joel-Rodrigues-Agencia-Brasilia2-1536x1023-1.jpeg\",\"articleSection\":[\"Quadradinho em Foco\"],\"inLanguage\":\"pt-BR\"},{\"@type\":\"WebPage\",\"@id\":\"https:\/\/www.notibras.com\/site\/trabalho-com-a-comunidade-conserva-estradas-vicinais\/\",\"url\":\"https:\/\/www.notibras.com\/site\/trabalho-com-a-comunidade-conserva-estradas-vicinais\/\",\"name\":\"Trabalho com a comunidade conserva estradas vicinais - Notibras\",\"isPartOf\":{\"@id\":\"https:\/\/www.notibras.com\/site\/#website\"},\"primaryImageOfPage\":{\"@id\":\"https:\/\/www.notibras.com\/site\/trabalho-com-a-comunidade-conserva-estradas-vicinais\/#primaryimage\"},\"image\":{\"@id\":\"https:\/\/www.notibras.com\/site\/trabalho-com-a-comunidade-conserva-estradas-vicinais\/#primaryimage\"},\"thumbnailUrl\":\"https:\/\/www.notibras.com\/site\/wp-content\/uploads\/2023\/11\/20.11.-Especial-areas-nao-pavimentadas.-Foto-Joel-Rodrigues-Agencia-Brasilia2-1536x1023-1.jpeg\",\"datePublished\":\"2023-11-21T03:56:30+00:00\",\"dateModified\":\"2023-11-21T11:03:18+00:00\",\"breadcrumb\":{\"@id\":\"https:\/\/www.notibras.com\/site\/trabalho-com-a-comunidade-conserva-estradas-vicinais\/#breadcrumb\"},\"inLanguage\":\"pt-BR\",\"potentialAction\":[{\"@type\":\"ReadAction\",\"target\":[\"https:\/\/www.notibras.com\/site\/trabalho-com-a-comunidade-conserva-estradas-vicinais\/\"]}]},{\"@type\":\"ImageObject\",\"inLanguage\":\"pt-BR\",\"@id\":\"https:\/\/www.notibras.com\/site\/trabalho-com-a-comunidade-conserva-estradas-vicinais\/#primaryimage\",\"url\":\"https:\/\/www.notibras.com\/site\/wp-content\/uploads\/2023\/11\/20.11.-Especial-areas-nao-pavimentadas.-Foto-Joel-Rodrigues-Agencia-Brasilia2-1536x1023-1.jpeg\",\"contentUrl\":\"https:\/\/www.notibras.com\/site\/wp-content\/uploads\/2023\/11\/20.11.-Especial-areas-nao-pavimentadas.-Foto-Joel-Rodrigues-Agencia-Brasilia2-1536x1023-1.jpeg\",\"width\":1536,\"height\":1023},{\"@type\":\"BreadcrumbList\",\"@id\":\"https:\/\/www.notibras.com\/site\/trabalho-com-a-comunidade-conserva-estradas-vicinais\/#breadcrumb\",\"itemListElement\":[{\"@type\":\"ListItem\",\"position\":1,\"name\":\"In\u00edcio\",\"item\":\"https:\/\/www.notibras.com\/site\/\"},{\"@type\":\"ListItem\",\"position\":2,\"name\":\"Trabalho com a comunidade conserva estradas vicinais\"}]},{\"@type\":\"WebSite\",\"@id\":\"https:\/\/www.notibras.com\/site\/#website\",\"url\":\"https:\/\/www.notibras.com\/site\/\",\"name\":\"Notibras\",\"description\":\"Not\u00edcias de Bras\u00edlia, do Brasil e do Mundo\",\"publisher\":{\"@id\":\"https:\/\/www.notibras.com\/site\/#organization\"},\"potentialAction\":[{\"@type\":\"SearchAction\",\"target\":{\"@type\":\"EntryPoint\",\"urlTemplate\":\"https:\/\/www.notibras.com\/site\/?s={search_term_string}\"},\"query-input\":{\"@type\":\"PropertyValueSpecification\",\"valueRequired\":true,\"valueName\":\"search_term_string\"}}],\"inLanguage\":\"pt-BR\"},{\"@type\":\"Organization\",\"@id\":\"https:\/\/www.notibras.com\/site\/#organization\",\"name\":\"Grupo Notibras de Comunica\u00e7\u00e3o\",\"url\":\"https:\/\/www.notibras.com\/site\/\",\"logo\":{\"@type\":\"ImageObject\",\"inLanguage\":\"pt-BR\",\"@id\":\"https:\/\/www.notibras.com\/site\/#\/schema\/logo\/image\/\",\"url\":\"https:\/\/www.notibras.com\/site\/wp-content\/uploads\/2023\/01\/notibras23.png\",\"contentUrl\":\"https:\/\/www.notibras.com\/site\/wp-content\/uploads\/2023\/01\/notibras23.png\",\"width\":350,\"height\":87,\"caption\":\"Grupo Notibras de Comunica\u00e7\u00e3o\"},\"image\":{\"@id\":\"https:\/\/www.notibras.com\/site\/#\/schema\/logo\/image\/\"},\"sameAs\":[\"https:\/\/www.facebook.com\/notibras\/\",\"https:\/\/x.com\/Notibras\",\"https:\/\/www.instagram.com\/notibras\/\"]},{\"@type\":\"Person\",\"@id\":\"https:\/\/www.notibras.com\/site\/#\/schema\/person\/36ab0979449956132d3e5b517ea76ac8\",\"name\":\"Reda\u00e7\u00e3o\",\"image\":{\"@type\":\"ImageObject\",\"inLanguage\":\"pt-BR\",\"@id\":\"https:\/\/secure.gravatar.com\/avatar\/e0a867bdedb85fd243eadf09663511f96fc81e0720a4a42581f334ad4303aa6b?s=96&d=mm&r=g\",\"url\":\"https:\/\/secure.gravatar.com\/avatar\/e0a867bdedb85fd243eadf09663511f96fc81e0720a4a42581f334ad4303aa6b?s=96&d=mm&r=g\",\"contentUrl\":\"https:\/\/secure.gravatar.com\/avatar\/e0a867bdedb85fd243eadf09663511f96fc81e0720a4a42581f334ad4303aa6b?s=96&d=mm&r=g\",\"caption\":\"Reda\u00e7\u00e3o\"}}]}<\/script>\n<!-- \/ Yoast SEO plugin. -->","yoast_head_json":{"title":"Trabalho com a comunidade conserva estradas vicinais - Notibras","robots":{"index":"index","follow":"follow","max-snippet":"max-snippet:-1","max-image-preview":"max-image-preview:large","max-video-preview":"max-video-preview:-1"},"canonical":"https:\/\/www.notibras.com\/site\/trabalho-com-a-comunidade-conserva-estradas-vicinais\/","og_locale":"pt_BR","og_type":"article","og_title":"Trabalho com a comunidade conserva estradas vicinais - Notibras","og_description":"A preserva\u00e7\u00e3o das vias n\u00e3o pavimentadas \u00e9 o retrato de um trabalho conjunto entre \u00f3rg\u00e3os do Governo do Distrito Federal (GDF) e moradores das localidades rurais. Enquanto o Executivo conserva e recupera as rodovias, com nivelamento, implanta\u00e7\u00e3o de RCC (res\u00edduos da constru\u00e7\u00e3o civil) e a cria\u00e7\u00e3o de mecanismos de drenagem, a comunidade ajuda a manter [&hellip;]","og_url":"https:\/\/www.notibras.com\/site\/trabalho-com-a-comunidade-conserva-estradas-vicinais\/","og_site_name":"Notibras","article_publisher":"https:\/\/www.facebook.com\/notibras\/","article_published_time":"2023-11-21T03:56:30+00:00","article_modified_time":"2023-11-21T11:03:18+00:00","og_image":[{"width":1536,"height":1023,"url":"https:\/\/www.notibras.com\/site\/wp-content\/uploads\/2023\/11\/20.11.-Especial-areas-nao-pavimentadas.-Foto-Joel-Rodrigues-Agencia-Brasilia2-1536x1023-1.jpeg","type":"image\/jpeg"}],"author":"Reda\u00e7\u00e3o","twitter_card":"summary_large_image","twitter_creator":"@Notibras","twitter_site":"@Notibras","twitter_misc":{"Escrito por":"Reda\u00e7\u00e3o","Est. tempo de leitura":"5 minutos"},"schema":{"@context":"https:\/\/schema.org","@graph":[{"@type":"Article","@id":"https:\/\/www.notibras.com\/site\/trabalho-com-a-comunidade-conserva-estradas-vicinais\/#article","isPartOf":{"@id":"https:\/\/www.notibras.com\/site\/trabalho-com-a-comunidade-conserva-estradas-vicinais\/"},"author":{"name":"Reda\u00e7\u00e3o","@id":"https:\/\/www.notibras.com\/site\/#\/schema\/person\/36ab0979449956132d3e5b517ea76ac8"},"headline":"Trabalho com a comunidade conserva estradas vicinais","datePublished":"2023-11-21T03:56:30+00:00","dateModified":"2023-11-21T11:03:18+00:00","mainEntityOfPage":{"@id":"https:\/\/www.notibras.com\/site\/trabalho-com-a-comunidade-conserva-estradas-vicinais\/"},"wordCount":972,"publisher":{"@id":"https:\/\/www.notibras.com\/site\/#organization"},"image":{"@id":"https:\/\/www.notibras.com\/site\/trabalho-com-a-comunidade-conserva-estradas-vicinais\/#primaryimage"},"thumbnailUrl":"https:\/\/www.notibras.com\/site\/wp-content\/uploads\/2023\/11\/20.11.-Especial-areas-nao-pavimentadas.-Foto-Joel-Rodrigues-Agencia-Brasilia2-1536x1023-1.jpeg","articleSection":["Quadradinho em Foco"],"inLanguage":"pt-BR"},{"@type":"WebPage","@id":"https:\/\/www.notibras.com\/site\/trabalho-com-a-comunidade-conserva-estradas-vicinais\/","url":"https:\/\/www.notibras.com\/site\/trabalho-com-a-comunidade-conserva-estradas-vicinais\/","name":"Trabalho com a comunidade conserva estradas vicinais - Notibras","isPartOf":{"@id":"https:\/\/www.notibras.com\/site\/#website"},"primaryImageOfPage":{"@id":"https:\/\/www.notibras.com\/site\/trabalho-com-a-comunidade-conserva-estradas-vicinais\/#primaryimage"},"image":{"@id":"https:\/\/www.notibras.com\/site\/trabalho-com-a-comunidade-conserva-estradas-vicinais\/#primaryimage"},"thumbnailUrl":"https:\/\/www.notibras.com\/site\/wp-content\/uploads\/2023\/11\/20.11.-Especial-areas-nao-pavimentadas.-Foto-Joel-Rodrigues-Agencia-Brasilia2-1536x1023-1.jpeg","datePublished":"2023-11-21T03:56:30+00:00","dateModified":"2023-11-21T11:03:18+00:00","breadcrumb":{"@id":"https:\/\/www.notibras.com\/site\/trabalho-com-a-comunidade-conserva-estradas-vicinais\/#breadcrumb"},"inLanguage":"pt-BR","potentialAction":[{"@type":"ReadAction","target":["https:\/\/www.notibras.com\/site\/trabalho-com-a-comunidade-conserva-estradas-vicinais\/"]}]},{"@type":"ImageObject","inLanguage":"pt-BR","@id":"https:\/\/www.notibras.com\/site\/trabalho-com-a-comunidade-conserva-estradas-vicinais\/#primaryimage","url":"https:\/\/www.notibras.com\/site\/wp-content\/uploads\/2023\/11\/20.11.-Especial-areas-nao-pavimentadas.-Foto-Joel-Rodrigues-Agencia-Brasilia2-1536x1023-1.jpeg","contentUrl":"https:\/\/www.notibras.com\/site\/wp-content\/uploads\/2023\/11\/20.11.-Especial-areas-nao-pavimentadas.-Foto-Joel-Rodrigues-Agencia-Brasilia2-1536x1023-1.jpeg","width":1536,"height":1023},{"@type":"BreadcrumbList","@id":"https:\/\/www.notibras.com\/site\/trabalho-com-a-comunidade-conserva-estradas-vicinais\/#breadcrumb","itemListElement":[{"@type":"ListItem","position":1,"name":"In\u00edcio","item":"https:\/\/www.notibras.com\/site\/"},{"@type":"ListItem","position":2,"name":"Trabalho com a comunidade conserva estradas vicinais"}]},{"@type":"WebSite","@id":"https:\/\/www.notibras.com\/site\/#website","url":"https:\/\/www.notibras.com\/site\/","name":"Notibras","description":"Not\u00edcias de Bras\u00edlia, do Brasil e do Mundo","publisher":{"@id":"https:\/\/www.notibras.com\/site\/#organization"},"potentialAction":[{"@type":"SearchAction","target":{"@type":"EntryPoint","urlTemplate":"https:\/\/www.notibras.com\/site\/?s={search_term_string}"},"query-input":{"@type":"PropertyValueSpecification","valueRequired":true,"valueName":"search_term_string"}}],"inLanguage":"pt-BR"},{"@type":"Organization","@id":"https:\/\/www.notibras.com\/site\/#organization","name":"Grupo Notibras de Comunica\u00e7\u00e3o","url":"https:\/\/www.notibras.com\/site\/","logo":{"@type":"ImageObject","inLanguage":"pt-BR","@id":"https:\/\/www.notibras.com\/site\/#\/schema\/logo\/image\/","url":"https:\/\/www.notibras.com\/site\/wp-content\/uploads\/2023\/01\/notibras23.png","contentUrl":"https:\/\/www.notibras.com\/site\/wp-content\/uploads\/2023\/01\/notibras23.png","width":350,"height":87,"caption":"Grupo Notibras de Comunica\u00e7\u00e3o"},"image":{"@id":"https:\/\/www.notibras.com\/site\/#\/schema\/logo\/image\/"},"sameAs":["https:\/\/www.facebook.com\/notibras\/","https:\/\/x.com\/Notibras","https:\/\/www.instagram.com\/notibras\/"]},{"@type":"Person","@id":"https:\/\/www.notibras.com\/site\/#\/schema\/person\/36ab0979449956132d3e5b517ea76ac8","name":"Reda\u00e7\u00e3o","image":{"@type":"ImageObject","inLanguage":"pt-BR","@id":"https:\/\/secure.gravatar.com\/avatar\/e0a867bdedb85fd243eadf09663511f96fc81e0720a4a42581f334ad4303aa6b?s=96&d=mm&r=g","url":"https:\/\/secure.gravatar.com\/avatar\/e0a867bdedb85fd243eadf09663511f96fc81e0720a4a42581f334ad4303aa6b?s=96&d=mm&r=g","contentUrl":"https:\/\/secure.gravatar.com\/avatar\/e0a867bdedb85fd243eadf09663511f96fc81e0720a4a42581f334ad4303aa6b?s=96&d=mm&r=g","caption":"Reda\u00e7\u00e3o"}}]}},"amp_enabled":true,"_links":{"self":[{"href":"https:\/\/www.notibras.com\/site\/wp-json\/wp\/v2\/posts\/317394","targetHints":{"allow":["GET"]}}],"collection":[{"href":"https:\/\/www.notibras.com\/site\/wp-json\/wp\/v2\/posts"}],"about":[{"href":"https:\/\/www.notibras.com\/site\/wp-json\/wp\/v2\/types\/post"}],"author":[{"embeddable":true,"href":"https:\/\/www.notibras.com\/site\/wp-json\/wp\/v2\/users\/2"}],"replies":[{"embeddable":true,"href":"https:\/\/www.notibras.com\/site\/wp-json\/wp\/v2\/comments?post=317394"}],"version-history":[{"count":1,"href":"https:\/\/www.notibras.com\/site\/wp-json\/wp\/v2\/posts\/317394\/revisions"}],"predecessor-version":[{"id":317396,"href":"https:\/\/www.notibras.com\/site\/wp-json\/wp\/v2\/posts\/317394\/revisions\/317396"}],"wp:featuredmedia":[{"embeddable":true,"href":"https:\/\/www.notibras.com\/site\/wp-json\/wp\/v2\/media\/317395"}],"wp:attachment":[{"href":"https:\/\/www.notibras.com\/site\/wp-json\/wp\/v2\/media?parent=317394"}],"wp:term":[{"taxonomy":"category","embeddable":true,"href":"https:\/\/www.notibras.com\/site\/wp-json\/wp\/v2\/categories?post=317394"},{"taxonomy":"post_tag","embeddable":true,"href":"https:\/\/www.notibras.com\/site\/wp-json\/wp\/v2\/tags?post=317394"}],"curies":[{"name":"wp","href":"https:\/\/api.w.org\/{rel}","templated":true}]}}