{"id":317397,"date":"2023-11-21T07:05:03","date_gmt":"2023-11-21T10:05:03","guid":{"rendered":"https:\/\/www.notibras.com\/site\/?p=317397"},"modified":"2023-11-21T08:11:10","modified_gmt":"2023-11-21T11:11:10","slug":"turismo-civico-vai-garantir-credito-para-viagens","status":"publish","type":"post","link":"https:\/\/www.notibras.com\/site\/turismo-civico-vai-garantir-credito-para-viagens\/","title":{"rendered":"Turismo c\u00edvico vai garantir cr\u00e9dito para viagens"},"content":{"rendered":"<p>Capital de todos os brasileiros e um museu a c\u00e9u aberto, Bras\u00edlia vai ganhar um impulso para receber mais visitantes e alavancar o turismo c\u00edvico. Lan\u00e7ado nesta segunda-feira (20), o programa Conhe\u00e7a o Brasil: C\u00edvico busca atrair pessoas \u00e0 capital em datas onde a movimenta\u00e7\u00e3o costuma diminuir.<\/p>\n<p>Um dos motivos para a cria\u00e7\u00e3o do programa \u00e9 a queda no setor hoteleiro aos finais de semana, quando chegam a ser registrados cerca de dez mil leitos vagos. \u201cA ideia \u00e9 suprir, por meio desse programa tamb\u00e9m, essa car\u00eancia que tem nos hot\u00e9is, de quinta a domingo\u201d, ressaltou o secret\u00e1rio de Turismo do DF, Cristiano Ara\u00fajo.<\/p>\n<p>Fruto de uma parceria entre o Minist\u00e9rio do Turismo (MTur), a Secretaria de Turismo do Distrito Federal (Setur) e o trade tur\u00edstico de Bras\u00edlia, o programa tem como foco os estudantes, professores e pesquisadores de todo pa\u00eds.<\/p>\n<p>\u201cA partir do momento em que a gente conhece nossa hist\u00f3ria, se sente parte disso, passa a valorizar, a defender. E, sem d\u00favida nenhuma, com esse programa, a gente tamb\u00e9m ativa os diversos elementos do trade, como guias, hot\u00e9is e setor gastron\u00f4mico\u201d, acrescentou o secret\u00e1rio, refor\u00e7ando a import\u00e2ncia da iniciativa tanto do ponto de vista c\u00edvico quanto econ\u00f4mico.<\/p>\n<p>Ser\u00e3o desenvolvidos roteiros que envolvem \u00edcones da democracia do Brasil, como a Esplanada dos Minist\u00e9rios, a Pra\u00e7a dos Tr\u00eas Poderes e o Congresso Nacional. As viagens tamb\u00e9m v\u00e3o incluir museus e outros monumentos p\u00fablicos, al\u00e9m de outras op\u00e7\u00f5es tur\u00edsticas no Entorno, como atrativos naturais, gastron\u00f4micos e culturais.<\/p>\n<p>Presente ao evento, o ministro de Turismo, Celso Sabino de Oliveira, destacou a import\u00e2ncia do programa na capital federal, que \u00e9 reconhecida pela Unesco como patrim\u00f4nio cultural da humanidade. A entidade tamb\u00e9m reconhece Bras\u00edlia como cidade criativa pelo seu design.<\/p>\n<p>\u201cN\u00f3s temos bem aqui na nossa capital federal um grande e belo patrim\u00f4nio, e a gente fica aqui durante a maioria dos finais de semana com a cidade bastante ociosa, em virtude do contrafluxo do turismo de neg\u00f3cios e de trabalho que acontece durante a semana. Ent\u00e3o, essa iniciativa \u00e9 para buscar a ocupa\u00e7\u00e3o dessa ociosidade, tanto nos leitos dos hot\u00e9is quanto nos assentos das aeronaves que se destinam a Bras\u00edlia durante o final de semana\u201d, acentuou.<\/p>\n<p>O ministro ainda refor\u00e7ou a import\u00e2ncia da parceria para que estudantes, universit\u00e1rios, secundaristas, professores e pesquisadores tenham condi\u00e7\u00f5es mais favor\u00e1veis a adquirir bilhetes de passagem, hospedagem e roteiros tur\u00edsticos na cidade.<\/p>\n<p><strong>Cr\u00e9dito facilitado<\/strong><br \/>\nO secret\u00e1rio de Turismo, Cristiano Ara\u00fajo, destaca: \u201cA partir do momento em que a gente conhece nossa hist\u00f3ria, se sente parte disso, passa a valorizar, a defender. E, sem d\u00favida nenhuma, com esse programa, a gente tamb\u00e9m ativa os diversos elementos do trade, como guias, hot\u00e9is e setor gastron\u00f4mico\u201d.<\/p>\n<p>O programa conta com cr\u00e9dito facilitado para aquisi\u00e7\u00e3o de pacotes e servi\u00e7os tur\u00edsticos, oferecido pelo Conhe\u00e7a Brasil: Realiza, uma parceria entre o Minist\u00e9rio do Turismo e o Banco do Brasil que oferece a possibilidade de parcelamento em at\u00e9 60 vezes, ainda em processo de ades\u00e3o nas empresas do setor de turismo.<\/p>\n<p>O presidente da Associa\u00e7\u00e3o Brasileira da Ind\u00fastria de Hot\u00e9is (Abih), Henrique Severino, descreveu o aspecto econ\u00f4mico que o projeto envolve como um facilitador para a vinda dos estudantes para Bras\u00edlia: \u201cEssa parceria com o Banco do Brasil \u00e9 algo que eu n\u00e3o me recordo de ter visto no passado. Um parcelamento em 60 vezes para as empresas que aderirem ao pacote, sem sombra de d\u00favidas, vai ser determinante para o sucesso desse projeto. Que bom que n\u00f3s temos a\u00ed o governo distrital do Distrito Federal e o Minist\u00e9rio [do Turismo] de m\u00e3os dadas para viabilizar o que \u00e9 t\u00e3o necess\u00e1rio\u201d.<\/p>\n<p>Ele ressaltou, ainda, o diferencial do turismo c\u00edvico para a popula\u00e7\u00e3o. \u201c\u00c9 um turismo de entretenimento com conhecimento, diferentemente do turismo de praia, de aventura, que abrange uma experi\u00eancia muito mais de entretenimento com muito menos conhecimento. O c\u00edvico depende de mais est\u00edmulo, mais esfor\u00e7o para que as pessoas tenham um real interesse\u201d, observou.<\/p>\n<p>A iniciativa contemplar\u00e1 a qualifica\u00e7\u00e3o de profissionais de linha de frente de atendimento ao turista em Bras\u00edlia; equipamentos de meios de hospedagem e alimenta\u00e7\u00e3o, guias e condutores de turismo; realiza\u00e7\u00e3o de a\u00e7\u00f5es promocionais para estimular o esp\u00edrito c\u00edvico dos brasileiros e a mobiliza\u00e7\u00e3o de institui\u00e7\u00f5es de ensino brasileiras para divulga\u00e7\u00e3o entre alunos, professores e pesquisadores.<\/p>\n","protected":false},"excerpt":{"rendered":"<p>Capital de todos os brasileiros e um museu a c\u00e9u aberto, Bras\u00edlia vai ganhar um impulso para receber mais visitantes e alavancar o turismo c\u00edvico. Lan\u00e7ado nesta segunda-feira (20), o programa Conhe\u00e7a o Brasil: C\u00edvico busca atrair pessoas \u00e0 capital em datas onde a movimenta\u00e7\u00e3o costuma diminuir. Um dos motivos para a cria\u00e7\u00e3o do programa [&hellip;]<\/p>\n","protected":false},"author":2,"featured_media":317398,"comment_status":"closed","ping_status":"closed","sticky":false,"template":"","format":"standard","meta":{"_acf_changed":false,"footnotes":""},"categories":[161],"tags":[],"class_list":["post-317397","post","type-post","status-publish","format-standard","has-post-thumbnail","hentry","category-quadradinho-em-foco"],"acf":[],"yoast_head":"<!-- This site is optimized with the Yoast SEO plugin v27.2 - https:\/\/yoast.com\/product\/yoast-seo-wordpress\/ -->\n<title>Turismo c\u00edvico vai garantir cr\u00e9dito para viagens - Notibras<\/title>\n<meta name=\"robots\" content=\"index, follow, max-snippet:-1, max-image-preview:large, max-video-preview:-1\" \/>\n<link rel=\"canonical\" href=\"https:\/\/www.notibras.com\/site\/turismo-civico-vai-garantir-credito-para-viagens\/\" \/>\n<meta property=\"og:locale\" content=\"pt_BR\" \/>\n<meta property=\"og:type\" content=\"article\" \/>\n<meta property=\"og:title\" content=\"Turismo c\u00edvico vai garantir cr\u00e9dito para viagens - Notibras\" \/>\n<meta property=\"og:description\" content=\"Capital de todos os brasileiros e um museu a c\u00e9u aberto, Bras\u00edlia vai ganhar um impulso para receber mais visitantes e alavancar o turismo c\u00edvico. Lan\u00e7ado nesta segunda-feira (20), o programa Conhe\u00e7a o Brasil: C\u00edvico busca atrair pessoas \u00e0 capital em datas onde a movimenta\u00e7\u00e3o costuma diminuir. Um dos motivos para a cria\u00e7\u00e3o do programa [&hellip;]\" \/>\n<meta property=\"og:url\" content=\"https:\/\/www.notibras.com\/site\/turismo-civico-vai-garantir-credito-para-viagens\/\" \/>\n<meta property=\"og:site_name\" content=\"Notibras\" \/>\n<meta property=\"article:publisher\" content=\"https:\/\/www.facebook.com\/notibras\/\" \/>\n<meta property=\"article:published_time\" content=\"2023-11-21T10:05:03+00:00\" \/>\n<meta property=\"article:modified_time\" content=\"2023-11-21T11:11:10+00:00\" \/>\n<meta property=\"og:image\" content=\"https:\/\/www.notibras.com\/site\/wp-content\/uploads\/2023\/11\/WhatsApp-Image-2023-11-20-at-13.54.01-2-1536x1023-1.jpeg\" \/>\n\t<meta property=\"og:image:width\" content=\"1536\" \/>\n\t<meta property=\"og:image:height\" content=\"1023\" \/>\n\t<meta property=\"og:image:type\" content=\"image\/jpeg\" \/>\n<meta name=\"author\" content=\"Reda\u00e7\u00e3o\" \/>\n<meta name=\"twitter:card\" content=\"summary_large_image\" \/>\n<meta name=\"twitter:creator\" content=\"@Notibras\" \/>\n<meta name=\"twitter:site\" content=\"@Notibras\" \/>\n<meta name=\"twitter:label1\" content=\"Escrito por\" \/>\n\t<meta name=\"twitter:data1\" content=\"Reda\u00e7\u00e3o\" \/>\n\t<meta name=\"twitter:label2\" content=\"Est. tempo de leitura\" \/>\n\t<meta name=\"twitter:data2\" content=\"4 minutos\" \/>\n<script type=\"application\/ld+json\" class=\"yoast-schema-graph\">{\"@context\":\"https:\/\/schema.org\",\"@graph\":[{\"@type\":\"Article\",\"@id\":\"https:\/\/www.notibras.com\/site\/turismo-civico-vai-garantir-credito-para-viagens\/#article\",\"isPartOf\":{\"@id\":\"https:\/\/www.notibras.com\/site\/turismo-civico-vai-garantir-credito-para-viagens\/\"},\"author\":{\"name\":\"Reda\u00e7\u00e3o\",\"@id\":\"https:\/\/www.notibras.com\/site\/#\/schema\/person\/36ab0979449956132d3e5b517ea76ac8\"},\"headline\":\"Turismo c\u00edvico vai garantir cr\u00e9dito para viagens\",\"datePublished\":\"2023-11-21T10:05:03+00:00\",\"dateModified\":\"2023-11-21T11:11:10+00:00\",\"mainEntityOfPage\":{\"@id\":\"https:\/\/www.notibras.com\/site\/turismo-civico-vai-garantir-credito-para-viagens\/\"},\"wordCount\":801,\"publisher\":{\"@id\":\"https:\/\/www.notibras.com\/site\/#organization\"},\"image\":{\"@id\":\"https:\/\/www.notibras.com\/site\/turismo-civico-vai-garantir-credito-para-viagens\/#primaryimage\"},\"thumbnailUrl\":\"https:\/\/www.notibras.com\/site\/wp-content\/uploads\/2023\/11\/WhatsApp-Image-2023-11-20-at-13.54.01-2-1536x1023-1.jpeg\",\"articleSection\":[\"Quadradinho em Foco\"],\"inLanguage\":\"pt-BR\"},{\"@type\":\"WebPage\",\"@id\":\"https:\/\/www.notibras.com\/site\/turismo-civico-vai-garantir-credito-para-viagens\/\",\"url\":\"https:\/\/www.notibras.com\/site\/turismo-civico-vai-garantir-credito-para-viagens\/\",\"name\":\"Turismo c\u00edvico vai garantir cr\u00e9dito para viagens - Notibras\",\"isPartOf\":{\"@id\":\"https:\/\/www.notibras.com\/site\/#website\"},\"primaryImageOfPage\":{\"@id\":\"https:\/\/www.notibras.com\/site\/turismo-civico-vai-garantir-credito-para-viagens\/#primaryimage\"},\"image\":{\"@id\":\"https:\/\/www.notibras.com\/site\/turismo-civico-vai-garantir-credito-para-viagens\/#primaryimage\"},\"thumbnailUrl\":\"https:\/\/www.notibras.com\/site\/wp-content\/uploads\/2023\/11\/WhatsApp-Image-2023-11-20-at-13.54.01-2-1536x1023-1.jpeg\",\"datePublished\":\"2023-11-21T10:05:03+00:00\",\"dateModified\":\"2023-11-21T11:11:10+00:00\",\"breadcrumb\":{\"@id\":\"https:\/\/www.notibras.com\/site\/turismo-civico-vai-garantir-credito-para-viagens\/#breadcrumb\"},\"inLanguage\":\"pt-BR\",\"potentialAction\":[{\"@type\":\"ReadAction\",\"target\":[\"https:\/\/www.notibras.com\/site\/turismo-civico-vai-garantir-credito-para-viagens\/\"]}]},{\"@type\":\"ImageObject\",\"inLanguage\":\"pt-BR\",\"@id\":\"https:\/\/www.notibras.com\/site\/turismo-civico-vai-garantir-credito-para-viagens\/#primaryimage\",\"url\":\"https:\/\/www.notibras.com\/site\/wp-content\/uploads\/2023\/11\/WhatsApp-Image-2023-11-20-at-13.54.01-2-1536x1023-1.jpeg\",\"contentUrl\":\"https:\/\/www.notibras.com\/site\/wp-content\/uploads\/2023\/11\/WhatsApp-Image-2023-11-20-at-13.54.01-2-1536x1023-1.jpeg\",\"width\":1536,\"height\":1023},{\"@type\":\"BreadcrumbList\",\"@id\":\"https:\/\/www.notibras.com\/site\/turismo-civico-vai-garantir-credito-para-viagens\/#breadcrumb\",\"itemListElement\":[{\"@type\":\"ListItem\",\"position\":1,\"name\":\"In\u00edcio\",\"item\":\"https:\/\/www.notibras.com\/site\/\"},{\"@type\":\"ListItem\",\"position\":2,\"name\":\"Turismo c\u00edvico vai garantir cr\u00e9dito para viagens\"}]},{\"@type\":\"WebSite\",\"@id\":\"https:\/\/www.notibras.com\/site\/#website\",\"url\":\"https:\/\/www.notibras.com\/site\/\",\"name\":\"Notibras\",\"description\":\"Not\u00edcias de Bras\u00edlia, do Brasil e do Mundo\",\"publisher\":{\"@id\":\"https:\/\/www.notibras.com\/site\/#organization\"},\"potentialAction\":[{\"@type\":\"SearchAction\",\"target\":{\"@type\":\"EntryPoint\",\"urlTemplate\":\"https:\/\/www.notibras.com\/site\/?s={search_term_string}\"},\"query-input\":{\"@type\":\"PropertyValueSpecification\",\"valueRequired\":true,\"valueName\":\"search_term_string\"}}],\"inLanguage\":\"pt-BR\"},{\"@type\":\"Organization\",\"@id\":\"https:\/\/www.notibras.com\/site\/#organization\",\"name\":\"Grupo Notibras de Comunica\u00e7\u00e3o\",\"url\":\"https:\/\/www.notibras.com\/site\/\",\"logo\":{\"@type\":\"ImageObject\",\"inLanguage\":\"pt-BR\",\"@id\":\"https:\/\/www.notibras.com\/site\/#\/schema\/logo\/image\/\",\"url\":\"https:\/\/www.notibras.com\/site\/wp-content\/uploads\/2023\/01\/notibras23.png\",\"contentUrl\":\"https:\/\/www.notibras.com\/site\/wp-content\/uploads\/2023\/01\/notibras23.png\",\"width\":350,\"height\":87,\"caption\":\"Grupo Notibras de Comunica\u00e7\u00e3o\"},\"image\":{\"@id\":\"https:\/\/www.notibras.com\/site\/#\/schema\/logo\/image\/\"},\"sameAs\":[\"https:\/\/www.facebook.com\/notibras\/\",\"https:\/\/x.com\/Notibras\",\"https:\/\/www.instagram.com\/notibras\/\"]},{\"@type\":\"Person\",\"@id\":\"https:\/\/www.notibras.com\/site\/#\/schema\/person\/36ab0979449956132d3e5b517ea76ac8\",\"name\":\"Reda\u00e7\u00e3o\",\"image\":{\"@type\":\"ImageObject\",\"inLanguage\":\"pt-BR\",\"@id\":\"https:\/\/secure.gravatar.com\/avatar\/e0a867bdedb85fd243eadf09663511f96fc81e0720a4a42581f334ad4303aa6b?s=96&d=mm&r=g\",\"url\":\"https:\/\/secure.gravatar.com\/avatar\/e0a867bdedb85fd243eadf09663511f96fc81e0720a4a42581f334ad4303aa6b?s=96&d=mm&r=g\",\"contentUrl\":\"https:\/\/secure.gravatar.com\/avatar\/e0a867bdedb85fd243eadf09663511f96fc81e0720a4a42581f334ad4303aa6b?s=96&d=mm&r=g\",\"caption\":\"Reda\u00e7\u00e3o\"}}]}<\/script>\n<!-- \/ Yoast SEO plugin. -->","yoast_head_json":{"title":"Turismo c\u00edvico vai garantir cr\u00e9dito para viagens - Notibras","robots":{"index":"index","follow":"follow","max-snippet":"max-snippet:-1","max-image-preview":"max-image-preview:large","max-video-preview":"max-video-preview:-1"},"canonical":"https:\/\/www.notibras.com\/site\/turismo-civico-vai-garantir-credito-para-viagens\/","og_locale":"pt_BR","og_type":"article","og_title":"Turismo c\u00edvico vai garantir cr\u00e9dito para viagens - Notibras","og_description":"Capital de todos os brasileiros e um museu a c\u00e9u aberto, Bras\u00edlia vai ganhar um impulso para receber mais visitantes e alavancar o turismo c\u00edvico. Lan\u00e7ado nesta segunda-feira (20), o programa Conhe\u00e7a o Brasil: C\u00edvico busca atrair pessoas \u00e0 capital em datas onde a movimenta\u00e7\u00e3o costuma diminuir. Um dos motivos para a cria\u00e7\u00e3o do programa [&hellip;]","og_url":"https:\/\/www.notibras.com\/site\/turismo-civico-vai-garantir-credito-para-viagens\/","og_site_name":"Notibras","article_publisher":"https:\/\/www.facebook.com\/notibras\/","article_published_time":"2023-11-21T10:05:03+00:00","article_modified_time":"2023-11-21T11:11:10+00:00","og_image":[{"width":1536,"height":1023,"url":"https:\/\/www.notibras.com\/site\/wp-content\/uploads\/2023\/11\/WhatsApp-Image-2023-11-20-at-13.54.01-2-1536x1023-1.jpeg","type":"image\/jpeg"}],"author":"Reda\u00e7\u00e3o","twitter_card":"summary_large_image","twitter_creator":"@Notibras","twitter_site":"@Notibras","twitter_misc":{"Escrito por":"Reda\u00e7\u00e3o","Est. tempo de leitura":"4 minutos"},"schema":{"@context":"https:\/\/schema.org","@graph":[{"@type":"Article","@id":"https:\/\/www.notibras.com\/site\/turismo-civico-vai-garantir-credito-para-viagens\/#article","isPartOf":{"@id":"https:\/\/www.notibras.com\/site\/turismo-civico-vai-garantir-credito-para-viagens\/"},"author":{"name":"Reda\u00e7\u00e3o","@id":"https:\/\/www.notibras.com\/site\/#\/schema\/person\/36ab0979449956132d3e5b517ea76ac8"},"headline":"Turismo c\u00edvico vai garantir cr\u00e9dito para viagens","datePublished":"2023-11-21T10:05:03+00:00","dateModified":"2023-11-21T11:11:10+00:00","mainEntityOfPage":{"@id":"https:\/\/www.notibras.com\/site\/turismo-civico-vai-garantir-credito-para-viagens\/"},"wordCount":801,"publisher":{"@id":"https:\/\/www.notibras.com\/site\/#organization"},"image":{"@id":"https:\/\/www.notibras.com\/site\/turismo-civico-vai-garantir-credito-para-viagens\/#primaryimage"},"thumbnailUrl":"https:\/\/www.notibras.com\/site\/wp-content\/uploads\/2023\/11\/WhatsApp-Image-2023-11-20-at-13.54.01-2-1536x1023-1.jpeg","articleSection":["Quadradinho em Foco"],"inLanguage":"pt-BR"},{"@type":"WebPage","@id":"https:\/\/www.notibras.com\/site\/turismo-civico-vai-garantir-credito-para-viagens\/","url":"https:\/\/www.notibras.com\/site\/turismo-civico-vai-garantir-credito-para-viagens\/","name":"Turismo c\u00edvico vai garantir cr\u00e9dito para viagens - Notibras","isPartOf":{"@id":"https:\/\/www.notibras.com\/site\/#website"},"primaryImageOfPage":{"@id":"https:\/\/www.notibras.com\/site\/turismo-civico-vai-garantir-credito-para-viagens\/#primaryimage"},"image":{"@id":"https:\/\/www.notibras.com\/site\/turismo-civico-vai-garantir-credito-para-viagens\/#primaryimage"},"thumbnailUrl":"https:\/\/www.notibras.com\/site\/wp-content\/uploads\/2023\/11\/WhatsApp-Image-2023-11-20-at-13.54.01-2-1536x1023-1.jpeg","datePublished":"2023-11-21T10:05:03+00:00","dateModified":"2023-11-21T11:11:10+00:00","breadcrumb":{"@id":"https:\/\/www.notibras.com\/site\/turismo-civico-vai-garantir-credito-para-viagens\/#breadcrumb"},"inLanguage":"pt-BR","potentialAction":[{"@type":"ReadAction","target":["https:\/\/www.notibras.com\/site\/turismo-civico-vai-garantir-credito-para-viagens\/"]}]},{"@type":"ImageObject","inLanguage":"pt-BR","@id":"https:\/\/www.notibras.com\/site\/turismo-civico-vai-garantir-credito-para-viagens\/#primaryimage","url":"https:\/\/www.notibras.com\/site\/wp-content\/uploads\/2023\/11\/WhatsApp-Image-2023-11-20-at-13.54.01-2-1536x1023-1.jpeg","contentUrl":"https:\/\/www.notibras.com\/site\/wp-content\/uploads\/2023\/11\/WhatsApp-Image-2023-11-20-at-13.54.01-2-1536x1023-1.jpeg","width":1536,"height":1023},{"@type":"BreadcrumbList","@id":"https:\/\/www.notibras.com\/site\/turismo-civico-vai-garantir-credito-para-viagens\/#breadcrumb","itemListElement":[{"@type":"ListItem","position":1,"name":"In\u00edcio","item":"https:\/\/www.notibras.com\/site\/"},{"@type":"ListItem","position":2,"name":"Turismo c\u00edvico vai garantir cr\u00e9dito para viagens"}]},{"@type":"WebSite","@id":"https:\/\/www.notibras.com\/site\/#website","url":"https:\/\/www.notibras.com\/site\/","name":"Notibras","description":"Not\u00edcias de Bras\u00edlia, do Brasil e do Mundo","publisher":{"@id":"https:\/\/www.notibras.com\/site\/#organization"},"potentialAction":[{"@type":"SearchAction","target":{"@type":"EntryPoint","urlTemplate":"https:\/\/www.notibras.com\/site\/?s={search_term_string}"},"query-input":{"@type":"PropertyValueSpecification","valueRequired":true,"valueName":"search_term_string"}}],"inLanguage":"pt-BR"},{"@type":"Organization","@id":"https:\/\/www.notibras.com\/site\/#organization","name":"Grupo Notibras de Comunica\u00e7\u00e3o","url":"https:\/\/www.notibras.com\/site\/","logo":{"@type":"ImageObject","inLanguage":"pt-BR","@id":"https:\/\/www.notibras.com\/site\/#\/schema\/logo\/image\/","url":"https:\/\/www.notibras.com\/site\/wp-content\/uploads\/2023\/01\/notibras23.png","contentUrl":"https:\/\/www.notibras.com\/site\/wp-content\/uploads\/2023\/01\/notibras23.png","width":350,"height":87,"caption":"Grupo Notibras de Comunica\u00e7\u00e3o"},"image":{"@id":"https:\/\/www.notibras.com\/site\/#\/schema\/logo\/image\/"},"sameAs":["https:\/\/www.facebook.com\/notibras\/","https:\/\/x.com\/Notibras","https:\/\/www.instagram.com\/notibras\/"]},{"@type":"Person","@id":"https:\/\/www.notibras.com\/site\/#\/schema\/person\/36ab0979449956132d3e5b517ea76ac8","name":"Reda\u00e7\u00e3o","image":{"@type":"ImageObject","inLanguage":"pt-BR","@id":"https:\/\/secure.gravatar.com\/avatar\/e0a867bdedb85fd243eadf09663511f96fc81e0720a4a42581f334ad4303aa6b?s=96&d=mm&r=g","url":"https:\/\/secure.gravatar.com\/avatar\/e0a867bdedb85fd243eadf09663511f96fc81e0720a4a42581f334ad4303aa6b?s=96&d=mm&r=g","contentUrl":"https:\/\/secure.gravatar.com\/avatar\/e0a867bdedb85fd243eadf09663511f96fc81e0720a4a42581f334ad4303aa6b?s=96&d=mm&r=g","caption":"Reda\u00e7\u00e3o"}}]}},"amp_enabled":true,"_links":{"self":[{"href":"https:\/\/www.notibras.com\/site\/wp-json\/wp\/v2\/posts\/317397","targetHints":{"allow":["GET"]}}],"collection":[{"href":"https:\/\/www.notibras.com\/site\/wp-json\/wp\/v2\/posts"}],"about":[{"href":"https:\/\/www.notibras.com\/site\/wp-json\/wp\/v2\/types\/post"}],"author":[{"embeddable":true,"href":"https:\/\/www.notibras.com\/site\/wp-json\/wp\/v2\/users\/2"}],"replies":[{"embeddable":true,"href":"https:\/\/www.notibras.com\/site\/wp-json\/wp\/v2\/comments?post=317397"}],"version-history":[{"count":3,"href":"https:\/\/www.notibras.com\/site\/wp-json\/wp\/v2\/posts\/317397\/revisions"}],"predecessor-version":[{"id":317401,"href":"https:\/\/www.notibras.com\/site\/wp-json\/wp\/v2\/posts\/317397\/revisions\/317401"}],"wp:featuredmedia":[{"embeddable":true,"href":"https:\/\/www.notibras.com\/site\/wp-json\/wp\/v2\/media\/317398"}],"wp:attachment":[{"href":"https:\/\/www.notibras.com\/site\/wp-json\/wp\/v2\/media?parent=317397"}],"wp:term":[{"taxonomy":"category","embeddable":true,"href":"https:\/\/www.notibras.com\/site\/wp-json\/wp\/v2\/categories?post=317397"},{"taxonomy":"post_tag","embeddable":true,"href":"https:\/\/www.notibras.com\/site\/wp-json\/wp\/v2\/tags?post=317397"}],"curies":[{"name":"wp","href":"https:\/\/api.w.org\/{rel}","templated":true}]}}