{"id":317483,"date":"2023-11-22T07:17:54","date_gmt":"2023-11-22T10:17:54","guid":{"rendered":"https:\/\/www.notibras.com\/site\/?p=317483"},"modified":"2023-11-22T11:34:55","modified_gmt":"2023-11-22T14:34:55","slug":"fim-de-semana-tem-chorinho-e-corais-natalinos","status":"publish","type":"post","link":"https:\/\/www.notibras.com\/site\/fim-de-semana-tem-chorinho-e-corais-natalinos\/","title":{"rendered":"Fim de semana tem chorinho e corais natalinos"},"content":{"rendered":"<p>A programa\u00e7\u00e3o musical do Terra\u00e7o Shopping encerrar\u00e1 o m\u00eas de novembro com apresenta\u00e7\u00f5es de corais natalinos. Nesta sexta-feira (24), \u00e0s 19h30, o Coral Jovem da Asa Norte sobe ao palco com as belas can\u00e7\u00f5es que encantam esta \u00e9poca do ano, trazendo ainda mais sentimento e magia para a data.<\/p>\n<p>J\u00e1 no s\u00e1bado (25), o p\u00fablico poder\u00e1 apreciar a cantata do Coral Novo Canto da Igreja Adventista do Guar\u00e1. Com um repert\u00f3rio com can\u00e7\u00f5es cl\u00e1ssicas de fim de ano, a apresenta\u00e7\u00e3o promete envolver a todos com as belas vozes e o clima festivo da temporada natalina, \u00e0s 19h30.<\/p>\n<p>E fechando o Almo\u00e7o Musical, no domingo (26), o Duo 7&#215;1 se apresentar\u00e1 \u00e0s 13h. Composto pelo flautista Maikon Canhola e o violonista M\u00e1rcio Carvalheira, os m\u00fasicos trar\u00e3o para o palco do Terra\u00e7o um repert\u00f3rio com chorinhos e m\u00fasica brasileira instrumental, com um di\u00e1logo entre flauta e viol\u00e3o 7 cordas.<\/p>\n<p>Com uma carreira de 30 anos, Maikon tamb\u00e9m integra a Orquestra da For\u00e7a A\u00e9rea, em Bras\u00edlia. O violonista M\u00e1rcio desenvolveu sua t\u00e9cnica na Escola de Choro Raphael Rabello, tendo atuado em v\u00e1rias forma\u00e7\u00f5es musicais, para difundir a m\u00fasica brasileira na cidade, explorando a sonoridade do viol\u00e3o 7 cordas a\u00e7o.<\/p>\n<p><strong>Servi\u00e7o:<\/strong><br \/>\nCorais Natalinos<br \/>\nLocal: Pra\u00e7a Central<br \/>\nHor\u00e1rio: 19h30 \u2013 \u00e0s sextas-feiras e s\u00e1bados<br \/>\n4\/11 \u2013 Coral Jovem da Asa Norte<br \/>\n25\/11 \u2013 Coral Novo Canto &#8211; Igreja Adventista do Guar\u00e1<\/p>\n<p>Almo\u00e7o Musical<br \/>\nLocal: Pra\u00e7a Central<br \/>\nHor\u00e1rio: 13h \u2013 domingo<br \/>\n26\/11 \u2013 Duo 7&#215;1<\/p>\n","protected":false},"excerpt":{"rendered":"<p>A programa\u00e7\u00e3o musical do Terra\u00e7o Shopping encerrar\u00e1 o m\u00eas de novembro com apresenta\u00e7\u00f5es de corais natalinos. Nesta sexta-feira (24), \u00e0s 19h30, o Coral Jovem da Asa Norte sobe ao palco com as belas can\u00e7\u00f5es que encantam esta \u00e9poca do ano, trazendo ainda mais sentimento e magia para a data. J\u00e1 no s\u00e1bado (25), o p\u00fablico [&hellip;]<\/p>\n","protected":false},"author":2,"featured_media":317484,"comment_status":"closed","ping_status":"closed","sticky":false,"template":"","format":"standard","meta":{"_acf_changed":false,"footnotes":""},"categories":[161],"tags":[],"class_list":["post-317483","post","type-post","status-publish","format-standard","has-post-thumbnail","hentry","category-quadradinho-em-foco"],"acf":[],"yoast_head":"<!-- This site is optimized with the Yoast SEO plugin v27.2 - https:\/\/yoast.com\/product\/yoast-seo-wordpress\/ -->\n<title>Fim de semana tem chorinho e corais natalinos - Notibras<\/title>\n<meta name=\"robots\" content=\"index, follow, max-snippet:-1, max-image-preview:large, max-video-preview:-1\" \/>\n<link rel=\"canonical\" href=\"https:\/\/www.notibras.com\/site\/fim-de-semana-tem-chorinho-e-corais-natalinos\/\" \/>\n<meta property=\"og:locale\" content=\"pt_BR\" \/>\n<meta property=\"og:type\" content=\"article\" \/>\n<meta property=\"og:title\" content=\"Fim de semana tem chorinho e corais natalinos - Notibras\" \/>\n<meta property=\"og:description\" content=\"A programa\u00e7\u00e3o musical do Terra\u00e7o Shopping encerrar\u00e1 o m\u00eas de novembro com apresenta\u00e7\u00f5es de corais natalinos. Nesta sexta-feira (24), \u00e0s 19h30, o Coral Jovem da Asa Norte sobe ao palco com as belas can\u00e7\u00f5es que encantam esta \u00e9poca do ano, trazendo ainda mais sentimento e magia para a data. J\u00e1 no s\u00e1bado (25), o p\u00fablico [&hellip;]\" \/>\n<meta property=\"og:url\" content=\"https:\/\/www.notibras.com\/site\/fim-de-semana-tem-chorinho-e-corais-natalinos\/\" \/>\n<meta property=\"og:site_name\" content=\"Notibras\" \/>\n<meta property=\"article:publisher\" content=\"https:\/\/www.facebook.com\/notibras\/\" \/>\n<meta property=\"article:published_time\" content=\"2023-11-22T10:17:54+00:00\" \/>\n<meta property=\"article:modified_time\" content=\"2023-11-22T14:34:55+00:00\" \/>\n<meta property=\"og:image\" content=\"https:\/\/www.notibras.com\/site\/wp-content\/uploads\/2023\/11\/Duo-7x1-1-1.jpeg\" \/>\n\t<meta property=\"og:image:width\" content=\"795\" \/>\n\t<meta property=\"og:image:height\" content=\"796\" \/>\n\t<meta property=\"og:image:type\" content=\"image\/jpeg\" \/>\n<meta name=\"author\" content=\"Reda\u00e7\u00e3o\" \/>\n<meta name=\"twitter:card\" content=\"summary_large_image\" \/>\n<meta name=\"twitter:creator\" content=\"@Notibras\" \/>\n<meta name=\"twitter:site\" content=\"@Notibras\" \/>\n<meta name=\"twitter:label1\" content=\"Escrito por\" \/>\n\t<meta name=\"twitter:data1\" content=\"Reda\u00e7\u00e3o\" \/>\n\t<meta name=\"twitter:label2\" content=\"Est. tempo de leitura\" \/>\n\t<meta name=\"twitter:data2\" content=\"2 minutos\" \/>\n<script type=\"application\/ld+json\" class=\"yoast-schema-graph\">{\"@context\":\"https:\/\/schema.org\",\"@graph\":[{\"@type\":\"Article\",\"@id\":\"https:\/\/www.notibras.com\/site\/fim-de-semana-tem-chorinho-e-corais-natalinos\/#article\",\"isPartOf\":{\"@id\":\"https:\/\/www.notibras.com\/site\/fim-de-semana-tem-chorinho-e-corais-natalinos\/\"},\"author\":{\"name\":\"Reda\u00e7\u00e3o\",\"@id\":\"https:\/\/www.notibras.com\/site\/#\/schema\/person\/36ab0979449956132d3e5b517ea76ac8\"},\"headline\":\"Fim de semana tem chorinho e corais natalinos\",\"datePublished\":\"2023-11-22T10:17:54+00:00\",\"dateModified\":\"2023-11-22T14:34:55+00:00\",\"mainEntityOfPage\":{\"@id\":\"https:\/\/www.notibras.com\/site\/fim-de-semana-tem-chorinho-e-corais-natalinos\/\"},\"wordCount\":271,\"publisher\":{\"@id\":\"https:\/\/www.notibras.com\/site\/#organization\"},\"image\":{\"@id\":\"https:\/\/www.notibras.com\/site\/fim-de-semana-tem-chorinho-e-corais-natalinos\/#primaryimage\"},\"thumbnailUrl\":\"https:\/\/www.notibras.com\/site\/wp-content\/uploads\/2023\/11\/Duo-7x1-1-1.jpeg\",\"articleSection\":[\"Quadradinho em Foco\"],\"inLanguage\":\"pt-BR\"},{\"@type\":\"WebPage\",\"@id\":\"https:\/\/www.notibras.com\/site\/fim-de-semana-tem-chorinho-e-corais-natalinos\/\",\"url\":\"https:\/\/www.notibras.com\/site\/fim-de-semana-tem-chorinho-e-corais-natalinos\/\",\"name\":\"Fim de semana tem chorinho e corais natalinos - Notibras\",\"isPartOf\":{\"@id\":\"https:\/\/www.notibras.com\/site\/#website\"},\"primaryImageOfPage\":{\"@id\":\"https:\/\/www.notibras.com\/site\/fim-de-semana-tem-chorinho-e-corais-natalinos\/#primaryimage\"},\"image\":{\"@id\":\"https:\/\/www.notibras.com\/site\/fim-de-semana-tem-chorinho-e-corais-natalinos\/#primaryimage\"},\"thumbnailUrl\":\"https:\/\/www.notibras.com\/site\/wp-content\/uploads\/2023\/11\/Duo-7x1-1-1.jpeg\",\"datePublished\":\"2023-11-22T10:17:54+00:00\",\"dateModified\":\"2023-11-22T14:34:55+00:00\",\"breadcrumb\":{\"@id\":\"https:\/\/www.notibras.com\/site\/fim-de-semana-tem-chorinho-e-corais-natalinos\/#breadcrumb\"},\"inLanguage\":\"pt-BR\",\"potentialAction\":[{\"@type\":\"ReadAction\",\"target\":[\"https:\/\/www.notibras.com\/site\/fim-de-semana-tem-chorinho-e-corais-natalinos\/\"]}]},{\"@type\":\"ImageObject\",\"inLanguage\":\"pt-BR\",\"@id\":\"https:\/\/www.notibras.com\/site\/fim-de-semana-tem-chorinho-e-corais-natalinos\/#primaryimage\",\"url\":\"https:\/\/www.notibras.com\/site\/wp-content\/uploads\/2023\/11\/Duo-7x1-1-1.jpeg\",\"contentUrl\":\"https:\/\/www.notibras.com\/site\/wp-content\/uploads\/2023\/11\/Duo-7x1-1-1.jpeg\",\"width\":795,\"height\":796},{\"@type\":\"BreadcrumbList\",\"@id\":\"https:\/\/www.notibras.com\/site\/fim-de-semana-tem-chorinho-e-corais-natalinos\/#breadcrumb\",\"itemListElement\":[{\"@type\":\"ListItem\",\"position\":1,\"name\":\"In\u00edcio\",\"item\":\"https:\/\/www.notibras.com\/site\/\"},{\"@type\":\"ListItem\",\"position\":2,\"name\":\"Fim de semana tem chorinho e corais natalinos\"}]},{\"@type\":\"WebSite\",\"@id\":\"https:\/\/www.notibras.com\/site\/#website\",\"url\":\"https:\/\/www.notibras.com\/site\/\",\"name\":\"Notibras\",\"description\":\"Not\u00edcias de Bras\u00edlia, do Brasil e do Mundo\",\"publisher\":{\"@id\":\"https:\/\/www.notibras.com\/site\/#organization\"},\"potentialAction\":[{\"@type\":\"SearchAction\",\"target\":{\"@type\":\"EntryPoint\",\"urlTemplate\":\"https:\/\/www.notibras.com\/site\/?s={search_term_string}\"},\"query-input\":{\"@type\":\"PropertyValueSpecification\",\"valueRequired\":true,\"valueName\":\"search_term_string\"}}],\"inLanguage\":\"pt-BR\"},{\"@type\":\"Organization\",\"@id\":\"https:\/\/www.notibras.com\/site\/#organization\",\"name\":\"Grupo Notibras de Comunica\u00e7\u00e3o\",\"url\":\"https:\/\/www.notibras.com\/site\/\",\"logo\":{\"@type\":\"ImageObject\",\"inLanguage\":\"pt-BR\",\"@id\":\"https:\/\/www.notibras.com\/site\/#\/schema\/logo\/image\/\",\"url\":\"https:\/\/www.notibras.com\/site\/wp-content\/uploads\/2023\/01\/notibras23.png\",\"contentUrl\":\"https:\/\/www.notibras.com\/site\/wp-content\/uploads\/2023\/01\/notibras23.png\",\"width\":350,\"height\":87,\"caption\":\"Grupo Notibras de Comunica\u00e7\u00e3o\"},\"image\":{\"@id\":\"https:\/\/www.notibras.com\/site\/#\/schema\/logo\/image\/\"},\"sameAs\":[\"https:\/\/www.facebook.com\/notibras\/\",\"https:\/\/x.com\/Notibras\",\"https:\/\/www.instagram.com\/notibras\/\"]},{\"@type\":\"Person\",\"@id\":\"https:\/\/www.notibras.com\/site\/#\/schema\/person\/36ab0979449956132d3e5b517ea76ac8\",\"name\":\"Reda\u00e7\u00e3o\",\"image\":{\"@type\":\"ImageObject\",\"inLanguage\":\"pt-BR\",\"@id\":\"https:\/\/secure.gravatar.com\/avatar\/e0a867bdedb85fd243eadf09663511f96fc81e0720a4a42581f334ad4303aa6b?s=96&d=mm&r=g\",\"url\":\"https:\/\/secure.gravatar.com\/avatar\/e0a867bdedb85fd243eadf09663511f96fc81e0720a4a42581f334ad4303aa6b?s=96&d=mm&r=g\",\"contentUrl\":\"https:\/\/secure.gravatar.com\/avatar\/e0a867bdedb85fd243eadf09663511f96fc81e0720a4a42581f334ad4303aa6b?s=96&d=mm&r=g\",\"caption\":\"Reda\u00e7\u00e3o\"}}]}<\/script>\n<!-- \/ Yoast SEO plugin. -->","yoast_head_json":{"title":"Fim de semana tem chorinho e corais natalinos - Notibras","robots":{"index":"index","follow":"follow","max-snippet":"max-snippet:-1","max-image-preview":"max-image-preview:large","max-video-preview":"max-video-preview:-1"},"canonical":"https:\/\/www.notibras.com\/site\/fim-de-semana-tem-chorinho-e-corais-natalinos\/","og_locale":"pt_BR","og_type":"article","og_title":"Fim de semana tem chorinho e corais natalinos - Notibras","og_description":"A programa\u00e7\u00e3o musical do Terra\u00e7o Shopping encerrar\u00e1 o m\u00eas de novembro com apresenta\u00e7\u00f5es de corais natalinos. Nesta sexta-feira (24), \u00e0s 19h30, o Coral Jovem da Asa Norte sobe ao palco com as belas can\u00e7\u00f5es que encantam esta \u00e9poca do ano, trazendo ainda mais sentimento e magia para a data. J\u00e1 no s\u00e1bado (25), o p\u00fablico [&hellip;]","og_url":"https:\/\/www.notibras.com\/site\/fim-de-semana-tem-chorinho-e-corais-natalinos\/","og_site_name":"Notibras","article_publisher":"https:\/\/www.facebook.com\/notibras\/","article_published_time":"2023-11-22T10:17:54+00:00","article_modified_time":"2023-11-22T14:34:55+00:00","og_image":[{"width":795,"height":796,"url":"https:\/\/www.notibras.com\/site\/wp-content\/uploads\/2023\/11\/Duo-7x1-1-1.jpeg","type":"image\/jpeg"}],"author":"Reda\u00e7\u00e3o","twitter_card":"summary_large_image","twitter_creator":"@Notibras","twitter_site":"@Notibras","twitter_misc":{"Escrito por":"Reda\u00e7\u00e3o","Est. tempo de leitura":"2 minutos"},"schema":{"@context":"https:\/\/schema.org","@graph":[{"@type":"Article","@id":"https:\/\/www.notibras.com\/site\/fim-de-semana-tem-chorinho-e-corais-natalinos\/#article","isPartOf":{"@id":"https:\/\/www.notibras.com\/site\/fim-de-semana-tem-chorinho-e-corais-natalinos\/"},"author":{"name":"Reda\u00e7\u00e3o","@id":"https:\/\/www.notibras.com\/site\/#\/schema\/person\/36ab0979449956132d3e5b517ea76ac8"},"headline":"Fim de semana tem chorinho e corais natalinos","datePublished":"2023-11-22T10:17:54+00:00","dateModified":"2023-11-22T14:34:55+00:00","mainEntityOfPage":{"@id":"https:\/\/www.notibras.com\/site\/fim-de-semana-tem-chorinho-e-corais-natalinos\/"},"wordCount":271,"publisher":{"@id":"https:\/\/www.notibras.com\/site\/#organization"},"image":{"@id":"https:\/\/www.notibras.com\/site\/fim-de-semana-tem-chorinho-e-corais-natalinos\/#primaryimage"},"thumbnailUrl":"https:\/\/www.notibras.com\/site\/wp-content\/uploads\/2023\/11\/Duo-7x1-1-1.jpeg","articleSection":["Quadradinho em Foco"],"inLanguage":"pt-BR"},{"@type":"WebPage","@id":"https:\/\/www.notibras.com\/site\/fim-de-semana-tem-chorinho-e-corais-natalinos\/","url":"https:\/\/www.notibras.com\/site\/fim-de-semana-tem-chorinho-e-corais-natalinos\/","name":"Fim de semana tem chorinho e corais natalinos - Notibras","isPartOf":{"@id":"https:\/\/www.notibras.com\/site\/#website"},"primaryImageOfPage":{"@id":"https:\/\/www.notibras.com\/site\/fim-de-semana-tem-chorinho-e-corais-natalinos\/#primaryimage"},"image":{"@id":"https:\/\/www.notibras.com\/site\/fim-de-semana-tem-chorinho-e-corais-natalinos\/#primaryimage"},"thumbnailUrl":"https:\/\/www.notibras.com\/site\/wp-content\/uploads\/2023\/11\/Duo-7x1-1-1.jpeg","datePublished":"2023-11-22T10:17:54+00:00","dateModified":"2023-11-22T14:34:55+00:00","breadcrumb":{"@id":"https:\/\/www.notibras.com\/site\/fim-de-semana-tem-chorinho-e-corais-natalinos\/#breadcrumb"},"inLanguage":"pt-BR","potentialAction":[{"@type":"ReadAction","target":["https:\/\/www.notibras.com\/site\/fim-de-semana-tem-chorinho-e-corais-natalinos\/"]}]},{"@type":"ImageObject","inLanguage":"pt-BR","@id":"https:\/\/www.notibras.com\/site\/fim-de-semana-tem-chorinho-e-corais-natalinos\/#primaryimage","url":"https:\/\/www.notibras.com\/site\/wp-content\/uploads\/2023\/11\/Duo-7x1-1-1.jpeg","contentUrl":"https:\/\/www.notibras.com\/site\/wp-content\/uploads\/2023\/11\/Duo-7x1-1-1.jpeg","width":795,"height":796},{"@type":"BreadcrumbList","@id":"https:\/\/www.notibras.com\/site\/fim-de-semana-tem-chorinho-e-corais-natalinos\/#breadcrumb","itemListElement":[{"@type":"ListItem","position":1,"name":"In\u00edcio","item":"https:\/\/www.notibras.com\/site\/"},{"@type":"ListItem","position":2,"name":"Fim de semana tem chorinho e corais natalinos"}]},{"@type":"WebSite","@id":"https:\/\/www.notibras.com\/site\/#website","url":"https:\/\/www.notibras.com\/site\/","name":"Notibras","description":"Not\u00edcias de Bras\u00edlia, do Brasil e do Mundo","publisher":{"@id":"https:\/\/www.notibras.com\/site\/#organization"},"potentialAction":[{"@type":"SearchAction","target":{"@type":"EntryPoint","urlTemplate":"https:\/\/www.notibras.com\/site\/?s={search_term_string}"},"query-input":{"@type":"PropertyValueSpecification","valueRequired":true,"valueName":"search_term_string"}}],"inLanguage":"pt-BR"},{"@type":"Organization","@id":"https:\/\/www.notibras.com\/site\/#organization","name":"Grupo Notibras de Comunica\u00e7\u00e3o","url":"https:\/\/www.notibras.com\/site\/","logo":{"@type":"ImageObject","inLanguage":"pt-BR","@id":"https:\/\/www.notibras.com\/site\/#\/schema\/logo\/image\/","url":"https:\/\/www.notibras.com\/site\/wp-content\/uploads\/2023\/01\/notibras23.png","contentUrl":"https:\/\/www.notibras.com\/site\/wp-content\/uploads\/2023\/01\/notibras23.png","width":350,"height":87,"caption":"Grupo Notibras de Comunica\u00e7\u00e3o"},"image":{"@id":"https:\/\/www.notibras.com\/site\/#\/schema\/logo\/image\/"},"sameAs":["https:\/\/www.facebook.com\/notibras\/","https:\/\/x.com\/Notibras","https:\/\/www.instagram.com\/notibras\/"]},{"@type":"Person","@id":"https:\/\/www.notibras.com\/site\/#\/schema\/person\/36ab0979449956132d3e5b517ea76ac8","name":"Reda\u00e7\u00e3o","image":{"@type":"ImageObject","inLanguage":"pt-BR","@id":"https:\/\/secure.gravatar.com\/avatar\/e0a867bdedb85fd243eadf09663511f96fc81e0720a4a42581f334ad4303aa6b?s=96&d=mm&r=g","url":"https:\/\/secure.gravatar.com\/avatar\/e0a867bdedb85fd243eadf09663511f96fc81e0720a4a42581f334ad4303aa6b?s=96&d=mm&r=g","contentUrl":"https:\/\/secure.gravatar.com\/avatar\/e0a867bdedb85fd243eadf09663511f96fc81e0720a4a42581f334ad4303aa6b?s=96&d=mm&r=g","caption":"Reda\u00e7\u00e3o"}}]}},"amp_enabled":true,"_links":{"self":[{"href":"https:\/\/www.notibras.com\/site\/wp-json\/wp\/v2\/posts\/317483","targetHints":{"allow":["GET"]}}],"collection":[{"href":"https:\/\/www.notibras.com\/site\/wp-json\/wp\/v2\/posts"}],"about":[{"href":"https:\/\/www.notibras.com\/site\/wp-json\/wp\/v2\/types\/post"}],"author":[{"embeddable":true,"href":"https:\/\/www.notibras.com\/site\/wp-json\/wp\/v2\/users\/2"}],"replies":[{"embeddable":true,"href":"https:\/\/www.notibras.com\/site\/wp-json\/wp\/v2\/comments?post=317483"}],"version-history":[{"count":2,"href":"https:\/\/www.notibras.com\/site\/wp-json\/wp\/v2\/posts\/317483\/revisions"}],"predecessor-version":[{"id":317526,"href":"https:\/\/www.notibras.com\/site\/wp-json\/wp\/v2\/posts\/317483\/revisions\/317526"}],"wp:featuredmedia":[{"embeddable":true,"href":"https:\/\/www.notibras.com\/site\/wp-json\/wp\/v2\/media\/317484"}],"wp:attachment":[{"href":"https:\/\/www.notibras.com\/site\/wp-json\/wp\/v2\/media?parent=317483"}],"wp:term":[{"taxonomy":"category","embeddable":true,"href":"https:\/\/www.notibras.com\/site\/wp-json\/wp\/v2\/categories?post=317483"},{"taxonomy":"post_tag","embeddable":true,"href":"https:\/\/www.notibras.com\/site\/wp-json\/wp\/v2\/tags?post=317483"}],"curies":[{"name":"wp","href":"https:\/\/api.w.org\/{rel}","templated":true}]}}