{"id":317490,"date":"2023-11-22T05:39:45","date_gmt":"2023-11-22T08:39:45","guid":{"rendered":"https:\/\/www.notibras.com\/site\/?p=317490"},"modified":"2023-11-22T07:42:19","modified_gmt":"2023-11-22T10:42:19","slug":"bancos-ampliam-horario-de-atendimento-do-desenrola","status":"publish","type":"post","link":"https:\/\/www.notibras.com\/site\/bancos-ampliam-horario-de-atendimento-do-desenrola\/","title":{"rendered":"Bancos ampliam hor\u00e1rio de atendimento do Desenrola"},"content":{"rendered":"<p>Pessoas que ganham at\u00e9 dois sal\u00e1rios m\u00ednimos e devem at\u00e9 R$ 20 mil ter\u00e3o a oportunidade de refinanciar o d\u00e9bito. O Programa Desenrola Brasil promove nesta quarta-feira (22) um mutir\u00e3o de renegocia\u00e7\u00e3o. Em parceria com organiza\u00e7\u00f5es da sociedade civil, bancos e outros credores, o Dia D \u2013 Mutir\u00e3o Desenrola pretende fomentar as renegocia\u00e7\u00f5es de d\u00e9bitos e ampliar o alcance do programa.<\/p>\n<p>O Banco do Brasil e a Caixa Econ\u00f4mica Federal abrem as ag\u00eancias uma hora mais cedo nesta quarta. Os bancos privados tamb\u00e9m funcionar\u00e3o em hor\u00e1rio estendido, mas o hor\u00e1rio de funcionamento das ag\u00eancias depender\u00e1 da pol\u00edtica interna de cada institui\u00e7\u00e3o.<\/p>\n<p>O mutir\u00e3o foi um dos temas de live entre o presidente Luiz In\u00e1cio Lula da Silva e o ministro da Fazenda, Fernando Haddad, nesta ter\u00e7a-feira (21). Os dois se reuniram no programa Conversa com o Presidente para abordar os avan\u00e7os e o prop\u00f3sito do mutir\u00e3o, assim como para propagar e impulsionar as a\u00e7\u00f5es previstas para o Dia D do Desenrola.<\/p>\n<p>Al\u00e9m de d\u00edvidas comerciais, cerca de 1,2 milh\u00e3o de estudantes ou formados inadimplentes com o Fundo de Financiamento Estudantil (Fies) podem renegociar as d\u00edvidas tamb\u00e9m com at\u00e9 99% de desconto. O devedor deve procurar a ag\u00eancia do banco respons\u00e1vel pelo financiamento.<\/p>\n<p><strong>Nova etapa<\/strong><br \/>\nDesde segunda-feira (20), o Programa Desenrola Brasil entrou numa nova fase. A Faixa 1 do programa, destinada \u00e0 renegocia\u00e7\u00e3o a devedores com renda de at\u00e9 dois sal\u00e1rios m\u00ednimos ou inscritos no Cadastro \u00danico para Programas Sociais do Governo Federal (Cad\u00danico), passou a renegociar d\u00edvidas de at\u00e9 R$ 20 mil.<\/p>\n<p>D\u00e9bitos de R$ 5.000,01 a R$ 20 mil, ap\u00f3s a atualiza\u00e7\u00e3o dos valores, podem ser refinanciados at\u00e9 30 de dezembro. Ap\u00f3s esse prazo, os descontos ser\u00e3o mantidos, mas a d\u00edvida s\u00f3 poder\u00e1 ser quitada \u00e0 vista. A Faixa 1 abrange d\u00edvidas banc\u00e1rias, como cart\u00e3o de cr\u00e9dito, e as contas atrasadas de outros setores, como energia, \u00e1gua e com\u00e9rcio varejista.<\/p>\n<p>Desde o in\u00edcio de outubro, a Faixa 1 do Desenrola renegocia d\u00edvidas de at\u00e9 R$ 5 mil na plataforma desenvolvida pela B3, no site. A portaria que regulamenta o programa definiu que, se ap\u00f3s os 40 primeiros dias, sobrassem recursos no Fundo Garantidor de Opera\u00e7\u00f5es (FGO), fundo do Tesouro Nacional que cobre eventuais calotes de quem aderir \u00e0 renegocia\u00e7\u00e3o, o refinanciamento seria ampliado para d\u00e9bitos de at\u00e9 R$ 20 mil.<\/p>\n<p>Para acessar a plataforma de renegocia\u00e7\u00e3o, o consumidor precisa ter cadastro no Portal Gov.br, com conta n\u00edvel prata ou ouro e estar com os dados cadastrais atualizados. Em seguida, o devedor ter\u00e1 de escolher uma institui\u00e7\u00e3o financeira ou empresa inscrita no programa para fazer a renegocia\u00e7\u00e3o. Em seguida, bastar\u00e1 selecionar o n\u00famero de parcelas e efetuar o pagamento.<\/p>\n<p>A p\u00e1gina vai listar as d\u00edvidas por ordem de desconto, do maior para o menor. Na etapa de leil\u00f5es, 654 empresas apresentaram as propostas, com o desconto m\u00e9dio ficando em 83% do valor original da d\u00edvida. No entanto, em alguns casos, o abatimento superou esse valor, dependendo da atividade econ\u00f4mica, chegando a 99% em alguns setores. O consumidor poder\u00e1 parcelar o d\u00e9bito em at\u00e9 60 meses, pagando juros de 1,99% ao m\u00eas.<\/p>\n<p><strong>Primeira etapa<\/strong><br \/>\nO Desenrola abrange d\u00edvidas negativadas entre 1\u00ba de janeiro de 2019 e 31 de dezembro de 2022. Aberta em julho, a primeira etapa do Desenrola, destinada \u00e0 Faixa 2, renegociou R$ 15,8 bilh\u00f5es de 2,22 milh\u00f5es de contratos em pouco mais de dois meses, at\u00e9 o fim de setembro. Segundo a Federa\u00e7\u00e3o Brasileira de Bancos (Febraban), isso equivale a 1,79 milh\u00e3o de clientes, j\u00e1 que um correntista pode ter mais de uma d\u00edvida.<\/p>\n<p>Al\u00e9m disso, 6 milh\u00f5es de pessoas que tinham d\u00e9bitos de at\u00e9 R$ 100 tiveram o nome limpo. Nesse caso, as d\u00edvidas n\u00e3o foram extintas e continuam a ser corrigidas, mas os bancos retiraram as restri\u00e7\u00f5es para o devedor, como assinar contratos de aluguel, contratar novas opera\u00e7\u00f5es de cr\u00e9dito e parcelar compras em credi\u00e1rio. A desnegativa\u00e7\u00e3o dos nomes para d\u00edvidas nessa faixa de valor era condi\u00e7\u00e3o necess\u00e1ria para os bancos aderirem ao Desenrola.<\/p>\n<p>Diferentemente da segunda fase, a primeira etapa renegocia apenas d\u00e9bitos com institui\u00e7\u00f5es financeiras. Podem participar correntistas que ganhem at\u00e9 R$ 20 mil por m\u00eas e tenham d\u00edvidas de qualquer valor, o que permite a renegocia\u00e7\u00e3o de d\u00e9bitos como financiamentos de ve\u00edculos e de im\u00f3veis. As renegocia\u00e7\u00f5es para a Faixa 2 devem ser pedidas nos canais de atendimento da institui\u00e7\u00e3o financeira, como aplicativo, sites e pontos f\u00edsicos de atendimento.<\/p>\n","protected":false},"excerpt":{"rendered":"<p>Pessoas que ganham at\u00e9 dois sal\u00e1rios m\u00ednimos e devem at\u00e9 R$ 20 mil ter\u00e3o a oportunidade de refinanciar o d\u00e9bito. O Programa Desenrola Brasil promove nesta quarta-feira (22) um mutir\u00e3o de renegocia\u00e7\u00e3o. Em parceria com organiza\u00e7\u00f5es da sociedade civil, bancos e outros credores, o Dia D \u2013 Mutir\u00e3o Desenrola pretende fomentar as renegocia\u00e7\u00f5es de d\u00e9bitos [&hellip;]<\/p>\n","protected":false},"author":2,"featured_media":317491,"comment_status":"closed","ping_status":"closed","sticky":false,"template":"","format":"standard","meta":{"_acf_changed":false,"footnotes":""},"categories":[161],"tags":[],"class_list":["post-317490","post","type-post","status-publish","format-standard","has-post-thumbnail","hentry","category-quadradinho-em-foco"],"acf":[],"yoast_head":"<!-- This site is optimized with the Yoast SEO plugin v27.2 - https:\/\/yoast.com\/product\/yoast-seo-wordpress\/ -->\n<title>Bancos ampliam hor\u00e1rio de atendimento do Desenrola - Notibras<\/title>\n<meta name=\"robots\" content=\"index, follow, max-snippet:-1, max-image-preview:large, max-video-preview:-1\" \/>\n<link rel=\"canonical\" href=\"https:\/\/www.notibras.com\/site\/bancos-ampliam-horario-de-atendimento-do-desenrola\/\" \/>\n<meta property=\"og:locale\" content=\"pt_BR\" \/>\n<meta property=\"og:type\" content=\"article\" \/>\n<meta property=\"og:title\" content=\"Bancos ampliam hor\u00e1rio de atendimento do Desenrola - Notibras\" \/>\n<meta property=\"og:description\" content=\"Pessoas que ganham at\u00e9 dois sal\u00e1rios m\u00ednimos e devem at\u00e9 R$ 20 mil ter\u00e3o a oportunidade de refinanciar o d\u00e9bito. O Programa Desenrola Brasil promove nesta quarta-feira (22) um mutir\u00e3o de renegocia\u00e7\u00e3o. Em parceria com organiza\u00e7\u00f5es da sociedade civil, bancos e outros credores, o Dia D \u2013 Mutir\u00e3o Desenrola pretende fomentar as renegocia\u00e7\u00f5es de d\u00e9bitos [&hellip;]\" \/>\n<meta property=\"og:url\" content=\"https:\/\/www.notibras.com\/site\/bancos-ampliam-horario-de-atendimento-do-desenrola\/\" \/>\n<meta property=\"og:site_name\" content=\"Notibras\" \/>\n<meta property=\"article:publisher\" content=\"https:\/\/www.facebook.com\/notibras\/\" \/>\n<meta property=\"article:published_time\" content=\"2023-11-22T08:39:45+00:00\" \/>\n<meta property=\"article:modified_time\" content=\"2023-11-22T10:42:19+00:00\" \/>\n<meta property=\"og:image\" content=\"https:\/\/www.notibras.com\/site\/wp-content\/uploads\/2023\/11\/bandesen.webp\" \/>\n\t<meta property=\"og:image:width\" content=\"1170\" \/>\n\t<meta property=\"og:image:height\" content=\"700\" \/>\n\t<meta property=\"og:image:type\" content=\"image\/webp\" \/>\n<meta name=\"author\" content=\"Reda\u00e7\u00e3o\" \/>\n<meta name=\"twitter:card\" content=\"summary_large_image\" \/>\n<meta name=\"twitter:creator\" content=\"@Notibras\" \/>\n<meta name=\"twitter:site\" content=\"@Notibras\" \/>\n<meta name=\"twitter:label1\" content=\"Escrito por\" \/>\n\t<meta name=\"twitter:data1\" content=\"Reda\u00e7\u00e3o\" \/>\n\t<meta name=\"twitter:label2\" content=\"Est. tempo de leitura\" \/>\n\t<meta name=\"twitter:data2\" content=\"5 minutos\" \/>\n<script type=\"application\/ld+json\" class=\"yoast-schema-graph\">{\"@context\":\"https:\/\/schema.org\",\"@graph\":[{\"@type\":\"Article\",\"@id\":\"https:\/\/www.notibras.com\/site\/bancos-ampliam-horario-de-atendimento-do-desenrola\/#article\",\"isPartOf\":{\"@id\":\"https:\/\/www.notibras.com\/site\/bancos-ampliam-horario-de-atendimento-do-desenrola\/\"},\"author\":{\"name\":\"Reda\u00e7\u00e3o\",\"@id\":\"https:\/\/www.notibras.com\/site\/#\/schema\/person\/36ab0979449956132d3e5b517ea76ac8\"},\"headline\":\"Bancos ampliam hor\u00e1rio de atendimento do Desenrola\",\"datePublished\":\"2023-11-22T08:39:45+00:00\",\"dateModified\":\"2023-11-22T10:42:19+00:00\",\"mainEntityOfPage\":{\"@id\":\"https:\/\/www.notibras.com\/site\/bancos-ampliam-horario-de-atendimento-do-desenrola\/\"},\"wordCount\":796,\"publisher\":{\"@id\":\"https:\/\/www.notibras.com\/site\/#organization\"},\"image\":{\"@id\":\"https:\/\/www.notibras.com\/site\/bancos-ampliam-horario-de-atendimento-do-desenrola\/#primaryimage\"},\"thumbnailUrl\":\"https:\/\/www.notibras.com\/site\/wp-content\/uploads\/2023\/11\/bandesen.webp\",\"articleSection\":[\"Quadradinho em Foco\"],\"inLanguage\":\"pt-BR\"},{\"@type\":\"WebPage\",\"@id\":\"https:\/\/www.notibras.com\/site\/bancos-ampliam-horario-de-atendimento-do-desenrola\/\",\"url\":\"https:\/\/www.notibras.com\/site\/bancos-ampliam-horario-de-atendimento-do-desenrola\/\",\"name\":\"Bancos ampliam hor\u00e1rio de atendimento do Desenrola - Notibras\",\"isPartOf\":{\"@id\":\"https:\/\/www.notibras.com\/site\/#website\"},\"primaryImageOfPage\":{\"@id\":\"https:\/\/www.notibras.com\/site\/bancos-ampliam-horario-de-atendimento-do-desenrola\/#primaryimage\"},\"image\":{\"@id\":\"https:\/\/www.notibras.com\/site\/bancos-ampliam-horario-de-atendimento-do-desenrola\/#primaryimage\"},\"thumbnailUrl\":\"https:\/\/www.notibras.com\/site\/wp-content\/uploads\/2023\/11\/bandesen.webp\",\"datePublished\":\"2023-11-22T08:39:45+00:00\",\"dateModified\":\"2023-11-22T10:42:19+00:00\",\"breadcrumb\":{\"@id\":\"https:\/\/www.notibras.com\/site\/bancos-ampliam-horario-de-atendimento-do-desenrola\/#breadcrumb\"},\"inLanguage\":\"pt-BR\",\"potentialAction\":[{\"@type\":\"ReadAction\",\"target\":[\"https:\/\/www.notibras.com\/site\/bancos-ampliam-horario-de-atendimento-do-desenrola\/\"]}]},{\"@type\":\"ImageObject\",\"inLanguage\":\"pt-BR\",\"@id\":\"https:\/\/www.notibras.com\/site\/bancos-ampliam-horario-de-atendimento-do-desenrola\/#primaryimage\",\"url\":\"https:\/\/www.notibras.com\/site\/wp-content\/uploads\/2023\/11\/bandesen.webp\",\"contentUrl\":\"https:\/\/www.notibras.com\/site\/wp-content\/uploads\/2023\/11\/bandesen.webp\",\"width\":1170,\"height\":700},{\"@type\":\"BreadcrumbList\",\"@id\":\"https:\/\/www.notibras.com\/site\/bancos-ampliam-horario-de-atendimento-do-desenrola\/#breadcrumb\",\"itemListElement\":[{\"@type\":\"ListItem\",\"position\":1,\"name\":\"In\u00edcio\",\"item\":\"https:\/\/www.notibras.com\/site\/\"},{\"@type\":\"ListItem\",\"position\":2,\"name\":\"Bancos ampliam hor\u00e1rio de atendimento do Desenrola\"}]},{\"@type\":\"WebSite\",\"@id\":\"https:\/\/www.notibras.com\/site\/#website\",\"url\":\"https:\/\/www.notibras.com\/site\/\",\"name\":\"Notibras\",\"description\":\"Not\u00edcias de Bras\u00edlia, do Brasil e do Mundo\",\"publisher\":{\"@id\":\"https:\/\/www.notibras.com\/site\/#organization\"},\"potentialAction\":[{\"@type\":\"SearchAction\",\"target\":{\"@type\":\"EntryPoint\",\"urlTemplate\":\"https:\/\/www.notibras.com\/site\/?s={search_term_string}\"},\"query-input\":{\"@type\":\"PropertyValueSpecification\",\"valueRequired\":true,\"valueName\":\"search_term_string\"}}],\"inLanguage\":\"pt-BR\"},{\"@type\":\"Organization\",\"@id\":\"https:\/\/www.notibras.com\/site\/#organization\",\"name\":\"Grupo Notibras de Comunica\u00e7\u00e3o\",\"url\":\"https:\/\/www.notibras.com\/site\/\",\"logo\":{\"@type\":\"ImageObject\",\"inLanguage\":\"pt-BR\",\"@id\":\"https:\/\/www.notibras.com\/site\/#\/schema\/logo\/image\/\",\"url\":\"https:\/\/www.notibras.com\/site\/wp-content\/uploads\/2023\/01\/notibras23.png\",\"contentUrl\":\"https:\/\/www.notibras.com\/site\/wp-content\/uploads\/2023\/01\/notibras23.png\",\"width\":350,\"height\":87,\"caption\":\"Grupo Notibras de Comunica\u00e7\u00e3o\"},\"image\":{\"@id\":\"https:\/\/www.notibras.com\/site\/#\/schema\/logo\/image\/\"},\"sameAs\":[\"https:\/\/www.facebook.com\/notibras\/\",\"https:\/\/x.com\/Notibras\",\"https:\/\/www.instagram.com\/notibras\/\"]},{\"@type\":\"Person\",\"@id\":\"https:\/\/www.notibras.com\/site\/#\/schema\/person\/36ab0979449956132d3e5b517ea76ac8\",\"name\":\"Reda\u00e7\u00e3o\",\"image\":{\"@type\":\"ImageObject\",\"inLanguage\":\"pt-BR\",\"@id\":\"https:\/\/secure.gravatar.com\/avatar\/e0a867bdedb85fd243eadf09663511f96fc81e0720a4a42581f334ad4303aa6b?s=96&d=mm&r=g\",\"url\":\"https:\/\/secure.gravatar.com\/avatar\/e0a867bdedb85fd243eadf09663511f96fc81e0720a4a42581f334ad4303aa6b?s=96&d=mm&r=g\",\"contentUrl\":\"https:\/\/secure.gravatar.com\/avatar\/e0a867bdedb85fd243eadf09663511f96fc81e0720a4a42581f334ad4303aa6b?s=96&d=mm&r=g\",\"caption\":\"Reda\u00e7\u00e3o\"}}]}<\/script>\n<!-- \/ Yoast SEO plugin. -->","yoast_head_json":{"title":"Bancos ampliam hor\u00e1rio de atendimento do Desenrola - Notibras","robots":{"index":"index","follow":"follow","max-snippet":"max-snippet:-1","max-image-preview":"max-image-preview:large","max-video-preview":"max-video-preview:-1"},"canonical":"https:\/\/www.notibras.com\/site\/bancos-ampliam-horario-de-atendimento-do-desenrola\/","og_locale":"pt_BR","og_type":"article","og_title":"Bancos ampliam hor\u00e1rio de atendimento do Desenrola - Notibras","og_description":"Pessoas que ganham at\u00e9 dois sal\u00e1rios m\u00ednimos e devem at\u00e9 R$ 20 mil ter\u00e3o a oportunidade de refinanciar o d\u00e9bito. O Programa Desenrola Brasil promove nesta quarta-feira (22) um mutir\u00e3o de renegocia\u00e7\u00e3o. Em parceria com organiza\u00e7\u00f5es da sociedade civil, bancos e outros credores, o Dia D \u2013 Mutir\u00e3o Desenrola pretende fomentar as renegocia\u00e7\u00f5es de d\u00e9bitos [&hellip;]","og_url":"https:\/\/www.notibras.com\/site\/bancos-ampliam-horario-de-atendimento-do-desenrola\/","og_site_name":"Notibras","article_publisher":"https:\/\/www.facebook.com\/notibras\/","article_published_time":"2023-11-22T08:39:45+00:00","article_modified_time":"2023-11-22T10:42:19+00:00","og_image":[{"width":1170,"height":700,"url":"https:\/\/www.notibras.com\/site\/wp-content\/uploads\/2023\/11\/bandesen.webp","type":"image\/webp"}],"author":"Reda\u00e7\u00e3o","twitter_card":"summary_large_image","twitter_creator":"@Notibras","twitter_site":"@Notibras","twitter_misc":{"Escrito por":"Reda\u00e7\u00e3o","Est. tempo de leitura":"5 minutos"},"schema":{"@context":"https:\/\/schema.org","@graph":[{"@type":"Article","@id":"https:\/\/www.notibras.com\/site\/bancos-ampliam-horario-de-atendimento-do-desenrola\/#article","isPartOf":{"@id":"https:\/\/www.notibras.com\/site\/bancos-ampliam-horario-de-atendimento-do-desenrola\/"},"author":{"name":"Reda\u00e7\u00e3o","@id":"https:\/\/www.notibras.com\/site\/#\/schema\/person\/36ab0979449956132d3e5b517ea76ac8"},"headline":"Bancos ampliam hor\u00e1rio de atendimento do Desenrola","datePublished":"2023-11-22T08:39:45+00:00","dateModified":"2023-11-22T10:42:19+00:00","mainEntityOfPage":{"@id":"https:\/\/www.notibras.com\/site\/bancos-ampliam-horario-de-atendimento-do-desenrola\/"},"wordCount":796,"publisher":{"@id":"https:\/\/www.notibras.com\/site\/#organization"},"image":{"@id":"https:\/\/www.notibras.com\/site\/bancos-ampliam-horario-de-atendimento-do-desenrola\/#primaryimage"},"thumbnailUrl":"https:\/\/www.notibras.com\/site\/wp-content\/uploads\/2023\/11\/bandesen.webp","articleSection":["Quadradinho em Foco"],"inLanguage":"pt-BR"},{"@type":"WebPage","@id":"https:\/\/www.notibras.com\/site\/bancos-ampliam-horario-de-atendimento-do-desenrola\/","url":"https:\/\/www.notibras.com\/site\/bancos-ampliam-horario-de-atendimento-do-desenrola\/","name":"Bancos ampliam hor\u00e1rio de atendimento do Desenrola - Notibras","isPartOf":{"@id":"https:\/\/www.notibras.com\/site\/#website"},"primaryImageOfPage":{"@id":"https:\/\/www.notibras.com\/site\/bancos-ampliam-horario-de-atendimento-do-desenrola\/#primaryimage"},"image":{"@id":"https:\/\/www.notibras.com\/site\/bancos-ampliam-horario-de-atendimento-do-desenrola\/#primaryimage"},"thumbnailUrl":"https:\/\/www.notibras.com\/site\/wp-content\/uploads\/2023\/11\/bandesen.webp","datePublished":"2023-11-22T08:39:45+00:00","dateModified":"2023-11-22T10:42:19+00:00","breadcrumb":{"@id":"https:\/\/www.notibras.com\/site\/bancos-ampliam-horario-de-atendimento-do-desenrola\/#breadcrumb"},"inLanguage":"pt-BR","potentialAction":[{"@type":"ReadAction","target":["https:\/\/www.notibras.com\/site\/bancos-ampliam-horario-de-atendimento-do-desenrola\/"]}]},{"@type":"ImageObject","inLanguage":"pt-BR","@id":"https:\/\/www.notibras.com\/site\/bancos-ampliam-horario-de-atendimento-do-desenrola\/#primaryimage","url":"https:\/\/www.notibras.com\/site\/wp-content\/uploads\/2023\/11\/bandesen.webp","contentUrl":"https:\/\/www.notibras.com\/site\/wp-content\/uploads\/2023\/11\/bandesen.webp","width":1170,"height":700},{"@type":"BreadcrumbList","@id":"https:\/\/www.notibras.com\/site\/bancos-ampliam-horario-de-atendimento-do-desenrola\/#breadcrumb","itemListElement":[{"@type":"ListItem","position":1,"name":"In\u00edcio","item":"https:\/\/www.notibras.com\/site\/"},{"@type":"ListItem","position":2,"name":"Bancos ampliam hor\u00e1rio de atendimento do Desenrola"}]},{"@type":"WebSite","@id":"https:\/\/www.notibras.com\/site\/#website","url":"https:\/\/www.notibras.com\/site\/","name":"Notibras","description":"Not\u00edcias de Bras\u00edlia, do Brasil e do Mundo","publisher":{"@id":"https:\/\/www.notibras.com\/site\/#organization"},"potentialAction":[{"@type":"SearchAction","target":{"@type":"EntryPoint","urlTemplate":"https:\/\/www.notibras.com\/site\/?s={search_term_string}"},"query-input":{"@type":"PropertyValueSpecification","valueRequired":true,"valueName":"search_term_string"}}],"inLanguage":"pt-BR"},{"@type":"Organization","@id":"https:\/\/www.notibras.com\/site\/#organization","name":"Grupo Notibras de Comunica\u00e7\u00e3o","url":"https:\/\/www.notibras.com\/site\/","logo":{"@type":"ImageObject","inLanguage":"pt-BR","@id":"https:\/\/www.notibras.com\/site\/#\/schema\/logo\/image\/","url":"https:\/\/www.notibras.com\/site\/wp-content\/uploads\/2023\/01\/notibras23.png","contentUrl":"https:\/\/www.notibras.com\/site\/wp-content\/uploads\/2023\/01\/notibras23.png","width":350,"height":87,"caption":"Grupo Notibras de Comunica\u00e7\u00e3o"},"image":{"@id":"https:\/\/www.notibras.com\/site\/#\/schema\/logo\/image\/"},"sameAs":["https:\/\/www.facebook.com\/notibras\/","https:\/\/x.com\/Notibras","https:\/\/www.instagram.com\/notibras\/"]},{"@type":"Person","@id":"https:\/\/www.notibras.com\/site\/#\/schema\/person\/36ab0979449956132d3e5b517ea76ac8","name":"Reda\u00e7\u00e3o","image":{"@type":"ImageObject","inLanguage":"pt-BR","@id":"https:\/\/secure.gravatar.com\/avatar\/e0a867bdedb85fd243eadf09663511f96fc81e0720a4a42581f334ad4303aa6b?s=96&d=mm&r=g","url":"https:\/\/secure.gravatar.com\/avatar\/e0a867bdedb85fd243eadf09663511f96fc81e0720a4a42581f334ad4303aa6b?s=96&d=mm&r=g","contentUrl":"https:\/\/secure.gravatar.com\/avatar\/e0a867bdedb85fd243eadf09663511f96fc81e0720a4a42581f334ad4303aa6b?s=96&d=mm&r=g","caption":"Reda\u00e7\u00e3o"}}]}},"amp_enabled":true,"_links":{"self":[{"href":"https:\/\/www.notibras.com\/site\/wp-json\/wp\/v2\/posts\/317490","targetHints":{"allow":["GET"]}}],"collection":[{"href":"https:\/\/www.notibras.com\/site\/wp-json\/wp\/v2\/posts"}],"about":[{"href":"https:\/\/www.notibras.com\/site\/wp-json\/wp\/v2\/types\/post"}],"author":[{"embeddable":true,"href":"https:\/\/www.notibras.com\/site\/wp-json\/wp\/v2\/users\/2"}],"replies":[{"embeddable":true,"href":"https:\/\/www.notibras.com\/site\/wp-json\/wp\/v2\/comments?post=317490"}],"version-history":[{"count":1,"href":"https:\/\/www.notibras.com\/site\/wp-json\/wp\/v2\/posts\/317490\/revisions"}],"predecessor-version":[{"id":317492,"href":"https:\/\/www.notibras.com\/site\/wp-json\/wp\/v2\/posts\/317490\/revisions\/317492"}],"wp:featuredmedia":[{"embeddable":true,"href":"https:\/\/www.notibras.com\/site\/wp-json\/wp\/v2\/media\/317491"}],"wp:attachment":[{"href":"https:\/\/www.notibras.com\/site\/wp-json\/wp\/v2\/media?parent=317490"}],"wp:term":[{"taxonomy":"category","embeddable":true,"href":"https:\/\/www.notibras.com\/site\/wp-json\/wp\/v2\/categories?post=317490"},{"taxonomy":"post_tag","embeddable":true,"href":"https:\/\/www.notibras.com\/site\/wp-json\/wp\/v2\/tags?post=317490"}],"curies":[{"name":"wp","href":"https:\/\/api.w.org\/{rel}","templated":true}]}}