{"id":317496,"date":"2023-11-22T08:07:03","date_gmt":"2023-11-22T11:07:03","guid":{"rendered":"https:\/\/www.notibras.com\/site\/?p=317496"},"modified":"2023-11-22T08:07:39","modified_gmt":"2023-11-22T11:07:39","slug":"siso-inflamado-permite-doce-viagem-ao-passado","status":"publish","type":"post","link":"https:\/\/www.notibras.com\/site\/siso-inflamado-permite-doce-viagem-ao-passado\/","title":{"rendered":"Siso inflamado permite doce viagem ao passado"},"content":{"rendered":"<p>Recente cr\u00f4nica que escrevi para <strong>Notibras<\/strong> sobre meu av\u00f4 Waldemar Marchi repercutiu entre primos e outros parentes que vieram fazer coment\u00e1rios e perguntar fatos da vida daquele antigo cidad\u00e3o valenciano, porque nascido na cidade de Valen\u00e7a, em 1915, e eu dei algumas respostas na presen\u00e7a sempre curiosa e atenta de meu filho.<\/p>\n<p>Por mais que pare\u00e7a distra\u00eddo \u00e0s vezes, ou alheio \u00e0s conversas dos adultos porque focado nas suas divers\u00f5es infantis, a cabecinha de meu garoto est\u00e1 sempre ligada como um radar no que eu falo, e, em recente ida a Para\u00edba do Sul para eu resolver uma quest\u00e3o muito prosaica \u2013 o tratamento em um terceiro molar inflamado, o vulgo dente siso e, sim, quando tenho de ir ao dentista preciso viajar mais de 100 quil\u00f4metros do Rio de Janeiro a Para\u00edba do Sul porque boca n\u00e3o se abre para qualquer um na vida, e eu j\u00e1 tenho intimidade suficiente com o Dr. Celso Motta para faz\u00ea-lo em seu consult\u00f3rio no simp\u00e1tico distrito de Werneck \u2013 tive a companhia dele.<\/p>\n<p>L\u00e1 chegando, o siso n\u00e3o p\u00f4de ser operado por causa da inflama\u00e7\u00e3o, que deve ser precedida de um tratamento \u00e0 base de antibi\u00f3tico, adiando assim o problema. Aproveitamos a viagem para rever familiares, dar uma volta na cidade, at\u00e9 que a curiosidade do meu menino me fez um pedido inusitado: \u201cPapai, me leva naquele cemit\u00e9rio antigo de Para\u00edba, pra ver os antepassados de que voc\u00ea fala.\u201d<\/p>\n<p>Subimos a velha montanha at\u00e9 as muralhas do velho campo santo, em volta do qual, antes do asfaltamento inclemente das ruas da cidade, o piso era de um p\u00e9-de-moleque irregular e dif\u00edcil de se equilibrar em cima. Atravessamos o p\u00f3rtico em cantaria de pedra, hoje displicentemente caiada \u2013 seria melhor conservar-lhe a originalidade \u2013 e adentramos naquela silenciosa cidade de tantos antepassados, nossos e de muitas outras pessoas que conhecemos, bem como de outros que jamais ouvimos falar.<\/p>\n<p>Essa apresenta\u00e7\u00e3o do cemit\u00e9rio havia sido feita a mim por meu av\u00f4, mais de 30 anos antes, a quem manifestei a mesma curiosidade de meu filho: ver os antepassados de que ele falava.<\/p>\n<p>Fazia muitos anos que n\u00e3o ia ao cemit\u00e9rio de Para\u00edba do Sul. Refleti que, \u00e0 primeira vista, ele sempre me parece bem menor do que quando meu av\u00f4 me levou l\u00e1, embora haja sido at\u00e9 ampliado. Mas \u00e9 que eu era pequeno, tinha uns 11 anos apenas, embora guardasse aquele dia na mem\u00f3ria.<\/p>\n<p>Recuperei mais ou menos o mesmo trajeto que meu av\u00f4 fez comigo, e fui mostrando ao meu menino os jazigos, ajudando-o a ler as l\u00e1pides e fazendo breves coment\u00e1rios sobre cada um daqueles remotos seres cujas hist\u00f3rias foram passadas a mim por meus av\u00f3s maternos, que eram primos, e outros membros da fam\u00edlia por tradi\u00e7\u00e3o oral.<\/p>\n<p>\u00c9 certo que minha mente era terreno f\u00e9rtil para esses relatos, e meus av\u00f3s e tios-av\u00f3s, bem como os primos deles, gostavam que lhes desse aten\u00e7\u00e3o e os ouvisse sobre isso, um assunto que muitas pessoas n\u00e3o param para prestar aten\u00e7\u00e3o e perguntar.<\/p>\n<p>Mas eu, que um dia seria grande admirador de Marcel Proust e Pedro Nava, adorava me inteirar daquelas fofocas de fam\u00edlia, de seus dramas, de suas iras, de seus anos tristes ou felizes, e sentia que aquele conhecimento me punha em estado de cumplicidade com meus av\u00f3s e seus contempor\u00e2neos.<\/p>\n<p>Descendo, por parte de m\u00e3e, de uma fam\u00edlia de pobres imigrantes italianos de Santo Andr\u00e9 de Cavasagra, Castelfranco V\u00eaneto, que encararam uma terceira-classe de navio, saindo do porto de Veneza, com escala em G\u00eanova, para encontrarem n\u00e3o sabiam bem ao certo o qu\u00ea no Brasil.<\/p>\n<p>Depois de um per\u00edodo de adapta\u00e7\u00e3o em Rio Preto, Minas Gerais, trabalhando na lavoura rec\u00e9m deixada pelos ex-escravizados, meu tatarav\u00f4 veio se aproximando do Estado do Rio: Porto das Flores, Rio das Flores e, finalmente, Para\u00edba do Sul, onde foi dono da fazenda da Chacarinha. Tudo dependeu de muito trabalho, de muito esfor\u00e7o, com peda\u00e7os de tranquilidade entremeados de alguns sofrimentos atrozes.<\/p>\n<p>Meu tatarav\u00f4, que nasceu Giovanni e depois virou \u201cSeu Jo\u00e3o\u201d, fixou-se definitivamente em Para\u00edba, e l\u00e1 deixou a maior parte de seus descendentes. Sua mulher, Filomena, alguns anos mais velha que ele, cuidava de seus filhos e tamb\u00e9m trabalhava muito. No final de sua vida, nos anos 20, encontrei men\u00e7\u00f5es a ela em velhos jornais como sendo contribuinte de \u201cimposto sobre profiss\u00f5es\u201d, em meio a listas de outros nacionais e estrangeiros que exerciam suas atividades na regi\u00e3o.<\/p>\n<p>Dentre os filhos daquele casal formado por Giovanni e Filomena estava meu bisav\u00f4 Marco Paolo, que virou \u201cSeu Marquinhos\u201d, e a Josefina, chamada de \u201cPina\u201d, respectivamente pai de meu av\u00f4 e m\u00e3e de minha av\u00f3. E houve outros irm\u00e3os, como Joana, Rosa, Lu\u00edsa, Am\u00e9rico, Maria Lu\u00edsa, Lu\u00eds. Todos eles casados, alguns com muitos filhos, outros com poucos ou nenhum, a povoar as terras brasileiras.<\/p>\n<p>S\u00e3o muitos parentes espalhados pela regi\u00e3o, todos diretamente descendentes daquele antigo \u201cSeu Jo\u00e3o\u201d, que meu av\u00f4 j\u00e1 havia me apresentado atrav\u00e9s de fant\u00e1sticas hist\u00f3rias como a de que ele levantava tr\u00eas sacas enormes de farinha, uma em cada bra\u00e7o e a terceira com os dentes, e de como nocauteou um boi com um soco no focinho quando o animal derrubou com uma cabe\u00e7ada um de seus netos, meu tio-av\u00f4 Geraldo. No antigo cemit\u00e9rio meu av\u00f4 o apresentou sob uma l\u00e1pide de m\u00e1rmore, j\u00e1 um pouco escurecida, contendo um retrato que o mostra de chap\u00e9u, palet\u00f3 e camisa pretos e um bigode enorme.<\/p>\n<p>A conviv\u00eancia de meu av\u00f4 com o av\u00f4 dele foi muito pr\u00f3xima porque minha bisav\u00f3 morreu cedo, deixando mais de uma dezena de filhos entre 15 e 2 anos de idade. Seu marido, o \u201cMarquinhos\u201d, acabou espalhando a filharada entre as casas de parentes que ajudaram a cri\u00e1-los, e a tarefa concernente a meu av\u00f4 e mais alguns coube aos donos da fazenda da Chacarinha. Portanto, ouvia essas hist\u00f3rias de primeira m\u00e3o.<\/p>\n<p>Coisas que o velho Waldemar havia vivido de perto, at\u00e9 o tr\u00e1gico fim de \u201cSeu Jo\u00e3o\u201d em 1926, quando meu av\u00f4 tinha 11 anos de idade \u2013 e vieram mais mudan\u00e7as, mais tios que eram \u201cpais de cria\u00e7\u00e3o\u201d, at\u00e9 que meu bisav\u00f4 reunisse novamente em volta de si os filhos que j\u00e1 estavam em idade adequada para o trabalho.<\/p>\n<p>\u201cSeu Marquinhos\u201d, al\u00e9m de comerciante, era m\u00fasico e foi maestro de algumas associa\u00e7\u00f5es musicais, inclusive a Euterpe de Valen\u00e7a e a Tr\u00eas de Maio em Para\u00edba do Sul. Eu n\u00e3o cheguei a ver, mas minha m\u00e3e me conta sobre o arm\u00e1rio cheio de partituras que ele mesmo escrevera o qual, uma vez por ano, era meticulosamente limpo por sua nora e sobrinha, minha av\u00f3, anos depois de sua morte, at\u00e9 que o material fosse doado para a banda da cidade. Fico me perguntando se ainda existem por a\u00ed seu trombone de vara ou seu clarinete, ambos dominados com maestria, doados junto com as partituras.<\/p>\n<p>Passeando pelos jazigos, os mesmos mostrados ao meu filho na recente viagem, meu av\u00f4 se deteve diante de um encimado por um anjinho que chora, levando o delicado dedo da m\u00e3o direita ao olho, como a aparar uma l\u00e1grima, em que se l\u00ea o nome de Francisco. Casado com a \u201cTia Joana\u201d de meu av\u00f4, o \u201cTio Chico\u201d chegou a ser riqu\u00edssimo industrial em Para\u00edba do Sul, e ansiava levar suas f\u00e1bricas para Barra do Pira\u00ed, tornando-as maiores e mais modernas, a ponto de ir \u00e0 Europa em 1928 para pesquisar sobre maquin\u00e1rio el\u00e9trico e os avan\u00e7os de seu ramo \u2013 a fabrica\u00e7\u00e3o de tijolos, telhas, manilhas, filtros de \u00e1gua e ladrilhos hidr\u00e1ulicos.<\/p>\n<p>A quebra da bolsa de valores em Nova Iorque, em 1929, e a revolu\u00e7\u00e3o de Get\u00falio Vargas, em 1930, acabaram atrapalhando os planos do siciliano, filho de Carmine e Luigia, que se contentou em ficar na mesma cidade, no seu sobrado da rua Marechal Deodoro n\u00ba 3, de onde se ouvia o apito do trem na esta\u00e7\u00e3o, at\u00e9 fechar os olhos definitivamente numa quente manh\u00e3 de fevereiro de 1934. At\u00e9 hoje \u00e9 comum as antigas casas de Para\u00edba terem telhas francesas onde se l\u00ea \u201cFrancisco D\u2019\u00c2ngelo &amp; Cia Ltda\u201d, ou \u201cCer\u00e2mica D\u2019\u00c2ngelo, Parahyba do Sul, Estado do Rio\u201d.<\/p>\n<p>Meu av\u00f4 entremeava seus relatos familiares com explica\u00e7\u00f5es sobre fam\u00edlias amigas da cidade: Ciodaro, Visconti, Mannes, Costa, Pires, e eu apreciava os retratos e nomes daquela gente passada, da mesma forma que mostrava agora para meu filho, contando mais ou menos as mesmas hist\u00f3rias.<\/p>\n<p>Percebi o quanto essas hist\u00f3rias s\u00e3o preciosas. Podem interessar a muitos ou a ningu\u00e9m al\u00e9m de mim, mas s\u00e3o da gente que me deu, al\u00e9m do sobrenome, uma origem, um lugar, um fio de vida que eu continuo carregando e passarei a diante.<\/p>\n<p>Mas, se eu n\u00e3o cont\u00e1-las, elas ir\u00e3o comigo no dia em que eu fechar o meu \u00faltimo livro, depois de escrever a minha \u00faltima cr\u00f4nica ou o \u00faltimo poema. Por isso deixo-as aqui, para eterniz\u00e1-las e manter acesa a chama dessas pessoas que foram como n\u00f3s, com os mesmos anseios, as mesmas preocupa\u00e7\u00f5es, os mesmos temperamentos, diferenciando-se das pessoas de hoje mais pelo contexto hist\u00f3rico em que viveram do que pela natureza t\u00e3o humana de suas vidas, capazes de, em meio aos atos mais banais, haverem deixado de alguma forma a sua marca sobre a terra, tra\u00e7os, gestos e fei\u00e7\u00f5es que, por vezes, podem ser at\u00e9 mesmo encontradas em mim e no meu filho, embora sequer saibamos disso.<\/p>\n<p>Terminados os antibi\u00f3ticos, j\u00e1 estou com a extra\u00e7\u00e3o do dente marcada para daqui a poucos dias, quando farei nova incurs\u00e3o a Para\u00edba do Sul.<\/p>\n<p>Por mais amigo que seja o dentista, ningu\u00e9m gosta de v\u00ea-lo no consult\u00f3rio. Por que tinha que me lembrar disso logo agora?!&#8230;<\/p>\n","protected":false},"excerpt":{"rendered":"<p>Recente cr\u00f4nica que escrevi para Notibras sobre meu av\u00f4 Waldemar Marchi repercutiu entre primos e outros parentes que vieram fazer coment\u00e1rios e perguntar fatos da vida daquele antigo cidad\u00e3o valenciano, porque nascido na cidade de Valen\u00e7a, em 1915, e eu dei algumas respostas na presen\u00e7a sempre curiosa e atenta de meu filho. Por mais que [&hellip;]<\/p>\n","protected":false},"author":2,"featured_media":317497,"comment_status":"closed","ping_status":"closed","sticky":false,"template":"","format":"standard","meta":{"_acf_changed":false,"footnotes":""},"categories":[161],"tags":[],"class_list":["post-317496","post","type-post","status-publish","format-standard","has-post-thumbnail","hentry","category-quadradinho-em-foco"],"acf":[],"yoast_head":"<!-- This site is optimized with the Yoast SEO plugin v27.2 - https:\/\/yoast.com\/product\/yoast-seo-wordpress\/ -->\n<title>Siso inflamado permite doce viagem ao passado - Notibras<\/title>\n<meta name=\"robots\" content=\"index, follow, max-snippet:-1, max-image-preview:large, max-video-preview:-1\" \/>\n<link rel=\"canonical\" href=\"https:\/\/www.notibras.com\/site\/siso-inflamado-permite-doce-viagem-ao-passado\/\" \/>\n<meta property=\"og:locale\" content=\"pt_BR\" \/>\n<meta property=\"og:type\" content=\"article\" \/>\n<meta property=\"og:title\" content=\"Siso inflamado permite doce viagem ao passado - Notibras\" \/>\n<meta property=\"og:description\" content=\"Recente cr\u00f4nica que escrevi para Notibras sobre meu av\u00f4 Waldemar Marchi repercutiu entre primos e outros parentes que vieram fazer coment\u00e1rios e perguntar fatos da vida daquele antigo cidad\u00e3o valenciano, porque nascido na cidade de Valen\u00e7a, em 1915, e eu dei algumas respostas na presen\u00e7a sempre curiosa e atenta de meu filho. Por mais que [&hellip;]\" \/>\n<meta property=\"og:url\" content=\"https:\/\/www.notibras.com\/site\/siso-inflamado-permite-doce-viagem-ao-passado\/\" \/>\n<meta property=\"og:site_name\" content=\"Notibras\" \/>\n<meta property=\"article:publisher\" content=\"https:\/\/www.facebook.com\/notibras\/\" \/>\n<meta property=\"article:published_time\" content=\"2023-11-22T11:07:03+00:00\" \/>\n<meta property=\"article:modified_time\" content=\"2023-11-22T11:07:39+00:00\" \/>\n<meta property=\"og:image\" content=\"https:\/\/www.notibras.com\/site\/wp-content\/uploads\/2023\/11\/b4e65331-5685-41a3-a74a-f2b51d593ee4.jpeg\" \/>\n\t<meta property=\"og:image:width\" content=\"1600\" \/>\n\t<meta property=\"og:image:height\" content=\"1066\" \/>\n\t<meta property=\"og:image:type\" content=\"image\/jpeg\" \/>\n<meta name=\"author\" content=\"Reda\u00e7\u00e3o\" \/>\n<meta name=\"twitter:card\" content=\"summary_large_image\" \/>\n<meta name=\"twitter:creator\" content=\"@Notibras\" \/>\n<meta name=\"twitter:site\" content=\"@Notibras\" \/>\n<meta name=\"twitter:label1\" content=\"Escrito por\" \/>\n\t<meta name=\"twitter:data1\" content=\"Reda\u00e7\u00e3o\" \/>\n\t<meta name=\"twitter:label2\" content=\"Est. tempo de leitura\" \/>\n\t<meta name=\"twitter:data2\" content=\"9 minutos\" \/>\n<script type=\"application\/ld+json\" class=\"yoast-schema-graph\">{\"@context\":\"https:\/\/schema.org\",\"@graph\":[{\"@type\":\"Article\",\"@id\":\"https:\/\/www.notibras.com\/site\/siso-inflamado-permite-doce-viagem-ao-passado\/#article\",\"isPartOf\":{\"@id\":\"https:\/\/www.notibras.com\/site\/siso-inflamado-permite-doce-viagem-ao-passado\/\"},\"author\":{\"name\":\"Reda\u00e7\u00e3o\",\"@id\":\"https:\/\/www.notibras.com\/site\/#\/schema\/person\/36ab0979449956132d3e5b517ea76ac8\"},\"headline\":\"Siso inflamado permite doce viagem ao passado\",\"datePublished\":\"2023-11-22T11:07:03+00:00\",\"dateModified\":\"2023-11-22T11:07:39+00:00\",\"mainEntityOfPage\":{\"@id\":\"https:\/\/www.notibras.com\/site\/siso-inflamado-permite-doce-viagem-ao-passado\/\"},\"wordCount\":1722,\"publisher\":{\"@id\":\"https:\/\/www.notibras.com\/site\/#organization\"},\"image\":{\"@id\":\"https:\/\/www.notibras.com\/site\/siso-inflamado-permite-doce-viagem-ao-passado\/#primaryimage\"},\"thumbnailUrl\":\"https:\/\/www.notibras.com\/site\/wp-content\/uploads\/2023\/11\/b4e65331-5685-41a3-a74a-f2b51d593ee4.jpeg\",\"articleSection\":[\"Quadradinho em Foco\"],\"inLanguage\":\"pt-BR\"},{\"@type\":\"WebPage\",\"@id\":\"https:\/\/www.notibras.com\/site\/siso-inflamado-permite-doce-viagem-ao-passado\/\",\"url\":\"https:\/\/www.notibras.com\/site\/siso-inflamado-permite-doce-viagem-ao-passado\/\",\"name\":\"Siso inflamado permite doce viagem ao passado - Notibras\",\"isPartOf\":{\"@id\":\"https:\/\/www.notibras.com\/site\/#website\"},\"primaryImageOfPage\":{\"@id\":\"https:\/\/www.notibras.com\/site\/siso-inflamado-permite-doce-viagem-ao-passado\/#primaryimage\"},\"image\":{\"@id\":\"https:\/\/www.notibras.com\/site\/siso-inflamado-permite-doce-viagem-ao-passado\/#primaryimage\"},\"thumbnailUrl\":\"https:\/\/www.notibras.com\/site\/wp-content\/uploads\/2023\/11\/b4e65331-5685-41a3-a74a-f2b51d593ee4.jpeg\",\"datePublished\":\"2023-11-22T11:07:03+00:00\",\"dateModified\":\"2023-11-22T11:07:39+00:00\",\"breadcrumb\":{\"@id\":\"https:\/\/www.notibras.com\/site\/siso-inflamado-permite-doce-viagem-ao-passado\/#breadcrumb\"},\"inLanguage\":\"pt-BR\",\"potentialAction\":[{\"@type\":\"ReadAction\",\"target\":[\"https:\/\/www.notibras.com\/site\/siso-inflamado-permite-doce-viagem-ao-passado\/\"]}]},{\"@type\":\"ImageObject\",\"inLanguage\":\"pt-BR\",\"@id\":\"https:\/\/www.notibras.com\/site\/siso-inflamado-permite-doce-viagem-ao-passado\/#primaryimage\",\"url\":\"https:\/\/www.notibras.com\/site\/wp-content\/uploads\/2023\/11\/b4e65331-5685-41a3-a74a-f2b51d593ee4.jpeg\",\"contentUrl\":\"https:\/\/www.notibras.com\/site\/wp-content\/uploads\/2023\/11\/b4e65331-5685-41a3-a74a-f2b51d593ee4.jpeg\",\"width\":1600,\"height\":1066},{\"@type\":\"BreadcrumbList\",\"@id\":\"https:\/\/www.notibras.com\/site\/siso-inflamado-permite-doce-viagem-ao-passado\/#breadcrumb\",\"itemListElement\":[{\"@type\":\"ListItem\",\"position\":1,\"name\":\"In\u00edcio\",\"item\":\"https:\/\/www.notibras.com\/site\/\"},{\"@type\":\"ListItem\",\"position\":2,\"name\":\"Siso inflamado permite doce viagem ao passado\"}]},{\"@type\":\"WebSite\",\"@id\":\"https:\/\/www.notibras.com\/site\/#website\",\"url\":\"https:\/\/www.notibras.com\/site\/\",\"name\":\"Notibras\",\"description\":\"Not\u00edcias de Bras\u00edlia, do Brasil e do Mundo\",\"publisher\":{\"@id\":\"https:\/\/www.notibras.com\/site\/#organization\"},\"potentialAction\":[{\"@type\":\"SearchAction\",\"target\":{\"@type\":\"EntryPoint\",\"urlTemplate\":\"https:\/\/www.notibras.com\/site\/?s={search_term_string}\"},\"query-input\":{\"@type\":\"PropertyValueSpecification\",\"valueRequired\":true,\"valueName\":\"search_term_string\"}}],\"inLanguage\":\"pt-BR\"},{\"@type\":\"Organization\",\"@id\":\"https:\/\/www.notibras.com\/site\/#organization\",\"name\":\"Grupo Notibras de Comunica\u00e7\u00e3o\",\"url\":\"https:\/\/www.notibras.com\/site\/\",\"logo\":{\"@type\":\"ImageObject\",\"inLanguage\":\"pt-BR\",\"@id\":\"https:\/\/www.notibras.com\/site\/#\/schema\/logo\/image\/\",\"url\":\"https:\/\/www.notibras.com\/site\/wp-content\/uploads\/2023\/01\/notibras23.png\",\"contentUrl\":\"https:\/\/www.notibras.com\/site\/wp-content\/uploads\/2023\/01\/notibras23.png\",\"width\":350,\"height\":87,\"caption\":\"Grupo Notibras de Comunica\u00e7\u00e3o\"},\"image\":{\"@id\":\"https:\/\/www.notibras.com\/site\/#\/schema\/logo\/image\/\"},\"sameAs\":[\"https:\/\/www.facebook.com\/notibras\/\",\"https:\/\/x.com\/Notibras\",\"https:\/\/www.instagram.com\/notibras\/\"]},{\"@type\":\"Person\",\"@id\":\"https:\/\/www.notibras.com\/site\/#\/schema\/person\/36ab0979449956132d3e5b517ea76ac8\",\"name\":\"Reda\u00e7\u00e3o\",\"image\":{\"@type\":\"ImageObject\",\"inLanguage\":\"pt-BR\",\"@id\":\"https:\/\/secure.gravatar.com\/avatar\/e0a867bdedb85fd243eadf09663511f96fc81e0720a4a42581f334ad4303aa6b?s=96&d=mm&r=g\",\"url\":\"https:\/\/secure.gravatar.com\/avatar\/e0a867bdedb85fd243eadf09663511f96fc81e0720a4a42581f334ad4303aa6b?s=96&d=mm&r=g\",\"contentUrl\":\"https:\/\/secure.gravatar.com\/avatar\/e0a867bdedb85fd243eadf09663511f96fc81e0720a4a42581f334ad4303aa6b?s=96&d=mm&r=g\",\"caption\":\"Reda\u00e7\u00e3o\"}}]}<\/script>\n<!-- \/ Yoast SEO plugin. -->","yoast_head_json":{"title":"Siso inflamado permite doce viagem ao passado - Notibras","robots":{"index":"index","follow":"follow","max-snippet":"max-snippet:-1","max-image-preview":"max-image-preview:large","max-video-preview":"max-video-preview:-1"},"canonical":"https:\/\/www.notibras.com\/site\/siso-inflamado-permite-doce-viagem-ao-passado\/","og_locale":"pt_BR","og_type":"article","og_title":"Siso inflamado permite doce viagem ao passado - Notibras","og_description":"Recente cr\u00f4nica que escrevi para Notibras sobre meu av\u00f4 Waldemar Marchi repercutiu entre primos e outros parentes que vieram fazer coment\u00e1rios e perguntar fatos da vida daquele antigo cidad\u00e3o valenciano, porque nascido na cidade de Valen\u00e7a, em 1915, e eu dei algumas respostas na presen\u00e7a sempre curiosa e atenta de meu filho. Por mais que [&hellip;]","og_url":"https:\/\/www.notibras.com\/site\/siso-inflamado-permite-doce-viagem-ao-passado\/","og_site_name":"Notibras","article_publisher":"https:\/\/www.facebook.com\/notibras\/","article_published_time":"2023-11-22T11:07:03+00:00","article_modified_time":"2023-11-22T11:07:39+00:00","og_image":[{"width":1600,"height":1066,"url":"https:\/\/www.notibras.com\/site\/wp-content\/uploads\/2023\/11\/b4e65331-5685-41a3-a74a-f2b51d593ee4.jpeg","type":"image\/jpeg"}],"author":"Reda\u00e7\u00e3o","twitter_card":"summary_large_image","twitter_creator":"@Notibras","twitter_site":"@Notibras","twitter_misc":{"Escrito por":"Reda\u00e7\u00e3o","Est. tempo de leitura":"9 minutos"},"schema":{"@context":"https:\/\/schema.org","@graph":[{"@type":"Article","@id":"https:\/\/www.notibras.com\/site\/siso-inflamado-permite-doce-viagem-ao-passado\/#article","isPartOf":{"@id":"https:\/\/www.notibras.com\/site\/siso-inflamado-permite-doce-viagem-ao-passado\/"},"author":{"name":"Reda\u00e7\u00e3o","@id":"https:\/\/www.notibras.com\/site\/#\/schema\/person\/36ab0979449956132d3e5b517ea76ac8"},"headline":"Siso inflamado permite doce viagem ao passado","datePublished":"2023-11-22T11:07:03+00:00","dateModified":"2023-11-22T11:07:39+00:00","mainEntityOfPage":{"@id":"https:\/\/www.notibras.com\/site\/siso-inflamado-permite-doce-viagem-ao-passado\/"},"wordCount":1722,"publisher":{"@id":"https:\/\/www.notibras.com\/site\/#organization"},"image":{"@id":"https:\/\/www.notibras.com\/site\/siso-inflamado-permite-doce-viagem-ao-passado\/#primaryimage"},"thumbnailUrl":"https:\/\/www.notibras.com\/site\/wp-content\/uploads\/2023\/11\/b4e65331-5685-41a3-a74a-f2b51d593ee4.jpeg","articleSection":["Quadradinho em Foco"],"inLanguage":"pt-BR"},{"@type":"WebPage","@id":"https:\/\/www.notibras.com\/site\/siso-inflamado-permite-doce-viagem-ao-passado\/","url":"https:\/\/www.notibras.com\/site\/siso-inflamado-permite-doce-viagem-ao-passado\/","name":"Siso inflamado permite doce viagem ao passado - Notibras","isPartOf":{"@id":"https:\/\/www.notibras.com\/site\/#website"},"primaryImageOfPage":{"@id":"https:\/\/www.notibras.com\/site\/siso-inflamado-permite-doce-viagem-ao-passado\/#primaryimage"},"image":{"@id":"https:\/\/www.notibras.com\/site\/siso-inflamado-permite-doce-viagem-ao-passado\/#primaryimage"},"thumbnailUrl":"https:\/\/www.notibras.com\/site\/wp-content\/uploads\/2023\/11\/b4e65331-5685-41a3-a74a-f2b51d593ee4.jpeg","datePublished":"2023-11-22T11:07:03+00:00","dateModified":"2023-11-22T11:07:39+00:00","breadcrumb":{"@id":"https:\/\/www.notibras.com\/site\/siso-inflamado-permite-doce-viagem-ao-passado\/#breadcrumb"},"inLanguage":"pt-BR","potentialAction":[{"@type":"ReadAction","target":["https:\/\/www.notibras.com\/site\/siso-inflamado-permite-doce-viagem-ao-passado\/"]}]},{"@type":"ImageObject","inLanguage":"pt-BR","@id":"https:\/\/www.notibras.com\/site\/siso-inflamado-permite-doce-viagem-ao-passado\/#primaryimage","url":"https:\/\/www.notibras.com\/site\/wp-content\/uploads\/2023\/11\/b4e65331-5685-41a3-a74a-f2b51d593ee4.jpeg","contentUrl":"https:\/\/www.notibras.com\/site\/wp-content\/uploads\/2023\/11\/b4e65331-5685-41a3-a74a-f2b51d593ee4.jpeg","width":1600,"height":1066},{"@type":"BreadcrumbList","@id":"https:\/\/www.notibras.com\/site\/siso-inflamado-permite-doce-viagem-ao-passado\/#breadcrumb","itemListElement":[{"@type":"ListItem","position":1,"name":"In\u00edcio","item":"https:\/\/www.notibras.com\/site\/"},{"@type":"ListItem","position":2,"name":"Siso inflamado permite doce viagem ao passado"}]},{"@type":"WebSite","@id":"https:\/\/www.notibras.com\/site\/#website","url":"https:\/\/www.notibras.com\/site\/","name":"Notibras","description":"Not\u00edcias de Bras\u00edlia, do Brasil e do Mundo","publisher":{"@id":"https:\/\/www.notibras.com\/site\/#organization"},"potentialAction":[{"@type":"SearchAction","target":{"@type":"EntryPoint","urlTemplate":"https:\/\/www.notibras.com\/site\/?s={search_term_string}"},"query-input":{"@type":"PropertyValueSpecification","valueRequired":true,"valueName":"search_term_string"}}],"inLanguage":"pt-BR"},{"@type":"Organization","@id":"https:\/\/www.notibras.com\/site\/#organization","name":"Grupo Notibras de Comunica\u00e7\u00e3o","url":"https:\/\/www.notibras.com\/site\/","logo":{"@type":"ImageObject","inLanguage":"pt-BR","@id":"https:\/\/www.notibras.com\/site\/#\/schema\/logo\/image\/","url":"https:\/\/www.notibras.com\/site\/wp-content\/uploads\/2023\/01\/notibras23.png","contentUrl":"https:\/\/www.notibras.com\/site\/wp-content\/uploads\/2023\/01\/notibras23.png","width":350,"height":87,"caption":"Grupo Notibras de Comunica\u00e7\u00e3o"},"image":{"@id":"https:\/\/www.notibras.com\/site\/#\/schema\/logo\/image\/"},"sameAs":["https:\/\/www.facebook.com\/notibras\/","https:\/\/x.com\/Notibras","https:\/\/www.instagram.com\/notibras\/"]},{"@type":"Person","@id":"https:\/\/www.notibras.com\/site\/#\/schema\/person\/36ab0979449956132d3e5b517ea76ac8","name":"Reda\u00e7\u00e3o","image":{"@type":"ImageObject","inLanguage":"pt-BR","@id":"https:\/\/secure.gravatar.com\/avatar\/e0a867bdedb85fd243eadf09663511f96fc81e0720a4a42581f334ad4303aa6b?s=96&d=mm&r=g","url":"https:\/\/secure.gravatar.com\/avatar\/e0a867bdedb85fd243eadf09663511f96fc81e0720a4a42581f334ad4303aa6b?s=96&d=mm&r=g","contentUrl":"https:\/\/secure.gravatar.com\/avatar\/e0a867bdedb85fd243eadf09663511f96fc81e0720a4a42581f334ad4303aa6b?s=96&d=mm&r=g","caption":"Reda\u00e7\u00e3o"}}]}},"amp_enabled":true,"_links":{"self":[{"href":"https:\/\/www.notibras.com\/site\/wp-json\/wp\/v2\/posts\/317496","targetHints":{"allow":["GET"]}}],"collection":[{"href":"https:\/\/www.notibras.com\/site\/wp-json\/wp\/v2\/posts"}],"about":[{"href":"https:\/\/www.notibras.com\/site\/wp-json\/wp\/v2\/types\/post"}],"author":[{"embeddable":true,"href":"https:\/\/www.notibras.com\/site\/wp-json\/wp\/v2\/users\/2"}],"replies":[{"embeddable":true,"href":"https:\/\/www.notibras.com\/site\/wp-json\/wp\/v2\/comments?post=317496"}],"version-history":[{"count":2,"href":"https:\/\/www.notibras.com\/site\/wp-json\/wp\/v2\/posts\/317496\/revisions"}],"predecessor-version":[{"id":317499,"href":"https:\/\/www.notibras.com\/site\/wp-json\/wp\/v2\/posts\/317496\/revisions\/317499"}],"wp:featuredmedia":[{"embeddable":true,"href":"https:\/\/www.notibras.com\/site\/wp-json\/wp\/v2\/media\/317497"}],"wp:attachment":[{"href":"https:\/\/www.notibras.com\/site\/wp-json\/wp\/v2\/media?parent=317496"}],"wp:term":[{"taxonomy":"category","embeddable":true,"href":"https:\/\/www.notibras.com\/site\/wp-json\/wp\/v2\/categories?post=317496"},{"taxonomy":"post_tag","embeddable":true,"href":"https:\/\/www.notibras.com\/site\/wp-json\/wp\/v2\/tags?post=317496"}],"curies":[{"name":"wp","href":"https:\/\/api.w.org\/{rel}","templated":true}]}}