{"id":317500,"date":"2023-11-22T08:21:22","date_gmt":"2023-11-22T11:21:22","guid":{"rendered":"https:\/\/www.notibras.com\/site\/?p=317500"},"modified":"2023-11-22T08:21:54","modified_gmt":"2023-11-22T11:21:54","slug":"lencois-de-mafalda-recebem-amigo-do-marido","status":"publish","type":"post","link":"https:\/\/www.notibras.com\/site\/lencois-de-mafalda-recebem-amigo-do-marido\/","title":{"rendered":"Len\u00e7\u00f3is de Mafalda recebem amigo do marido"},"content":{"rendered":"<p>As pessoas gargalhavam t\u00e3o desvairadamente, que dava para ver os sisos ou a aus\u00eancia deles. Isto, para Mafalda, era a prova irrefut\u00e1vel de que nem todo mundo tem ju\u00edzo. Seja como for, ela continuou arrancando risadas despudoradas da pequena plateia ao seu redor, enquanto o marido, Alves, ficava perto da churrasqueira para n\u00e3o deixar a carne passar do ponto.<\/p>\n<p>Entre os convidados estava Gerson, amigo de longa data do seu amado esposo. Sim, ningu\u00e9m jamais poderia acus\u00e1-la de n\u00e3o amar o tranquilo Alves, sempre sol\u00edcito para todos os desejos da esposa. Ali\u00e1s, os dois se davam t\u00e3o bem, que bastava um olhar para saber o que o outro estava pensando. E como se desejavam, como se amavam, n\u00e3o importava o local. \u00c0s vezes at\u00e9 ali mesmo naquele amplo quintal, encostados na churrasqueira, que nem precisava estar acesa, tamanha a quentura daqueles corpos.<\/p>\n<p>Mas voltemos ao Gerson. Pois \u00e9, o Gerson! Basta uma simples descri\u00e7\u00e3o daquele homem para afastar qualquer suspeita de que algu\u00e9m lhe desejasse. Baixinho, n\u00e3o passava de 1,60. Careca, desses que deixam um arco de parcos cabelos ao redor da cabe\u00e7a. Barrigudo, do tipo que sofre tanto com os bot\u00f5es das cal\u00e7as, que, n\u00e3o tarda, prefere se render ao rid\u00edculo dos suspens\u00f3rios.<\/p>\n<p>Pois bem, o gajo, apesar da flagrante falta de atrativos f\u00edsicos, vez ou outra aparecia com uma mulher de saltar os olhos de quem tivesse a sorte de v\u00ea-la passar. Ah, e antes que algu\u00e9m fale que, na certa, era por conta dos milh\u00f5es da polpuda conta banc\u00e1ria do Gerson, isso n\u00e3o procede. Ele, que n\u00e3o era um miser\u00e1vel, estava bem longe de poder deixar o boi na sombra.<\/p>\n<p>Vale aqui lembrar que a Mafalda, no auge dos seus 38, tinha plena ci\u00eancia dos seus atributos. Quase alta, caso n\u00e3o fosse por aqueles m\u00edseros cent\u00edmetros que a impediam de ultrapassar o 1,70, mas nada que um bom salto n\u00e3o pudesse resolver. Quanto ao Alves, este era um tip\u00e3o. Alto, corpo quase em forma, apesar dos 50, n\u00e3o t\u00e3o bonito de rosto, mas n\u00e3o teria dificuldade de atrair supostas pretendentes. Possu\u00eda l\u00e1 seus atrativos.<\/p>\n<p>Aconteceu o improv\u00e1vel. Foi pouco antes desse churrasco, enquanto o Alves teve que fazer uma viagem a trabalho. N\u00e3o demorou tanto assim, mas foi mais que suficiente para que Mafalda e Gerson se entregassem a algo mais forte do que eles. Amaram-se como namorados de poucos dias, cheios de fa\u00edscas e desejos irracionais.<\/p>\n<p>Mafalda, satisfeita pela noite de amor, levantou e foi at\u00e9 o enorme espelho do quarto. Ela sorriu aquele sorriso de satisfa\u00e7\u00e3o, mas n\u00e3o de satisfeita. Ela queria mais, muito mais. Enquanto observava o corpo completamente nu do amante atrav\u00e9s do espelho, n\u00e3o sentiu qualquer remorso. Gerson tamb\u00e9m n\u00e3o demonstrava arrependimento pelo delito. N\u00e3o era culpa deles terem nascido sem os sisos.<\/p>\n","protected":false},"excerpt":{"rendered":"<p>As pessoas gargalhavam t\u00e3o desvairadamente, que dava para ver os sisos ou a aus\u00eancia deles. Isto, para Mafalda, era a prova irrefut\u00e1vel de que nem todo mundo tem ju\u00edzo. Seja como for, ela continuou arrancando risadas despudoradas da pequena plateia ao seu redor, enquanto o marido, Alves, ficava perto da churrasqueira para n\u00e3o deixar a [&hellip;]<\/p>\n","protected":false},"author":2,"featured_media":317502,"comment_status":"closed","ping_status":"closed","sticky":false,"template":"","format":"standard","meta":{"_acf_changed":false,"footnotes":""},"categories":[161],"tags":[],"class_list":["post-317500","post","type-post","status-publish","format-standard","has-post-thumbnail","hentry","category-quadradinho-em-foco"],"acf":[],"yoast_head":"<!-- This site is optimized with the Yoast SEO plugin v27.2 - https:\/\/yoast.com\/product\/yoast-seo-wordpress\/ -->\n<title>Len\u00e7\u00f3is de Mafalda recebem amigo do marido - Notibras<\/title>\n<meta name=\"robots\" content=\"index, follow, max-snippet:-1, max-image-preview:large, max-video-preview:-1\" \/>\n<link rel=\"canonical\" href=\"https:\/\/www.notibras.com\/site\/lencois-de-mafalda-recebem-amigo-do-marido\/\" \/>\n<meta property=\"og:locale\" content=\"pt_BR\" \/>\n<meta property=\"og:type\" content=\"article\" \/>\n<meta property=\"og:title\" content=\"Len\u00e7\u00f3is de Mafalda recebem amigo do marido - Notibras\" \/>\n<meta property=\"og:description\" content=\"As pessoas gargalhavam t\u00e3o desvairadamente, que dava para ver os sisos ou a aus\u00eancia deles. Isto, para Mafalda, era a prova irrefut\u00e1vel de que nem todo mundo tem ju\u00edzo. Seja como for, ela continuou arrancando risadas despudoradas da pequena plateia ao seu redor, enquanto o marido, Alves, ficava perto da churrasqueira para n\u00e3o deixar a [&hellip;]\" \/>\n<meta property=\"og:url\" content=\"https:\/\/www.notibras.com\/site\/lencois-de-mafalda-recebem-amigo-do-marido\/\" \/>\n<meta property=\"og:site_name\" content=\"Notibras\" \/>\n<meta property=\"article:publisher\" content=\"https:\/\/www.facebook.com\/notibras\/\" \/>\n<meta property=\"article:published_time\" content=\"2023-11-22T11:21:22+00:00\" \/>\n<meta property=\"article:modified_time\" content=\"2023-11-22T11:21:54+00:00\" \/>\n<meta property=\"og:image\" content=\"https:\/\/www.notibras.com\/site\/wp-content\/uploads\/2023\/11\/clima-romantico-2.jpg\" \/>\n\t<meta property=\"og:image:width\" content=\"563\" \/>\n\t<meta property=\"og:image:height\" content=\"388\" \/>\n\t<meta property=\"og:image:type\" content=\"image\/jpeg\" \/>\n<meta name=\"author\" content=\"Reda\u00e7\u00e3o\" \/>\n<meta name=\"twitter:card\" content=\"summary_large_image\" \/>\n<meta name=\"twitter:creator\" content=\"@Notibras\" \/>\n<meta name=\"twitter:site\" content=\"@Notibras\" \/>\n<meta name=\"twitter:label1\" content=\"Escrito por\" \/>\n\t<meta name=\"twitter:data1\" content=\"Reda\u00e7\u00e3o\" \/>\n\t<meta name=\"twitter:label2\" content=\"Est. tempo de leitura\" \/>\n\t<meta name=\"twitter:data2\" content=\"3 minutos\" \/>\n<script type=\"application\/ld+json\" class=\"yoast-schema-graph\">{\"@context\":\"https:\/\/schema.org\",\"@graph\":[{\"@type\":\"Article\",\"@id\":\"https:\/\/www.notibras.com\/site\/lencois-de-mafalda-recebem-amigo-do-marido\/#article\",\"isPartOf\":{\"@id\":\"https:\/\/www.notibras.com\/site\/lencois-de-mafalda-recebem-amigo-do-marido\/\"},\"author\":{\"name\":\"Reda\u00e7\u00e3o\",\"@id\":\"https:\/\/www.notibras.com\/site\/#\/schema\/person\/36ab0979449956132d3e5b517ea76ac8\"},\"headline\":\"Len\u00e7\u00f3is de Mafalda recebem amigo do marido\",\"datePublished\":\"2023-11-22T11:21:22+00:00\",\"dateModified\":\"2023-11-22T11:21:54+00:00\",\"mainEntityOfPage\":{\"@id\":\"https:\/\/www.notibras.com\/site\/lencois-de-mafalda-recebem-amigo-do-marido\/\"},\"wordCount\":513,\"publisher\":{\"@id\":\"https:\/\/www.notibras.com\/site\/#organization\"},\"image\":{\"@id\":\"https:\/\/www.notibras.com\/site\/lencois-de-mafalda-recebem-amigo-do-marido\/#primaryimage\"},\"thumbnailUrl\":\"https:\/\/www.notibras.com\/site\/wp-content\/uploads\/2023\/11\/clima-romantico-2.jpg\",\"articleSection\":[\"Quadradinho em Foco\"],\"inLanguage\":\"pt-BR\"},{\"@type\":\"WebPage\",\"@id\":\"https:\/\/www.notibras.com\/site\/lencois-de-mafalda-recebem-amigo-do-marido\/\",\"url\":\"https:\/\/www.notibras.com\/site\/lencois-de-mafalda-recebem-amigo-do-marido\/\",\"name\":\"Len\u00e7\u00f3is de Mafalda recebem amigo do marido - Notibras\",\"isPartOf\":{\"@id\":\"https:\/\/www.notibras.com\/site\/#website\"},\"primaryImageOfPage\":{\"@id\":\"https:\/\/www.notibras.com\/site\/lencois-de-mafalda-recebem-amigo-do-marido\/#primaryimage\"},\"image\":{\"@id\":\"https:\/\/www.notibras.com\/site\/lencois-de-mafalda-recebem-amigo-do-marido\/#primaryimage\"},\"thumbnailUrl\":\"https:\/\/www.notibras.com\/site\/wp-content\/uploads\/2023\/11\/clima-romantico-2.jpg\",\"datePublished\":\"2023-11-22T11:21:22+00:00\",\"dateModified\":\"2023-11-22T11:21:54+00:00\",\"breadcrumb\":{\"@id\":\"https:\/\/www.notibras.com\/site\/lencois-de-mafalda-recebem-amigo-do-marido\/#breadcrumb\"},\"inLanguage\":\"pt-BR\",\"potentialAction\":[{\"@type\":\"ReadAction\",\"target\":[\"https:\/\/www.notibras.com\/site\/lencois-de-mafalda-recebem-amigo-do-marido\/\"]}]},{\"@type\":\"ImageObject\",\"inLanguage\":\"pt-BR\",\"@id\":\"https:\/\/www.notibras.com\/site\/lencois-de-mafalda-recebem-amigo-do-marido\/#primaryimage\",\"url\":\"https:\/\/www.notibras.com\/site\/wp-content\/uploads\/2023\/11\/clima-romantico-2.jpg\",\"contentUrl\":\"https:\/\/www.notibras.com\/site\/wp-content\/uploads\/2023\/11\/clima-romantico-2.jpg\",\"width\":563,\"height\":388},{\"@type\":\"BreadcrumbList\",\"@id\":\"https:\/\/www.notibras.com\/site\/lencois-de-mafalda-recebem-amigo-do-marido\/#breadcrumb\",\"itemListElement\":[{\"@type\":\"ListItem\",\"position\":1,\"name\":\"In\u00edcio\",\"item\":\"https:\/\/www.notibras.com\/site\/\"},{\"@type\":\"ListItem\",\"position\":2,\"name\":\"Len\u00e7\u00f3is de Mafalda recebem amigo do marido\"}]},{\"@type\":\"WebSite\",\"@id\":\"https:\/\/www.notibras.com\/site\/#website\",\"url\":\"https:\/\/www.notibras.com\/site\/\",\"name\":\"Notibras\",\"description\":\"Not\u00edcias de Bras\u00edlia, do Brasil e do Mundo\",\"publisher\":{\"@id\":\"https:\/\/www.notibras.com\/site\/#organization\"},\"potentialAction\":[{\"@type\":\"SearchAction\",\"target\":{\"@type\":\"EntryPoint\",\"urlTemplate\":\"https:\/\/www.notibras.com\/site\/?s={search_term_string}\"},\"query-input\":{\"@type\":\"PropertyValueSpecification\",\"valueRequired\":true,\"valueName\":\"search_term_string\"}}],\"inLanguage\":\"pt-BR\"},{\"@type\":\"Organization\",\"@id\":\"https:\/\/www.notibras.com\/site\/#organization\",\"name\":\"Grupo Notibras de Comunica\u00e7\u00e3o\",\"url\":\"https:\/\/www.notibras.com\/site\/\",\"logo\":{\"@type\":\"ImageObject\",\"inLanguage\":\"pt-BR\",\"@id\":\"https:\/\/www.notibras.com\/site\/#\/schema\/logo\/image\/\",\"url\":\"https:\/\/www.notibras.com\/site\/wp-content\/uploads\/2023\/01\/notibras23.png\",\"contentUrl\":\"https:\/\/www.notibras.com\/site\/wp-content\/uploads\/2023\/01\/notibras23.png\",\"width\":350,\"height\":87,\"caption\":\"Grupo Notibras de Comunica\u00e7\u00e3o\"},\"image\":{\"@id\":\"https:\/\/www.notibras.com\/site\/#\/schema\/logo\/image\/\"},\"sameAs\":[\"https:\/\/www.facebook.com\/notibras\/\",\"https:\/\/x.com\/Notibras\",\"https:\/\/www.instagram.com\/notibras\/\"]},{\"@type\":\"Person\",\"@id\":\"https:\/\/www.notibras.com\/site\/#\/schema\/person\/36ab0979449956132d3e5b517ea76ac8\",\"name\":\"Reda\u00e7\u00e3o\",\"image\":{\"@type\":\"ImageObject\",\"inLanguage\":\"pt-BR\",\"@id\":\"https:\/\/secure.gravatar.com\/avatar\/e0a867bdedb85fd243eadf09663511f96fc81e0720a4a42581f334ad4303aa6b?s=96&d=mm&r=g\",\"url\":\"https:\/\/secure.gravatar.com\/avatar\/e0a867bdedb85fd243eadf09663511f96fc81e0720a4a42581f334ad4303aa6b?s=96&d=mm&r=g\",\"contentUrl\":\"https:\/\/secure.gravatar.com\/avatar\/e0a867bdedb85fd243eadf09663511f96fc81e0720a4a42581f334ad4303aa6b?s=96&d=mm&r=g\",\"caption\":\"Reda\u00e7\u00e3o\"}}]}<\/script>\n<!-- \/ Yoast SEO plugin. -->","yoast_head_json":{"title":"Len\u00e7\u00f3is de Mafalda recebem amigo do marido - Notibras","robots":{"index":"index","follow":"follow","max-snippet":"max-snippet:-1","max-image-preview":"max-image-preview:large","max-video-preview":"max-video-preview:-1"},"canonical":"https:\/\/www.notibras.com\/site\/lencois-de-mafalda-recebem-amigo-do-marido\/","og_locale":"pt_BR","og_type":"article","og_title":"Len\u00e7\u00f3is de Mafalda recebem amigo do marido - Notibras","og_description":"As pessoas gargalhavam t\u00e3o desvairadamente, que dava para ver os sisos ou a aus\u00eancia deles. Isto, para Mafalda, era a prova irrefut\u00e1vel de que nem todo mundo tem ju\u00edzo. Seja como for, ela continuou arrancando risadas despudoradas da pequena plateia ao seu redor, enquanto o marido, Alves, ficava perto da churrasqueira para n\u00e3o deixar a [&hellip;]","og_url":"https:\/\/www.notibras.com\/site\/lencois-de-mafalda-recebem-amigo-do-marido\/","og_site_name":"Notibras","article_publisher":"https:\/\/www.facebook.com\/notibras\/","article_published_time":"2023-11-22T11:21:22+00:00","article_modified_time":"2023-11-22T11:21:54+00:00","og_image":[{"width":563,"height":388,"url":"https:\/\/www.notibras.com\/site\/wp-content\/uploads\/2023\/11\/clima-romantico-2.jpg","type":"image\/jpeg"}],"author":"Reda\u00e7\u00e3o","twitter_card":"summary_large_image","twitter_creator":"@Notibras","twitter_site":"@Notibras","twitter_misc":{"Escrito por":"Reda\u00e7\u00e3o","Est. tempo de leitura":"3 minutos"},"schema":{"@context":"https:\/\/schema.org","@graph":[{"@type":"Article","@id":"https:\/\/www.notibras.com\/site\/lencois-de-mafalda-recebem-amigo-do-marido\/#article","isPartOf":{"@id":"https:\/\/www.notibras.com\/site\/lencois-de-mafalda-recebem-amigo-do-marido\/"},"author":{"name":"Reda\u00e7\u00e3o","@id":"https:\/\/www.notibras.com\/site\/#\/schema\/person\/36ab0979449956132d3e5b517ea76ac8"},"headline":"Len\u00e7\u00f3is de Mafalda recebem amigo do marido","datePublished":"2023-11-22T11:21:22+00:00","dateModified":"2023-11-22T11:21:54+00:00","mainEntityOfPage":{"@id":"https:\/\/www.notibras.com\/site\/lencois-de-mafalda-recebem-amigo-do-marido\/"},"wordCount":513,"publisher":{"@id":"https:\/\/www.notibras.com\/site\/#organization"},"image":{"@id":"https:\/\/www.notibras.com\/site\/lencois-de-mafalda-recebem-amigo-do-marido\/#primaryimage"},"thumbnailUrl":"https:\/\/www.notibras.com\/site\/wp-content\/uploads\/2023\/11\/clima-romantico-2.jpg","articleSection":["Quadradinho em Foco"],"inLanguage":"pt-BR"},{"@type":"WebPage","@id":"https:\/\/www.notibras.com\/site\/lencois-de-mafalda-recebem-amigo-do-marido\/","url":"https:\/\/www.notibras.com\/site\/lencois-de-mafalda-recebem-amigo-do-marido\/","name":"Len\u00e7\u00f3is de Mafalda recebem amigo do marido - Notibras","isPartOf":{"@id":"https:\/\/www.notibras.com\/site\/#website"},"primaryImageOfPage":{"@id":"https:\/\/www.notibras.com\/site\/lencois-de-mafalda-recebem-amigo-do-marido\/#primaryimage"},"image":{"@id":"https:\/\/www.notibras.com\/site\/lencois-de-mafalda-recebem-amigo-do-marido\/#primaryimage"},"thumbnailUrl":"https:\/\/www.notibras.com\/site\/wp-content\/uploads\/2023\/11\/clima-romantico-2.jpg","datePublished":"2023-11-22T11:21:22+00:00","dateModified":"2023-11-22T11:21:54+00:00","breadcrumb":{"@id":"https:\/\/www.notibras.com\/site\/lencois-de-mafalda-recebem-amigo-do-marido\/#breadcrumb"},"inLanguage":"pt-BR","potentialAction":[{"@type":"ReadAction","target":["https:\/\/www.notibras.com\/site\/lencois-de-mafalda-recebem-amigo-do-marido\/"]}]},{"@type":"ImageObject","inLanguage":"pt-BR","@id":"https:\/\/www.notibras.com\/site\/lencois-de-mafalda-recebem-amigo-do-marido\/#primaryimage","url":"https:\/\/www.notibras.com\/site\/wp-content\/uploads\/2023\/11\/clima-romantico-2.jpg","contentUrl":"https:\/\/www.notibras.com\/site\/wp-content\/uploads\/2023\/11\/clima-romantico-2.jpg","width":563,"height":388},{"@type":"BreadcrumbList","@id":"https:\/\/www.notibras.com\/site\/lencois-de-mafalda-recebem-amigo-do-marido\/#breadcrumb","itemListElement":[{"@type":"ListItem","position":1,"name":"In\u00edcio","item":"https:\/\/www.notibras.com\/site\/"},{"@type":"ListItem","position":2,"name":"Len\u00e7\u00f3is de Mafalda recebem amigo do marido"}]},{"@type":"WebSite","@id":"https:\/\/www.notibras.com\/site\/#website","url":"https:\/\/www.notibras.com\/site\/","name":"Notibras","description":"Not\u00edcias de Bras\u00edlia, do Brasil e do Mundo","publisher":{"@id":"https:\/\/www.notibras.com\/site\/#organization"},"potentialAction":[{"@type":"SearchAction","target":{"@type":"EntryPoint","urlTemplate":"https:\/\/www.notibras.com\/site\/?s={search_term_string}"},"query-input":{"@type":"PropertyValueSpecification","valueRequired":true,"valueName":"search_term_string"}}],"inLanguage":"pt-BR"},{"@type":"Organization","@id":"https:\/\/www.notibras.com\/site\/#organization","name":"Grupo Notibras de Comunica\u00e7\u00e3o","url":"https:\/\/www.notibras.com\/site\/","logo":{"@type":"ImageObject","inLanguage":"pt-BR","@id":"https:\/\/www.notibras.com\/site\/#\/schema\/logo\/image\/","url":"https:\/\/www.notibras.com\/site\/wp-content\/uploads\/2023\/01\/notibras23.png","contentUrl":"https:\/\/www.notibras.com\/site\/wp-content\/uploads\/2023\/01\/notibras23.png","width":350,"height":87,"caption":"Grupo Notibras de Comunica\u00e7\u00e3o"},"image":{"@id":"https:\/\/www.notibras.com\/site\/#\/schema\/logo\/image\/"},"sameAs":["https:\/\/www.facebook.com\/notibras\/","https:\/\/x.com\/Notibras","https:\/\/www.instagram.com\/notibras\/"]},{"@type":"Person","@id":"https:\/\/www.notibras.com\/site\/#\/schema\/person\/36ab0979449956132d3e5b517ea76ac8","name":"Reda\u00e7\u00e3o","image":{"@type":"ImageObject","inLanguage":"pt-BR","@id":"https:\/\/secure.gravatar.com\/avatar\/e0a867bdedb85fd243eadf09663511f96fc81e0720a4a42581f334ad4303aa6b?s=96&d=mm&r=g","url":"https:\/\/secure.gravatar.com\/avatar\/e0a867bdedb85fd243eadf09663511f96fc81e0720a4a42581f334ad4303aa6b?s=96&d=mm&r=g","contentUrl":"https:\/\/secure.gravatar.com\/avatar\/e0a867bdedb85fd243eadf09663511f96fc81e0720a4a42581f334ad4303aa6b?s=96&d=mm&r=g","caption":"Reda\u00e7\u00e3o"}}]}},"amp_enabled":true,"_links":{"self":[{"href":"https:\/\/www.notibras.com\/site\/wp-json\/wp\/v2\/posts\/317500","targetHints":{"allow":["GET"]}}],"collection":[{"href":"https:\/\/www.notibras.com\/site\/wp-json\/wp\/v2\/posts"}],"about":[{"href":"https:\/\/www.notibras.com\/site\/wp-json\/wp\/v2\/types\/post"}],"author":[{"embeddable":true,"href":"https:\/\/www.notibras.com\/site\/wp-json\/wp\/v2\/users\/2"}],"replies":[{"embeddable":true,"href":"https:\/\/www.notibras.com\/site\/wp-json\/wp\/v2\/comments?post=317500"}],"version-history":[{"count":1,"href":"https:\/\/www.notibras.com\/site\/wp-json\/wp\/v2\/posts\/317500\/revisions"}],"predecessor-version":[{"id":317503,"href":"https:\/\/www.notibras.com\/site\/wp-json\/wp\/v2\/posts\/317500\/revisions\/317503"}],"wp:featuredmedia":[{"embeddable":true,"href":"https:\/\/www.notibras.com\/site\/wp-json\/wp\/v2\/media\/317502"}],"wp:attachment":[{"href":"https:\/\/www.notibras.com\/site\/wp-json\/wp\/v2\/media?parent=317500"}],"wp:term":[{"taxonomy":"category","embeddable":true,"href":"https:\/\/www.notibras.com\/site\/wp-json\/wp\/v2\/categories?post=317500"},{"taxonomy":"post_tag","embeddable":true,"href":"https:\/\/www.notibras.com\/site\/wp-json\/wp\/v2\/tags?post=317500"}],"curies":[{"name":"wp","href":"https:\/\/api.w.org\/{rel}","templated":true}]}}