{"id":317519,"date":"2023-11-22T09:15:54","date_gmt":"2023-11-22T12:15:54","guid":{"rendered":"https:\/\/www.notibras.com\/site\/?p=317519"},"modified":"2023-11-22T11:20:11","modified_gmt":"2023-11-22T14:20:11","slug":"pedidos-de-beneficios-serao-atendidos-em-ate-30-dias-em-2024","status":"publish","type":"post","link":"https:\/\/www.notibras.com\/site\/pedidos-de-beneficios-serao-atendidos-em-ate-30-dias-em-2024\/","title":{"rendered":"Pedidos de benef\u00edcios ser\u00e3o atendidos em at\u00e9 30 dias em 2024"},"content":{"rendered":"<p>O ministro da Previd\u00eancia Social, Carlos Lupi, disse nesta quarta-feira (22) que, at\u00e9 dezembro de 2024, a pasta pretende atender a todos os pedidos de benef\u00edcios em um prazo m\u00e1ximo de 30 dias. A legisla\u00e7\u00e3o brasileira prev\u00ea que o atendimento aconte\u00e7a em at\u00e9 45 dias. Entretanto, segundo o pr\u00f3prio Lupi, atualmente, apenas 55% das pessoas s\u00e3o atendidas nesse prazo.<\/p>\n<p>\u201cAt\u00e9 dezembro, nossa inten\u00e7\u00e3o \u00e9 colocar todo mundo em 45 dias de espera. Para que, no ano que vem, comecemos a pensar em um novo modelo, um modelo mais \u00e1gil, mais r\u00e1pido. Estamos trabalhando para isso\u201d, afirmou, ao participar de entrevista a emissoras de r\u00e1dio durante o programa Bom Dia, Ministro, da Empresa Brasil de Comunica\u00e7\u00e3o (EBC).<\/p>\n<p>De acordo com o ministro, em janeiro deste ano, quando o presidente Luiz In\u00e1cio Lula da Silva assumiu o governo, o percentual de pedidos de benef\u00edcios atendidos em at\u00e9 45 dias era de cerca de 30%. \u201cEstamos afunilando\u201d, disse.<\/p>\n<p>\u201cNossa inten\u00e7\u00e3o \u00e9 colocar todo mundo em 45 dias at\u00e9 dezembro. Claro que voc\u00ea s\u00f3 tem o balan\u00e7o de dezembro em janeiro, porque tem que esperar o m\u00eas terminar. Mas a nossa inten\u00e7\u00e3o \u00e9 essa. E eu sou um pouco ousado: pretendo que, no ano de 2024, tenhamos todos numa fila de 30 dias. At\u00e9 o final do ano que vem. Para isso, a gente est\u00e1 fazendo uma s\u00e9rie de medidas.\u201d<\/p>\n<p><strong>Atestmed<\/strong><br \/>\nLupi lembrou que segurados do INSS que precisam solicitar o benef\u00edcio por incapacidade tempor\u00e1ria (antigo aux\u00edlio-doen\u00e7a) podem fazer o requerimento por meio de an\u00e1lise documental e ter o benef\u00edcio concedido de forma mais r\u00e1pida, sem passar pela per\u00edcia m\u00e9dica. O processo, que recebeu o nome de Atestmed, pode ser feito por meio do site ou do app MeuINSS.<\/p>\n<p>\u201cO atestado que voc\u00ea tem como cidad\u00e3o, particular, com CRM, ou do SUS ou de qualquer hospital p\u00fablico, serve como atestado para voc\u00ea tirar a sua licen\u00e7a at\u00e9 90 dias, provis\u00f3ria, e receber pela previd\u00eancia social\u201d, disse. \u201cN\u00e3o precisa ter que ir pra per\u00edcia pra fazer um novo exame. J\u00e1 est\u00e1 o exame ali, j\u00e1 est\u00e1 constatado pelo m\u00e9dico, n\u00f3s confiamos nos m\u00e9dicos brasileiros. Isso j\u00e1 melhora bastante o fluxo da fila. A per\u00edcia s\u00f3 vai entrar quando esse prazo \u00e9 maior, quando \u00e9 uma coisa mais grave,\u201d explicou o ministro.<\/p>\n","protected":false},"excerpt":{"rendered":"<p>O ministro da Previd\u00eancia Social, Carlos Lupi, disse nesta quarta-feira (22) que, at\u00e9 dezembro de 2024, a pasta pretende atender a todos os pedidos de benef\u00edcios em um prazo m\u00e1ximo de 30 dias. A legisla\u00e7\u00e3o brasileira prev\u00ea que o atendimento aconte\u00e7a em at\u00e9 45 dias. Entretanto, segundo o pr\u00f3prio Lupi, atualmente, apenas 55% das pessoas [&hellip;]<\/p>\n","protected":false},"author":2,"featured_media":317520,"comment_status":"closed","ping_status":"closed","sticky":false,"template":"","format":"standard","meta":{"_acf_changed":false,"footnotes":""},"categories":[161],"tags":[95],"class_list":["post-317519","post","type-post","status-publish","format-standard","has-post-thumbnail","hentry","category-quadradinho-em-foco","tag-capa"],"acf":[],"yoast_head":"<!-- This site is optimized with the Yoast SEO plugin v27.2 - https:\/\/yoast.com\/product\/yoast-seo-wordpress\/ -->\n<title>Pedidos de benef\u00edcios ser\u00e3o atendidos em at\u00e9 30 dias em 2024 - Notibras<\/title>\n<meta name=\"robots\" content=\"index, follow, max-snippet:-1, max-image-preview:large, max-video-preview:-1\" \/>\n<link rel=\"canonical\" href=\"https:\/\/www.notibras.com\/site\/pedidos-de-beneficios-serao-atendidos-em-ate-30-dias-em-2024\/\" \/>\n<meta property=\"og:locale\" content=\"pt_BR\" \/>\n<meta property=\"og:type\" content=\"article\" \/>\n<meta property=\"og:title\" content=\"Pedidos de benef\u00edcios ser\u00e3o atendidos em at\u00e9 30 dias em 2024 - Notibras\" \/>\n<meta property=\"og:description\" content=\"O ministro da Previd\u00eancia Social, Carlos Lupi, disse nesta quarta-feira (22) que, at\u00e9 dezembro de 2024, a pasta pretende atender a todos os pedidos de benef\u00edcios em um prazo m\u00e1ximo de 30 dias. A legisla\u00e7\u00e3o brasileira prev\u00ea que o atendimento aconte\u00e7a em at\u00e9 45 dias. Entretanto, segundo o pr\u00f3prio Lupi, atualmente, apenas 55% das pessoas [&hellip;]\" \/>\n<meta property=\"og:url\" content=\"https:\/\/www.notibras.com\/site\/pedidos-de-beneficios-serao-atendidos-em-ate-30-dias-em-2024\/\" \/>\n<meta property=\"og:site_name\" content=\"Notibras\" \/>\n<meta property=\"article:publisher\" content=\"https:\/\/www.facebook.com\/notibras\/\" \/>\n<meta property=\"article:published_time\" content=\"2023-11-22T12:15:54+00:00\" \/>\n<meta property=\"article:modified_time\" content=\"2023-11-22T14:20:11+00:00\" \/>\n<meta property=\"og:image\" content=\"https:\/\/www.notibras.com\/site\/wp-content\/uploads\/2023\/11\/inss.bene_.webp\" \/>\n\t<meta property=\"og:image:width\" content=\"1170\" \/>\n\t<meta property=\"og:image:height\" content=\"700\" \/>\n\t<meta property=\"og:image:type\" content=\"image\/webp\" \/>\n<meta name=\"author\" content=\"Reda\u00e7\u00e3o\" \/>\n<meta name=\"twitter:card\" content=\"summary_large_image\" \/>\n<meta name=\"twitter:creator\" content=\"@Notibras\" \/>\n<meta name=\"twitter:site\" content=\"@Notibras\" \/>\n<meta name=\"twitter:label1\" content=\"Escrito por\" \/>\n\t<meta name=\"twitter:data1\" content=\"Reda\u00e7\u00e3o\" \/>\n\t<meta name=\"twitter:label2\" content=\"Est. tempo de leitura\" \/>\n\t<meta name=\"twitter:data2\" content=\"3 minutos\" \/>\n<script type=\"application\/ld+json\" class=\"yoast-schema-graph\">{\"@context\":\"https:\/\/schema.org\",\"@graph\":[{\"@type\":\"Article\",\"@id\":\"https:\/\/www.notibras.com\/site\/pedidos-de-beneficios-serao-atendidos-em-ate-30-dias-em-2024\/#article\",\"isPartOf\":{\"@id\":\"https:\/\/www.notibras.com\/site\/pedidos-de-beneficios-serao-atendidos-em-ate-30-dias-em-2024\/\"},\"author\":{\"name\":\"Reda\u00e7\u00e3o\",\"@id\":\"https:\/\/www.notibras.com\/site\/#\/schema\/person\/36ab0979449956132d3e5b517ea76ac8\"},\"headline\":\"Pedidos de benef\u00edcios ser\u00e3o atendidos em at\u00e9 30 dias em 2024\",\"datePublished\":\"2023-11-22T12:15:54+00:00\",\"dateModified\":\"2023-11-22T14:20:11+00:00\",\"mainEntityOfPage\":{\"@id\":\"https:\/\/www.notibras.com\/site\/pedidos-de-beneficios-serao-atendidos-em-ate-30-dias-em-2024\/\"},\"wordCount\":408,\"publisher\":{\"@id\":\"https:\/\/www.notibras.com\/site\/#organization\"},\"image\":{\"@id\":\"https:\/\/www.notibras.com\/site\/pedidos-de-beneficios-serao-atendidos-em-ate-30-dias-em-2024\/#primaryimage\"},\"thumbnailUrl\":\"https:\/\/www.notibras.com\/site\/wp-content\/uploads\/2023\/11\/inss.bene_.webp\",\"keywords\":[\"capa\"],\"articleSection\":[\"Quadradinho em Foco\"],\"inLanguage\":\"pt-BR\"},{\"@type\":\"WebPage\",\"@id\":\"https:\/\/www.notibras.com\/site\/pedidos-de-beneficios-serao-atendidos-em-ate-30-dias-em-2024\/\",\"url\":\"https:\/\/www.notibras.com\/site\/pedidos-de-beneficios-serao-atendidos-em-ate-30-dias-em-2024\/\",\"name\":\"Pedidos de benef\u00edcios ser\u00e3o atendidos em at\u00e9 30 dias em 2024 - Notibras\",\"isPartOf\":{\"@id\":\"https:\/\/www.notibras.com\/site\/#website\"},\"primaryImageOfPage\":{\"@id\":\"https:\/\/www.notibras.com\/site\/pedidos-de-beneficios-serao-atendidos-em-ate-30-dias-em-2024\/#primaryimage\"},\"image\":{\"@id\":\"https:\/\/www.notibras.com\/site\/pedidos-de-beneficios-serao-atendidos-em-ate-30-dias-em-2024\/#primaryimage\"},\"thumbnailUrl\":\"https:\/\/www.notibras.com\/site\/wp-content\/uploads\/2023\/11\/inss.bene_.webp\",\"datePublished\":\"2023-11-22T12:15:54+00:00\",\"dateModified\":\"2023-11-22T14:20:11+00:00\",\"breadcrumb\":{\"@id\":\"https:\/\/www.notibras.com\/site\/pedidos-de-beneficios-serao-atendidos-em-ate-30-dias-em-2024\/#breadcrumb\"},\"inLanguage\":\"pt-BR\",\"potentialAction\":[{\"@type\":\"ReadAction\",\"target\":[\"https:\/\/www.notibras.com\/site\/pedidos-de-beneficios-serao-atendidos-em-ate-30-dias-em-2024\/\"]}]},{\"@type\":\"ImageObject\",\"inLanguage\":\"pt-BR\",\"@id\":\"https:\/\/www.notibras.com\/site\/pedidos-de-beneficios-serao-atendidos-em-ate-30-dias-em-2024\/#primaryimage\",\"url\":\"https:\/\/www.notibras.com\/site\/wp-content\/uploads\/2023\/11\/inss.bene_.webp\",\"contentUrl\":\"https:\/\/www.notibras.com\/site\/wp-content\/uploads\/2023\/11\/inss.bene_.webp\",\"width\":1170,\"height\":700},{\"@type\":\"BreadcrumbList\",\"@id\":\"https:\/\/www.notibras.com\/site\/pedidos-de-beneficios-serao-atendidos-em-ate-30-dias-em-2024\/#breadcrumb\",\"itemListElement\":[{\"@type\":\"ListItem\",\"position\":1,\"name\":\"In\u00edcio\",\"item\":\"https:\/\/www.notibras.com\/site\/\"},{\"@type\":\"ListItem\",\"position\":2,\"name\":\"Pedidos de benef\u00edcios ser\u00e3o atendidos em at\u00e9 30 dias em 2024\"}]},{\"@type\":\"WebSite\",\"@id\":\"https:\/\/www.notibras.com\/site\/#website\",\"url\":\"https:\/\/www.notibras.com\/site\/\",\"name\":\"Notibras\",\"description\":\"Not\u00edcias de Bras\u00edlia, do Brasil e do Mundo\",\"publisher\":{\"@id\":\"https:\/\/www.notibras.com\/site\/#organization\"},\"potentialAction\":[{\"@type\":\"SearchAction\",\"target\":{\"@type\":\"EntryPoint\",\"urlTemplate\":\"https:\/\/www.notibras.com\/site\/?s={search_term_string}\"},\"query-input\":{\"@type\":\"PropertyValueSpecification\",\"valueRequired\":true,\"valueName\":\"search_term_string\"}}],\"inLanguage\":\"pt-BR\"},{\"@type\":\"Organization\",\"@id\":\"https:\/\/www.notibras.com\/site\/#organization\",\"name\":\"Grupo Notibras de Comunica\u00e7\u00e3o\",\"url\":\"https:\/\/www.notibras.com\/site\/\",\"logo\":{\"@type\":\"ImageObject\",\"inLanguage\":\"pt-BR\",\"@id\":\"https:\/\/www.notibras.com\/site\/#\/schema\/logo\/image\/\",\"url\":\"https:\/\/www.notibras.com\/site\/wp-content\/uploads\/2023\/01\/notibras23.png\",\"contentUrl\":\"https:\/\/www.notibras.com\/site\/wp-content\/uploads\/2023\/01\/notibras23.png\",\"width\":350,\"height\":87,\"caption\":\"Grupo Notibras de Comunica\u00e7\u00e3o\"},\"image\":{\"@id\":\"https:\/\/www.notibras.com\/site\/#\/schema\/logo\/image\/\"},\"sameAs\":[\"https:\/\/www.facebook.com\/notibras\/\",\"https:\/\/x.com\/Notibras\",\"https:\/\/www.instagram.com\/notibras\/\"]},{\"@type\":\"Person\",\"@id\":\"https:\/\/www.notibras.com\/site\/#\/schema\/person\/36ab0979449956132d3e5b517ea76ac8\",\"name\":\"Reda\u00e7\u00e3o\",\"image\":{\"@type\":\"ImageObject\",\"inLanguage\":\"pt-BR\",\"@id\":\"https:\/\/secure.gravatar.com\/avatar\/e0a867bdedb85fd243eadf09663511f96fc81e0720a4a42581f334ad4303aa6b?s=96&d=mm&r=g\",\"url\":\"https:\/\/secure.gravatar.com\/avatar\/e0a867bdedb85fd243eadf09663511f96fc81e0720a4a42581f334ad4303aa6b?s=96&d=mm&r=g\",\"contentUrl\":\"https:\/\/secure.gravatar.com\/avatar\/e0a867bdedb85fd243eadf09663511f96fc81e0720a4a42581f334ad4303aa6b?s=96&d=mm&r=g\",\"caption\":\"Reda\u00e7\u00e3o\"}}]}<\/script>\n<!-- \/ Yoast SEO plugin. -->","yoast_head_json":{"title":"Pedidos de benef\u00edcios ser\u00e3o atendidos em at\u00e9 30 dias em 2024 - Notibras","robots":{"index":"index","follow":"follow","max-snippet":"max-snippet:-1","max-image-preview":"max-image-preview:large","max-video-preview":"max-video-preview:-1"},"canonical":"https:\/\/www.notibras.com\/site\/pedidos-de-beneficios-serao-atendidos-em-ate-30-dias-em-2024\/","og_locale":"pt_BR","og_type":"article","og_title":"Pedidos de benef\u00edcios ser\u00e3o atendidos em at\u00e9 30 dias em 2024 - Notibras","og_description":"O ministro da Previd\u00eancia Social, Carlos Lupi, disse nesta quarta-feira (22) que, at\u00e9 dezembro de 2024, a pasta pretende atender a todos os pedidos de benef\u00edcios em um prazo m\u00e1ximo de 30 dias. A legisla\u00e7\u00e3o brasileira prev\u00ea que o atendimento aconte\u00e7a em at\u00e9 45 dias. Entretanto, segundo o pr\u00f3prio Lupi, atualmente, apenas 55% das pessoas [&hellip;]","og_url":"https:\/\/www.notibras.com\/site\/pedidos-de-beneficios-serao-atendidos-em-ate-30-dias-em-2024\/","og_site_name":"Notibras","article_publisher":"https:\/\/www.facebook.com\/notibras\/","article_published_time":"2023-11-22T12:15:54+00:00","article_modified_time":"2023-11-22T14:20:11+00:00","og_image":[{"width":1170,"height":700,"url":"https:\/\/www.notibras.com\/site\/wp-content\/uploads\/2023\/11\/inss.bene_.webp","type":"image\/webp"}],"author":"Reda\u00e7\u00e3o","twitter_card":"summary_large_image","twitter_creator":"@Notibras","twitter_site":"@Notibras","twitter_misc":{"Escrito por":"Reda\u00e7\u00e3o","Est. tempo de leitura":"3 minutos"},"schema":{"@context":"https:\/\/schema.org","@graph":[{"@type":"Article","@id":"https:\/\/www.notibras.com\/site\/pedidos-de-beneficios-serao-atendidos-em-ate-30-dias-em-2024\/#article","isPartOf":{"@id":"https:\/\/www.notibras.com\/site\/pedidos-de-beneficios-serao-atendidos-em-ate-30-dias-em-2024\/"},"author":{"name":"Reda\u00e7\u00e3o","@id":"https:\/\/www.notibras.com\/site\/#\/schema\/person\/36ab0979449956132d3e5b517ea76ac8"},"headline":"Pedidos de benef\u00edcios ser\u00e3o atendidos em at\u00e9 30 dias em 2024","datePublished":"2023-11-22T12:15:54+00:00","dateModified":"2023-11-22T14:20:11+00:00","mainEntityOfPage":{"@id":"https:\/\/www.notibras.com\/site\/pedidos-de-beneficios-serao-atendidos-em-ate-30-dias-em-2024\/"},"wordCount":408,"publisher":{"@id":"https:\/\/www.notibras.com\/site\/#organization"},"image":{"@id":"https:\/\/www.notibras.com\/site\/pedidos-de-beneficios-serao-atendidos-em-ate-30-dias-em-2024\/#primaryimage"},"thumbnailUrl":"https:\/\/www.notibras.com\/site\/wp-content\/uploads\/2023\/11\/inss.bene_.webp","keywords":["capa"],"articleSection":["Quadradinho em Foco"],"inLanguage":"pt-BR"},{"@type":"WebPage","@id":"https:\/\/www.notibras.com\/site\/pedidos-de-beneficios-serao-atendidos-em-ate-30-dias-em-2024\/","url":"https:\/\/www.notibras.com\/site\/pedidos-de-beneficios-serao-atendidos-em-ate-30-dias-em-2024\/","name":"Pedidos de benef\u00edcios ser\u00e3o atendidos em at\u00e9 30 dias em 2024 - Notibras","isPartOf":{"@id":"https:\/\/www.notibras.com\/site\/#website"},"primaryImageOfPage":{"@id":"https:\/\/www.notibras.com\/site\/pedidos-de-beneficios-serao-atendidos-em-ate-30-dias-em-2024\/#primaryimage"},"image":{"@id":"https:\/\/www.notibras.com\/site\/pedidos-de-beneficios-serao-atendidos-em-ate-30-dias-em-2024\/#primaryimage"},"thumbnailUrl":"https:\/\/www.notibras.com\/site\/wp-content\/uploads\/2023\/11\/inss.bene_.webp","datePublished":"2023-11-22T12:15:54+00:00","dateModified":"2023-11-22T14:20:11+00:00","breadcrumb":{"@id":"https:\/\/www.notibras.com\/site\/pedidos-de-beneficios-serao-atendidos-em-ate-30-dias-em-2024\/#breadcrumb"},"inLanguage":"pt-BR","potentialAction":[{"@type":"ReadAction","target":["https:\/\/www.notibras.com\/site\/pedidos-de-beneficios-serao-atendidos-em-ate-30-dias-em-2024\/"]}]},{"@type":"ImageObject","inLanguage":"pt-BR","@id":"https:\/\/www.notibras.com\/site\/pedidos-de-beneficios-serao-atendidos-em-ate-30-dias-em-2024\/#primaryimage","url":"https:\/\/www.notibras.com\/site\/wp-content\/uploads\/2023\/11\/inss.bene_.webp","contentUrl":"https:\/\/www.notibras.com\/site\/wp-content\/uploads\/2023\/11\/inss.bene_.webp","width":1170,"height":700},{"@type":"BreadcrumbList","@id":"https:\/\/www.notibras.com\/site\/pedidos-de-beneficios-serao-atendidos-em-ate-30-dias-em-2024\/#breadcrumb","itemListElement":[{"@type":"ListItem","position":1,"name":"In\u00edcio","item":"https:\/\/www.notibras.com\/site\/"},{"@type":"ListItem","position":2,"name":"Pedidos de benef\u00edcios ser\u00e3o atendidos em at\u00e9 30 dias em 2024"}]},{"@type":"WebSite","@id":"https:\/\/www.notibras.com\/site\/#website","url":"https:\/\/www.notibras.com\/site\/","name":"Notibras","description":"Not\u00edcias de Bras\u00edlia, do Brasil e do Mundo","publisher":{"@id":"https:\/\/www.notibras.com\/site\/#organization"},"potentialAction":[{"@type":"SearchAction","target":{"@type":"EntryPoint","urlTemplate":"https:\/\/www.notibras.com\/site\/?s={search_term_string}"},"query-input":{"@type":"PropertyValueSpecification","valueRequired":true,"valueName":"search_term_string"}}],"inLanguage":"pt-BR"},{"@type":"Organization","@id":"https:\/\/www.notibras.com\/site\/#organization","name":"Grupo Notibras de Comunica\u00e7\u00e3o","url":"https:\/\/www.notibras.com\/site\/","logo":{"@type":"ImageObject","inLanguage":"pt-BR","@id":"https:\/\/www.notibras.com\/site\/#\/schema\/logo\/image\/","url":"https:\/\/www.notibras.com\/site\/wp-content\/uploads\/2023\/01\/notibras23.png","contentUrl":"https:\/\/www.notibras.com\/site\/wp-content\/uploads\/2023\/01\/notibras23.png","width":350,"height":87,"caption":"Grupo Notibras de Comunica\u00e7\u00e3o"},"image":{"@id":"https:\/\/www.notibras.com\/site\/#\/schema\/logo\/image\/"},"sameAs":["https:\/\/www.facebook.com\/notibras\/","https:\/\/x.com\/Notibras","https:\/\/www.instagram.com\/notibras\/"]},{"@type":"Person","@id":"https:\/\/www.notibras.com\/site\/#\/schema\/person\/36ab0979449956132d3e5b517ea76ac8","name":"Reda\u00e7\u00e3o","image":{"@type":"ImageObject","inLanguage":"pt-BR","@id":"https:\/\/secure.gravatar.com\/avatar\/e0a867bdedb85fd243eadf09663511f96fc81e0720a4a42581f334ad4303aa6b?s=96&d=mm&r=g","url":"https:\/\/secure.gravatar.com\/avatar\/e0a867bdedb85fd243eadf09663511f96fc81e0720a4a42581f334ad4303aa6b?s=96&d=mm&r=g","contentUrl":"https:\/\/secure.gravatar.com\/avatar\/e0a867bdedb85fd243eadf09663511f96fc81e0720a4a42581f334ad4303aa6b?s=96&d=mm&r=g","caption":"Reda\u00e7\u00e3o"}}]}},"amp_enabled":true,"_links":{"self":[{"href":"https:\/\/www.notibras.com\/site\/wp-json\/wp\/v2\/posts\/317519","targetHints":{"allow":["GET"]}}],"collection":[{"href":"https:\/\/www.notibras.com\/site\/wp-json\/wp\/v2\/posts"}],"about":[{"href":"https:\/\/www.notibras.com\/site\/wp-json\/wp\/v2\/types\/post"}],"author":[{"embeddable":true,"href":"https:\/\/www.notibras.com\/site\/wp-json\/wp\/v2\/users\/2"}],"replies":[{"embeddable":true,"href":"https:\/\/www.notibras.com\/site\/wp-json\/wp\/v2\/comments?post=317519"}],"version-history":[{"count":1,"href":"https:\/\/www.notibras.com\/site\/wp-json\/wp\/v2\/posts\/317519\/revisions"}],"predecessor-version":[{"id":317521,"href":"https:\/\/www.notibras.com\/site\/wp-json\/wp\/v2\/posts\/317519\/revisions\/317521"}],"wp:featuredmedia":[{"embeddable":true,"href":"https:\/\/www.notibras.com\/site\/wp-json\/wp\/v2\/media\/317520"}],"wp:attachment":[{"href":"https:\/\/www.notibras.com\/site\/wp-json\/wp\/v2\/media?parent=317519"}],"wp:term":[{"taxonomy":"category","embeddable":true,"href":"https:\/\/www.notibras.com\/site\/wp-json\/wp\/v2\/categories?post=317519"},{"taxonomy":"post_tag","embeddable":true,"href":"https:\/\/www.notibras.com\/site\/wp-json\/wp\/v2\/tags?post=317519"}],"curies":[{"name":"wp","href":"https:\/\/api.w.org\/{rel}","templated":true}]}}