{"id":317527,"date":"2023-11-22T00:00:15","date_gmt":"2023-11-22T03:00:15","guid":{"rendered":"https:\/\/www.notibras.com\/site\/?p=317527"},"modified":"2023-11-22T11:50:10","modified_gmt":"2023-11-22T14:50:10","slug":"comeca-emissao-da-carteira-de-identidade-nacional","status":"publish","type":"post","link":"https:\/\/www.notibras.com\/site\/comeca-emissao-da-carteira-de-identidade-nacional\/","title":{"rendered":"Come\u00e7a emiss\u00e3o da Carteira de Identidade Nacional"},"content":{"rendered":"<p>O Distrito Federal deu in\u00edcio \u00e0 emiss\u00e3o da Carteira de Identidade Nacional \u2013 CIN, um marco importante na unifica\u00e7\u00e3o dos documentos de identifica\u00e7\u00e3o no Pa\u00eds. A CIN adota o n\u00famero do Cadastro de Pessoas F\u00edsicas \u2013 CPF como Registro Geral \u2013 RG nacional. \u00c9 importante ressaltar que a popula\u00e7\u00e3o n\u00e3o precisa correr agora para fazer a nova identidade. O documento que j\u00e1 tem permanece v\u00e1lido at\u00e9 2032.<\/p>\n<p>A primeira via da CIN \u00e9 gratuita, sendo um benef\u00edcio para todos os cidad\u00e3os. Para aqueles que j\u00e1 possuem a nova CIN, emitida em outro estado ou no DF, ser\u00e1 cobrada uma taxa de R$ 42 para a emiss\u00e3o da segunda via no Distrito Federal.<\/p>\n<p>A regulamenta\u00e7\u00e3o da CIN ocorreu por meio do Decreto N\u00ba. 10.977, de 23 de fevereiro de 2022, e a partir de 6 de dezembro de 2023, todos os estados brasileiros e o Distrito Federal dever\u00e3o emitir a CIN.<\/p>\n<p>A validade da CIN varia de acordo com a faixa et\u00e1ria: cinco anos para beb\u00eas e crian\u00e7as de zero a 12 anos incompletos, dez anos dos 12 aos 60 anos incompletos, e validade indeterminada para pessoas acima dos 60 anos.<\/p>\n<p><strong>Como Tirar a CIN<\/strong>:<br \/>\nPasso 1: Consulte se seu CPF est\u00e1 regular junto \u00e0 Receita Federal pelo site: https:\/\/servicos.receita.fazenda.gov.br\/servicos\/cpf\/consultasituacao\/consulta publica.asp. Se o seu CPF estiver regular ou pendente de regulariza\u00e7\u00e3o, voc\u00ea est\u00e1 apto a fazer a CIN. Se precisar regularizar o CPF, procure a Receita Federal pessoalmente ou no site: https:\/\/www.gov.br\/pt-br\/servicos\/atualizar-cadastro-de-pessoasfisicas.<\/p>\n<p>Passo 2: Junte ao seu CPF regular, a certid\u00e3o de nascimento ou casamento atualizada, em via original, em vers\u00e3o f\u00edsica ou meio digital, ou c\u00f3pia autenticada em cart\u00f3rio. Aten\u00e7\u00e3o: os dados da certid\u00e3o devem coincidir com os registros da Receita Federal, como seu nome completo, nome da sua m\u00e3e e sua data de nascimento.<\/p>\n<p>Passo 3: Com os documentos em m\u00e3os, procure o Posto de Identifica\u00e7\u00e3o Biom\u00e9trica \u2013 PIB da PCDF mais pr\u00f3ximo de voc\u00ea.<\/p>\n<p>S\u00e3o nove PIBs em diversas regi\u00f5es do DF, funcionando das 7h \u00e0s 19h sem agendamento, por ordem de chegada. Est\u00e3o localizados na Asa Sul (1\u00aa DP), no Cruzeiro (3\u00aa DP), no Guar\u00e1 (4\u00aa DP), em Planaltina (16\u00aa DP), em Samambaia (32\u00aa DP), em Santa Maria (33\u00aa DP), no Parano\u00e1 (6\u00aa DP), em S\u00e3o Sebasti\u00e3o (30\u00aa DP) e no Recanto das Emas (27\u00aa DP). Nos PIBs as senhas s\u00e3o distribu\u00eddas de acordo com a capacidade operacional da unidade e as prioridades legais s\u00e3o respeitadas.<\/p>\n<p>Se preferir, agende seu atendimento no site da PCDF (https:\/\/www.pcdf.df.gov.br\/servicos\/carteira-de-identidade#agendar) e seja atendido nas unidades do Na Hora (manh\u00e3 ou tarde) ou nos postos localizados junto \u00e0s Delegacias de Pol\u00edcia, \u00e0 tarde.<\/p>\n<p>&nbsp;<\/p>\n","protected":false},"excerpt":{"rendered":"<p>O Distrito Federal deu in\u00edcio \u00e0 emiss\u00e3o da Carteira de Identidade Nacional \u2013 CIN, um marco importante na unifica\u00e7\u00e3o dos documentos de identifica\u00e7\u00e3o no Pa\u00eds. A CIN adota o n\u00famero do Cadastro de Pessoas F\u00edsicas \u2013 CPF como Registro Geral \u2013 RG nacional. \u00c9 importante ressaltar que a popula\u00e7\u00e3o n\u00e3o precisa correr agora para fazer [&hellip;]<\/p>\n","protected":false},"author":2,"featured_media":317529,"comment_status":"closed","ping_status":"closed","sticky":false,"template":"","format":"standard","meta":{"_acf_changed":false,"footnotes":""},"categories":[161],"tags":[],"class_list":["post-317527","post","type-post","status-publish","format-standard","has-post-thumbnail","hentry","category-quadradinho-em-foco"],"acf":[],"yoast_head":"<!-- This site is optimized with the Yoast SEO plugin v27.2 - https:\/\/yoast.com\/product\/yoast-seo-wordpress\/ -->\n<title>Come\u00e7a emiss\u00e3o da Carteira de Identidade Nacional - Notibras<\/title>\n<meta name=\"robots\" content=\"index, follow, max-snippet:-1, max-image-preview:large, max-video-preview:-1\" \/>\n<link rel=\"canonical\" href=\"https:\/\/www.notibras.com\/site\/comeca-emissao-da-carteira-de-identidade-nacional\/\" \/>\n<meta property=\"og:locale\" content=\"pt_BR\" \/>\n<meta property=\"og:type\" content=\"article\" \/>\n<meta property=\"og:title\" content=\"Come\u00e7a emiss\u00e3o da Carteira de Identidade Nacional - Notibras\" \/>\n<meta property=\"og:description\" content=\"O Distrito Federal deu in\u00edcio \u00e0 emiss\u00e3o da Carteira de Identidade Nacional \u2013 CIN, um marco importante na unifica\u00e7\u00e3o dos documentos de identifica\u00e7\u00e3o no Pa\u00eds. A CIN adota o n\u00famero do Cadastro de Pessoas F\u00edsicas \u2013 CPF como Registro Geral \u2013 RG nacional. \u00c9 importante ressaltar que a popula\u00e7\u00e3o n\u00e3o precisa correr agora para fazer [&hellip;]\" \/>\n<meta property=\"og:url\" content=\"https:\/\/www.notibras.com\/site\/comeca-emissao-da-carteira-de-identidade-nacional\/\" \/>\n<meta property=\"og:site_name\" content=\"Notibras\" \/>\n<meta property=\"article:publisher\" content=\"https:\/\/www.facebook.com\/notibras\/\" \/>\n<meta property=\"article:published_time\" content=\"2023-11-22T03:00:15+00:00\" \/>\n<meta property=\"article:modified_time\" content=\"2023-11-22T14:50:10+00:00\" \/>\n<meta property=\"og:image\" content=\"https:\/\/www.notibras.com\/site\/wp-content\/uploads\/2023\/11\/nova-carteira-de-identidade.jpg.optimal.jpg\" \/>\n\t<meta property=\"og:image:width\" content=\"1200\" \/>\n\t<meta property=\"og:image:height\" content=\"800\" \/>\n\t<meta property=\"og:image:type\" content=\"image\/jpeg\" \/>\n<meta name=\"author\" content=\"Reda\u00e7\u00e3o\" \/>\n<meta name=\"twitter:card\" content=\"summary_large_image\" \/>\n<meta name=\"twitter:creator\" content=\"@Notibras\" \/>\n<meta name=\"twitter:site\" content=\"@Notibras\" \/>\n<meta name=\"twitter:label1\" content=\"Escrito por\" \/>\n\t<meta name=\"twitter:data1\" content=\"Reda\u00e7\u00e3o\" \/>\n\t<meta name=\"twitter:label2\" content=\"Est. tempo de leitura\" \/>\n\t<meta name=\"twitter:data2\" content=\"3 minutos\" \/>\n<script type=\"application\/ld+json\" class=\"yoast-schema-graph\">{\"@context\":\"https:\/\/schema.org\",\"@graph\":[{\"@type\":\"Article\",\"@id\":\"https:\/\/www.notibras.com\/site\/comeca-emissao-da-carteira-de-identidade-nacional\/#article\",\"isPartOf\":{\"@id\":\"https:\/\/www.notibras.com\/site\/comeca-emissao-da-carteira-de-identidade-nacional\/\"},\"author\":{\"name\":\"Reda\u00e7\u00e3o\",\"@id\":\"https:\/\/www.notibras.com\/site\/#\/schema\/person\/36ab0979449956132d3e5b517ea76ac8\"},\"headline\":\"Come\u00e7a emiss\u00e3o da Carteira de Identidade Nacional\",\"datePublished\":\"2023-11-22T03:00:15+00:00\",\"dateModified\":\"2023-11-22T14:50:10+00:00\",\"mainEntityOfPage\":{\"@id\":\"https:\/\/www.notibras.com\/site\/comeca-emissao-da-carteira-de-identidade-nacional\/\"},\"wordCount\":473,\"publisher\":{\"@id\":\"https:\/\/www.notibras.com\/site\/#organization\"},\"image\":{\"@id\":\"https:\/\/www.notibras.com\/site\/comeca-emissao-da-carteira-de-identidade-nacional\/#primaryimage\"},\"thumbnailUrl\":\"https:\/\/www.notibras.com\/site\/wp-content\/uploads\/2023\/11\/nova-carteira-de-identidade.jpg.optimal.jpg\",\"articleSection\":[\"Quadradinho em Foco\"],\"inLanguage\":\"pt-BR\"},{\"@type\":\"WebPage\",\"@id\":\"https:\/\/www.notibras.com\/site\/comeca-emissao-da-carteira-de-identidade-nacional\/\",\"url\":\"https:\/\/www.notibras.com\/site\/comeca-emissao-da-carteira-de-identidade-nacional\/\",\"name\":\"Come\u00e7a emiss\u00e3o da Carteira de Identidade Nacional - Notibras\",\"isPartOf\":{\"@id\":\"https:\/\/www.notibras.com\/site\/#website\"},\"primaryImageOfPage\":{\"@id\":\"https:\/\/www.notibras.com\/site\/comeca-emissao-da-carteira-de-identidade-nacional\/#primaryimage\"},\"image\":{\"@id\":\"https:\/\/www.notibras.com\/site\/comeca-emissao-da-carteira-de-identidade-nacional\/#primaryimage\"},\"thumbnailUrl\":\"https:\/\/www.notibras.com\/site\/wp-content\/uploads\/2023\/11\/nova-carteira-de-identidade.jpg.optimal.jpg\",\"datePublished\":\"2023-11-22T03:00:15+00:00\",\"dateModified\":\"2023-11-22T14:50:10+00:00\",\"breadcrumb\":{\"@id\":\"https:\/\/www.notibras.com\/site\/comeca-emissao-da-carteira-de-identidade-nacional\/#breadcrumb\"},\"inLanguage\":\"pt-BR\",\"potentialAction\":[{\"@type\":\"ReadAction\",\"target\":[\"https:\/\/www.notibras.com\/site\/comeca-emissao-da-carteira-de-identidade-nacional\/\"]}]},{\"@type\":\"ImageObject\",\"inLanguage\":\"pt-BR\",\"@id\":\"https:\/\/www.notibras.com\/site\/comeca-emissao-da-carteira-de-identidade-nacional\/#primaryimage\",\"url\":\"https:\/\/www.notibras.com\/site\/wp-content\/uploads\/2023\/11\/nova-carteira-de-identidade.jpg.optimal.jpg\",\"contentUrl\":\"https:\/\/www.notibras.com\/site\/wp-content\/uploads\/2023\/11\/nova-carteira-de-identidade.jpg.optimal.jpg\",\"width\":1200,\"height\":800},{\"@type\":\"BreadcrumbList\",\"@id\":\"https:\/\/www.notibras.com\/site\/comeca-emissao-da-carteira-de-identidade-nacional\/#breadcrumb\",\"itemListElement\":[{\"@type\":\"ListItem\",\"position\":1,\"name\":\"In\u00edcio\",\"item\":\"https:\/\/www.notibras.com\/site\/\"},{\"@type\":\"ListItem\",\"position\":2,\"name\":\"Come\u00e7a emiss\u00e3o da Carteira de Identidade Nacional\"}]},{\"@type\":\"WebSite\",\"@id\":\"https:\/\/www.notibras.com\/site\/#website\",\"url\":\"https:\/\/www.notibras.com\/site\/\",\"name\":\"Notibras\",\"description\":\"Not\u00edcias de Bras\u00edlia, do Brasil e do Mundo\",\"publisher\":{\"@id\":\"https:\/\/www.notibras.com\/site\/#organization\"},\"potentialAction\":[{\"@type\":\"SearchAction\",\"target\":{\"@type\":\"EntryPoint\",\"urlTemplate\":\"https:\/\/www.notibras.com\/site\/?s={search_term_string}\"},\"query-input\":{\"@type\":\"PropertyValueSpecification\",\"valueRequired\":true,\"valueName\":\"search_term_string\"}}],\"inLanguage\":\"pt-BR\"},{\"@type\":\"Organization\",\"@id\":\"https:\/\/www.notibras.com\/site\/#organization\",\"name\":\"Grupo Notibras de Comunica\u00e7\u00e3o\",\"url\":\"https:\/\/www.notibras.com\/site\/\",\"logo\":{\"@type\":\"ImageObject\",\"inLanguage\":\"pt-BR\",\"@id\":\"https:\/\/www.notibras.com\/site\/#\/schema\/logo\/image\/\",\"url\":\"https:\/\/www.notibras.com\/site\/wp-content\/uploads\/2023\/01\/notibras23.png\",\"contentUrl\":\"https:\/\/www.notibras.com\/site\/wp-content\/uploads\/2023\/01\/notibras23.png\",\"width\":350,\"height\":87,\"caption\":\"Grupo Notibras de Comunica\u00e7\u00e3o\"},\"image\":{\"@id\":\"https:\/\/www.notibras.com\/site\/#\/schema\/logo\/image\/\"},\"sameAs\":[\"https:\/\/www.facebook.com\/notibras\/\",\"https:\/\/x.com\/Notibras\",\"https:\/\/www.instagram.com\/notibras\/\"]},{\"@type\":\"Person\",\"@id\":\"https:\/\/www.notibras.com\/site\/#\/schema\/person\/36ab0979449956132d3e5b517ea76ac8\",\"name\":\"Reda\u00e7\u00e3o\",\"image\":{\"@type\":\"ImageObject\",\"inLanguage\":\"pt-BR\",\"@id\":\"https:\/\/secure.gravatar.com\/avatar\/e0a867bdedb85fd243eadf09663511f96fc81e0720a4a42581f334ad4303aa6b?s=96&d=mm&r=g\",\"url\":\"https:\/\/secure.gravatar.com\/avatar\/e0a867bdedb85fd243eadf09663511f96fc81e0720a4a42581f334ad4303aa6b?s=96&d=mm&r=g\",\"contentUrl\":\"https:\/\/secure.gravatar.com\/avatar\/e0a867bdedb85fd243eadf09663511f96fc81e0720a4a42581f334ad4303aa6b?s=96&d=mm&r=g\",\"caption\":\"Reda\u00e7\u00e3o\"}}]}<\/script>\n<!-- \/ Yoast SEO plugin. -->","yoast_head_json":{"title":"Come\u00e7a emiss\u00e3o da Carteira de Identidade Nacional - Notibras","robots":{"index":"index","follow":"follow","max-snippet":"max-snippet:-1","max-image-preview":"max-image-preview:large","max-video-preview":"max-video-preview:-1"},"canonical":"https:\/\/www.notibras.com\/site\/comeca-emissao-da-carteira-de-identidade-nacional\/","og_locale":"pt_BR","og_type":"article","og_title":"Come\u00e7a emiss\u00e3o da Carteira de Identidade Nacional - Notibras","og_description":"O Distrito Federal deu in\u00edcio \u00e0 emiss\u00e3o da Carteira de Identidade Nacional \u2013 CIN, um marco importante na unifica\u00e7\u00e3o dos documentos de identifica\u00e7\u00e3o no Pa\u00eds. A CIN adota o n\u00famero do Cadastro de Pessoas F\u00edsicas \u2013 CPF como Registro Geral \u2013 RG nacional. \u00c9 importante ressaltar que a popula\u00e7\u00e3o n\u00e3o precisa correr agora para fazer [&hellip;]","og_url":"https:\/\/www.notibras.com\/site\/comeca-emissao-da-carteira-de-identidade-nacional\/","og_site_name":"Notibras","article_publisher":"https:\/\/www.facebook.com\/notibras\/","article_published_time":"2023-11-22T03:00:15+00:00","article_modified_time":"2023-11-22T14:50:10+00:00","og_image":[{"width":1200,"height":800,"url":"https:\/\/www.notibras.com\/site\/wp-content\/uploads\/2023\/11\/nova-carteira-de-identidade.jpg.optimal.jpg","type":"image\/jpeg"}],"author":"Reda\u00e7\u00e3o","twitter_card":"summary_large_image","twitter_creator":"@Notibras","twitter_site":"@Notibras","twitter_misc":{"Escrito por":"Reda\u00e7\u00e3o","Est. tempo de leitura":"3 minutos"},"schema":{"@context":"https:\/\/schema.org","@graph":[{"@type":"Article","@id":"https:\/\/www.notibras.com\/site\/comeca-emissao-da-carteira-de-identidade-nacional\/#article","isPartOf":{"@id":"https:\/\/www.notibras.com\/site\/comeca-emissao-da-carteira-de-identidade-nacional\/"},"author":{"name":"Reda\u00e7\u00e3o","@id":"https:\/\/www.notibras.com\/site\/#\/schema\/person\/36ab0979449956132d3e5b517ea76ac8"},"headline":"Come\u00e7a emiss\u00e3o da Carteira de Identidade Nacional","datePublished":"2023-11-22T03:00:15+00:00","dateModified":"2023-11-22T14:50:10+00:00","mainEntityOfPage":{"@id":"https:\/\/www.notibras.com\/site\/comeca-emissao-da-carteira-de-identidade-nacional\/"},"wordCount":473,"publisher":{"@id":"https:\/\/www.notibras.com\/site\/#organization"},"image":{"@id":"https:\/\/www.notibras.com\/site\/comeca-emissao-da-carteira-de-identidade-nacional\/#primaryimage"},"thumbnailUrl":"https:\/\/www.notibras.com\/site\/wp-content\/uploads\/2023\/11\/nova-carteira-de-identidade.jpg.optimal.jpg","articleSection":["Quadradinho em Foco"],"inLanguage":"pt-BR"},{"@type":"WebPage","@id":"https:\/\/www.notibras.com\/site\/comeca-emissao-da-carteira-de-identidade-nacional\/","url":"https:\/\/www.notibras.com\/site\/comeca-emissao-da-carteira-de-identidade-nacional\/","name":"Come\u00e7a emiss\u00e3o da Carteira de Identidade Nacional - Notibras","isPartOf":{"@id":"https:\/\/www.notibras.com\/site\/#website"},"primaryImageOfPage":{"@id":"https:\/\/www.notibras.com\/site\/comeca-emissao-da-carteira-de-identidade-nacional\/#primaryimage"},"image":{"@id":"https:\/\/www.notibras.com\/site\/comeca-emissao-da-carteira-de-identidade-nacional\/#primaryimage"},"thumbnailUrl":"https:\/\/www.notibras.com\/site\/wp-content\/uploads\/2023\/11\/nova-carteira-de-identidade.jpg.optimal.jpg","datePublished":"2023-11-22T03:00:15+00:00","dateModified":"2023-11-22T14:50:10+00:00","breadcrumb":{"@id":"https:\/\/www.notibras.com\/site\/comeca-emissao-da-carteira-de-identidade-nacional\/#breadcrumb"},"inLanguage":"pt-BR","potentialAction":[{"@type":"ReadAction","target":["https:\/\/www.notibras.com\/site\/comeca-emissao-da-carteira-de-identidade-nacional\/"]}]},{"@type":"ImageObject","inLanguage":"pt-BR","@id":"https:\/\/www.notibras.com\/site\/comeca-emissao-da-carteira-de-identidade-nacional\/#primaryimage","url":"https:\/\/www.notibras.com\/site\/wp-content\/uploads\/2023\/11\/nova-carteira-de-identidade.jpg.optimal.jpg","contentUrl":"https:\/\/www.notibras.com\/site\/wp-content\/uploads\/2023\/11\/nova-carteira-de-identidade.jpg.optimal.jpg","width":1200,"height":800},{"@type":"BreadcrumbList","@id":"https:\/\/www.notibras.com\/site\/comeca-emissao-da-carteira-de-identidade-nacional\/#breadcrumb","itemListElement":[{"@type":"ListItem","position":1,"name":"In\u00edcio","item":"https:\/\/www.notibras.com\/site\/"},{"@type":"ListItem","position":2,"name":"Come\u00e7a emiss\u00e3o da Carteira de Identidade Nacional"}]},{"@type":"WebSite","@id":"https:\/\/www.notibras.com\/site\/#website","url":"https:\/\/www.notibras.com\/site\/","name":"Notibras","description":"Not\u00edcias de Bras\u00edlia, do Brasil e do Mundo","publisher":{"@id":"https:\/\/www.notibras.com\/site\/#organization"},"potentialAction":[{"@type":"SearchAction","target":{"@type":"EntryPoint","urlTemplate":"https:\/\/www.notibras.com\/site\/?s={search_term_string}"},"query-input":{"@type":"PropertyValueSpecification","valueRequired":true,"valueName":"search_term_string"}}],"inLanguage":"pt-BR"},{"@type":"Organization","@id":"https:\/\/www.notibras.com\/site\/#organization","name":"Grupo Notibras de Comunica\u00e7\u00e3o","url":"https:\/\/www.notibras.com\/site\/","logo":{"@type":"ImageObject","inLanguage":"pt-BR","@id":"https:\/\/www.notibras.com\/site\/#\/schema\/logo\/image\/","url":"https:\/\/www.notibras.com\/site\/wp-content\/uploads\/2023\/01\/notibras23.png","contentUrl":"https:\/\/www.notibras.com\/site\/wp-content\/uploads\/2023\/01\/notibras23.png","width":350,"height":87,"caption":"Grupo Notibras de Comunica\u00e7\u00e3o"},"image":{"@id":"https:\/\/www.notibras.com\/site\/#\/schema\/logo\/image\/"},"sameAs":["https:\/\/www.facebook.com\/notibras\/","https:\/\/x.com\/Notibras","https:\/\/www.instagram.com\/notibras\/"]},{"@type":"Person","@id":"https:\/\/www.notibras.com\/site\/#\/schema\/person\/36ab0979449956132d3e5b517ea76ac8","name":"Reda\u00e7\u00e3o","image":{"@type":"ImageObject","inLanguage":"pt-BR","@id":"https:\/\/secure.gravatar.com\/avatar\/e0a867bdedb85fd243eadf09663511f96fc81e0720a4a42581f334ad4303aa6b?s=96&d=mm&r=g","url":"https:\/\/secure.gravatar.com\/avatar\/e0a867bdedb85fd243eadf09663511f96fc81e0720a4a42581f334ad4303aa6b?s=96&d=mm&r=g","contentUrl":"https:\/\/secure.gravatar.com\/avatar\/e0a867bdedb85fd243eadf09663511f96fc81e0720a4a42581f334ad4303aa6b?s=96&d=mm&r=g","caption":"Reda\u00e7\u00e3o"}}]}},"amp_enabled":true,"_links":{"self":[{"href":"https:\/\/www.notibras.com\/site\/wp-json\/wp\/v2\/posts\/317527","targetHints":{"allow":["GET"]}}],"collection":[{"href":"https:\/\/www.notibras.com\/site\/wp-json\/wp\/v2\/posts"}],"about":[{"href":"https:\/\/www.notibras.com\/site\/wp-json\/wp\/v2\/types\/post"}],"author":[{"embeddable":true,"href":"https:\/\/www.notibras.com\/site\/wp-json\/wp\/v2\/users\/2"}],"replies":[{"embeddable":true,"href":"https:\/\/www.notibras.com\/site\/wp-json\/wp\/v2\/comments?post=317527"}],"version-history":[{"count":1,"href":"https:\/\/www.notibras.com\/site\/wp-json\/wp\/v2\/posts\/317527\/revisions"}],"predecessor-version":[{"id":317530,"href":"https:\/\/www.notibras.com\/site\/wp-json\/wp\/v2\/posts\/317527\/revisions\/317530"}],"wp:featuredmedia":[{"embeddable":true,"href":"https:\/\/www.notibras.com\/site\/wp-json\/wp\/v2\/media\/317529"}],"wp:attachment":[{"href":"https:\/\/www.notibras.com\/site\/wp-json\/wp\/v2\/media?parent=317527"}],"wp:term":[{"taxonomy":"category","embeddable":true,"href":"https:\/\/www.notibras.com\/site\/wp-json\/wp\/v2\/categories?post=317527"},{"taxonomy":"post_tag","embeddable":true,"href":"https:\/\/www.notibras.com\/site\/wp-json\/wp\/v2\/tags?post=317527"}],"curies":[{"name":"wp","href":"https:\/\/api.w.org\/{rel}","templated":true}]}}