{"id":317579,"date":"2023-11-23T00:55:23","date_gmt":"2023-11-23T03:55:23","guid":{"rendered":"https:\/\/www.notibras.com\/site\/?p=317579"},"modified":"2023-11-23T05:57:48","modified_gmt":"2023-11-23T08:57:48","slug":"politicas-publicas-vao-priorizar-populacao-de-rua","status":"publish","type":"post","link":"https:\/\/www.notibras.com\/site\/politicas-publicas-vao-priorizar-populacao-de-rua\/","title":{"rendered":"Pol\u00edticas p\u00fablicas v\u00e3o priorizar popula\u00e7\u00e3o de rua"},"content":{"rendered":"<p>A articula\u00e7\u00e3o entre \u00f3rg\u00e3os e entidades do poder p\u00fablico para garantir a amplia\u00e7\u00e3o da prote\u00e7\u00e3o socioassistencial \u00e0 popula\u00e7\u00e3o em situa\u00e7\u00e3o de rua foi estabelecida como prioridade para os planos de a\u00e7\u00e3o do Sistema \u00danico de Assist\u00eancia Social (Suas). A determina\u00e7\u00e3o do Conselho Nacional de Assist\u00eancia Social (CNAS) foi publicada no Di\u00e1rio Oficial da Uni\u00e3o e tamb\u00e9m re\u00fane metas a serem alcan\u00e7adas.<\/p>\n<p>A ideia \u00e9 que as metas previstas pelo plano de a\u00e7\u00e3o e monitoramento da Pol\u00edtica Nacional para a Popula\u00e7\u00e3o em Situa\u00e7\u00e3o de Rua tenham a colabora\u00e7\u00e3o n\u00e3o apenas dos \u00f3rg\u00e3os do Executivo, mas tamb\u00e9m do Judici\u00e1rio, Minist\u00e9rio P\u00fablico, Defensoria P\u00fablica e organiza\u00e7\u00f5es da sociedade civil. A partir dessa articula\u00e7\u00e3o, as pol\u00edticas p\u00fablicas poder\u00e3o atender \u00e0s principais reivindica\u00e7\u00f5es da popula\u00e7\u00e3o de rua em diversos setores, como sa\u00fade, habita\u00e7\u00e3o, trabalho, renda e cultura.<\/p>\n<p>Outra prioridade definida foi a amplia\u00e7\u00e3o do financiamento do Suas para aprimorar a prote\u00e7\u00e3o b\u00e1sica e especial da popula\u00e7\u00e3o em situa\u00e7\u00e3o de rua de forma a viabilizar o atendimento \u00e0 determina\u00e7\u00e3o do Supremo Tribunal Federal (STF) de proibir a remo\u00e7\u00e3o for\u00e7ada dessa popula\u00e7\u00e3o inclusive seus bens e pertences, at\u00e9 que o plano de a\u00e7\u00e3o e monitoramento fosse elaborado.<\/p>\n<p>Entre as metas estabelecidas est\u00e3o a inova\u00e7\u00e3o nos modelos de atendimento, cria\u00e7\u00e3o de novas estrat\u00e9gias de prote\u00e7\u00e3o socioassistencial a partir de experi\u00eancias bem-sucedidas, qualifica\u00e7\u00e3o da gest\u00e3o no Suas, aten\u00e7\u00e3o \u00e0s especificidades regionais e produ\u00e7\u00e3o de conhecimento em rela\u00e7\u00e3o \u00e0 popula\u00e7\u00e3o de rua. O documento determina tamb\u00e9m que as iniciativas p\u00fablicas utilizem como subs\u00eddio os dados dispon\u00edveis nos cadastros e sistemas de informa\u00e7\u00e3o do governo federal, como o Cadastro \u00danico, observando a realidade de movimenta\u00e7\u00e3o dessa popula\u00e7\u00e3o, at\u00e9 que o Censo Nacional da Popula\u00e7\u00e3o em Situa\u00e7\u00e3o de Rua (Censo POP Rua) seja atualizado.<\/p>\n","protected":false},"excerpt":{"rendered":"<p>A articula\u00e7\u00e3o entre \u00f3rg\u00e3os e entidades do poder p\u00fablico para garantir a amplia\u00e7\u00e3o da prote\u00e7\u00e3o socioassistencial \u00e0 popula\u00e7\u00e3o em situa\u00e7\u00e3o de rua foi estabelecida como prioridade para os planos de a\u00e7\u00e3o do Sistema \u00danico de Assist\u00eancia Social (Suas). A determina\u00e7\u00e3o do Conselho Nacional de Assist\u00eancia Social (CNAS) foi publicada no Di\u00e1rio Oficial da Uni\u00e3o e [&hellip;]<\/p>\n","protected":false},"author":2,"featured_media":317580,"comment_status":"closed","ping_status":"closed","sticky":false,"template":"","format":"standard","meta":{"_acf_changed":false,"footnotes":""},"categories":[161],"tags":[],"class_list":["post-317579","post","type-post","status-publish","format-standard","has-post-thumbnail","hentry","category-quadradinho-em-foco"],"acf":[],"yoast_head":"<!-- This site is optimized with the Yoast SEO plugin v27.2 - https:\/\/yoast.com\/product\/yoast-seo-wordpress\/ -->\n<title>Pol\u00edticas p\u00fablicas v\u00e3o priorizar popula\u00e7\u00e3o de rua - Notibras<\/title>\n<meta name=\"robots\" content=\"index, follow, max-snippet:-1, max-image-preview:large, max-video-preview:-1\" \/>\n<link rel=\"canonical\" href=\"https:\/\/www.notibras.com\/site\/politicas-publicas-vao-priorizar-populacao-de-rua\/\" \/>\n<meta property=\"og:locale\" content=\"pt_BR\" \/>\n<meta property=\"og:type\" content=\"article\" \/>\n<meta property=\"og:title\" content=\"Pol\u00edticas p\u00fablicas v\u00e3o priorizar popula\u00e7\u00e3o de rua - Notibras\" \/>\n<meta property=\"og:description\" content=\"A articula\u00e7\u00e3o entre \u00f3rg\u00e3os e entidades do poder p\u00fablico para garantir a amplia\u00e7\u00e3o da prote\u00e7\u00e3o socioassistencial \u00e0 popula\u00e7\u00e3o em situa\u00e7\u00e3o de rua foi estabelecida como prioridade para os planos de a\u00e7\u00e3o do Sistema \u00danico de Assist\u00eancia Social (Suas). A determina\u00e7\u00e3o do Conselho Nacional de Assist\u00eancia Social (CNAS) foi publicada no Di\u00e1rio Oficial da Uni\u00e3o e [&hellip;]\" \/>\n<meta property=\"og:url\" content=\"https:\/\/www.notibras.com\/site\/politicas-publicas-vao-priorizar-populacao-de-rua\/\" \/>\n<meta property=\"og:site_name\" content=\"Notibras\" \/>\n<meta property=\"article:publisher\" content=\"https:\/\/www.facebook.com\/notibras\/\" \/>\n<meta property=\"article:published_time\" content=\"2023-11-23T03:55:23+00:00\" \/>\n<meta property=\"article:modified_time\" content=\"2023-11-23T08:57:48+00:00\" \/>\n<meta property=\"og:image\" content=\"https:\/\/www.notibras.com\/site\/wp-content\/uploads\/2023\/11\/poprua.webp\" \/>\n\t<meta property=\"og:image:width\" content=\"1170\" \/>\n\t<meta property=\"og:image:height\" content=\"700\" \/>\n\t<meta property=\"og:image:type\" content=\"image\/webp\" \/>\n<meta name=\"author\" content=\"Reda\u00e7\u00e3o\" \/>\n<meta name=\"twitter:card\" content=\"summary_large_image\" \/>\n<meta name=\"twitter:creator\" content=\"@Notibras\" \/>\n<meta name=\"twitter:site\" content=\"@Notibras\" \/>\n<meta name=\"twitter:label1\" content=\"Escrito por\" \/>\n\t<meta name=\"twitter:data1\" content=\"Reda\u00e7\u00e3o\" \/>\n\t<meta name=\"twitter:label2\" content=\"Est. tempo de leitura\" \/>\n\t<meta name=\"twitter:data2\" content=\"2 minutos\" \/>\n<script type=\"application\/ld+json\" class=\"yoast-schema-graph\">{\"@context\":\"https:\/\/schema.org\",\"@graph\":[{\"@type\":\"Article\",\"@id\":\"https:\/\/www.notibras.com\/site\/politicas-publicas-vao-priorizar-populacao-de-rua\/#article\",\"isPartOf\":{\"@id\":\"https:\/\/www.notibras.com\/site\/politicas-publicas-vao-priorizar-populacao-de-rua\/\"},\"author\":{\"name\":\"Reda\u00e7\u00e3o\",\"@id\":\"https:\/\/www.notibras.com\/site\/#\/schema\/person\/36ab0979449956132d3e5b517ea76ac8\"},\"headline\":\"Pol\u00edticas p\u00fablicas v\u00e3o priorizar popula\u00e7\u00e3o de rua\",\"datePublished\":\"2023-11-23T03:55:23+00:00\",\"dateModified\":\"2023-11-23T08:57:48+00:00\",\"mainEntityOfPage\":{\"@id\":\"https:\/\/www.notibras.com\/site\/politicas-publicas-vao-priorizar-populacao-de-rua\/\"},\"wordCount\":357,\"publisher\":{\"@id\":\"https:\/\/www.notibras.com\/site\/#organization\"},\"image\":{\"@id\":\"https:\/\/www.notibras.com\/site\/politicas-publicas-vao-priorizar-populacao-de-rua\/#primaryimage\"},\"thumbnailUrl\":\"https:\/\/www.notibras.com\/site\/wp-content\/uploads\/2023\/11\/poprua.webp\",\"articleSection\":[\"Quadradinho em Foco\"],\"inLanguage\":\"pt-BR\"},{\"@type\":\"WebPage\",\"@id\":\"https:\/\/www.notibras.com\/site\/politicas-publicas-vao-priorizar-populacao-de-rua\/\",\"url\":\"https:\/\/www.notibras.com\/site\/politicas-publicas-vao-priorizar-populacao-de-rua\/\",\"name\":\"Pol\u00edticas p\u00fablicas v\u00e3o priorizar popula\u00e7\u00e3o de rua - Notibras\",\"isPartOf\":{\"@id\":\"https:\/\/www.notibras.com\/site\/#website\"},\"primaryImageOfPage\":{\"@id\":\"https:\/\/www.notibras.com\/site\/politicas-publicas-vao-priorizar-populacao-de-rua\/#primaryimage\"},\"image\":{\"@id\":\"https:\/\/www.notibras.com\/site\/politicas-publicas-vao-priorizar-populacao-de-rua\/#primaryimage\"},\"thumbnailUrl\":\"https:\/\/www.notibras.com\/site\/wp-content\/uploads\/2023\/11\/poprua.webp\",\"datePublished\":\"2023-11-23T03:55:23+00:00\",\"dateModified\":\"2023-11-23T08:57:48+00:00\",\"breadcrumb\":{\"@id\":\"https:\/\/www.notibras.com\/site\/politicas-publicas-vao-priorizar-populacao-de-rua\/#breadcrumb\"},\"inLanguage\":\"pt-BR\",\"potentialAction\":[{\"@type\":\"ReadAction\",\"target\":[\"https:\/\/www.notibras.com\/site\/politicas-publicas-vao-priorizar-populacao-de-rua\/\"]}]},{\"@type\":\"ImageObject\",\"inLanguage\":\"pt-BR\",\"@id\":\"https:\/\/www.notibras.com\/site\/politicas-publicas-vao-priorizar-populacao-de-rua\/#primaryimage\",\"url\":\"https:\/\/www.notibras.com\/site\/wp-content\/uploads\/2023\/11\/poprua.webp\",\"contentUrl\":\"https:\/\/www.notibras.com\/site\/wp-content\/uploads\/2023\/11\/poprua.webp\",\"width\":1170,\"height\":700},{\"@type\":\"BreadcrumbList\",\"@id\":\"https:\/\/www.notibras.com\/site\/politicas-publicas-vao-priorizar-populacao-de-rua\/#breadcrumb\",\"itemListElement\":[{\"@type\":\"ListItem\",\"position\":1,\"name\":\"In\u00edcio\",\"item\":\"https:\/\/www.notibras.com\/site\/\"},{\"@type\":\"ListItem\",\"position\":2,\"name\":\"Pol\u00edticas p\u00fablicas v\u00e3o priorizar popula\u00e7\u00e3o de rua\"}]},{\"@type\":\"WebSite\",\"@id\":\"https:\/\/www.notibras.com\/site\/#website\",\"url\":\"https:\/\/www.notibras.com\/site\/\",\"name\":\"Notibras\",\"description\":\"Not\u00edcias de Bras\u00edlia, do Brasil e do Mundo\",\"publisher\":{\"@id\":\"https:\/\/www.notibras.com\/site\/#organization\"},\"potentialAction\":[{\"@type\":\"SearchAction\",\"target\":{\"@type\":\"EntryPoint\",\"urlTemplate\":\"https:\/\/www.notibras.com\/site\/?s={search_term_string}\"},\"query-input\":{\"@type\":\"PropertyValueSpecification\",\"valueRequired\":true,\"valueName\":\"search_term_string\"}}],\"inLanguage\":\"pt-BR\"},{\"@type\":\"Organization\",\"@id\":\"https:\/\/www.notibras.com\/site\/#organization\",\"name\":\"Grupo Notibras de Comunica\u00e7\u00e3o\",\"url\":\"https:\/\/www.notibras.com\/site\/\",\"logo\":{\"@type\":\"ImageObject\",\"inLanguage\":\"pt-BR\",\"@id\":\"https:\/\/www.notibras.com\/site\/#\/schema\/logo\/image\/\",\"url\":\"https:\/\/www.notibras.com\/site\/wp-content\/uploads\/2023\/01\/notibras23.png\",\"contentUrl\":\"https:\/\/www.notibras.com\/site\/wp-content\/uploads\/2023\/01\/notibras23.png\",\"width\":350,\"height\":87,\"caption\":\"Grupo Notibras de Comunica\u00e7\u00e3o\"},\"image\":{\"@id\":\"https:\/\/www.notibras.com\/site\/#\/schema\/logo\/image\/\"},\"sameAs\":[\"https:\/\/www.facebook.com\/notibras\/\",\"https:\/\/x.com\/Notibras\",\"https:\/\/www.instagram.com\/notibras\/\"]},{\"@type\":\"Person\",\"@id\":\"https:\/\/www.notibras.com\/site\/#\/schema\/person\/36ab0979449956132d3e5b517ea76ac8\",\"name\":\"Reda\u00e7\u00e3o\",\"image\":{\"@type\":\"ImageObject\",\"inLanguage\":\"pt-BR\",\"@id\":\"https:\/\/secure.gravatar.com\/avatar\/e0a867bdedb85fd243eadf09663511f96fc81e0720a4a42581f334ad4303aa6b?s=96&d=mm&r=g\",\"url\":\"https:\/\/secure.gravatar.com\/avatar\/e0a867bdedb85fd243eadf09663511f96fc81e0720a4a42581f334ad4303aa6b?s=96&d=mm&r=g\",\"contentUrl\":\"https:\/\/secure.gravatar.com\/avatar\/e0a867bdedb85fd243eadf09663511f96fc81e0720a4a42581f334ad4303aa6b?s=96&d=mm&r=g\",\"caption\":\"Reda\u00e7\u00e3o\"}}]}<\/script>\n<!-- \/ Yoast SEO plugin. -->","yoast_head_json":{"title":"Pol\u00edticas p\u00fablicas v\u00e3o priorizar popula\u00e7\u00e3o de rua - Notibras","robots":{"index":"index","follow":"follow","max-snippet":"max-snippet:-1","max-image-preview":"max-image-preview:large","max-video-preview":"max-video-preview:-1"},"canonical":"https:\/\/www.notibras.com\/site\/politicas-publicas-vao-priorizar-populacao-de-rua\/","og_locale":"pt_BR","og_type":"article","og_title":"Pol\u00edticas p\u00fablicas v\u00e3o priorizar popula\u00e7\u00e3o de rua - Notibras","og_description":"A articula\u00e7\u00e3o entre \u00f3rg\u00e3os e entidades do poder p\u00fablico para garantir a amplia\u00e7\u00e3o da prote\u00e7\u00e3o socioassistencial \u00e0 popula\u00e7\u00e3o em situa\u00e7\u00e3o de rua foi estabelecida como prioridade para os planos de a\u00e7\u00e3o do Sistema \u00danico de Assist\u00eancia Social (Suas). A determina\u00e7\u00e3o do Conselho Nacional de Assist\u00eancia Social (CNAS) foi publicada no Di\u00e1rio Oficial da Uni\u00e3o e [&hellip;]","og_url":"https:\/\/www.notibras.com\/site\/politicas-publicas-vao-priorizar-populacao-de-rua\/","og_site_name":"Notibras","article_publisher":"https:\/\/www.facebook.com\/notibras\/","article_published_time":"2023-11-23T03:55:23+00:00","article_modified_time":"2023-11-23T08:57:48+00:00","og_image":[{"width":1170,"height":700,"url":"https:\/\/www.notibras.com\/site\/wp-content\/uploads\/2023\/11\/poprua.webp","type":"image\/webp"}],"author":"Reda\u00e7\u00e3o","twitter_card":"summary_large_image","twitter_creator":"@Notibras","twitter_site":"@Notibras","twitter_misc":{"Escrito por":"Reda\u00e7\u00e3o","Est. tempo de leitura":"2 minutos"},"schema":{"@context":"https:\/\/schema.org","@graph":[{"@type":"Article","@id":"https:\/\/www.notibras.com\/site\/politicas-publicas-vao-priorizar-populacao-de-rua\/#article","isPartOf":{"@id":"https:\/\/www.notibras.com\/site\/politicas-publicas-vao-priorizar-populacao-de-rua\/"},"author":{"name":"Reda\u00e7\u00e3o","@id":"https:\/\/www.notibras.com\/site\/#\/schema\/person\/36ab0979449956132d3e5b517ea76ac8"},"headline":"Pol\u00edticas p\u00fablicas v\u00e3o priorizar popula\u00e7\u00e3o de rua","datePublished":"2023-11-23T03:55:23+00:00","dateModified":"2023-11-23T08:57:48+00:00","mainEntityOfPage":{"@id":"https:\/\/www.notibras.com\/site\/politicas-publicas-vao-priorizar-populacao-de-rua\/"},"wordCount":357,"publisher":{"@id":"https:\/\/www.notibras.com\/site\/#organization"},"image":{"@id":"https:\/\/www.notibras.com\/site\/politicas-publicas-vao-priorizar-populacao-de-rua\/#primaryimage"},"thumbnailUrl":"https:\/\/www.notibras.com\/site\/wp-content\/uploads\/2023\/11\/poprua.webp","articleSection":["Quadradinho em Foco"],"inLanguage":"pt-BR"},{"@type":"WebPage","@id":"https:\/\/www.notibras.com\/site\/politicas-publicas-vao-priorizar-populacao-de-rua\/","url":"https:\/\/www.notibras.com\/site\/politicas-publicas-vao-priorizar-populacao-de-rua\/","name":"Pol\u00edticas p\u00fablicas v\u00e3o priorizar popula\u00e7\u00e3o de rua - Notibras","isPartOf":{"@id":"https:\/\/www.notibras.com\/site\/#website"},"primaryImageOfPage":{"@id":"https:\/\/www.notibras.com\/site\/politicas-publicas-vao-priorizar-populacao-de-rua\/#primaryimage"},"image":{"@id":"https:\/\/www.notibras.com\/site\/politicas-publicas-vao-priorizar-populacao-de-rua\/#primaryimage"},"thumbnailUrl":"https:\/\/www.notibras.com\/site\/wp-content\/uploads\/2023\/11\/poprua.webp","datePublished":"2023-11-23T03:55:23+00:00","dateModified":"2023-11-23T08:57:48+00:00","breadcrumb":{"@id":"https:\/\/www.notibras.com\/site\/politicas-publicas-vao-priorizar-populacao-de-rua\/#breadcrumb"},"inLanguage":"pt-BR","potentialAction":[{"@type":"ReadAction","target":["https:\/\/www.notibras.com\/site\/politicas-publicas-vao-priorizar-populacao-de-rua\/"]}]},{"@type":"ImageObject","inLanguage":"pt-BR","@id":"https:\/\/www.notibras.com\/site\/politicas-publicas-vao-priorizar-populacao-de-rua\/#primaryimage","url":"https:\/\/www.notibras.com\/site\/wp-content\/uploads\/2023\/11\/poprua.webp","contentUrl":"https:\/\/www.notibras.com\/site\/wp-content\/uploads\/2023\/11\/poprua.webp","width":1170,"height":700},{"@type":"BreadcrumbList","@id":"https:\/\/www.notibras.com\/site\/politicas-publicas-vao-priorizar-populacao-de-rua\/#breadcrumb","itemListElement":[{"@type":"ListItem","position":1,"name":"In\u00edcio","item":"https:\/\/www.notibras.com\/site\/"},{"@type":"ListItem","position":2,"name":"Pol\u00edticas p\u00fablicas v\u00e3o priorizar popula\u00e7\u00e3o de rua"}]},{"@type":"WebSite","@id":"https:\/\/www.notibras.com\/site\/#website","url":"https:\/\/www.notibras.com\/site\/","name":"Notibras","description":"Not\u00edcias de Bras\u00edlia, do Brasil e do Mundo","publisher":{"@id":"https:\/\/www.notibras.com\/site\/#organization"},"potentialAction":[{"@type":"SearchAction","target":{"@type":"EntryPoint","urlTemplate":"https:\/\/www.notibras.com\/site\/?s={search_term_string}"},"query-input":{"@type":"PropertyValueSpecification","valueRequired":true,"valueName":"search_term_string"}}],"inLanguage":"pt-BR"},{"@type":"Organization","@id":"https:\/\/www.notibras.com\/site\/#organization","name":"Grupo Notibras de Comunica\u00e7\u00e3o","url":"https:\/\/www.notibras.com\/site\/","logo":{"@type":"ImageObject","inLanguage":"pt-BR","@id":"https:\/\/www.notibras.com\/site\/#\/schema\/logo\/image\/","url":"https:\/\/www.notibras.com\/site\/wp-content\/uploads\/2023\/01\/notibras23.png","contentUrl":"https:\/\/www.notibras.com\/site\/wp-content\/uploads\/2023\/01\/notibras23.png","width":350,"height":87,"caption":"Grupo Notibras de Comunica\u00e7\u00e3o"},"image":{"@id":"https:\/\/www.notibras.com\/site\/#\/schema\/logo\/image\/"},"sameAs":["https:\/\/www.facebook.com\/notibras\/","https:\/\/x.com\/Notibras","https:\/\/www.instagram.com\/notibras\/"]},{"@type":"Person","@id":"https:\/\/www.notibras.com\/site\/#\/schema\/person\/36ab0979449956132d3e5b517ea76ac8","name":"Reda\u00e7\u00e3o","image":{"@type":"ImageObject","inLanguage":"pt-BR","@id":"https:\/\/secure.gravatar.com\/avatar\/e0a867bdedb85fd243eadf09663511f96fc81e0720a4a42581f334ad4303aa6b?s=96&d=mm&r=g","url":"https:\/\/secure.gravatar.com\/avatar\/e0a867bdedb85fd243eadf09663511f96fc81e0720a4a42581f334ad4303aa6b?s=96&d=mm&r=g","contentUrl":"https:\/\/secure.gravatar.com\/avatar\/e0a867bdedb85fd243eadf09663511f96fc81e0720a4a42581f334ad4303aa6b?s=96&d=mm&r=g","caption":"Reda\u00e7\u00e3o"}}]}},"amp_enabled":true,"_links":{"self":[{"href":"https:\/\/www.notibras.com\/site\/wp-json\/wp\/v2\/posts\/317579","targetHints":{"allow":["GET"]}}],"collection":[{"href":"https:\/\/www.notibras.com\/site\/wp-json\/wp\/v2\/posts"}],"about":[{"href":"https:\/\/www.notibras.com\/site\/wp-json\/wp\/v2\/types\/post"}],"author":[{"embeddable":true,"href":"https:\/\/www.notibras.com\/site\/wp-json\/wp\/v2\/users\/2"}],"replies":[{"embeddable":true,"href":"https:\/\/www.notibras.com\/site\/wp-json\/wp\/v2\/comments?post=317579"}],"version-history":[{"count":1,"href":"https:\/\/www.notibras.com\/site\/wp-json\/wp\/v2\/posts\/317579\/revisions"}],"predecessor-version":[{"id":317581,"href":"https:\/\/www.notibras.com\/site\/wp-json\/wp\/v2\/posts\/317579\/revisions\/317581"}],"wp:featuredmedia":[{"embeddable":true,"href":"https:\/\/www.notibras.com\/site\/wp-json\/wp\/v2\/media\/317580"}],"wp:attachment":[{"href":"https:\/\/www.notibras.com\/site\/wp-json\/wp\/v2\/media?parent=317579"}],"wp:term":[{"taxonomy":"category","embeddable":true,"href":"https:\/\/www.notibras.com\/site\/wp-json\/wp\/v2\/categories?post=317579"},{"taxonomy":"post_tag","embeddable":true,"href":"https:\/\/www.notibras.com\/site\/wp-json\/wp\/v2\/tags?post=317579"}],"curies":[{"name":"wp","href":"https:\/\/api.w.org\/{rel}","templated":true}]}}