{"id":317585,"date":"2023-11-23T06:15:25","date_gmt":"2023-11-23T09:15:25","guid":{"rendered":"https:\/\/www.notibras.com\/site\/?p=317585"},"modified":"2023-11-23T06:15:25","modified_gmt":"2023-11-23T09:15:25","slug":"carteiros-avaliam-greve-em-plena-black-friday","status":"publish","type":"post","link":"https:\/\/www.notibras.com\/site\/carteiros-avaliam-greve-em-plena-black-friday\/","title":{"rendered":"Carteiros avaliam greve em plena Black Friday"},"content":{"rendered":"<p>Os sindicatos dos Trabalhadores da Empresa Brasileira de Correios Tel\u00e9grafos e Similares de todo o pa\u00eds est\u00e3o promovendo assembleias para avaliar a decreta\u00e7\u00e3o de uma greve na durante a Black Friday.<\/p>\n<p>A luta \u00e9 por corre\u00e7\u00e3o de inconsist\u00eancias deixadas pela Empresa Brasileira de Correios e Tel\u00e9grafos (ECT) no texto do Acordo Coletivo 2023-2024.<\/p>\n<p>\u201cEssas inconsist\u00eancias n\u00e3o eram para existir. Os Sindicatos as identificaram na minuta do acordo. Mostraram para a dire\u00e7\u00e3o da ECT e negociaram a corre\u00e7\u00e3o com o presidente da empresa e seus assessores\u201d, diz a nota dos carteiros.<\/p>\n<p>Segundo os sindicalistas, o acordo coletivo n\u00e3o foi assinado \u201cporque s\u00e3o muitos os preju\u00edzos \u00e0 categoria contidos nas inconsist\u00eancias\u201d.<\/p>\n<p>\u201cO enorme desconto na antecipa\u00e7\u00e3o do t\u00edquete peru em pec\u00fania \u00e9 s\u00f3 uma delas. Foi parcialmente corrigido pela empresa, com a devolu\u00e7\u00e3o da parte descontada do Imposto de Renda, mas ainda ficou um corte enorme e muitos companheiros receberam apenas R$ 300, em vez dos R$ 1.000 de abono indenizat\u00f3rio peru em pec\u00fania\u201d, dizem os trabalhadores.<\/p>\n<p>A categoria tamb\u00e9m reivindica concurso p\u00fablico, melhores condi\u00e7\u00f5es de trabalho e corre\u00e7\u00e3o da tabela salarial pelo valor de R$ 250 para remunera\u00e7\u00e3o de at\u00e9 7 mil e acima dessa remunera\u00e7\u00e3o corrigida pelo percentual de 3,53%.<\/p>\n","protected":false},"excerpt":{"rendered":"<p>Os sindicatos dos Trabalhadores da Empresa Brasileira de Correios Tel\u00e9grafos e Similares de todo o pa\u00eds est\u00e3o promovendo assembleias para avaliar a decreta\u00e7\u00e3o de uma greve na durante a Black Friday. A luta \u00e9 por corre\u00e7\u00e3o de inconsist\u00eancias deixadas pela Empresa Brasileira de Correios e Tel\u00e9grafos (ECT) no texto do Acordo Coletivo 2023-2024. \u201cEssas inconsist\u00eancias [&hellip;]<\/p>\n","protected":false},"author":2,"featured_media":317586,"comment_status":"closed","ping_status":"closed","sticky":false,"template":"","format":"standard","meta":{"_acf_changed":false,"footnotes":""},"categories":[161],"tags":[],"class_list":["post-317585","post","type-post","status-publish","format-standard","has-post-thumbnail","hentry","category-quadradinho-em-foco"],"acf":[],"yoast_head":"<!-- This site is optimized with the Yoast SEO plugin v27.2 - https:\/\/yoast.com\/product\/yoast-seo-wordpress\/ -->\n<title>Carteiros avaliam greve em plena Black Friday - Notibras<\/title>\n<meta name=\"robots\" content=\"index, follow, max-snippet:-1, max-image-preview:large, max-video-preview:-1\" \/>\n<link rel=\"canonical\" href=\"https:\/\/www.notibras.com\/site\/carteiros-avaliam-greve-em-plena-black-friday\/\" \/>\n<meta property=\"og:locale\" content=\"pt_BR\" \/>\n<meta property=\"og:type\" content=\"article\" \/>\n<meta property=\"og:title\" content=\"Carteiros avaliam greve em plena Black Friday - Notibras\" \/>\n<meta property=\"og:description\" content=\"Os sindicatos dos Trabalhadores da Empresa Brasileira de Correios Tel\u00e9grafos e Similares de todo o pa\u00eds est\u00e3o promovendo assembleias para avaliar a decreta\u00e7\u00e3o de uma greve na durante a Black Friday. A luta \u00e9 por corre\u00e7\u00e3o de inconsist\u00eancias deixadas pela Empresa Brasileira de Correios e Tel\u00e9grafos (ECT) no texto do Acordo Coletivo 2023-2024. \u201cEssas inconsist\u00eancias [&hellip;]\" \/>\n<meta property=\"og:url\" content=\"https:\/\/www.notibras.com\/site\/carteiros-avaliam-greve-em-plena-black-friday\/\" \/>\n<meta property=\"og:site_name\" content=\"Notibras\" \/>\n<meta property=\"article:publisher\" content=\"https:\/\/www.facebook.com\/notibras\/\" \/>\n<meta property=\"article:published_time\" content=\"2023-11-23T09:15:25+00:00\" \/>\n<meta property=\"og:image\" content=\"https:\/\/www.notibras.com\/site\/wp-content\/uploads\/2023\/11\/grevecor.webp\" \/>\n\t<meta property=\"og:image:width\" content=\"1170\" \/>\n\t<meta property=\"og:image:height\" content=\"700\" \/>\n\t<meta property=\"og:image:type\" content=\"image\/webp\" \/>\n<meta name=\"author\" content=\"Reda\u00e7\u00e3o\" \/>\n<meta name=\"twitter:card\" content=\"summary_large_image\" \/>\n<meta name=\"twitter:creator\" content=\"@Notibras\" \/>\n<meta name=\"twitter:site\" content=\"@Notibras\" \/>\n<meta name=\"twitter:label1\" content=\"Escrito por\" \/>\n\t<meta name=\"twitter:data1\" content=\"Reda\u00e7\u00e3o\" \/>\n\t<meta name=\"twitter:label2\" content=\"Est. tempo de leitura\" \/>\n\t<meta name=\"twitter:data2\" content=\"2 minutos\" \/>\n<script type=\"application\/ld+json\" class=\"yoast-schema-graph\">{\"@context\":\"https:\/\/schema.org\",\"@graph\":[{\"@type\":\"Article\",\"@id\":\"https:\/\/www.notibras.com\/site\/carteiros-avaliam-greve-em-plena-black-friday\/#article\",\"isPartOf\":{\"@id\":\"https:\/\/www.notibras.com\/site\/carteiros-avaliam-greve-em-plena-black-friday\/\"},\"author\":{\"name\":\"Reda\u00e7\u00e3o\",\"@id\":\"https:\/\/www.notibras.com\/site\/#\/schema\/person\/36ab0979449956132d3e5b517ea76ac8\"},\"headline\":\"Carteiros avaliam greve em plena Black Friday\",\"datePublished\":\"2023-11-23T09:15:25+00:00\",\"mainEntityOfPage\":{\"@id\":\"https:\/\/www.notibras.com\/site\/carteiros-avaliam-greve-em-plena-black-friday\/\"},\"wordCount\":226,\"publisher\":{\"@id\":\"https:\/\/www.notibras.com\/site\/#organization\"},\"image\":{\"@id\":\"https:\/\/www.notibras.com\/site\/carteiros-avaliam-greve-em-plena-black-friday\/#primaryimage\"},\"thumbnailUrl\":\"https:\/\/www.notibras.com\/site\/wp-content\/uploads\/2023\/11\/grevecor.webp\",\"articleSection\":[\"Quadradinho em Foco\"],\"inLanguage\":\"pt-BR\"},{\"@type\":\"WebPage\",\"@id\":\"https:\/\/www.notibras.com\/site\/carteiros-avaliam-greve-em-plena-black-friday\/\",\"url\":\"https:\/\/www.notibras.com\/site\/carteiros-avaliam-greve-em-plena-black-friday\/\",\"name\":\"Carteiros avaliam greve em plena Black Friday - Notibras\",\"isPartOf\":{\"@id\":\"https:\/\/www.notibras.com\/site\/#website\"},\"primaryImageOfPage\":{\"@id\":\"https:\/\/www.notibras.com\/site\/carteiros-avaliam-greve-em-plena-black-friday\/#primaryimage\"},\"image\":{\"@id\":\"https:\/\/www.notibras.com\/site\/carteiros-avaliam-greve-em-plena-black-friday\/#primaryimage\"},\"thumbnailUrl\":\"https:\/\/www.notibras.com\/site\/wp-content\/uploads\/2023\/11\/grevecor.webp\",\"datePublished\":\"2023-11-23T09:15:25+00:00\",\"breadcrumb\":{\"@id\":\"https:\/\/www.notibras.com\/site\/carteiros-avaliam-greve-em-plena-black-friday\/#breadcrumb\"},\"inLanguage\":\"pt-BR\",\"potentialAction\":[{\"@type\":\"ReadAction\",\"target\":[\"https:\/\/www.notibras.com\/site\/carteiros-avaliam-greve-em-plena-black-friday\/\"]}]},{\"@type\":\"ImageObject\",\"inLanguage\":\"pt-BR\",\"@id\":\"https:\/\/www.notibras.com\/site\/carteiros-avaliam-greve-em-plena-black-friday\/#primaryimage\",\"url\":\"https:\/\/www.notibras.com\/site\/wp-content\/uploads\/2023\/11\/grevecor.webp\",\"contentUrl\":\"https:\/\/www.notibras.com\/site\/wp-content\/uploads\/2023\/11\/grevecor.webp\",\"width\":1170,\"height\":700},{\"@type\":\"BreadcrumbList\",\"@id\":\"https:\/\/www.notibras.com\/site\/carteiros-avaliam-greve-em-plena-black-friday\/#breadcrumb\",\"itemListElement\":[{\"@type\":\"ListItem\",\"position\":1,\"name\":\"In\u00edcio\",\"item\":\"https:\/\/www.notibras.com\/site\/\"},{\"@type\":\"ListItem\",\"position\":2,\"name\":\"Carteiros avaliam greve em plena Black Friday\"}]},{\"@type\":\"WebSite\",\"@id\":\"https:\/\/www.notibras.com\/site\/#website\",\"url\":\"https:\/\/www.notibras.com\/site\/\",\"name\":\"Notibras\",\"description\":\"Not\u00edcias de Bras\u00edlia, do Brasil e do Mundo\",\"publisher\":{\"@id\":\"https:\/\/www.notibras.com\/site\/#organization\"},\"potentialAction\":[{\"@type\":\"SearchAction\",\"target\":{\"@type\":\"EntryPoint\",\"urlTemplate\":\"https:\/\/www.notibras.com\/site\/?s={search_term_string}\"},\"query-input\":{\"@type\":\"PropertyValueSpecification\",\"valueRequired\":true,\"valueName\":\"search_term_string\"}}],\"inLanguage\":\"pt-BR\"},{\"@type\":\"Organization\",\"@id\":\"https:\/\/www.notibras.com\/site\/#organization\",\"name\":\"Grupo Notibras de Comunica\u00e7\u00e3o\",\"url\":\"https:\/\/www.notibras.com\/site\/\",\"logo\":{\"@type\":\"ImageObject\",\"inLanguage\":\"pt-BR\",\"@id\":\"https:\/\/www.notibras.com\/site\/#\/schema\/logo\/image\/\",\"url\":\"https:\/\/www.notibras.com\/site\/wp-content\/uploads\/2023\/01\/notibras23.png\",\"contentUrl\":\"https:\/\/www.notibras.com\/site\/wp-content\/uploads\/2023\/01\/notibras23.png\",\"width\":350,\"height\":87,\"caption\":\"Grupo Notibras de Comunica\u00e7\u00e3o\"},\"image\":{\"@id\":\"https:\/\/www.notibras.com\/site\/#\/schema\/logo\/image\/\"},\"sameAs\":[\"https:\/\/www.facebook.com\/notibras\/\",\"https:\/\/x.com\/Notibras\",\"https:\/\/www.instagram.com\/notibras\/\"]},{\"@type\":\"Person\",\"@id\":\"https:\/\/www.notibras.com\/site\/#\/schema\/person\/36ab0979449956132d3e5b517ea76ac8\",\"name\":\"Reda\u00e7\u00e3o\",\"image\":{\"@type\":\"ImageObject\",\"inLanguage\":\"pt-BR\",\"@id\":\"https:\/\/secure.gravatar.com\/avatar\/e0a867bdedb85fd243eadf09663511f96fc81e0720a4a42581f334ad4303aa6b?s=96&d=mm&r=g\",\"url\":\"https:\/\/secure.gravatar.com\/avatar\/e0a867bdedb85fd243eadf09663511f96fc81e0720a4a42581f334ad4303aa6b?s=96&d=mm&r=g\",\"contentUrl\":\"https:\/\/secure.gravatar.com\/avatar\/e0a867bdedb85fd243eadf09663511f96fc81e0720a4a42581f334ad4303aa6b?s=96&d=mm&r=g\",\"caption\":\"Reda\u00e7\u00e3o\"}}]}<\/script>\n<!-- \/ Yoast SEO plugin. -->","yoast_head_json":{"title":"Carteiros avaliam greve em plena Black Friday - Notibras","robots":{"index":"index","follow":"follow","max-snippet":"max-snippet:-1","max-image-preview":"max-image-preview:large","max-video-preview":"max-video-preview:-1"},"canonical":"https:\/\/www.notibras.com\/site\/carteiros-avaliam-greve-em-plena-black-friday\/","og_locale":"pt_BR","og_type":"article","og_title":"Carteiros avaliam greve em plena Black Friday - Notibras","og_description":"Os sindicatos dos Trabalhadores da Empresa Brasileira de Correios Tel\u00e9grafos e Similares de todo o pa\u00eds est\u00e3o promovendo assembleias para avaliar a decreta\u00e7\u00e3o de uma greve na durante a Black Friday. A luta \u00e9 por corre\u00e7\u00e3o de inconsist\u00eancias deixadas pela Empresa Brasileira de Correios e Tel\u00e9grafos (ECT) no texto do Acordo Coletivo 2023-2024. \u201cEssas inconsist\u00eancias [&hellip;]","og_url":"https:\/\/www.notibras.com\/site\/carteiros-avaliam-greve-em-plena-black-friday\/","og_site_name":"Notibras","article_publisher":"https:\/\/www.facebook.com\/notibras\/","article_published_time":"2023-11-23T09:15:25+00:00","og_image":[{"width":1170,"height":700,"url":"https:\/\/www.notibras.com\/site\/wp-content\/uploads\/2023\/11\/grevecor.webp","type":"image\/webp"}],"author":"Reda\u00e7\u00e3o","twitter_card":"summary_large_image","twitter_creator":"@Notibras","twitter_site":"@Notibras","twitter_misc":{"Escrito por":"Reda\u00e7\u00e3o","Est. tempo de leitura":"2 minutos"},"schema":{"@context":"https:\/\/schema.org","@graph":[{"@type":"Article","@id":"https:\/\/www.notibras.com\/site\/carteiros-avaliam-greve-em-plena-black-friday\/#article","isPartOf":{"@id":"https:\/\/www.notibras.com\/site\/carteiros-avaliam-greve-em-plena-black-friday\/"},"author":{"name":"Reda\u00e7\u00e3o","@id":"https:\/\/www.notibras.com\/site\/#\/schema\/person\/36ab0979449956132d3e5b517ea76ac8"},"headline":"Carteiros avaliam greve em plena Black Friday","datePublished":"2023-11-23T09:15:25+00:00","mainEntityOfPage":{"@id":"https:\/\/www.notibras.com\/site\/carteiros-avaliam-greve-em-plena-black-friday\/"},"wordCount":226,"publisher":{"@id":"https:\/\/www.notibras.com\/site\/#organization"},"image":{"@id":"https:\/\/www.notibras.com\/site\/carteiros-avaliam-greve-em-plena-black-friday\/#primaryimage"},"thumbnailUrl":"https:\/\/www.notibras.com\/site\/wp-content\/uploads\/2023\/11\/grevecor.webp","articleSection":["Quadradinho em Foco"],"inLanguage":"pt-BR"},{"@type":"WebPage","@id":"https:\/\/www.notibras.com\/site\/carteiros-avaliam-greve-em-plena-black-friday\/","url":"https:\/\/www.notibras.com\/site\/carteiros-avaliam-greve-em-plena-black-friday\/","name":"Carteiros avaliam greve em plena Black Friday - Notibras","isPartOf":{"@id":"https:\/\/www.notibras.com\/site\/#website"},"primaryImageOfPage":{"@id":"https:\/\/www.notibras.com\/site\/carteiros-avaliam-greve-em-plena-black-friday\/#primaryimage"},"image":{"@id":"https:\/\/www.notibras.com\/site\/carteiros-avaliam-greve-em-plena-black-friday\/#primaryimage"},"thumbnailUrl":"https:\/\/www.notibras.com\/site\/wp-content\/uploads\/2023\/11\/grevecor.webp","datePublished":"2023-11-23T09:15:25+00:00","breadcrumb":{"@id":"https:\/\/www.notibras.com\/site\/carteiros-avaliam-greve-em-plena-black-friday\/#breadcrumb"},"inLanguage":"pt-BR","potentialAction":[{"@type":"ReadAction","target":["https:\/\/www.notibras.com\/site\/carteiros-avaliam-greve-em-plena-black-friday\/"]}]},{"@type":"ImageObject","inLanguage":"pt-BR","@id":"https:\/\/www.notibras.com\/site\/carteiros-avaliam-greve-em-plena-black-friday\/#primaryimage","url":"https:\/\/www.notibras.com\/site\/wp-content\/uploads\/2023\/11\/grevecor.webp","contentUrl":"https:\/\/www.notibras.com\/site\/wp-content\/uploads\/2023\/11\/grevecor.webp","width":1170,"height":700},{"@type":"BreadcrumbList","@id":"https:\/\/www.notibras.com\/site\/carteiros-avaliam-greve-em-plena-black-friday\/#breadcrumb","itemListElement":[{"@type":"ListItem","position":1,"name":"In\u00edcio","item":"https:\/\/www.notibras.com\/site\/"},{"@type":"ListItem","position":2,"name":"Carteiros avaliam greve em plena Black Friday"}]},{"@type":"WebSite","@id":"https:\/\/www.notibras.com\/site\/#website","url":"https:\/\/www.notibras.com\/site\/","name":"Notibras","description":"Not\u00edcias de Bras\u00edlia, do Brasil e do Mundo","publisher":{"@id":"https:\/\/www.notibras.com\/site\/#organization"},"potentialAction":[{"@type":"SearchAction","target":{"@type":"EntryPoint","urlTemplate":"https:\/\/www.notibras.com\/site\/?s={search_term_string}"},"query-input":{"@type":"PropertyValueSpecification","valueRequired":true,"valueName":"search_term_string"}}],"inLanguage":"pt-BR"},{"@type":"Organization","@id":"https:\/\/www.notibras.com\/site\/#organization","name":"Grupo Notibras de Comunica\u00e7\u00e3o","url":"https:\/\/www.notibras.com\/site\/","logo":{"@type":"ImageObject","inLanguage":"pt-BR","@id":"https:\/\/www.notibras.com\/site\/#\/schema\/logo\/image\/","url":"https:\/\/www.notibras.com\/site\/wp-content\/uploads\/2023\/01\/notibras23.png","contentUrl":"https:\/\/www.notibras.com\/site\/wp-content\/uploads\/2023\/01\/notibras23.png","width":350,"height":87,"caption":"Grupo Notibras de Comunica\u00e7\u00e3o"},"image":{"@id":"https:\/\/www.notibras.com\/site\/#\/schema\/logo\/image\/"},"sameAs":["https:\/\/www.facebook.com\/notibras\/","https:\/\/x.com\/Notibras","https:\/\/www.instagram.com\/notibras\/"]},{"@type":"Person","@id":"https:\/\/www.notibras.com\/site\/#\/schema\/person\/36ab0979449956132d3e5b517ea76ac8","name":"Reda\u00e7\u00e3o","image":{"@type":"ImageObject","inLanguage":"pt-BR","@id":"https:\/\/secure.gravatar.com\/avatar\/e0a867bdedb85fd243eadf09663511f96fc81e0720a4a42581f334ad4303aa6b?s=96&d=mm&r=g","url":"https:\/\/secure.gravatar.com\/avatar\/e0a867bdedb85fd243eadf09663511f96fc81e0720a4a42581f334ad4303aa6b?s=96&d=mm&r=g","contentUrl":"https:\/\/secure.gravatar.com\/avatar\/e0a867bdedb85fd243eadf09663511f96fc81e0720a4a42581f334ad4303aa6b?s=96&d=mm&r=g","caption":"Reda\u00e7\u00e3o"}}]}},"amp_enabled":true,"_links":{"self":[{"href":"https:\/\/www.notibras.com\/site\/wp-json\/wp\/v2\/posts\/317585","targetHints":{"allow":["GET"]}}],"collection":[{"href":"https:\/\/www.notibras.com\/site\/wp-json\/wp\/v2\/posts"}],"about":[{"href":"https:\/\/www.notibras.com\/site\/wp-json\/wp\/v2\/types\/post"}],"author":[{"embeddable":true,"href":"https:\/\/www.notibras.com\/site\/wp-json\/wp\/v2\/users\/2"}],"replies":[{"embeddable":true,"href":"https:\/\/www.notibras.com\/site\/wp-json\/wp\/v2\/comments?post=317585"}],"version-history":[{"count":1,"href":"https:\/\/www.notibras.com\/site\/wp-json\/wp\/v2\/posts\/317585\/revisions"}],"predecessor-version":[{"id":317587,"href":"https:\/\/www.notibras.com\/site\/wp-json\/wp\/v2\/posts\/317585\/revisions\/317587"}],"wp:featuredmedia":[{"embeddable":true,"href":"https:\/\/www.notibras.com\/site\/wp-json\/wp\/v2\/media\/317586"}],"wp:attachment":[{"href":"https:\/\/www.notibras.com\/site\/wp-json\/wp\/v2\/media?parent=317585"}],"wp:term":[{"taxonomy":"category","embeddable":true,"href":"https:\/\/www.notibras.com\/site\/wp-json\/wp\/v2\/categories?post=317585"},{"taxonomy":"post_tag","embeddable":true,"href":"https:\/\/www.notibras.com\/site\/wp-json\/wp\/v2\/tags?post=317585"}],"curies":[{"name":"wp","href":"https:\/\/api.w.org\/{rel}","templated":true}]}}