{"id":317588,"date":"2023-11-23T06:39:09","date_gmt":"2023-11-23T09:39:09","guid":{"rendered":"https:\/\/www.notibras.com\/site\/?p=317588"},"modified":"2023-11-23T06:50:24","modified_gmt":"2023-11-23T09:50:24","slug":"amelia-e-amalia-so-pararam-ja-velhas-la-no-posto-2","status":"publish","type":"post","link":"https:\/\/www.notibras.com\/site\/amelia-e-amalia-so-pararam-ja-velhas-la-no-posto-2\/","title":{"rendered":"Am\u00e9lia e Am\u00e1lia s\u00f3 pararam j\u00e1 velhas, l\u00e1 no Posto 2"},"content":{"rendered":"<p>Maria Am\u00e9lia e Maria Am\u00e1lia nasceram do mesmo ventre h\u00e1 exatos 77 anos. Apenas sete minutos davam \u00e0 primeira a vantagem de ter conhecido o mundo antes. Se bem que tal espa\u00e7o temporal fora bastante compensado no decorrer dos anos que se seguiram pela g\u00eamea mais nova, que sempre foi afeita a aventuras.<\/p>\n<p>Am\u00e9lia, ao contr\u00e1rio, viveu sua vida bem pr\u00f3xima \u00e0 realidade das mulheres de sua idade: casou, teve filhos, netos, quebrou algumas barreiras, mas n\u00e3o muitas. Enviuvou cedo, teve de arrumar um trabalho, coisa sempre abominada pelo falecido, que n\u00e3o admitia que a esposa trabalhasse fora.<\/p>\n<p>Na verdade, a polpuda pens\u00e3o que passou a receber do falecido, que fora alto funcion\u00e1rio do Banco do Brasil, era mais do que suficiente para manter o padr\u00e3o de vida. Todavia, ela desejou conhecer os ares al\u00e9m das paredes do vasto apartamento em Copacabana.<\/p>\n<p>Maria Am\u00e9lia n\u00e3o se satisfez em apenas cuidar da prole. Jamais foi uma m\u00e3e ausente. Jamais! Ela sempre foi uma m\u00e3e dedicada, educou os tr\u00eas filhos praticamente sozinha. E nenhum deles poderia se queixar da falta de amor, carinho e, sejamos sinceros, algumas boas chineladas que receberam em momentos oportunos.<\/p>\n<p>Teve poucos amores na vida, alguns ainda por cima plat\u00f4nicos, outros que se concretizaram, inclusive um que resultou em adult\u00e9rio. E foi justamente este que mais durou. Sete anos! E, apesar da desconfian\u00e7a de alguns, jamais foi totalmente desvendado. Tanto \u00e9 que, com o passar dos anos, as pessoas nem mais comentavam os constantes almo\u00e7os de Adolpho e Maria Am\u00e9lia.<\/p>\n<p>Ele era o seu chefe numa reparti\u00e7\u00e3o p\u00fablica no Centro. \u201cDr. Adolpho \u00e9 um homem s\u00e9rio, jamais iria se envolver com uma funcion\u00e1ria, ainda mais sua secret\u00e1ria. Al\u00e9m do mais, ele \u00e9 apaixonado pela linda esposa\u201d, diziam os contr\u00e1rios \u00e0 tese de adult\u00e9rio. A etiqueta, parece, serviu de v\u00e9u para encobrir qualquer desvio de comportamento.<\/p>\n<p>Por sua vez, Maria Am\u00e1lia bem cedo caiu na vida. N\u00e3o que tivesse virado meretriz ou, pior at\u00e9 para alguns, vedete de teatro. Ela sempre fora apaixonada pelo mar, quando, ainda menina, constru\u00eda castelos de areia na praia de Copacabana.<\/p>\n<p>Quando completou seus 22 anos, tomou coragem e, para desespero dos pais, zarpou \u00e0 bordo do conv\u00e9s do veleiro Captain Krayk ao lado de Bruno, um italiano metido a fazer o que Colombo j\u00e1 havia feito h\u00e1 s\u00e9culos. Ele queria porque queria descobrir um mundo novo. E nessa empreitada achou em Am\u00e1lia a companheira ideal.<\/p>\n<p>Velejaram, velejaram, velejaram. N\u00e3o encontraram nenhum mundo novo, mas redescobriram alguns lugares bastante conhecidos. E possivelmente estariam juntos at\u00e9 hoje, caso um tr\u00e1gico acidente n\u00e3o tivesse acometido o pobre Bruno apenas nove meses depois que desatracaram na Ba\u00eda de Guanabara.<\/p>\n<p>O Captain Krayk costeava o continente Africano, onde o casal j\u00e1 havia atracado e partido de alguns pa\u00edses (Nig\u00e9ria, Camar\u00f5es, Angola, Nam\u00edbia). J\u00e1 na costa da \u00c1frica do Sul, o sol escaldante convidava a um mergulho no mar. O impetuoso Bruno foi o primeiro a pular nas \u00e1guas quentes do oceano. Foi o primeiro. E somente ele pulou no mar, para sorte e desespero de Am\u00e1lia, que, quando j\u00e1 estava pronta para fazer companhia ao amado, viu o azul da \u00e1gua ser tomada por um vermelho assustador. Tubar\u00e3o!<\/p>\n<p>At\u00e9 hoje Am\u00e1lia n\u00e3o sabe como conseguiu chegar ao primeiro porto da \u00c1frica do Sul. Chegou! \u00c9 fato que chegou! E, quando se encontrou em terra firme, a primeira coisa que lhe veio \u00e0 cabe\u00e7a foi retornar para casa e pedir perd\u00e3o aos pais.<\/p>\n<p>Chorou. Chorou muito! E descobriu que havia uma segunda alternativa: viajaria por terra mesmo, conheceria todo o continente africano. Logo depois de fazer o que havia de ser feito, voltou para os bra\u00e7os da sua grande paix\u00e3o: o mar.<\/p>\n<p>Viajou, viajou, viajou&#8230; Conheceu toda a costa africana, mas isso era pouco para o esp\u00edrito aventureiro dessa mulher. Amou v\u00e1rios homens, tamb\u00e9m algumas mulheres. Mas nem todo amor na sua vida teve uma conota\u00e7\u00e3o rom\u00e2ntica. Teve atra\u00e7\u00f5es f\u00edsicas, nada al\u00e9m de amor carnal, \u00e9 verdade.<\/p>\n<p>Chan, um filipino de tra\u00e7os e voz brutos, a encantou por certo tempo. N\u00e3o mais de duas semanas, sejamos sinceros. Mas, para n\u00e3o faltar com a verdade, provavelmente tenha sido o amor carnal mais intenso que Maria Am\u00e1lia viveu durante muitos e muitos anos de alcova. Tanto que, de vez em quando, seu nome \u00e9 lembrado durante certas conversas mais picantes com suas amigas, mesmo depois de v\u00e1rios anos.<\/p>\n<p>\u201cO Chan era a prova viva de que o que vale n\u00e3o \u00e9 o tamanho da varinha, mas a m\u00e1gica que ela faz\u201d, costumava dizer logo antes de cair na gargalhada. Uma gargalhada espalhafatosa, mas ao mesmo tempo encantadora. Mas ela n\u00e3o parava por a\u00ed, pois sempre havia hist\u00f3rias para contar, seja a de amores de alcova, seja de paisagens deslumbrantes, seja de culturas inimagin\u00e1veis at\u00e9 para n\u00f3s nascidos num pa\u00eds continental e t\u00e3o diverso como o Brasil.<\/p>\n<p>Maria Am\u00e9lia e Maria Am\u00e1lia, apesar de guardarem diferen\u00e7as, tamb\u00e9m possuem l\u00e1 suas semelhan\u00e7as. Afinal, s\u00e3o g\u00eameas. Al\u00e9m do lindo sorriso de dentes desalinhados, gostam de esticar suas cangas diante da praia de Copacabana. E, caso voc\u00ea passe algum dia pelo Posto 2, \u00e9 bem prov\u00e1vel que as encontre.<\/p>\n","protected":false},"excerpt":{"rendered":"<p>Maria Am\u00e9lia e Maria Am\u00e1lia nasceram do mesmo ventre h\u00e1 exatos 77 anos. Apenas sete minutos davam \u00e0 primeira a vantagem de ter conhecido o mundo antes. Se bem que tal espa\u00e7o temporal fora bastante compensado no decorrer dos anos que se seguiram pela g\u00eamea mais nova, que sempre foi afeita a aventuras. Am\u00e9lia, ao [&hellip;]<\/p>\n","protected":false},"author":2,"featured_media":317589,"comment_status":"closed","ping_status":"closed","sticky":false,"template":"","format":"standard","meta":{"_acf_changed":false,"footnotes":""},"categories":[161],"tags":[],"class_list":["post-317588","post","type-post","status-publish","format-standard","has-post-thumbnail","hentry","category-quadradinho-em-foco"],"acf":[],"yoast_head":"<!-- This site is optimized with the Yoast SEO plugin v27.2 - https:\/\/yoast.com\/product\/yoast-seo-wordpress\/ -->\n<title>Am\u00e9lia e Am\u00e1lia s\u00f3 pararam j\u00e1 velhas, l\u00e1 no Posto 2 - Notibras<\/title>\n<meta name=\"robots\" content=\"index, follow, max-snippet:-1, max-image-preview:large, max-video-preview:-1\" \/>\n<link rel=\"canonical\" href=\"https:\/\/www.notibras.com\/site\/amelia-e-amalia-so-pararam-ja-velhas-la-no-posto-2\/\" \/>\n<meta property=\"og:locale\" content=\"pt_BR\" \/>\n<meta property=\"og:type\" content=\"article\" \/>\n<meta property=\"og:title\" content=\"Am\u00e9lia e Am\u00e1lia s\u00f3 pararam j\u00e1 velhas, l\u00e1 no Posto 2 - Notibras\" \/>\n<meta property=\"og:description\" content=\"Maria Am\u00e9lia e Maria Am\u00e1lia nasceram do mesmo ventre h\u00e1 exatos 77 anos. Apenas sete minutos davam \u00e0 primeira a vantagem de ter conhecido o mundo antes. Se bem que tal espa\u00e7o temporal fora bastante compensado no decorrer dos anos que se seguiram pela g\u00eamea mais nova, que sempre foi afeita a aventuras. Am\u00e9lia, ao [&hellip;]\" \/>\n<meta property=\"og:url\" content=\"https:\/\/www.notibras.com\/site\/amelia-e-amalia-so-pararam-ja-velhas-la-no-posto-2\/\" \/>\n<meta property=\"og:site_name\" content=\"Notibras\" \/>\n<meta property=\"article:publisher\" content=\"https:\/\/www.facebook.com\/notibras\/\" \/>\n<meta property=\"article:published_time\" content=\"2023-11-23T09:39:09+00:00\" \/>\n<meta property=\"article:modified_time\" content=\"2023-11-23T09:50:24+00:00\" \/>\n<meta property=\"og:image\" content=\"https:\/\/www.notibras.com\/site\/wp-content\/uploads\/2023\/11\/copapr.webp\" \/>\n\t<meta property=\"og:image:width\" content=\"770\" \/>\n\t<meta property=\"og:image:height\" content=\"513\" \/>\n\t<meta property=\"og:image:type\" content=\"image\/webp\" \/>\n<meta name=\"author\" content=\"Reda\u00e7\u00e3o\" \/>\n<meta name=\"twitter:card\" content=\"summary_large_image\" \/>\n<meta name=\"twitter:creator\" content=\"@Notibras\" \/>\n<meta name=\"twitter:site\" content=\"@Notibras\" \/>\n<meta name=\"twitter:label1\" content=\"Escrito por\" \/>\n\t<meta name=\"twitter:data1\" content=\"Reda\u00e7\u00e3o\" \/>\n\t<meta name=\"twitter:label2\" content=\"Est. tempo de leitura\" \/>\n\t<meta name=\"twitter:data2\" content=\"5 minutos\" \/>\n<script type=\"application\/ld+json\" class=\"yoast-schema-graph\">{\"@context\":\"https:\/\/schema.org\",\"@graph\":[{\"@type\":\"Article\",\"@id\":\"https:\/\/www.notibras.com\/site\/amelia-e-amalia-so-pararam-ja-velhas-la-no-posto-2\/#article\",\"isPartOf\":{\"@id\":\"https:\/\/www.notibras.com\/site\/amelia-e-amalia-so-pararam-ja-velhas-la-no-posto-2\/\"},\"author\":{\"name\":\"Reda\u00e7\u00e3o\",\"@id\":\"https:\/\/www.notibras.com\/site\/#\/schema\/person\/36ab0979449956132d3e5b517ea76ac8\"},\"headline\":\"Am\u00e9lia e Am\u00e1lia s\u00f3 pararam j\u00e1 velhas, l\u00e1 no Posto 2\",\"datePublished\":\"2023-11-23T09:39:09+00:00\",\"dateModified\":\"2023-11-23T09:50:24+00:00\",\"mainEntityOfPage\":{\"@id\":\"https:\/\/www.notibras.com\/site\/amelia-e-amalia-so-pararam-ja-velhas-la-no-posto-2\/\"},\"wordCount\":934,\"publisher\":{\"@id\":\"https:\/\/www.notibras.com\/site\/#organization\"},\"image\":{\"@id\":\"https:\/\/www.notibras.com\/site\/amelia-e-amalia-so-pararam-ja-velhas-la-no-posto-2\/#primaryimage\"},\"thumbnailUrl\":\"https:\/\/www.notibras.com\/site\/wp-content\/uploads\/2023\/11\/copapr.webp\",\"articleSection\":[\"Quadradinho em Foco\"],\"inLanguage\":\"pt-BR\"},{\"@type\":\"WebPage\",\"@id\":\"https:\/\/www.notibras.com\/site\/amelia-e-amalia-so-pararam-ja-velhas-la-no-posto-2\/\",\"url\":\"https:\/\/www.notibras.com\/site\/amelia-e-amalia-so-pararam-ja-velhas-la-no-posto-2\/\",\"name\":\"Am\u00e9lia e Am\u00e1lia s\u00f3 pararam j\u00e1 velhas, l\u00e1 no Posto 2 - Notibras\",\"isPartOf\":{\"@id\":\"https:\/\/www.notibras.com\/site\/#website\"},\"primaryImageOfPage\":{\"@id\":\"https:\/\/www.notibras.com\/site\/amelia-e-amalia-so-pararam-ja-velhas-la-no-posto-2\/#primaryimage\"},\"image\":{\"@id\":\"https:\/\/www.notibras.com\/site\/amelia-e-amalia-so-pararam-ja-velhas-la-no-posto-2\/#primaryimage\"},\"thumbnailUrl\":\"https:\/\/www.notibras.com\/site\/wp-content\/uploads\/2023\/11\/copapr.webp\",\"datePublished\":\"2023-11-23T09:39:09+00:00\",\"dateModified\":\"2023-11-23T09:50:24+00:00\",\"breadcrumb\":{\"@id\":\"https:\/\/www.notibras.com\/site\/amelia-e-amalia-so-pararam-ja-velhas-la-no-posto-2\/#breadcrumb\"},\"inLanguage\":\"pt-BR\",\"potentialAction\":[{\"@type\":\"ReadAction\",\"target\":[\"https:\/\/www.notibras.com\/site\/amelia-e-amalia-so-pararam-ja-velhas-la-no-posto-2\/\"]}]},{\"@type\":\"ImageObject\",\"inLanguage\":\"pt-BR\",\"@id\":\"https:\/\/www.notibras.com\/site\/amelia-e-amalia-so-pararam-ja-velhas-la-no-posto-2\/#primaryimage\",\"url\":\"https:\/\/www.notibras.com\/site\/wp-content\/uploads\/2023\/11\/copapr.webp\",\"contentUrl\":\"https:\/\/www.notibras.com\/site\/wp-content\/uploads\/2023\/11\/copapr.webp\",\"width\":770,\"height\":513},{\"@type\":\"BreadcrumbList\",\"@id\":\"https:\/\/www.notibras.com\/site\/amelia-e-amalia-so-pararam-ja-velhas-la-no-posto-2\/#breadcrumb\",\"itemListElement\":[{\"@type\":\"ListItem\",\"position\":1,\"name\":\"In\u00edcio\",\"item\":\"https:\/\/www.notibras.com\/site\/\"},{\"@type\":\"ListItem\",\"position\":2,\"name\":\"Am\u00e9lia e Am\u00e1lia s\u00f3 pararam j\u00e1 velhas, l\u00e1 no Posto 2\"}]},{\"@type\":\"WebSite\",\"@id\":\"https:\/\/www.notibras.com\/site\/#website\",\"url\":\"https:\/\/www.notibras.com\/site\/\",\"name\":\"Notibras\",\"description\":\"Not\u00edcias de Bras\u00edlia, do Brasil e do Mundo\",\"publisher\":{\"@id\":\"https:\/\/www.notibras.com\/site\/#organization\"},\"potentialAction\":[{\"@type\":\"SearchAction\",\"target\":{\"@type\":\"EntryPoint\",\"urlTemplate\":\"https:\/\/www.notibras.com\/site\/?s={search_term_string}\"},\"query-input\":{\"@type\":\"PropertyValueSpecification\",\"valueRequired\":true,\"valueName\":\"search_term_string\"}}],\"inLanguage\":\"pt-BR\"},{\"@type\":\"Organization\",\"@id\":\"https:\/\/www.notibras.com\/site\/#organization\",\"name\":\"Grupo Notibras de Comunica\u00e7\u00e3o\",\"url\":\"https:\/\/www.notibras.com\/site\/\",\"logo\":{\"@type\":\"ImageObject\",\"inLanguage\":\"pt-BR\",\"@id\":\"https:\/\/www.notibras.com\/site\/#\/schema\/logo\/image\/\",\"url\":\"https:\/\/www.notibras.com\/site\/wp-content\/uploads\/2023\/01\/notibras23.png\",\"contentUrl\":\"https:\/\/www.notibras.com\/site\/wp-content\/uploads\/2023\/01\/notibras23.png\",\"width\":350,\"height\":87,\"caption\":\"Grupo Notibras de Comunica\u00e7\u00e3o\"},\"image\":{\"@id\":\"https:\/\/www.notibras.com\/site\/#\/schema\/logo\/image\/\"},\"sameAs\":[\"https:\/\/www.facebook.com\/notibras\/\",\"https:\/\/x.com\/Notibras\",\"https:\/\/www.instagram.com\/notibras\/\"]},{\"@type\":\"Person\",\"@id\":\"https:\/\/www.notibras.com\/site\/#\/schema\/person\/36ab0979449956132d3e5b517ea76ac8\",\"name\":\"Reda\u00e7\u00e3o\",\"image\":{\"@type\":\"ImageObject\",\"inLanguage\":\"pt-BR\",\"@id\":\"https:\/\/secure.gravatar.com\/avatar\/e0a867bdedb85fd243eadf09663511f96fc81e0720a4a42581f334ad4303aa6b?s=96&d=mm&r=g\",\"url\":\"https:\/\/secure.gravatar.com\/avatar\/e0a867bdedb85fd243eadf09663511f96fc81e0720a4a42581f334ad4303aa6b?s=96&d=mm&r=g\",\"contentUrl\":\"https:\/\/secure.gravatar.com\/avatar\/e0a867bdedb85fd243eadf09663511f96fc81e0720a4a42581f334ad4303aa6b?s=96&d=mm&r=g\",\"caption\":\"Reda\u00e7\u00e3o\"}}]}<\/script>\n<!-- \/ Yoast SEO plugin. -->","yoast_head_json":{"title":"Am\u00e9lia e Am\u00e1lia s\u00f3 pararam j\u00e1 velhas, l\u00e1 no Posto 2 - Notibras","robots":{"index":"index","follow":"follow","max-snippet":"max-snippet:-1","max-image-preview":"max-image-preview:large","max-video-preview":"max-video-preview:-1"},"canonical":"https:\/\/www.notibras.com\/site\/amelia-e-amalia-so-pararam-ja-velhas-la-no-posto-2\/","og_locale":"pt_BR","og_type":"article","og_title":"Am\u00e9lia e Am\u00e1lia s\u00f3 pararam j\u00e1 velhas, l\u00e1 no Posto 2 - Notibras","og_description":"Maria Am\u00e9lia e Maria Am\u00e1lia nasceram do mesmo ventre h\u00e1 exatos 77 anos. Apenas sete minutos davam \u00e0 primeira a vantagem de ter conhecido o mundo antes. Se bem que tal espa\u00e7o temporal fora bastante compensado no decorrer dos anos que se seguiram pela g\u00eamea mais nova, que sempre foi afeita a aventuras. Am\u00e9lia, ao [&hellip;]","og_url":"https:\/\/www.notibras.com\/site\/amelia-e-amalia-so-pararam-ja-velhas-la-no-posto-2\/","og_site_name":"Notibras","article_publisher":"https:\/\/www.facebook.com\/notibras\/","article_published_time":"2023-11-23T09:39:09+00:00","article_modified_time":"2023-11-23T09:50:24+00:00","og_image":[{"width":770,"height":513,"url":"https:\/\/www.notibras.com\/site\/wp-content\/uploads\/2023\/11\/copapr.webp","type":"image\/webp"}],"author":"Reda\u00e7\u00e3o","twitter_card":"summary_large_image","twitter_creator":"@Notibras","twitter_site":"@Notibras","twitter_misc":{"Escrito por":"Reda\u00e7\u00e3o","Est. tempo de leitura":"5 minutos"},"schema":{"@context":"https:\/\/schema.org","@graph":[{"@type":"Article","@id":"https:\/\/www.notibras.com\/site\/amelia-e-amalia-so-pararam-ja-velhas-la-no-posto-2\/#article","isPartOf":{"@id":"https:\/\/www.notibras.com\/site\/amelia-e-amalia-so-pararam-ja-velhas-la-no-posto-2\/"},"author":{"name":"Reda\u00e7\u00e3o","@id":"https:\/\/www.notibras.com\/site\/#\/schema\/person\/36ab0979449956132d3e5b517ea76ac8"},"headline":"Am\u00e9lia e Am\u00e1lia s\u00f3 pararam j\u00e1 velhas, l\u00e1 no Posto 2","datePublished":"2023-11-23T09:39:09+00:00","dateModified":"2023-11-23T09:50:24+00:00","mainEntityOfPage":{"@id":"https:\/\/www.notibras.com\/site\/amelia-e-amalia-so-pararam-ja-velhas-la-no-posto-2\/"},"wordCount":934,"publisher":{"@id":"https:\/\/www.notibras.com\/site\/#organization"},"image":{"@id":"https:\/\/www.notibras.com\/site\/amelia-e-amalia-so-pararam-ja-velhas-la-no-posto-2\/#primaryimage"},"thumbnailUrl":"https:\/\/www.notibras.com\/site\/wp-content\/uploads\/2023\/11\/copapr.webp","articleSection":["Quadradinho em Foco"],"inLanguage":"pt-BR"},{"@type":"WebPage","@id":"https:\/\/www.notibras.com\/site\/amelia-e-amalia-so-pararam-ja-velhas-la-no-posto-2\/","url":"https:\/\/www.notibras.com\/site\/amelia-e-amalia-so-pararam-ja-velhas-la-no-posto-2\/","name":"Am\u00e9lia e Am\u00e1lia s\u00f3 pararam j\u00e1 velhas, l\u00e1 no Posto 2 - Notibras","isPartOf":{"@id":"https:\/\/www.notibras.com\/site\/#website"},"primaryImageOfPage":{"@id":"https:\/\/www.notibras.com\/site\/amelia-e-amalia-so-pararam-ja-velhas-la-no-posto-2\/#primaryimage"},"image":{"@id":"https:\/\/www.notibras.com\/site\/amelia-e-amalia-so-pararam-ja-velhas-la-no-posto-2\/#primaryimage"},"thumbnailUrl":"https:\/\/www.notibras.com\/site\/wp-content\/uploads\/2023\/11\/copapr.webp","datePublished":"2023-11-23T09:39:09+00:00","dateModified":"2023-11-23T09:50:24+00:00","breadcrumb":{"@id":"https:\/\/www.notibras.com\/site\/amelia-e-amalia-so-pararam-ja-velhas-la-no-posto-2\/#breadcrumb"},"inLanguage":"pt-BR","potentialAction":[{"@type":"ReadAction","target":["https:\/\/www.notibras.com\/site\/amelia-e-amalia-so-pararam-ja-velhas-la-no-posto-2\/"]}]},{"@type":"ImageObject","inLanguage":"pt-BR","@id":"https:\/\/www.notibras.com\/site\/amelia-e-amalia-so-pararam-ja-velhas-la-no-posto-2\/#primaryimage","url":"https:\/\/www.notibras.com\/site\/wp-content\/uploads\/2023\/11\/copapr.webp","contentUrl":"https:\/\/www.notibras.com\/site\/wp-content\/uploads\/2023\/11\/copapr.webp","width":770,"height":513},{"@type":"BreadcrumbList","@id":"https:\/\/www.notibras.com\/site\/amelia-e-amalia-so-pararam-ja-velhas-la-no-posto-2\/#breadcrumb","itemListElement":[{"@type":"ListItem","position":1,"name":"In\u00edcio","item":"https:\/\/www.notibras.com\/site\/"},{"@type":"ListItem","position":2,"name":"Am\u00e9lia e Am\u00e1lia s\u00f3 pararam j\u00e1 velhas, l\u00e1 no Posto 2"}]},{"@type":"WebSite","@id":"https:\/\/www.notibras.com\/site\/#website","url":"https:\/\/www.notibras.com\/site\/","name":"Notibras","description":"Not\u00edcias de Bras\u00edlia, do Brasil e do Mundo","publisher":{"@id":"https:\/\/www.notibras.com\/site\/#organization"},"potentialAction":[{"@type":"SearchAction","target":{"@type":"EntryPoint","urlTemplate":"https:\/\/www.notibras.com\/site\/?s={search_term_string}"},"query-input":{"@type":"PropertyValueSpecification","valueRequired":true,"valueName":"search_term_string"}}],"inLanguage":"pt-BR"},{"@type":"Organization","@id":"https:\/\/www.notibras.com\/site\/#organization","name":"Grupo Notibras de Comunica\u00e7\u00e3o","url":"https:\/\/www.notibras.com\/site\/","logo":{"@type":"ImageObject","inLanguage":"pt-BR","@id":"https:\/\/www.notibras.com\/site\/#\/schema\/logo\/image\/","url":"https:\/\/www.notibras.com\/site\/wp-content\/uploads\/2023\/01\/notibras23.png","contentUrl":"https:\/\/www.notibras.com\/site\/wp-content\/uploads\/2023\/01\/notibras23.png","width":350,"height":87,"caption":"Grupo Notibras de Comunica\u00e7\u00e3o"},"image":{"@id":"https:\/\/www.notibras.com\/site\/#\/schema\/logo\/image\/"},"sameAs":["https:\/\/www.facebook.com\/notibras\/","https:\/\/x.com\/Notibras","https:\/\/www.instagram.com\/notibras\/"]},{"@type":"Person","@id":"https:\/\/www.notibras.com\/site\/#\/schema\/person\/36ab0979449956132d3e5b517ea76ac8","name":"Reda\u00e7\u00e3o","image":{"@type":"ImageObject","inLanguage":"pt-BR","@id":"https:\/\/secure.gravatar.com\/avatar\/e0a867bdedb85fd243eadf09663511f96fc81e0720a4a42581f334ad4303aa6b?s=96&d=mm&r=g","url":"https:\/\/secure.gravatar.com\/avatar\/e0a867bdedb85fd243eadf09663511f96fc81e0720a4a42581f334ad4303aa6b?s=96&d=mm&r=g","contentUrl":"https:\/\/secure.gravatar.com\/avatar\/e0a867bdedb85fd243eadf09663511f96fc81e0720a4a42581f334ad4303aa6b?s=96&d=mm&r=g","caption":"Reda\u00e7\u00e3o"}}]}},"amp_enabled":true,"_links":{"self":[{"href":"https:\/\/www.notibras.com\/site\/wp-json\/wp\/v2\/posts\/317588","targetHints":{"allow":["GET"]}}],"collection":[{"href":"https:\/\/www.notibras.com\/site\/wp-json\/wp\/v2\/posts"}],"about":[{"href":"https:\/\/www.notibras.com\/site\/wp-json\/wp\/v2\/types\/post"}],"author":[{"embeddable":true,"href":"https:\/\/www.notibras.com\/site\/wp-json\/wp\/v2\/users\/2"}],"replies":[{"embeddable":true,"href":"https:\/\/www.notibras.com\/site\/wp-json\/wp\/v2\/comments?post=317588"}],"version-history":[{"count":3,"href":"https:\/\/www.notibras.com\/site\/wp-json\/wp\/v2\/posts\/317588\/revisions"}],"predecessor-version":[{"id":317592,"href":"https:\/\/www.notibras.com\/site\/wp-json\/wp\/v2\/posts\/317588\/revisions\/317592"}],"wp:featuredmedia":[{"embeddable":true,"href":"https:\/\/www.notibras.com\/site\/wp-json\/wp\/v2\/media\/317589"}],"wp:attachment":[{"href":"https:\/\/www.notibras.com\/site\/wp-json\/wp\/v2\/media?parent=317588"}],"wp:term":[{"taxonomy":"category","embeddable":true,"href":"https:\/\/www.notibras.com\/site\/wp-json\/wp\/v2\/categories?post=317588"},{"taxonomy":"post_tag","embeddable":true,"href":"https:\/\/www.notibras.com\/site\/wp-json\/wp\/v2\/tags?post=317588"}],"curies":[{"name":"wp","href":"https:\/\/api.w.org\/{rel}","templated":true}]}}