{"id":317661,"date":"2023-11-24T00:58:28","date_gmt":"2023-11-24T03:58:28","guid":{"rendered":"https:\/\/www.notibras.com\/site\/?p=317661"},"modified":"2023-11-24T08:01:09","modified_gmt":"2023-11-24T11:01:09","slug":"trio-que-tentou-explodir-jk-vai-ter-de-fazer-pix-como-seu-mito","status":"publish","type":"post","link":"https:\/\/www.notibras.com\/site\/trio-que-tentou-explodir-jk-vai-ter-de-fazer-pix-como-seu-mito\/","title":{"rendered":"Trio que tentou explodir JK vai ter de fazer Pix como seu mito"},"content":{"rendered":"<p>A Advocacia-Geral da Uni\u00e3o (AGU) entrou nesta quinta-feira (23) com uma a\u00e7\u00e3o na Justi\u00e7a para cobrar R$ 15 milh\u00f5es dos acusados da tentativa de explos\u00e3o de um caminh\u00e3o-tanque nos arredores do aeroporto de Bras\u00edlia no dia 24 de dezembro de 2022.<\/p>\n<p>A a\u00e7\u00e3o civil p\u00fablica foi protocolada na Justi\u00e7a Federal do Distrito Federal e cobra dos acusados danos morais por ofensa \u00e0 democracia e \u00e0 seguran\u00e7a aeroportu\u00e1ria.<\/p>\n<p>A AGU sustenta que os acusados colocaram em risco a vida e o patrim\u00f4nio de terceiros e tentaram causar como\u00e7\u00e3o social para justificar a decreta\u00e7\u00e3o da interven\u00e7\u00e3o militar para impedir o presidente Luiz In\u00e1cio Lula da Silva de tomar posse em 1\u00b0 de janeiro.<\/p>\n<p>Condena\u00e7\u00f5es<br \/>\nOs tr\u00eas envolvidos na tentativa de explos\u00e3o j\u00e1 foram condenados pela Justi\u00e7a do Distrito Federal.<\/p>\n<p>Em maio, o empres\u00e1rio George Washington de Oliveira Sousa foi condenado a nove anos e quatro meses de pris\u00e3o e Alan Diego dos Santos Rodrigues a cinco anos e quatro meses. As condutas envolvem os crimes de explos\u00e3o, causar inc\u00eandio e posse de arma de fogo sem autoriza\u00e7\u00e3o.<\/p>\n<p>Em agosto, Wellington Macedo de Souza foi condenado a seis anos de pris\u00e3o em regime fechado. Ele foi acusado de expor a integridade f\u00edsica da popula\u00e7\u00e3o mediante uso de explosivo.<\/p>\n","protected":false},"excerpt":{"rendered":"<p>A Advocacia-Geral da Uni\u00e3o (AGU) entrou nesta quinta-feira (23) com uma a\u00e7\u00e3o na Justi\u00e7a para cobrar R$ 15 milh\u00f5es dos acusados da tentativa de explos\u00e3o de um caminh\u00e3o-tanque nos arredores do aeroporto de Bras\u00edlia no dia 24 de dezembro de 2022. A a\u00e7\u00e3o civil p\u00fablica foi protocolada na Justi\u00e7a Federal do Distrito Federal e cobra [&hellip;]<\/p>\n","protected":false},"author":2,"featured_media":317662,"comment_status":"closed","ping_status":"closed","sticky":false,"template":"","format":"standard","meta":{"_acf_changed":false,"footnotes":""},"categories":[161],"tags":[95],"class_list":["post-317661","post","type-post","status-publish","format-standard","has-post-thumbnail","hentry","category-quadradinho-em-foco","tag-capa"],"acf":[],"yoast_head":"<!-- This site is optimized with the Yoast SEO plugin v27.2 - https:\/\/yoast.com\/product\/yoast-seo-wordpress\/ -->\n<title>Trio que tentou explodir JK vai ter de fazer Pix como seu mito - Notibras<\/title>\n<meta name=\"robots\" content=\"index, follow, max-snippet:-1, max-image-preview:large, max-video-preview:-1\" \/>\n<link rel=\"canonical\" href=\"https:\/\/www.notibras.com\/site\/trio-que-tentou-explodir-jk-vai-ter-de-fazer-pix-como-seu-mito\/\" \/>\n<meta property=\"og:locale\" content=\"pt_BR\" \/>\n<meta property=\"og:type\" content=\"article\" \/>\n<meta property=\"og:title\" content=\"Trio que tentou explodir JK vai ter de fazer Pix como seu mito - Notibras\" \/>\n<meta property=\"og:description\" content=\"A Advocacia-Geral da Uni\u00e3o (AGU) entrou nesta quinta-feira (23) com uma a\u00e7\u00e3o na Justi\u00e7a para cobrar R$ 15 milh\u00f5es dos acusados da tentativa de explos\u00e3o de um caminh\u00e3o-tanque nos arredores do aeroporto de Bras\u00edlia no dia 24 de dezembro de 2022. A a\u00e7\u00e3o civil p\u00fablica foi protocolada na Justi\u00e7a Federal do Distrito Federal e cobra [&hellip;]\" \/>\n<meta property=\"og:url\" content=\"https:\/\/www.notibras.com\/site\/trio-que-tentou-explodir-jk-vai-ter-de-fazer-pix-como-seu-mito\/\" \/>\n<meta property=\"og:site_name\" content=\"Notibras\" \/>\n<meta property=\"article:publisher\" content=\"https:\/\/www.facebook.com\/notibras\/\" \/>\n<meta property=\"article:published_time\" content=\"2023-11-24T03:58:28+00:00\" \/>\n<meta property=\"article:modified_time\" content=\"2023-11-24T11:01:09+00:00\" \/>\n<meta property=\"og:image\" content=\"https:\/\/www.notibras.com\/site\/wp-content\/uploads\/2023\/11\/expllosao.jk_.webp\" \/>\n\t<meta property=\"og:image:width\" content=\"1170\" \/>\n\t<meta property=\"og:image:height\" content=\"700\" \/>\n\t<meta property=\"og:image:type\" content=\"image\/webp\" \/>\n<meta name=\"author\" content=\"Reda\u00e7\u00e3o\" \/>\n<meta name=\"twitter:card\" content=\"summary_large_image\" \/>\n<meta name=\"twitter:creator\" content=\"@Notibras\" \/>\n<meta name=\"twitter:site\" content=\"@Notibras\" \/>\n<meta name=\"twitter:label1\" content=\"Escrito por\" \/>\n\t<meta name=\"twitter:data1\" content=\"Reda\u00e7\u00e3o\" \/>\n\t<meta name=\"twitter:label2\" content=\"Est. tempo de leitura\" \/>\n\t<meta name=\"twitter:data2\" content=\"2 minutos\" \/>\n<script type=\"application\/ld+json\" class=\"yoast-schema-graph\">{\"@context\":\"https:\/\/schema.org\",\"@graph\":[{\"@type\":\"Article\",\"@id\":\"https:\/\/www.notibras.com\/site\/trio-que-tentou-explodir-jk-vai-ter-de-fazer-pix-como-seu-mito\/#article\",\"isPartOf\":{\"@id\":\"https:\/\/www.notibras.com\/site\/trio-que-tentou-explodir-jk-vai-ter-de-fazer-pix-como-seu-mito\/\"},\"author\":{\"name\":\"Reda\u00e7\u00e3o\",\"@id\":\"https:\/\/www.notibras.com\/site\/#\/schema\/person\/36ab0979449956132d3e5b517ea76ac8\"},\"headline\":\"Trio que tentou explodir JK vai ter de fazer Pix como seu mito\",\"datePublished\":\"2023-11-24T03:58:28+00:00\",\"dateModified\":\"2023-11-24T11:01:09+00:00\",\"mainEntityOfPage\":{\"@id\":\"https:\/\/www.notibras.com\/site\/trio-que-tentou-explodir-jk-vai-ter-de-fazer-pix-como-seu-mito\/\"},\"wordCount\":240,\"publisher\":{\"@id\":\"https:\/\/www.notibras.com\/site\/#organization\"},\"image\":{\"@id\":\"https:\/\/www.notibras.com\/site\/trio-que-tentou-explodir-jk-vai-ter-de-fazer-pix-como-seu-mito\/#primaryimage\"},\"thumbnailUrl\":\"https:\/\/www.notibras.com\/site\/wp-content\/uploads\/2023\/11\/expllosao.jk_.webp\",\"keywords\":[\"capa\"],\"articleSection\":[\"Quadradinho em Foco\"],\"inLanguage\":\"pt-BR\"},{\"@type\":\"WebPage\",\"@id\":\"https:\/\/www.notibras.com\/site\/trio-que-tentou-explodir-jk-vai-ter-de-fazer-pix-como-seu-mito\/\",\"url\":\"https:\/\/www.notibras.com\/site\/trio-que-tentou-explodir-jk-vai-ter-de-fazer-pix-como-seu-mito\/\",\"name\":\"Trio que tentou explodir JK vai ter de fazer Pix como seu mito - Notibras\",\"isPartOf\":{\"@id\":\"https:\/\/www.notibras.com\/site\/#website\"},\"primaryImageOfPage\":{\"@id\":\"https:\/\/www.notibras.com\/site\/trio-que-tentou-explodir-jk-vai-ter-de-fazer-pix-como-seu-mito\/#primaryimage\"},\"image\":{\"@id\":\"https:\/\/www.notibras.com\/site\/trio-que-tentou-explodir-jk-vai-ter-de-fazer-pix-como-seu-mito\/#primaryimage\"},\"thumbnailUrl\":\"https:\/\/www.notibras.com\/site\/wp-content\/uploads\/2023\/11\/expllosao.jk_.webp\",\"datePublished\":\"2023-11-24T03:58:28+00:00\",\"dateModified\":\"2023-11-24T11:01:09+00:00\",\"breadcrumb\":{\"@id\":\"https:\/\/www.notibras.com\/site\/trio-que-tentou-explodir-jk-vai-ter-de-fazer-pix-como-seu-mito\/#breadcrumb\"},\"inLanguage\":\"pt-BR\",\"potentialAction\":[{\"@type\":\"ReadAction\",\"target\":[\"https:\/\/www.notibras.com\/site\/trio-que-tentou-explodir-jk-vai-ter-de-fazer-pix-como-seu-mito\/\"]}]},{\"@type\":\"ImageObject\",\"inLanguage\":\"pt-BR\",\"@id\":\"https:\/\/www.notibras.com\/site\/trio-que-tentou-explodir-jk-vai-ter-de-fazer-pix-como-seu-mito\/#primaryimage\",\"url\":\"https:\/\/www.notibras.com\/site\/wp-content\/uploads\/2023\/11\/expllosao.jk_.webp\",\"contentUrl\":\"https:\/\/www.notibras.com\/site\/wp-content\/uploads\/2023\/11\/expllosao.jk_.webp\",\"width\":1170,\"height\":700},{\"@type\":\"BreadcrumbList\",\"@id\":\"https:\/\/www.notibras.com\/site\/trio-que-tentou-explodir-jk-vai-ter-de-fazer-pix-como-seu-mito\/#breadcrumb\",\"itemListElement\":[{\"@type\":\"ListItem\",\"position\":1,\"name\":\"In\u00edcio\",\"item\":\"https:\/\/www.notibras.com\/site\/\"},{\"@type\":\"ListItem\",\"position\":2,\"name\":\"Trio que tentou explodir JK vai ter de fazer Pix como seu mito\"}]},{\"@type\":\"WebSite\",\"@id\":\"https:\/\/www.notibras.com\/site\/#website\",\"url\":\"https:\/\/www.notibras.com\/site\/\",\"name\":\"Notibras\",\"description\":\"Not\u00edcias de Bras\u00edlia, do Brasil e do Mundo\",\"publisher\":{\"@id\":\"https:\/\/www.notibras.com\/site\/#organization\"},\"potentialAction\":[{\"@type\":\"SearchAction\",\"target\":{\"@type\":\"EntryPoint\",\"urlTemplate\":\"https:\/\/www.notibras.com\/site\/?s={search_term_string}\"},\"query-input\":{\"@type\":\"PropertyValueSpecification\",\"valueRequired\":true,\"valueName\":\"search_term_string\"}}],\"inLanguage\":\"pt-BR\"},{\"@type\":\"Organization\",\"@id\":\"https:\/\/www.notibras.com\/site\/#organization\",\"name\":\"Grupo Notibras de Comunica\u00e7\u00e3o\",\"url\":\"https:\/\/www.notibras.com\/site\/\",\"logo\":{\"@type\":\"ImageObject\",\"inLanguage\":\"pt-BR\",\"@id\":\"https:\/\/www.notibras.com\/site\/#\/schema\/logo\/image\/\",\"url\":\"https:\/\/www.notibras.com\/site\/wp-content\/uploads\/2023\/01\/notibras23.png\",\"contentUrl\":\"https:\/\/www.notibras.com\/site\/wp-content\/uploads\/2023\/01\/notibras23.png\",\"width\":350,\"height\":87,\"caption\":\"Grupo Notibras de Comunica\u00e7\u00e3o\"},\"image\":{\"@id\":\"https:\/\/www.notibras.com\/site\/#\/schema\/logo\/image\/\"},\"sameAs\":[\"https:\/\/www.facebook.com\/notibras\/\",\"https:\/\/x.com\/Notibras\",\"https:\/\/www.instagram.com\/notibras\/\"]},{\"@type\":\"Person\",\"@id\":\"https:\/\/www.notibras.com\/site\/#\/schema\/person\/36ab0979449956132d3e5b517ea76ac8\",\"name\":\"Reda\u00e7\u00e3o\",\"image\":{\"@type\":\"ImageObject\",\"inLanguage\":\"pt-BR\",\"@id\":\"https:\/\/secure.gravatar.com\/avatar\/e0a867bdedb85fd243eadf09663511f96fc81e0720a4a42581f334ad4303aa6b?s=96&d=mm&r=g\",\"url\":\"https:\/\/secure.gravatar.com\/avatar\/e0a867bdedb85fd243eadf09663511f96fc81e0720a4a42581f334ad4303aa6b?s=96&d=mm&r=g\",\"contentUrl\":\"https:\/\/secure.gravatar.com\/avatar\/e0a867bdedb85fd243eadf09663511f96fc81e0720a4a42581f334ad4303aa6b?s=96&d=mm&r=g\",\"caption\":\"Reda\u00e7\u00e3o\"}}]}<\/script>\n<!-- \/ Yoast SEO plugin. -->","yoast_head_json":{"title":"Trio que tentou explodir JK vai ter de fazer Pix como seu mito - Notibras","robots":{"index":"index","follow":"follow","max-snippet":"max-snippet:-1","max-image-preview":"max-image-preview:large","max-video-preview":"max-video-preview:-1"},"canonical":"https:\/\/www.notibras.com\/site\/trio-que-tentou-explodir-jk-vai-ter-de-fazer-pix-como-seu-mito\/","og_locale":"pt_BR","og_type":"article","og_title":"Trio que tentou explodir JK vai ter de fazer Pix como seu mito - Notibras","og_description":"A Advocacia-Geral da Uni\u00e3o (AGU) entrou nesta quinta-feira (23) com uma a\u00e7\u00e3o na Justi\u00e7a para cobrar R$ 15 milh\u00f5es dos acusados da tentativa de explos\u00e3o de um caminh\u00e3o-tanque nos arredores do aeroporto de Bras\u00edlia no dia 24 de dezembro de 2022. A a\u00e7\u00e3o civil p\u00fablica foi protocolada na Justi\u00e7a Federal do Distrito Federal e cobra [&hellip;]","og_url":"https:\/\/www.notibras.com\/site\/trio-que-tentou-explodir-jk-vai-ter-de-fazer-pix-como-seu-mito\/","og_site_name":"Notibras","article_publisher":"https:\/\/www.facebook.com\/notibras\/","article_published_time":"2023-11-24T03:58:28+00:00","article_modified_time":"2023-11-24T11:01:09+00:00","og_image":[{"width":1170,"height":700,"url":"https:\/\/www.notibras.com\/site\/wp-content\/uploads\/2023\/11\/expllosao.jk_.webp","type":"image\/webp"}],"author":"Reda\u00e7\u00e3o","twitter_card":"summary_large_image","twitter_creator":"@Notibras","twitter_site":"@Notibras","twitter_misc":{"Escrito por":"Reda\u00e7\u00e3o","Est. tempo de leitura":"2 minutos"},"schema":{"@context":"https:\/\/schema.org","@graph":[{"@type":"Article","@id":"https:\/\/www.notibras.com\/site\/trio-que-tentou-explodir-jk-vai-ter-de-fazer-pix-como-seu-mito\/#article","isPartOf":{"@id":"https:\/\/www.notibras.com\/site\/trio-que-tentou-explodir-jk-vai-ter-de-fazer-pix-como-seu-mito\/"},"author":{"name":"Reda\u00e7\u00e3o","@id":"https:\/\/www.notibras.com\/site\/#\/schema\/person\/36ab0979449956132d3e5b517ea76ac8"},"headline":"Trio que tentou explodir JK vai ter de fazer Pix como seu mito","datePublished":"2023-11-24T03:58:28+00:00","dateModified":"2023-11-24T11:01:09+00:00","mainEntityOfPage":{"@id":"https:\/\/www.notibras.com\/site\/trio-que-tentou-explodir-jk-vai-ter-de-fazer-pix-como-seu-mito\/"},"wordCount":240,"publisher":{"@id":"https:\/\/www.notibras.com\/site\/#organization"},"image":{"@id":"https:\/\/www.notibras.com\/site\/trio-que-tentou-explodir-jk-vai-ter-de-fazer-pix-como-seu-mito\/#primaryimage"},"thumbnailUrl":"https:\/\/www.notibras.com\/site\/wp-content\/uploads\/2023\/11\/expllosao.jk_.webp","keywords":["capa"],"articleSection":["Quadradinho em Foco"],"inLanguage":"pt-BR"},{"@type":"WebPage","@id":"https:\/\/www.notibras.com\/site\/trio-que-tentou-explodir-jk-vai-ter-de-fazer-pix-como-seu-mito\/","url":"https:\/\/www.notibras.com\/site\/trio-que-tentou-explodir-jk-vai-ter-de-fazer-pix-como-seu-mito\/","name":"Trio que tentou explodir JK vai ter de fazer Pix como seu mito - Notibras","isPartOf":{"@id":"https:\/\/www.notibras.com\/site\/#website"},"primaryImageOfPage":{"@id":"https:\/\/www.notibras.com\/site\/trio-que-tentou-explodir-jk-vai-ter-de-fazer-pix-como-seu-mito\/#primaryimage"},"image":{"@id":"https:\/\/www.notibras.com\/site\/trio-que-tentou-explodir-jk-vai-ter-de-fazer-pix-como-seu-mito\/#primaryimage"},"thumbnailUrl":"https:\/\/www.notibras.com\/site\/wp-content\/uploads\/2023\/11\/expllosao.jk_.webp","datePublished":"2023-11-24T03:58:28+00:00","dateModified":"2023-11-24T11:01:09+00:00","breadcrumb":{"@id":"https:\/\/www.notibras.com\/site\/trio-que-tentou-explodir-jk-vai-ter-de-fazer-pix-como-seu-mito\/#breadcrumb"},"inLanguage":"pt-BR","potentialAction":[{"@type":"ReadAction","target":["https:\/\/www.notibras.com\/site\/trio-que-tentou-explodir-jk-vai-ter-de-fazer-pix-como-seu-mito\/"]}]},{"@type":"ImageObject","inLanguage":"pt-BR","@id":"https:\/\/www.notibras.com\/site\/trio-que-tentou-explodir-jk-vai-ter-de-fazer-pix-como-seu-mito\/#primaryimage","url":"https:\/\/www.notibras.com\/site\/wp-content\/uploads\/2023\/11\/expllosao.jk_.webp","contentUrl":"https:\/\/www.notibras.com\/site\/wp-content\/uploads\/2023\/11\/expllosao.jk_.webp","width":1170,"height":700},{"@type":"BreadcrumbList","@id":"https:\/\/www.notibras.com\/site\/trio-que-tentou-explodir-jk-vai-ter-de-fazer-pix-como-seu-mito\/#breadcrumb","itemListElement":[{"@type":"ListItem","position":1,"name":"In\u00edcio","item":"https:\/\/www.notibras.com\/site\/"},{"@type":"ListItem","position":2,"name":"Trio que tentou explodir JK vai ter de fazer Pix como seu mito"}]},{"@type":"WebSite","@id":"https:\/\/www.notibras.com\/site\/#website","url":"https:\/\/www.notibras.com\/site\/","name":"Notibras","description":"Not\u00edcias de Bras\u00edlia, do Brasil e do Mundo","publisher":{"@id":"https:\/\/www.notibras.com\/site\/#organization"},"potentialAction":[{"@type":"SearchAction","target":{"@type":"EntryPoint","urlTemplate":"https:\/\/www.notibras.com\/site\/?s={search_term_string}"},"query-input":{"@type":"PropertyValueSpecification","valueRequired":true,"valueName":"search_term_string"}}],"inLanguage":"pt-BR"},{"@type":"Organization","@id":"https:\/\/www.notibras.com\/site\/#organization","name":"Grupo Notibras de Comunica\u00e7\u00e3o","url":"https:\/\/www.notibras.com\/site\/","logo":{"@type":"ImageObject","inLanguage":"pt-BR","@id":"https:\/\/www.notibras.com\/site\/#\/schema\/logo\/image\/","url":"https:\/\/www.notibras.com\/site\/wp-content\/uploads\/2023\/01\/notibras23.png","contentUrl":"https:\/\/www.notibras.com\/site\/wp-content\/uploads\/2023\/01\/notibras23.png","width":350,"height":87,"caption":"Grupo Notibras de Comunica\u00e7\u00e3o"},"image":{"@id":"https:\/\/www.notibras.com\/site\/#\/schema\/logo\/image\/"},"sameAs":["https:\/\/www.facebook.com\/notibras\/","https:\/\/x.com\/Notibras","https:\/\/www.instagram.com\/notibras\/"]},{"@type":"Person","@id":"https:\/\/www.notibras.com\/site\/#\/schema\/person\/36ab0979449956132d3e5b517ea76ac8","name":"Reda\u00e7\u00e3o","image":{"@type":"ImageObject","inLanguage":"pt-BR","@id":"https:\/\/secure.gravatar.com\/avatar\/e0a867bdedb85fd243eadf09663511f96fc81e0720a4a42581f334ad4303aa6b?s=96&d=mm&r=g","url":"https:\/\/secure.gravatar.com\/avatar\/e0a867bdedb85fd243eadf09663511f96fc81e0720a4a42581f334ad4303aa6b?s=96&d=mm&r=g","contentUrl":"https:\/\/secure.gravatar.com\/avatar\/e0a867bdedb85fd243eadf09663511f96fc81e0720a4a42581f334ad4303aa6b?s=96&d=mm&r=g","caption":"Reda\u00e7\u00e3o"}}]}},"amp_enabled":true,"_links":{"self":[{"href":"https:\/\/www.notibras.com\/site\/wp-json\/wp\/v2\/posts\/317661","targetHints":{"allow":["GET"]}}],"collection":[{"href":"https:\/\/www.notibras.com\/site\/wp-json\/wp\/v2\/posts"}],"about":[{"href":"https:\/\/www.notibras.com\/site\/wp-json\/wp\/v2\/types\/post"}],"author":[{"embeddable":true,"href":"https:\/\/www.notibras.com\/site\/wp-json\/wp\/v2\/users\/2"}],"replies":[{"embeddable":true,"href":"https:\/\/www.notibras.com\/site\/wp-json\/wp\/v2\/comments?post=317661"}],"version-history":[{"count":1,"href":"https:\/\/www.notibras.com\/site\/wp-json\/wp\/v2\/posts\/317661\/revisions"}],"predecessor-version":[{"id":317663,"href":"https:\/\/www.notibras.com\/site\/wp-json\/wp\/v2\/posts\/317661\/revisions\/317663"}],"wp:featuredmedia":[{"embeddable":true,"href":"https:\/\/www.notibras.com\/site\/wp-json\/wp\/v2\/media\/317662"}],"wp:attachment":[{"href":"https:\/\/www.notibras.com\/site\/wp-json\/wp\/v2\/media?parent=317661"}],"wp:term":[{"taxonomy":"category","embeddable":true,"href":"https:\/\/www.notibras.com\/site\/wp-json\/wp\/v2\/categories?post=317661"},{"taxonomy":"post_tag","embeddable":true,"href":"https:\/\/www.notibras.com\/site\/wp-json\/wp\/v2\/tags?post=317661"}],"curies":[{"name":"wp","href":"https:\/\/api.w.org\/{rel}","templated":true}]}}