{"id":317664,"date":"2023-11-24T00:04:49","date_gmt":"2023-11-24T03:04:49","guid":{"rendered":"https:\/\/www.notibras.com\/site\/?p=317664"},"modified":"2023-11-24T08:07:48","modified_gmt":"2023-11-24T11:07:48","slug":"procon-lista-78-sites-para-evitar-comprar-na-black-friday","status":"publish","type":"post","link":"https:\/\/www.notibras.com\/site\/procon-lista-78-sites-para-evitar-comprar-na-black-friday\/","title":{"rendered":"Procon lista 78 sites para evitar comprar na Black Friday"},"content":{"rendered":"<p>A Funda\u00e7\u00e3o de Prote\u00e7\u00e3o e Defesa do Consumidor (Procon) listou\u00a0<a href=\"https:\/\/sistemas.procon.sp.gov.br\/evitesite\/list\/evitesites.php\" target=\"_blank\" rel=\"noopener\">78\u00a0<em>sites<\/em>\u00a0que devem ser evitados<\/a> para compras online, 13 deles ainda est\u00e3o no ar. Os nomes fazem parte da se\u00e7\u00e3o Evite esses Sites, feita ap\u00f3s procedimentos internos que envolvem a pesquisa e a tentativa de contato com as empresas reclamadas. O alerta chama aten\u00e7\u00e3o especialmente no per\u00edodo de promo\u00e7\u00f5es da Black Friday.<\/p>\n<p>A lista \u00e9 composta por empresas que j\u00e1 tenham reclama\u00e7\u00f5es contra elas e se enquadrem nas condi\u00e7\u00f5es de n\u00e3o responderem \u00e0s notifica\u00e7\u00f5es ou n\u00e3o resolverem os problemas dos consumidores. Quando essas situa\u00e7\u00f5es s\u00e3o verificadas, o Procon busca o CNPJ da empresa e faz v\u00e1rias tentativas de contato, por e-mail, telefone e outro canal que seja poss\u00edvel identificar. S\u00f3 ent\u00e3o o site passa a compor a se\u00e7\u00e3o.<\/p>\n<p><strong>Orienta\u00e7\u00f5es<\/strong><br \/>\nO Procon orienta que, antes de comprar, o consumidor verifique se o perfil ou o site possui reclama\u00e7\u00f5es. Um dos sinais de alerta \u00e9 observar se a plataforma tem coment\u00e1rios de outros consumidores. Caso n\u00e3o tenha, \u00e9 importante desconfiar. Pre\u00e7os baixos demais tamb\u00e9m podem ser uma armadilha. Outra dica \u00e9 dar prefer\u00eancia a fornecedores que informem canais de atendimento, CNPJ e endere\u00e7o f\u00edsico.<\/p>\n<p>Tamb\u00e9m \u00e9 importante ficar atento \u00e0 forma como se chega ao fornecedor. Nesse sentido, o consumidor n\u00e3o deve clicar em links enviados por e-mail, WhatsApp ou mensagens, sem antes checar no canal oficial do fornecedor se aquela forma de contato est\u00e1 correta.<\/p>\n<p>Para fazer o pagamento com seguran\u00e7a, \u00e9 fundamental conferir sempre os dados da empresa em boletos e a titularidade de contas para dep\u00f3sito, entre outras informa\u00e7\u00f5es.<\/p>\n","protected":false},"excerpt":{"rendered":"<p>A Funda\u00e7\u00e3o de Prote\u00e7\u00e3o e Defesa do Consumidor (Procon) listou\u00a078\u00a0sites\u00a0que devem ser evitados para compras online, 13 deles ainda est\u00e3o no ar. Os nomes fazem parte da se\u00e7\u00e3o Evite esses Sites, feita ap\u00f3s procedimentos internos que envolvem a pesquisa e a tentativa de contato com as empresas reclamadas. O alerta chama aten\u00e7\u00e3o especialmente no per\u00edodo [&hellip;]<\/p>\n","protected":false},"author":2,"featured_media":317665,"comment_status":"closed","ping_status":"closed","sticky":false,"template":"","format":"standard","meta":{"_acf_changed":false,"footnotes":""},"categories":[161],"tags":[95],"class_list":["post-317664","post","type-post","status-publish","format-standard","has-post-thumbnail","hentry","category-quadradinho-em-foco","tag-capa"],"acf":[],"yoast_head":"<!-- This site is optimized with the Yoast SEO plugin v27.2 - https:\/\/yoast.com\/product\/yoast-seo-wordpress\/ -->\n<title>Procon lista 78 sites para evitar comprar na Black Friday - Notibras<\/title>\n<meta name=\"robots\" content=\"index, follow, max-snippet:-1, max-image-preview:large, max-video-preview:-1\" \/>\n<link rel=\"canonical\" href=\"https:\/\/www.notibras.com\/site\/procon-lista-78-sites-para-evitar-comprar-na-black-friday\/\" \/>\n<meta property=\"og:locale\" content=\"pt_BR\" \/>\n<meta property=\"og:type\" content=\"article\" \/>\n<meta property=\"og:title\" content=\"Procon lista 78 sites para evitar comprar na Black Friday - Notibras\" \/>\n<meta property=\"og:description\" content=\"A Funda\u00e7\u00e3o de Prote\u00e7\u00e3o e Defesa do Consumidor (Procon) listou\u00a078\u00a0sites\u00a0que devem ser evitados para compras online, 13 deles ainda est\u00e3o no ar. Os nomes fazem parte da se\u00e7\u00e3o Evite esses Sites, feita ap\u00f3s procedimentos internos que envolvem a pesquisa e a tentativa de contato com as empresas reclamadas. O alerta chama aten\u00e7\u00e3o especialmente no per\u00edodo [&hellip;]\" \/>\n<meta property=\"og:url\" content=\"https:\/\/www.notibras.com\/site\/procon-lista-78-sites-para-evitar-comprar-na-black-friday\/\" \/>\n<meta property=\"og:site_name\" content=\"Notibras\" \/>\n<meta property=\"article:publisher\" content=\"https:\/\/www.facebook.com\/notibras\/\" \/>\n<meta property=\"article:published_time\" content=\"2023-11-24T03:04:49+00:00\" \/>\n<meta property=\"article:modified_time\" content=\"2023-11-24T11:07:48+00:00\" \/>\n<meta property=\"og:image\" content=\"https:\/\/www.notibras.com\/site\/wp-content\/uploads\/2023\/11\/proconfriday.webp\" \/>\n\t<meta property=\"og:image:width\" content=\"1170\" \/>\n\t<meta property=\"og:image:height\" content=\"700\" \/>\n\t<meta property=\"og:image:type\" content=\"image\/webp\" \/>\n<meta name=\"author\" content=\"Reda\u00e7\u00e3o\" \/>\n<meta name=\"twitter:card\" content=\"summary_large_image\" \/>\n<meta name=\"twitter:creator\" content=\"@Notibras\" \/>\n<meta name=\"twitter:site\" content=\"@Notibras\" \/>\n<meta name=\"twitter:label1\" content=\"Escrito por\" \/>\n\t<meta name=\"twitter:data1\" content=\"Reda\u00e7\u00e3o\" \/>\n\t<meta name=\"twitter:label2\" content=\"Est. tempo de leitura\" \/>\n\t<meta name=\"twitter:data2\" content=\"2 minutos\" \/>\n<script type=\"application\/ld+json\" class=\"yoast-schema-graph\">{\"@context\":\"https:\/\/schema.org\",\"@graph\":[{\"@type\":\"Article\",\"@id\":\"https:\/\/www.notibras.com\/site\/procon-lista-78-sites-para-evitar-comprar-na-black-friday\/#article\",\"isPartOf\":{\"@id\":\"https:\/\/www.notibras.com\/site\/procon-lista-78-sites-para-evitar-comprar-na-black-friday\/\"},\"author\":{\"name\":\"Reda\u00e7\u00e3o\",\"@id\":\"https:\/\/www.notibras.com\/site\/#\/schema\/person\/36ab0979449956132d3e5b517ea76ac8\"},\"headline\":\"Procon lista 78 sites para evitar comprar na Black Friday\",\"datePublished\":\"2023-11-24T03:04:49+00:00\",\"dateModified\":\"2023-11-24T11:07:48+00:00\",\"mainEntityOfPage\":{\"@id\":\"https:\/\/www.notibras.com\/site\/procon-lista-78-sites-para-evitar-comprar-na-black-friday\/\"},\"wordCount\":294,\"publisher\":{\"@id\":\"https:\/\/www.notibras.com\/site\/#organization\"},\"image\":{\"@id\":\"https:\/\/www.notibras.com\/site\/procon-lista-78-sites-para-evitar-comprar-na-black-friday\/#primaryimage\"},\"thumbnailUrl\":\"https:\/\/www.notibras.com\/site\/wp-content\/uploads\/2023\/11\/proconfriday.webp\",\"keywords\":[\"capa\"],\"articleSection\":[\"Quadradinho em Foco\"],\"inLanguage\":\"pt-BR\"},{\"@type\":\"WebPage\",\"@id\":\"https:\/\/www.notibras.com\/site\/procon-lista-78-sites-para-evitar-comprar-na-black-friday\/\",\"url\":\"https:\/\/www.notibras.com\/site\/procon-lista-78-sites-para-evitar-comprar-na-black-friday\/\",\"name\":\"Procon lista 78 sites para evitar comprar na Black Friday - Notibras\",\"isPartOf\":{\"@id\":\"https:\/\/www.notibras.com\/site\/#website\"},\"primaryImageOfPage\":{\"@id\":\"https:\/\/www.notibras.com\/site\/procon-lista-78-sites-para-evitar-comprar-na-black-friday\/#primaryimage\"},\"image\":{\"@id\":\"https:\/\/www.notibras.com\/site\/procon-lista-78-sites-para-evitar-comprar-na-black-friday\/#primaryimage\"},\"thumbnailUrl\":\"https:\/\/www.notibras.com\/site\/wp-content\/uploads\/2023\/11\/proconfriday.webp\",\"datePublished\":\"2023-11-24T03:04:49+00:00\",\"dateModified\":\"2023-11-24T11:07:48+00:00\",\"breadcrumb\":{\"@id\":\"https:\/\/www.notibras.com\/site\/procon-lista-78-sites-para-evitar-comprar-na-black-friday\/#breadcrumb\"},\"inLanguage\":\"pt-BR\",\"potentialAction\":[{\"@type\":\"ReadAction\",\"target\":[\"https:\/\/www.notibras.com\/site\/procon-lista-78-sites-para-evitar-comprar-na-black-friday\/\"]}]},{\"@type\":\"ImageObject\",\"inLanguage\":\"pt-BR\",\"@id\":\"https:\/\/www.notibras.com\/site\/procon-lista-78-sites-para-evitar-comprar-na-black-friday\/#primaryimage\",\"url\":\"https:\/\/www.notibras.com\/site\/wp-content\/uploads\/2023\/11\/proconfriday.webp\",\"contentUrl\":\"https:\/\/www.notibras.com\/site\/wp-content\/uploads\/2023\/11\/proconfriday.webp\",\"width\":1170,\"height\":700},{\"@type\":\"BreadcrumbList\",\"@id\":\"https:\/\/www.notibras.com\/site\/procon-lista-78-sites-para-evitar-comprar-na-black-friday\/#breadcrumb\",\"itemListElement\":[{\"@type\":\"ListItem\",\"position\":1,\"name\":\"In\u00edcio\",\"item\":\"https:\/\/www.notibras.com\/site\/\"},{\"@type\":\"ListItem\",\"position\":2,\"name\":\"Procon lista 78 sites para evitar comprar na Black Friday\"}]},{\"@type\":\"WebSite\",\"@id\":\"https:\/\/www.notibras.com\/site\/#website\",\"url\":\"https:\/\/www.notibras.com\/site\/\",\"name\":\"Notibras\",\"description\":\"Not\u00edcias de Bras\u00edlia, do Brasil e do Mundo\",\"publisher\":{\"@id\":\"https:\/\/www.notibras.com\/site\/#organization\"},\"potentialAction\":[{\"@type\":\"SearchAction\",\"target\":{\"@type\":\"EntryPoint\",\"urlTemplate\":\"https:\/\/www.notibras.com\/site\/?s={search_term_string}\"},\"query-input\":{\"@type\":\"PropertyValueSpecification\",\"valueRequired\":true,\"valueName\":\"search_term_string\"}}],\"inLanguage\":\"pt-BR\"},{\"@type\":\"Organization\",\"@id\":\"https:\/\/www.notibras.com\/site\/#organization\",\"name\":\"Grupo Notibras de Comunica\u00e7\u00e3o\",\"url\":\"https:\/\/www.notibras.com\/site\/\",\"logo\":{\"@type\":\"ImageObject\",\"inLanguage\":\"pt-BR\",\"@id\":\"https:\/\/www.notibras.com\/site\/#\/schema\/logo\/image\/\",\"url\":\"https:\/\/www.notibras.com\/site\/wp-content\/uploads\/2023\/01\/notibras23.png\",\"contentUrl\":\"https:\/\/www.notibras.com\/site\/wp-content\/uploads\/2023\/01\/notibras23.png\",\"width\":350,\"height\":87,\"caption\":\"Grupo Notibras de Comunica\u00e7\u00e3o\"},\"image\":{\"@id\":\"https:\/\/www.notibras.com\/site\/#\/schema\/logo\/image\/\"},\"sameAs\":[\"https:\/\/www.facebook.com\/notibras\/\",\"https:\/\/x.com\/Notibras\",\"https:\/\/www.instagram.com\/notibras\/\"]},{\"@type\":\"Person\",\"@id\":\"https:\/\/www.notibras.com\/site\/#\/schema\/person\/36ab0979449956132d3e5b517ea76ac8\",\"name\":\"Reda\u00e7\u00e3o\",\"image\":{\"@type\":\"ImageObject\",\"inLanguage\":\"pt-BR\",\"@id\":\"https:\/\/secure.gravatar.com\/avatar\/e0a867bdedb85fd243eadf09663511f96fc81e0720a4a42581f334ad4303aa6b?s=96&d=mm&r=g\",\"url\":\"https:\/\/secure.gravatar.com\/avatar\/e0a867bdedb85fd243eadf09663511f96fc81e0720a4a42581f334ad4303aa6b?s=96&d=mm&r=g\",\"contentUrl\":\"https:\/\/secure.gravatar.com\/avatar\/e0a867bdedb85fd243eadf09663511f96fc81e0720a4a42581f334ad4303aa6b?s=96&d=mm&r=g\",\"caption\":\"Reda\u00e7\u00e3o\"}}]}<\/script>\n<!-- \/ Yoast SEO plugin. -->","yoast_head_json":{"title":"Procon lista 78 sites para evitar comprar na Black Friday - Notibras","robots":{"index":"index","follow":"follow","max-snippet":"max-snippet:-1","max-image-preview":"max-image-preview:large","max-video-preview":"max-video-preview:-1"},"canonical":"https:\/\/www.notibras.com\/site\/procon-lista-78-sites-para-evitar-comprar-na-black-friday\/","og_locale":"pt_BR","og_type":"article","og_title":"Procon lista 78 sites para evitar comprar na Black Friday - Notibras","og_description":"A Funda\u00e7\u00e3o de Prote\u00e7\u00e3o e Defesa do Consumidor (Procon) listou\u00a078\u00a0sites\u00a0que devem ser evitados para compras online, 13 deles ainda est\u00e3o no ar. Os nomes fazem parte da se\u00e7\u00e3o Evite esses Sites, feita ap\u00f3s procedimentos internos que envolvem a pesquisa e a tentativa de contato com as empresas reclamadas. O alerta chama aten\u00e7\u00e3o especialmente no per\u00edodo [&hellip;]","og_url":"https:\/\/www.notibras.com\/site\/procon-lista-78-sites-para-evitar-comprar-na-black-friday\/","og_site_name":"Notibras","article_publisher":"https:\/\/www.facebook.com\/notibras\/","article_published_time":"2023-11-24T03:04:49+00:00","article_modified_time":"2023-11-24T11:07:48+00:00","og_image":[{"width":1170,"height":700,"url":"https:\/\/www.notibras.com\/site\/wp-content\/uploads\/2023\/11\/proconfriday.webp","type":"image\/webp"}],"author":"Reda\u00e7\u00e3o","twitter_card":"summary_large_image","twitter_creator":"@Notibras","twitter_site":"@Notibras","twitter_misc":{"Escrito por":"Reda\u00e7\u00e3o","Est. tempo de leitura":"2 minutos"},"schema":{"@context":"https:\/\/schema.org","@graph":[{"@type":"Article","@id":"https:\/\/www.notibras.com\/site\/procon-lista-78-sites-para-evitar-comprar-na-black-friday\/#article","isPartOf":{"@id":"https:\/\/www.notibras.com\/site\/procon-lista-78-sites-para-evitar-comprar-na-black-friday\/"},"author":{"name":"Reda\u00e7\u00e3o","@id":"https:\/\/www.notibras.com\/site\/#\/schema\/person\/36ab0979449956132d3e5b517ea76ac8"},"headline":"Procon lista 78 sites para evitar comprar na Black Friday","datePublished":"2023-11-24T03:04:49+00:00","dateModified":"2023-11-24T11:07:48+00:00","mainEntityOfPage":{"@id":"https:\/\/www.notibras.com\/site\/procon-lista-78-sites-para-evitar-comprar-na-black-friday\/"},"wordCount":294,"publisher":{"@id":"https:\/\/www.notibras.com\/site\/#organization"},"image":{"@id":"https:\/\/www.notibras.com\/site\/procon-lista-78-sites-para-evitar-comprar-na-black-friday\/#primaryimage"},"thumbnailUrl":"https:\/\/www.notibras.com\/site\/wp-content\/uploads\/2023\/11\/proconfriday.webp","keywords":["capa"],"articleSection":["Quadradinho em Foco"],"inLanguage":"pt-BR"},{"@type":"WebPage","@id":"https:\/\/www.notibras.com\/site\/procon-lista-78-sites-para-evitar-comprar-na-black-friday\/","url":"https:\/\/www.notibras.com\/site\/procon-lista-78-sites-para-evitar-comprar-na-black-friday\/","name":"Procon lista 78 sites para evitar comprar na Black Friday - Notibras","isPartOf":{"@id":"https:\/\/www.notibras.com\/site\/#website"},"primaryImageOfPage":{"@id":"https:\/\/www.notibras.com\/site\/procon-lista-78-sites-para-evitar-comprar-na-black-friday\/#primaryimage"},"image":{"@id":"https:\/\/www.notibras.com\/site\/procon-lista-78-sites-para-evitar-comprar-na-black-friday\/#primaryimage"},"thumbnailUrl":"https:\/\/www.notibras.com\/site\/wp-content\/uploads\/2023\/11\/proconfriday.webp","datePublished":"2023-11-24T03:04:49+00:00","dateModified":"2023-11-24T11:07:48+00:00","breadcrumb":{"@id":"https:\/\/www.notibras.com\/site\/procon-lista-78-sites-para-evitar-comprar-na-black-friday\/#breadcrumb"},"inLanguage":"pt-BR","potentialAction":[{"@type":"ReadAction","target":["https:\/\/www.notibras.com\/site\/procon-lista-78-sites-para-evitar-comprar-na-black-friday\/"]}]},{"@type":"ImageObject","inLanguage":"pt-BR","@id":"https:\/\/www.notibras.com\/site\/procon-lista-78-sites-para-evitar-comprar-na-black-friday\/#primaryimage","url":"https:\/\/www.notibras.com\/site\/wp-content\/uploads\/2023\/11\/proconfriday.webp","contentUrl":"https:\/\/www.notibras.com\/site\/wp-content\/uploads\/2023\/11\/proconfriday.webp","width":1170,"height":700},{"@type":"BreadcrumbList","@id":"https:\/\/www.notibras.com\/site\/procon-lista-78-sites-para-evitar-comprar-na-black-friday\/#breadcrumb","itemListElement":[{"@type":"ListItem","position":1,"name":"In\u00edcio","item":"https:\/\/www.notibras.com\/site\/"},{"@type":"ListItem","position":2,"name":"Procon lista 78 sites para evitar comprar na Black Friday"}]},{"@type":"WebSite","@id":"https:\/\/www.notibras.com\/site\/#website","url":"https:\/\/www.notibras.com\/site\/","name":"Notibras","description":"Not\u00edcias de Bras\u00edlia, do Brasil e do Mundo","publisher":{"@id":"https:\/\/www.notibras.com\/site\/#organization"},"potentialAction":[{"@type":"SearchAction","target":{"@type":"EntryPoint","urlTemplate":"https:\/\/www.notibras.com\/site\/?s={search_term_string}"},"query-input":{"@type":"PropertyValueSpecification","valueRequired":true,"valueName":"search_term_string"}}],"inLanguage":"pt-BR"},{"@type":"Organization","@id":"https:\/\/www.notibras.com\/site\/#organization","name":"Grupo Notibras de Comunica\u00e7\u00e3o","url":"https:\/\/www.notibras.com\/site\/","logo":{"@type":"ImageObject","inLanguage":"pt-BR","@id":"https:\/\/www.notibras.com\/site\/#\/schema\/logo\/image\/","url":"https:\/\/www.notibras.com\/site\/wp-content\/uploads\/2023\/01\/notibras23.png","contentUrl":"https:\/\/www.notibras.com\/site\/wp-content\/uploads\/2023\/01\/notibras23.png","width":350,"height":87,"caption":"Grupo Notibras de Comunica\u00e7\u00e3o"},"image":{"@id":"https:\/\/www.notibras.com\/site\/#\/schema\/logo\/image\/"},"sameAs":["https:\/\/www.facebook.com\/notibras\/","https:\/\/x.com\/Notibras","https:\/\/www.instagram.com\/notibras\/"]},{"@type":"Person","@id":"https:\/\/www.notibras.com\/site\/#\/schema\/person\/36ab0979449956132d3e5b517ea76ac8","name":"Reda\u00e7\u00e3o","image":{"@type":"ImageObject","inLanguage":"pt-BR","@id":"https:\/\/secure.gravatar.com\/avatar\/e0a867bdedb85fd243eadf09663511f96fc81e0720a4a42581f334ad4303aa6b?s=96&d=mm&r=g","url":"https:\/\/secure.gravatar.com\/avatar\/e0a867bdedb85fd243eadf09663511f96fc81e0720a4a42581f334ad4303aa6b?s=96&d=mm&r=g","contentUrl":"https:\/\/secure.gravatar.com\/avatar\/e0a867bdedb85fd243eadf09663511f96fc81e0720a4a42581f334ad4303aa6b?s=96&d=mm&r=g","caption":"Reda\u00e7\u00e3o"}}]}},"amp_enabled":true,"_links":{"self":[{"href":"https:\/\/www.notibras.com\/site\/wp-json\/wp\/v2\/posts\/317664","targetHints":{"allow":["GET"]}}],"collection":[{"href":"https:\/\/www.notibras.com\/site\/wp-json\/wp\/v2\/posts"}],"about":[{"href":"https:\/\/www.notibras.com\/site\/wp-json\/wp\/v2\/types\/post"}],"author":[{"embeddable":true,"href":"https:\/\/www.notibras.com\/site\/wp-json\/wp\/v2\/users\/2"}],"replies":[{"embeddable":true,"href":"https:\/\/www.notibras.com\/site\/wp-json\/wp\/v2\/comments?post=317664"}],"version-history":[{"count":1,"href":"https:\/\/www.notibras.com\/site\/wp-json\/wp\/v2\/posts\/317664\/revisions"}],"predecessor-version":[{"id":317666,"href":"https:\/\/www.notibras.com\/site\/wp-json\/wp\/v2\/posts\/317664\/revisions\/317666"}],"wp:featuredmedia":[{"embeddable":true,"href":"https:\/\/www.notibras.com\/site\/wp-json\/wp\/v2\/media\/317665"}],"wp:attachment":[{"href":"https:\/\/www.notibras.com\/site\/wp-json\/wp\/v2\/media?parent=317664"}],"wp:term":[{"taxonomy":"category","embeddable":true,"href":"https:\/\/www.notibras.com\/site\/wp-json\/wp\/v2\/categories?post=317664"},{"taxonomy":"post_tag","embeddable":true,"href":"https:\/\/www.notibras.com\/site\/wp-json\/wp\/v2\/tags?post=317664"}],"curies":[{"name":"wp","href":"https:\/\/api.w.org\/{rel}","templated":true}]}}