{"id":317670,"date":"2023-11-24T08:25:09","date_gmt":"2023-11-24T11:25:09","guid":{"rendered":"https:\/\/www.notibras.com\/site\/?p=317670"},"modified":"2023-11-24T08:25:09","modified_gmt":"2023-11-24T11:25:09","slug":"funcionarios-sobem-na-vida-com-trabalho-e-formacao-interna","status":"publish","type":"post","link":"https:\/\/www.notibras.com\/site\/funcionarios-sobem-na-vida-com-trabalho-e-formacao-interna\/","title":{"rendered":"Funcion\u00e1rios sobem na vida com trabalho e forma\u00e7\u00e3o interna"},"content":{"rendered":"<p>De jardineiro a gerente de cozinha do restaurante italiano, Fernando Gon\u00e7alves Fernandes \u00e9 um dos exemplos da marca em que dedica\u00e7\u00e3o e muito treinamento resultaram em ascens\u00e3o na carreira<\/p>\n<p>A forma como o gerente de cozinha do Abbraccio do Iguatemi Bras\u00edlia tra\u00e7ou um futuro diferente de suas perspectivas de trabalho foi surpreendente. Fernando Gon\u00e7alves Fernandes (35) \u00e9 t\u00e9cnico em contabilidade e iniciou a faculdade de Administra\u00e7\u00e3o. Ele conta que desde seus 12 anos j\u00e1 sonhava em ser independente financeiramente e trilhar uma carreira de muito sucesso. Com essa idade, j\u00e1 come\u00e7ou a cuidar do jardim e dos c\u00e3es da casa onde a tia trabalhava e, desde ent\u00e3o, nunca mais parou.<\/p>\n<p>Sempre muito dedicado, fez cursos para se aprimorar, como o de paisagismo. Em 2011, uma reviravolta: encontrou no Outback, um dos restaurantes do grupo Bloomin\u2019 Brands que tamb\u00e9m \u00e9 detentor do Abbraccio, uma nova oportunidade. \u201cMe candidatei para uma vaga e consegui entrar na rede! Comecei na limpeza e, depois de um tempo, pedi para fazer o teste na cozinha. Desde ent\u00e3o, n\u00e3o sa\u00ed mais dela. Aproveitei para aprender todas as seis \u00e1reas dentro do restaurante. Cheguei a auxiliar de preparo, comecei a ajudar os gerentes e fui crescendo\u201d, conta.<\/p>\n<p>Fernando carrega consigo uma frase que ensina a todos os seus colaboradores para incentivar no crescimento: voc\u00ea tem que estar antes de ser. \u201cEstou sempre me desenvolvendo para estar preparado para as oportunidades. Foi quando surgiu o treinamento em S\u00e3o Paulo para o Abbraccio que iria inaugurar em Bras\u00edlia\u201d, explica.<\/p>\n<p>Ao ingressar no novo restaurante, Fernando tamb\u00e9m viu muitas oportunidades de crescimento. Iniciou no Abbraccio Iguatemi como auxiliar de gerente de cozinha e em pouco tempo foi para a unidade ParkShopping j\u00e1 como gerente de cozinha. Depois de aproximadamente seis anos, foi requisitado novamente para a loja anterior. \u201cVoltei h\u00e1 seis meses para a unidade do Lago Norte. Temos uma equipe muito bem estruturada e muitos planos de crescimento, pois acompanho o desenvolvimento da empresa e quero estar nele\u201d, explica. J\u00e1 s\u00e3o quase 12 anos no grupo. O gerente planeja, um dia, ser s\u00f3cio propriet\u00e1rio. \u201cMe sinto pronto e preparado para novas possibilidades\u201d, revela.<\/p>\n","protected":false},"excerpt":{"rendered":"<p>De jardineiro a gerente de cozinha do restaurante italiano, Fernando Gon\u00e7alves Fernandes \u00e9 um dos exemplos da marca em que dedica\u00e7\u00e3o e muito treinamento resultaram em ascens\u00e3o na carreira A forma como o gerente de cozinha do Abbraccio do Iguatemi Bras\u00edlia tra\u00e7ou um futuro diferente de suas perspectivas de trabalho foi surpreendente. Fernando Gon\u00e7alves Fernandes [&hellip;]<\/p>\n","protected":false},"author":2,"featured_media":317671,"comment_status":"closed","ping_status":"closed","sticky":false,"template":"","format":"standard","meta":{"_acf_changed":false,"footnotes":""},"categories":[161],"tags":[],"class_list":["post-317670","post","type-post","status-publish","format-standard","has-post-thumbnail","hentry","category-quadradinho-em-foco"],"acf":[],"yoast_head":"<!-- This site is optimized with the Yoast SEO plugin v27.2 - https:\/\/yoast.com\/product\/yoast-seo-wordpress\/ -->\n<title>Funcion\u00e1rios sobem na vida com trabalho e forma\u00e7\u00e3o interna - Notibras<\/title>\n<meta name=\"robots\" content=\"index, follow, max-snippet:-1, max-image-preview:large, max-video-preview:-1\" \/>\n<link rel=\"canonical\" href=\"https:\/\/www.notibras.com\/site\/funcionarios-sobem-na-vida-com-trabalho-e-formacao-interna\/\" \/>\n<meta property=\"og:locale\" content=\"pt_BR\" \/>\n<meta property=\"og:type\" content=\"article\" \/>\n<meta property=\"og:title\" content=\"Funcion\u00e1rios sobem na vida com trabalho e forma\u00e7\u00e3o interna - Notibras\" \/>\n<meta property=\"og:description\" content=\"De jardineiro a gerente de cozinha do restaurante italiano, Fernando Gon\u00e7alves Fernandes \u00e9 um dos exemplos da marca em que dedica\u00e7\u00e3o e muito treinamento resultaram em ascens\u00e3o na carreira A forma como o gerente de cozinha do Abbraccio do Iguatemi Bras\u00edlia tra\u00e7ou um futuro diferente de suas perspectivas de trabalho foi surpreendente. Fernando Gon\u00e7alves Fernandes [&hellip;]\" \/>\n<meta property=\"og:url\" content=\"https:\/\/www.notibras.com\/site\/funcionarios-sobem-na-vida-com-trabalho-e-formacao-interna\/\" \/>\n<meta property=\"og:site_name\" content=\"Notibras\" \/>\n<meta property=\"article:publisher\" content=\"https:\/\/www.facebook.com\/notibras\/\" \/>\n<meta property=\"article:published_time\" content=\"2023-11-24T11:25:09+00:00\" \/>\n<meta property=\"og:image\" content=\"https:\/\/www.notibras.com\/site\/wp-content\/uploads\/2023\/11\/Abbraccio-funcionario.jpg\" \/>\n\t<meta property=\"og:image:width\" content=\"1200\" \/>\n\t<meta property=\"og:image:height\" content=\"1600\" \/>\n\t<meta property=\"og:image:type\" content=\"image\/jpeg\" \/>\n<meta name=\"author\" content=\"Reda\u00e7\u00e3o\" \/>\n<meta name=\"twitter:card\" content=\"summary_large_image\" \/>\n<meta name=\"twitter:creator\" content=\"@Notibras\" \/>\n<meta name=\"twitter:site\" content=\"@Notibras\" \/>\n<meta name=\"twitter:label1\" content=\"Escrito por\" \/>\n\t<meta name=\"twitter:data1\" content=\"Reda\u00e7\u00e3o\" \/>\n\t<meta name=\"twitter:label2\" content=\"Est. tempo de leitura\" \/>\n\t<meta name=\"twitter:data2\" content=\"2 minutos\" \/>\n<script type=\"application\/ld+json\" class=\"yoast-schema-graph\">{\"@context\":\"https:\/\/schema.org\",\"@graph\":[{\"@type\":\"Article\",\"@id\":\"https:\/\/www.notibras.com\/site\/funcionarios-sobem-na-vida-com-trabalho-e-formacao-interna\/#article\",\"isPartOf\":{\"@id\":\"https:\/\/www.notibras.com\/site\/funcionarios-sobem-na-vida-com-trabalho-e-formacao-interna\/\"},\"author\":{\"name\":\"Reda\u00e7\u00e3o\",\"@id\":\"https:\/\/www.notibras.com\/site\/#\/schema\/person\/36ab0979449956132d3e5b517ea76ac8\"},\"headline\":\"Funcion\u00e1rios sobem na vida com trabalho e forma\u00e7\u00e3o interna\",\"datePublished\":\"2023-11-24T11:25:09+00:00\",\"mainEntityOfPage\":{\"@id\":\"https:\/\/www.notibras.com\/site\/funcionarios-sobem-na-vida-com-trabalho-e-formacao-interna\/\"},\"wordCount\":378,\"publisher\":{\"@id\":\"https:\/\/www.notibras.com\/site\/#organization\"},\"image\":{\"@id\":\"https:\/\/www.notibras.com\/site\/funcionarios-sobem-na-vida-com-trabalho-e-formacao-interna\/#primaryimage\"},\"thumbnailUrl\":\"https:\/\/www.notibras.com\/site\/wp-content\/uploads\/2023\/11\/Abbraccio-funcionario.jpg\",\"articleSection\":[\"Quadradinho em Foco\"],\"inLanguage\":\"pt-BR\"},{\"@type\":\"WebPage\",\"@id\":\"https:\/\/www.notibras.com\/site\/funcionarios-sobem-na-vida-com-trabalho-e-formacao-interna\/\",\"url\":\"https:\/\/www.notibras.com\/site\/funcionarios-sobem-na-vida-com-trabalho-e-formacao-interna\/\",\"name\":\"Funcion\u00e1rios sobem na vida com trabalho e forma\u00e7\u00e3o interna - Notibras\",\"isPartOf\":{\"@id\":\"https:\/\/www.notibras.com\/site\/#website\"},\"primaryImageOfPage\":{\"@id\":\"https:\/\/www.notibras.com\/site\/funcionarios-sobem-na-vida-com-trabalho-e-formacao-interna\/#primaryimage\"},\"image\":{\"@id\":\"https:\/\/www.notibras.com\/site\/funcionarios-sobem-na-vida-com-trabalho-e-formacao-interna\/#primaryimage\"},\"thumbnailUrl\":\"https:\/\/www.notibras.com\/site\/wp-content\/uploads\/2023\/11\/Abbraccio-funcionario.jpg\",\"datePublished\":\"2023-11-24T11:25:09+00:00\",\"breadcrumb\":{\"@id\":\"https:\/\/www.notibras.com\/site\/funcionarios-sobem-na-vida-com-trabalho-e-formacao-interna\/#breadcrumb\"},\"inLanguage\":\"pt-BR\",\"potentialAction\":[{\"@type\":\"ReadAction\",\"target\":[\"https:\/\/www.notibras.com\/site\/funcionarios-sobem-na-vida-com-trabalho-e-formacao-interna\/\"]}]},{\"@type\":\"ImageObject\",\"inLanguage\":\"pt-BR\",\"@id\":\"https:\/\/www.notibras.com\/site\/funcionarios-sobem-na-vida-com-trabalho-e-formacao-interna\/#primaryimage\",\"url\":\"https:\/\/www.notibras.com\/site\/wp-content\/uploads\/2023\/11\/Abbraccio-funcionario.jpg\",\"contentUrl\":\"https:\/\/www.notibras.com\/site\/wp-content\/uploads\/2023\/11\/Abbraccio-funcionario.jpg\",\"width\":1200,\"height\":1600},{\"@type\":\"BreadcrumbList\",\"@id\":\"https:\/\/www.notibras.com\/site\/funcionarios-sobem-na-vida-com-trabalho-e-formacao-interna\/#breadcrumb\",\"itemListElement\":[{\"@type\":\"ListItem\",\"position\":1,\"name\":\"In\u00edcio\",\"item\":\"https:\/\/www.notibras.com\/site\/\"},{\"@type\":\"ListItem\",\"position\":2,\"name\":\"Funcion\u00e1rios sobem na vida com trabalho e forma\u00e7\u00e3o interna\"}]},{\"@type\":\"WebSite\",\"@id\":\"https:\/\/www.notibras.com\/site\/#website\",\"url\":\"https:\/\/www.notibras.com\/site\/\",\"name\":\"Notibras\",\"description\":\"Not\u00edcias de Bras\u00edlia, do Brasil e do Mundo\",\"publisher\":{\"@id\":\"https:\/\/www.notibras.com\/site\/#organization\"},\"potentialAction\":[{\"@type\":\"SearchAction\",\"target\":{\"@type\":\"EntryPoint\",\"urlTemplate\":\"https:\/\/www.notibras.com\/site\/?s={search_term_string}\"},\"query-input\":{\"@type\":\"PropertyValueSpecification\",\"valueRequired\":true,\"valueName\":\"search_term_string\"}}],\"inLanguage\":\"pt-BR\"},{\"@type\":\"Organization\",\"@id\":\"https:\/\/www.notibras.com\/site\/#organization\",\"name\":\"Grupo Notibras de Comunica\u00e7\u00e3o\",\"url\":\"https:\/\/www.notibras.com\/site\/\",\"logo\":{\"@type\":\"ImageObject\",\"inLanguage\":\"pt-BR\",\"@id\":\"https:\/\/www.notibras.com\/site\/#\/schema\/logo\/image\/\",\"url\":\"https:\/\/www.notibras.com\/site\/wp-content\/uploads\/2023\/01\/notibras23.png\",\"contentUrl\":\"https:\/\/www.notibras.com\/site\/wp-content\/uploads\/2023\/01\/notibras23.png\",\"width\":350,\"height\":87,\"caption\":\"Grupo Notibras de Comunica\u00e7\u00e3o\"},\"image\":{\"@id\":\"https:\/\/www.notibras.com\/site\/#\/schema\/logo\/image\/\"},\"sameAs\":[\"https:\/\/www.facebook.com\/notibras\/\",\"https:\/\/x.com\/Notibras\",\"https:\/\/www.instagram.com\/notibras\/\"]},{\"@type\":\"Person\",\"@id\":\"https:\/\/www.notibras.com\/site\/#\/schema\/person\/36ab0979449956132d3e5b517ea76ac8\",\"name\":\"Reda\u00e7\u00e3o\",\"image\":{\"@type\":\"ImageObject\",\"inLanguage\":\"pt-BR\",\"@id\":\"https:\/\/secure.gravatar.com\/avatar\/e0a867bdedb85fd243eadf09663511f96fc81e0720a4a42581f334ad4303aa6b?s=96&d=mm&r=g\",\"url\":\"https:\/\/secure.gravatar.com\/avatar\/e0a867bdedb85fd243eadf09663511f96fc81e0720a4a42581f334ad4303aa6b?s=96&d=mm&r=g\",\"contentUrl\":\"https:\/\/secure.gravatar.com\/avatar\/e0a867bdedb85fd243eadf09663511f96fc81e0720a4a42581f334ad4303aa6b?s=96&d=mm&r=g\",\"caption\":\"Reda\u00e7\u00e3o\"}}]}<\/script>\n<!-- \/ Yoast SEO plugin. -->","yoast_head_json":{"title":"Funcion\u00e1rios sobem na vida com trabalho e forma\u00e7\u00e3o interna - Notibras","robots":{"index":"index","follow":"follow","max-snippet":"max-snippet:-1","max-image-preview":"max-image-preview:large","max-video-preview":"max-video-preview:-1"},"canonical":"https:\/\/www.notibras.com\/site\/funcionarios-sobem-na-vida-com-trabalho-e-formacao-interna\/","og_locale":"pt_BR","og_type":"article","og_title":"Funcion\u00e1rios sobem na vida com trabalho e forma\u00e7\u00e3o interna - Notibras","og_description":"De jardineiro a gerente de cozinha do restaurante italiano, Fernando Gon\u00e7alves Fernandes \u00e9 um dos exemplos da marca em que dedica\u00e7\u00e3o e muito treinamento resultaram em ascens\u00e3o na carreira A forma como o gerente de cozinha do Abbraccio do Iguatemi Bras\u00edlia tra\u00e7ou um futuro diferente de suas perspectivas de trabalho foi surpreendente. Fernando Gon\u00e7alves Fernandes [&hellip;]","og_url":"https:\/\/www.notibras.com\/site\/funcionarios-sobem-na-vida-com-trabalho-e-formacao-interna\/","og_site_name":"Notibras","article_publisher":"https:\/\/www.facebook.com\/notibras\/","article_published_time":"2023-11-24T11:25:09+00:00","og_image":[{"width":1200,"height":1600,"url":"https:\/\/www.notibras.com\/site\/wp-content\/uploads\/2023\/11\/Abbraccio-funcionario.jpg","type":"image\/jpeg"}],"author":"Reda\u00e7\u00e3o","twitter_card":"summary_large_image","twitter_creator":"@Notibras","twitter_site":"@Notibras","twitter_misc":{"Escrito por":"Reda\u00e7\u00e3o","Est. tempo de leitura":"2 minutos"},"schema":{"@context":"https:\/\/schema.org","@graph":[{"@type":"Article","@id":"https:\/\/www.notibras.com\/site\/funcionarios-sobem-na-vida-com-trabalho-e-formacao-interna\/#article","isPartOf":{"@id":"https:\/\/www.notibras.com\/site\/funcionarios-sobem-na-vida-com-trabalho-e-formacao-interna\/"},"author":{"name":"Reda\u00e7\u00e3o","@id":"https:\/\/www.notibras.com\/site\/#\/schema\/person\/36ab0979449956132d3e5b517ea76ac8"},"headline":"Funcion\u00e1rios sobem na vida com trabalho e forma\u00e7\u00e3o interna","datePublished":"2023-11-24T11:25:09+00:00","mainEntityOfPage":{"@id":"https:\/\/www.notibras.com\/site\/funcionarios-sobem-na-vida-com-trabalho-e-formacao-interna\/"},"wordCount":378,"publisher":{"@id":"https:\/\/www.notibras.com\/site\/#organization"},"image":{"@id":"https:\/\/www.notibras.com\/site\/funcionarios-sobem-na-vida-com-trabalho-e-formacao-interna\/#primaryimage"},"thumbnailUrl":"https:\/\/www.notibras.com\/site\/wp-content\/uploads\/2023\/11\/Abbraccio-funcionario.jpg","articleSection":["Quadradinho em Foco"],"inLanguage":"pt-BR"},{"@type":"WebPage","@id":"https:\/\/www.notibras.com\/site\/funcionarios-sobem-na-vida-com-trabalho-e-formacao-interna\/","url":"https:\/\/www.notibras.com\/site\/funcionarios-sobem-na-vida-com-trabalho-e-formacao-interna\/","name":"Funcion\u00e1rios sobem na vida com trabalho e forma\u00e7\u00e3o interna - Notibras","isPartOf":{"@id":"https:\/\/www.notibras.com\/site\/#website"},"primaryImageOfPage":{"@id":"https:\/\/www.notibras.com\/site\/funcionarios-sobem-na-vida-com-trabalho-e-formacao-interna\/#primaryimage"},"image":{"@id":"https:\/\/www.notibras.com\/site\/funcionarios-sobem-na-vida-com-trabalho-e-formacao-interna\/#primaryimage"},"thumbnailUrl":"https:\/\/www.notibras.com\/site\/wp-content\/uploads\/2023\/11\/Abbraccio-funcionario.jpg","datePublished":"2023-11-24T11:25:09+00:00","breadcrumb":{"@id":"https:\/\/www.notibras.com\/site\/funcionarios-sobem-na-vida-com-trabalho-e-formacao-interna\/#breadcrumb"},"inLanguage":"pt-BR","potentialAction":[{"@type":"ReadAction","target":["https:\/\/www.notibras.com\/site\/funcionarios-sobem-na-vida-com-trabalho-e-formacao-interna\/"]}]},{"@type":"ImageObject","inLanguage":"pt-BR","@id":"https:\/\/www.notibras.com\/site\/funcionarios-sobem-na-vida-com-trabalho-e-formacao-interna\/#primaryimage","url":"https:\/\/www.notibras.com\/site\/wp-content\/uploads\/2023\/11\/Abbraccio-funcionario.jpg","contentUrl":"https:\/\/www.notibras.com\/site\/wp-content\/uploads\/2023\/11\/Abbraccio-funcionario.jpg","width":1200,"height":1600},{"@type":"BreadcrumbList","@id":"https:\/\/www.notibras.com\/site\/funcionarios-sobem-na-vida-com-trabalho-e-formacao-interna\/#breadcrumb","itemListElement":[{"@type":"ListItem","position":1,"name":"In\u00edcio","item":"https:\/\/www.notibras.com\/site\/"},{"@type":"ListItem","position":2,"name":"Funcion\u00e1rios sobem na vida com trabalho e forma\u00e7\u00e3o interna"}]},{"@type":"WebSite","@id":"https:\/\/www.notibras.com\/site\/#website","url":"https:\/\/www.notibras.com\/site\/","name":"Notibras","description":"Not\u00edcias de Bras\u00edlia, do Brasil e do Mundo","publisher":{"@id":"https:\/\/www.notibras.com\/site\/#organization"},"potentialAction":[{"@type":"SearchAction","target":{"@type":"EntryPoint","urlTemplate":"https:\/\/www.notibras.com\/site\/?s={search_term_string}"},"query-input":{"@type":"PropertyValueSpecification","valueRequired":true,"valueName":"search_term_string"}}],"inLanguage":"pt-BR"},{"@type":"Organization","@id":"https:\/\/www.notibras.com\/site\/#organization","name":"Grupo Notibras de Comunica\u00e7\u00e3o","url":"https:\/\/www.notibras.com\/site\/","logo":{"@type":"ImageObject","inLanguage":"pt-BR","@id":"https:\/\/www.notibras.com\/site\/#\/schema\/logo\/image\/","url":"https:\/\/www.notibras.com\/site\/wp-content\/uploads\/2023\/01\/notibras23.png","contentUrl":"https:\/\/www.notibras.com\/site\/wp-content\/uploads\/2023\/01\/notibras23.png","width":350,"height":87,"caption":"Grupo Notibras de Comunica\u00e7\u00e3o"},"image":{"@id":"https:\/\/www.notibras.com\/site\/#\/schema\/logo\/image\/"},"sameAs":["https:\/\/www.facebook.com\/notibras\/","https:\/\/x.com\/Notibras","https:\/\/www.instagram.com\/notibras\/"]},{"@type":"Person","@id":"https:\/\/www.notibras.com\/site\/#\/schema\/person\/36ab0979449956132d3e5b517ea76ac8","name":"Reda\u00e7\u00e3o","image":{"@type":"ImageObject","inLanguage":"pt-BR","@id":"https:\/\/secure.gravatar.com\/avatar\/e0a867bdedb85fd243eadf09663511f96fc81e0720a4a42581f334ad4303aa6b?s=96&d=mm&r=g","url":"https:\/\/secure.gravatar.com\/avatar\/e0a867bdedb85fd243eadf09663511f96fc81e0720a4a42581f334ad4303aa6b?s=96&d=mm&r=g","contentUrl":"https:\/\/secure.gravatar.com\/avatar\/e0a867bdedb85fd243eadf09663511f96fc81e0720a4a42581f334ad4303aa6b?s=96&d=mm&r=g","caption":"Reda\u00e7\u00e3o"}}]}},"amp_enabled":true,"_links":{"self":[{"href":"https:\/\/www.notibras.com\/site\/wp-json\/wp\/v2\/posts\/317670","targetHints":{"allow":["GET"]}}],"collection":[{"href":"https:\/\/www.notibras.com\/site\/wp-json\/wp\/v2\/posts"}],"about":[{"href":"https:\/\/www.notibras.com\/site\/wp-json\/wp\/v2\/types\/post"}],"author":[{"embeddable":true,"href":"https:\/\/www.notibras.com\/site\/wp-json\/wp\/v2\/users\/2"}],"replies":[{"embeddable":true,"href":"https:\/\/www.notibras.com\/site\/wp-json\/wp\/v2\/comments?post=317670"}],"version-history":[{"count":1,"href":"https:\/\/www.notibras.com\/site\/wp-json\/wp\/v2\/posts\/317670\/revisions"}],"predecessor-version":[{"id":317672,"href":"https:\/\/www.notibras.com\/site\/wp-json\/wp\/v2\/posts\/317670\/revisions\/317672"}],"wp:featuredmedia":[{"embeddable":true,"href":"https:\/\/www.notibras.com\/site\/wp-json\/wp\/v2\/media\/317671"}],"wp:attachment":[{"href":"https:\/\/www.notibras.com\/site\/wp-json\/wp\/v2\/media?parent=317670"}],"wp:term":[{"taxonomy":"category","embeddable":true,"href":"https:\/\/www.notibras.com\/site\/wp-json\/wp\/v2\/categories?post=317670"},{"taxonomy":"post_tag","embeddable":true,"href":"https:\/\/www.notibras.com\/site\/wp-json\/wp\/v2\/tags?post=317670"}],"curies":[{"name":"wp","href":"https:\/\/api.w.org\/{rel}","templated":true}]}}