{"id":317676,"date":"2023-11-24T00:00:46","date_gmt":"2023-11-24T03:00:46","guid":{"rendered":"https:\/\/www.notibras.com\/site\/?p=317676"},"modified":"2023-11-24T08:40:25","modified_gmt":"2023-11-24T11:40:25","slug":"porta-bandeira-da-portela-sofre-racismo-denuncia-familia","status":"publish","type":"post","link":"https:\/\/www.notibras.com\/site\/porta-bandeira-da-portela-sofre-racismo-denuncia-familia\/","title":{"rendered":"Porta-bandeira da Portela sofre racismo, denuncia fam\u00edlia"},"content":{"rendered":"<p>A fam\u00edlia de Vilma Nascimento, 85 anos, porta-bandeira e baluarte da escola de samba Portela, denunciou nesta quinta-feira (23) que ela foi v\u00edtima de racismo na loja Duty Free Shop do Aeroporto de Bras\u00edlia. O caso ocorreu na ter\u00e7a-feira (21), quando ela voltava ao Rio de Janeiro, depois de receber uma homenagem na C\u00e2mara dos Deputados, no contexto de celebra\u00e7\u00e3o do Dia da Consci\u00eancia Negra.<\/p>\n<p>Nas redes sociais, a filha de Vilma, Danielle Nascimento, relatou que ela e a m\u00e3e decidiram comprar chocolates na loja, antes de embarcar no voo para o Rio. Depois de feito o pagamento, passaram mais uma vez na porta da loja e foram abordadas por uma fiscal.<\/p>\n<p>Nesse momento, foram acusadas de ter pego um produto sem pagar. Danielle diz que a fiscal recebeu uma informa\u00e7\u00e3o pelo r\u00e1dio de que era preciso revistar a bolsa de Vilma, e que as duas tiveram de passar pelo procedimento no meio do estabelecimento, na frente de outras pessoas, at\u00e9 que os funcion\u00e1rios da loja conclu\u00edssem que n\u00e3o havia acontecido nenhum furto.<\/p>\n<p>Danielle descreveu o ocorrido como \u201chumilhante, que n\u00e3o deveria existir mais no Brasil ou em qualquer outro lugar do mundo\u201d. Ela disse, ainda, que a m\u00e3e \u201cficou surpresa, revoltada e envergonhada\u201d e que tentou chamar a pol\u00edcia sem sucesso. Teve de correr at\u00e9 o port\u00e3o de embarque para n\u00e3o perder o voo e que entrou no avi\u00e3o \u201caos prantos\u201d.<\/p>\n<p>\u201cFoi uma humilha\u00e7\u00e3o que nem eu, nem a minha m\u00e3e imagin\u00e1vamos passar nessa vida. Estamos tristes e traumatizadas at\u00e9 agora. Foi um absurdo! Cheguei a perguntar se ela estava fazendo isso conosco por causa da nossa cor\u201d, detalhou Danielle.<\/p>\n<p>Bernard Nascimento, neto de Vilma, disse que os funcion\u00e1rios da loja n\u00e3o pediram desculpas pelo ocorrido e que a av\u00f3 ficou muito abalada.<\/p>\n<p>\u201cNa aeronave, a aeromo\u00e7a percebeu que elas estavam bem agitadas e chorando, e at\u00e9 ofereceu \u00e1gua. Na ter\u00e7a-feira, minha av\u00f3 ia chegar no Rio e ia direto para um jantar na casa da [cantora] Alcione para comemorar o anivers\u00e1rio [da artista]. E ela nem conseguiu ir. Ontem, ela n\u00e3o amanheceu bem, estava com a glicose alta. Eu tive de lev\u00e1-la para a minha casa\u201d, relatou Bernard.<\/p>\n<p><strong>Solidariedade<\/strong><br \/>\nO Gr\u00eamio Recreativo Escola de Samba Portela publicou nota de solidariedade e condenou o ocorrido com Vilma Nascimento e a fam\u00edlia.<\/p>\n<p>\u201cA luta por uma sociedade mais justa e humana passa pelo combate ao racismo. O G.R.E.S Portela repudia veementemente o preconceito sofrido por Vilma Nascimento, o Cisne da Passarela, no aeroporto de Bras\u00edlia, em companhia de sua filha Danielle Nascimento. Vilma \u00e9 um dos \u00edcones da Portela e do carnaval. \u00c9 uma sambista de destaque, que traz na pele a marca de nossa ancestralidade. O constrangimento, demonstrado nas imagens divulgadas, \u00e9 sentido por todos que temos no samba parte importante de nossa identidade, e que enxergamos em Vilma uma de nossas grandes refer\u00eancias. Em nome dessa ancestralidade, que orgulhosamente compartilhamos e exaltamos, levantamos nossa voz pedindo para que o caso seja apurado pelas autoridades. Este \u00e9 um dever do poder constitu\u00eddo n\u00e3o apenas para com os sambistas, mas para toda a popula\u00e7\u00e3o preta de nosso pa\u00eds, que n\u00e3o admite mais ser discriminada em lugares p\u00fablicos\u201d, disse a nota.<\/p>\n<p>A ministra da Igualdade Racial, Anielle Franco, tamb\u00e9m se manifestou em defesa de Vilma e disse que est\u00e1 tomando provid\u00eancias para ampliar o combate ao racismo.<\/p>\n<p>\u201cS\u00e3o absurdas e inadmiss\u00edveis as acusa\u00e7\u00f5es racistas feitas por funcion\u00e1rios de uma loja do aeroporto de Bras\u00edlia a Vilma Nascimento, Baluarte da Portela e lenda viva da cultura negra brasileira. Entraremos em contato com a v\u00edtima para prestar nossa solidariedade e aux\u00edlio. O Minist\u00e9rio da Igualdade Racial est\u00e1 desenvolvendo um acordo de coopera\u00e7\u00e3o t\u00e9cnica com a Anac (Ag\u00eancia Nacional de Avia\u00e7\u00e3o Civil), a Pol\u00edcia Federal e os Minist\u00e9rios dos Direitos Humanos e Porto e Aeroportos para medidas eficazes de combate ao racismo, envolvendo capacita\u00e7\u00e3o, preparo e forma\u00e7\u00e3o antirracistas para servidores e bolsas para ampliar a diversidade na avia\u00e7\u00e3o. Vamos tomar as provid\u00eancias cab\u00edveis para que casos absurdos como esse n\u00e3o se repitam\u201d, publicou Anielle nas redes sociais.<\/p>\n<p>Paulo Pimenta, ministro-chefe da Secretaria de Comunica\u00e7\u00e3o Social, condenou o epis\u00f3dio de racismo e o constrangimento sofrido pela porta-bandeira.<\/p>\n<p>\u201cInadmiss\u00edvel! Na semana da Consci\u00eancia Negra, um caso absurdo de racismo escancara a dura realidade do nosso pa\u00eds\u201d, disse o ministro. \u201cMeu abra\u00e7o e minha solidariedade a ela e sua filha. Presidente Lula j\u00e1 deu o recado e n\u00f3s reafirmamos que n\u00e3o vamos tolerar racismo no nosso pa\u00eds\u201d.<\/p>\n<p><strong>Den\u00fancia na Justi\u00e7a<\/strong><br \/>\nA fam\u00edlia registrou a ocorr\u00eancia na pol\u00edcia e disse que pretende fazer uma den\u00fancia na Justi\u00e7a. A reportagem tentou contato com a Dufry, rede internacional de free shops respons\u00e1vel pela loja de Bras\u00edlia, mas n\u00e3o obteve resposta.<\/p>\n<p>Pelas redes sociais, o cantor e compositor Paulinho da Viola externou seu rep\u00fadio ao epis\u00f3dio envolvendo Vilma Nascimento.<\/p>\n<p>Ele afirmou que &#8220;&#8221;Vilma Nascimento, eterna porta-bandeira da Portela, foi v\u00edtima de um ato inaceit\u00e1vel numa loja do aeroporto de Bras\u00edlia. Foi obrigada a abrir sua bolsa na frente de todos para provar que n\u00e3o havia furtado nenhum produto. Foi com dor e indigna\u00e7\u00e3o que vi o v\u00eddeo dessa cena lament\u00e1vel, onde Vilma, constrangida, mostra seus pertences e se explica para uma funcion\u00e1ria. Apesar de todos os esfor\u00e7os que temos feito para combater esse preconceito, ele acontece diariamente toda vez que uma pessoa \u00e9 agredida, humilhada, constrangida e ferida dessa maneira. Eu tamb\u00e9m me sinto ferido. Sinto muito, querida Vilma, sinto mesmo. Voc\u00ea \u00e9 muito maior que tudo isso&#8221;, finalizou.<\/p>\n<p><strong>Aeroporto<\/strong><br \/>\nA Inframerica, administradora do Aeroporto de Bras\u00edlia, divulgou nota repudiando o epis\u00f3dio. A concession\u00e1ria afirmou que a funcion\u00e1ria foi afastada. &#8220;A Inframerica repudia qualquer tipo de a\u00e7\u00e3o discriminat\u00f3ria, dentro ou fora do aeroporto. A empresa respons\u00e1vel pelo estabelecimento informou que j\u00e1 tomou as medidas cab\u00edveis e afastou a funcion\u00e1ria&#8221;.<\/p>\n","protected":false},"excerpt":{"rendered":"<p>A fam\u00edlia de Vilma Nascimento, 85 anos, porta-bandeira e baluarte da escola de samba Portela, denunciou nesta quinta-feira (23) que ela foi v\u00edtima de racismo na loja Duty Free Shop do Aeroporto de Bras\u00edlia. O caso ocorreu na ter\u00e7a-feira (21), quando ela voltava ao Rio de Janeiro, depois de receber uma homenagem na C\u00e2mara dos [&hellip;]<\/p>\n","protected":false},"author":2,"featured_media":317677,"comment_status":"closed","ping_status":"closed","sticky":false,"template":"","format":"standard","meta":{"_acf_changed":false,"footnotes":""},"categories":[161],"tags":[],"class_list":["post-317676","post","type-post","status-publish","format-standard","has-post-thumbnail","hentry","category-quadradinho-em-foco"],"acf":[],"yoast_head":"<!-- This site is optimized with the Yoast SEO plugin v27.2 - https:\/\/yoast.com\/product\/yoast-seo-wordpress\/ -->\n<title>Porta-bandeira da Portela sofre racismo, denuncia fam\u00edlia - Notibras<\/title>\n<meta name=\"robots\" content=\"index, follow, max-snippet:-1, max-image-preview:large, max-video-preview:-1\" \/>\n<link rel=\"canonical\" href=\"https:\/\/www.notibras.com\/site\/porta-bandeira-da-portela-sofre-racismo-denuncia-familia\/\" \/>\n<meta property=\"og:locale\" content=\"pt_BR\" \/>\n<meta property=\"og:type\" content=\"article\" \/>\n<meta property=\"og:title\" content=\"Porta-bandeira da Portela sofre racismo, denuncia fam\u00edlia - Notibras\" \/>\n<meta property=\"og:description\" content=\"A fam\u00edlia de Vilma Nascimento, 85 anos, porta-bandeira e baluarte da escola de samba Portela, denunciou nesta quinta-feira (23) que ela foi v\u00edtima de racismo na loja Duty Free Shop do Aeroporto de Bras\u00edlia. O caso ocorreu na ter\u00e7a-feira (21), quando ela voltava ao Rio de Janeiro, depois de receber uma homenagem na C\u00e2mara dos [&hellip;]\" \/>\n<meta property=\"og:url\" content=\"https:\/\/www.notibras.com\/site\/porta-bandeira-da-portela-sofre-racismo-denuncia-familia\/\" \/>\n<meta property=\"og:site_name\" content=\"Notibras\" \/>\n<meta property=\"article:publisher\" content=\"https:\/\/www.facebook.com\/notibras\/\" \/>\n<meta property=\"article:published_time\" content=\"2023-11-24T03:00:46+00:00\" \/>\n<meta property=\"article:modified_time\" content=\"2023-11-24T11:40:25+00:00\" \/>\n<meta property=\"og:image\" content=\"https:\/\/www.notibras.com\/site\/wp-content\/uploads\/2023\/11\/raci.porta_.webp\" \/>\n\t<meta property=\"og:image:width\" content=\"1170\" \/>\n\t<meta property=\"og:image:height\" content=\"700\" \/>\n\t<meta property=\"og:image:type\" content=\"image\/webp\" \/>\n<meta name=\"author\" content=\"Reda\u00e7\u00e3o\" \/>\n<meta name=\"twitter:card\" content=\"summary_large_image\" \/>\n<meta name=\"twitter:creator\" content=\"@Notibras\" \/>\n<meta name=\"twitter:site\" content=\"@Notibras\" \/>\n<meta name=\"twitter:label1\" content=\"Escrito por\" \/>\n\t<meta name=\"twitter:data1\" content=\"Reda\u00e7\u00e3o\" \/>\n\t<meta name=\"twitter:label2\" content=\"Est. tempo de leitura\" \/>\n\t<meta name=\"twitter:data2\" content=\"6 minutos\" \/>\n<script type=\"application\/ld+json\" class=\"yoast-schema-graph\">{\"@context\":\"https:\/\/schema.org\",\"@graph\":[{\"@type\":\"Article\",\"@id\":\"https:\/\/www.notibras.com\/site\/porta-bandeira-da-portela-sofre-racismo-denuncia-familia\/#article\",\"isPartOf\":{\"@id\":\"https:\/\/www.notibras.com\/site\/porta-bandeira-da-portela-sofre-racismo-denuncia-familia\/\"},\"author\":{\"name\":\"Reda\u00e7\u00e3o\",\"@id\":\"https:\/\/www.notibras.com\/site\/#\/schema\/person\/36ab0979449956132d3e5b517ea76ac8\"},\"headline\":\"Porta-bandeira da Portela sofre racismo, denuncia fam\u00edlia\",\"datePublished\":\"2023-11-24T03:00:46+00:00\",\"dateModified\":\"2023-11-24T11:40:25+00:00\",\"mainEntityOfPage\":{\"@id\":\"https:\/\/www.notibras.com\/site\/porta-bandeira-da-portela-sofre-racismo-denuncia-familia\/\"},\"wordCount\":1061,\"publisher\":{\"@id\":\"https:\/\/www.notibras.com\/site\/#organization\"},\"image\":{\"@id\":\"https:\/\/www.notibras.com\/site\/porta-bandeira-da-portela-sofre-racismo-denuncia-familia\/#primaryimage\"},\"thumbnailUrl\":\"https:\/\/www.notibras.com\/site\/wp-content\/uploads\/2023\/11\/raci.porta_.webp\",\"articleSection\":[\"Quadradinho em Foco\"],\"inLanguage\":\"pt-BR\"},{\"@type\":\"WebPage\",\"@id\":\"https:\/\/www.notibras.com\/site\/porta-bandeira-da-portela-sofre-racismo-denuncia-familia\/\",\"url\":\"https:\/\/www.notibras.com\/site\/porta-bandeira-da-portela-sofre-racismo-denuncia-familia\/\",\"name\":\"Porta-bandeira da Portela sofre racismo, denuncia fam\u00edlia - Notibras\",\"isPartOf\":{\"@id\":\"https:\/\/www.notibras.com\/site\/#website\"},\"primaryImageOfPage\":{\"@id\":\"https:\/\/www.notibras.com\/site\/porta-bandeira-da-portela-sofre-racismo-denuncia-familia\/#primaryimage\"},\"image\":{\"@id\":\"https:\/\/www.notibras.com\/site\/porta-bandeira-da-portela-sofre-racismo-denuncia-familia\/#primaryimage\"},\"thumbnailUrl\":\"https:\/\/www.notibras.com\/site\/wp-content\/uploads\/2023\/11\/raci.porta_.webp\",\"datePublished\":\"2023-11-24T03:00:46+00:00\",\"dateModified\":\"2023-11-24T11:40:25+00:00\",\"breadcrumb\":{\"@id\":\"https:\/\/www.notibras.com\/site\/porta-bandeira-da-portela-sofre-racismo-denuncia-familia\/#breadcrumb\"},\"inLanguage\":\"pt-BR\",\"potentialAction\":[{\"@type\":\"ReadAction\",\"target\":[\"https:\/\/www.notibras.com\/site\/porta-bandeira-da-portela-sofre-racismo-denuncia-familia\/\"]}]},{\"@type\":\"ImageObject\",\"inLanguage\":\"pt-BR\",\"@id\":\"https:\/\/www.notibras.com\/site\/porta-bandeira-da-portela-sofre-racismo-denuncia-familia\/#primaryimage\",\"url\":\"https:\/\/www.notibras.com\/site\/wp-content\/uploads\/2023\/11\/raci.porta_.webp\",\"contentUrl\":\"https:\/\/www.notibras.com\/site\/wp-content\/uploads\/2023\/11\/raci.porta_.webp\",\"width\":1170,\"height\":700},{\"@type\":\"BreadcrumbList\",\"@id\":\"https:\/\/www.notibras.com\/site\/porta-bandeira-da-portela-sofre-racismo-denuncia-familia\/#breadcrumb\",\"itemListElement\":[{\"@type\":\"ListItem\",\"position\":1,\"name\":\"In\u00edcio\",\"item\":\"https:\/\/www.notibras.com\/site\/\"},{\"@type\":\"ListItem\",\"position\":2,\"name\":\"Porta-bandeira da Portela sofre racismo, denuncia fam\u00edlia\"}]},{\"@type\":\"WebSite\",\"@id\":\"https:\/\/www.notibras.com\/site\/#website\",\"url\":\"https:\/\/www.notibras.com\/site\/\",\"name\":\"Notibras\",\"description\":\"Not\u00edcias de Bras\u00edlia, do Brasil e do Mundo\",\"publisher\":{\"@id\":\"https:\/\/www.notibras.com\/site\/#organization\"},\"potentialAction\":[{\"@type\":\"SearchAction\",\"target\":{\"@type\":\"EntryPoint\",\"urlTemplate\":\"https:\/\/www.notibras.com\/site\/?s={search_term_string}\"},\"query-input\":{\"@type\":\"PropertyValueSpecification\",\"valueRequired\":true,\"valueName\":\"search_term_string\"}}],\"inLanguage\":\"pt-BR\"},{\"@type\":\"Organization\",\"@id\":\"https:\/\/www.notibras.com\/site\/#organization\",\"name\":\"Grupo Notibras de Comunica\u00e7\u00e3o\",\"url\":\"https:\/\/www.notibras.com\/site\/\",\"logo\":{\"@type\":\"ImageObject\",\"inLanguage\":\"pt-BR\",\"@id\":\"https:\/\/www.notibras.com\/site\/#\/schema\/logo\/image\/\",\"url\":\"https:\/\/www.notibras.com\/site\/wp-content\/uploads\/2023\/01\/notibras23.png\",\"contentUrl\":\"https:\/\/www.notibras.com\/site\/wp-content\/uploads\/2023\/01\/notibras23.png\",\"width\":350,\"height\":87,\"caption\":\"Grupo Notibras de Comunica\u00e7\u00e3o\"},\"image\":{\"@id\":\"https:\/\/www.notibras.com\/site\/#\/schema\/logo\/image\/\"},\"sameAs\":[\"https:\/\/www.facebook.com\/notibras\/\",\"https:\/\/x.com\/Notibras\",\"https:\/\/www.instagram.com\/notibras\/\"]},{\"@type\":\"Person\",\"@id\":\"https:\/\/www.notibras.com\/site\/#\/schema\/person\/36ab0979449956132d3e5b517ea76ac8\",\"name\":\"Reda\u00e7\u00e3o\",\"image\":{\"@type\":\"ImageObject\",\"inLanguage\":\"pt-BR\",\"@id\":\"https:\/\/secure.gravatar.com\/avatar\/e0a867bdedb85fd243eadf09663511f96fc81e0720a4a42581f334ad4303aa6b?s=96&d=mm&r=g\",\"url\":\"https:\/\/secure.gravatar.com\/avatar\/e0a867bdedb85fd243eadf09663511f96fc81e0720a4a42581f334ad4303aa6b?s=96&d=mm&r=g\",\"contentUrl\":\"https:\/\/secure.gravatar.com\/avatar\/e0a867bdedb85fd243eadf09663511f96fc81e0720a4a42581f334ad4303aa6b?s=96&d=mm&r=g\",\"caption\":\"Reda\u00e7\u00e3o\"}}]}<\/script>\n<!-- \/ Yoast SEO plugin. -->","yoast_head_json":{"title":"Porta-bandeira da Portela sofre racismo, denuncia fam\u00edlia - Notibras","robots":{"index":"index","follow":"follow","max-snippet":"max-snippet:-1","max-image-preview":"max-image-preview:large","max-video-preview":"max-video-preview:-1"},"canonical":"https:\/\/www.notibras.com\/site\/porta-bandeira-da-portela-sofre-racismo-denuncia-familia\/","og_locale":"pt_BR","og_type":"article","og_title":"Porta-bandeira da Portela sofre racismo, denuncia fam\u00edlia - Notibras","og_description":"A fam\u00edlia de Vilma Nascimento, 85 anos, porta-bandeira e baluarte da escola de samba Portela, denunciou nesta quinta-feira (23) que ela foi v\u00edtima de racismo na loja Duty Free Shop do Aeroporto de Bras\u00edlia. O caso ocorreu na ter\u00e7a-feira (21), quando ela voltava ao Rio de Janeiro, depois de receber uma homenagem na C\u00e2mara dos [&hellip;]","og_url":"https:\/\/www.notibras.com\/site\/porta-bandeira-da-portela-sofre-racismo-denuncia-familia\/","og_site_name":"Notibras","article_publisher":"https:\/\/www.facebook.com\/notibras\/","article_published_time":"2023-11-24T03:00:46+00:00","article_modified_time":"2023-11-24T11:40:25+00:00","og_image":[{"width":1170,"height":700,"url":"https:\/\/www.notibras.com\/site\/wp-content\/uploads\/2023\/11\/raci.porta_.webp","type":"image\/webp"}],"author":"Reda\u00e7\u00e3o","twitter_card":"summary_large_image","twitter_creator":"@Notibras","twitter_site":"@Notibras","twitter_misc":{"Escrito por":"Reda\u00e7\u00e3o","Est. tempo de leitura":"6 minutos"},"schema":{"@context":"https:\/\/schema.org","@graph":[{"@type":"Article","@id":"https:\/\/www.notibras.com\/site\/porta-bandeira-da-portela-sofre-racismo-denuncia-familia\/#article","isPartOf":{"@id":"https:\/\/www.notibras.com\/site\/porta-bandeira-da-portela-sofre-racismo-denuncia-familia\/"},"author":{"name":"Reda\u00e7\u00e3o","@id":"https:\/\/www.notibras.com\/site\/#\/schema\/person\/36ab0979449956132d3e5b517ea76ac8"},"headline":"Porta-bandeira da Portela sofre racismo, denuncia fam\u00edlia","datePublished":"2023-11-24T03:00:46+00:00","dateModified":"2023-11-24T11:40:25+00:00","mainEntityOfPage":{"@id":"https:\/\/www.notibras.com\/site\/porta-bandeira-da-portela-sofre-racismo-denuncia-familia\/"},"wordCount":1061,"publisher":{"@id":"https:\/\/www.notibras.com\/site\/#organization"},"image":{"@id":"https:\/\/www.notibras.com\/site\/porta-bandeira-da-portela-sofre-racismo-denuncia-familia\/#primaryimage"},"thumbnailUrl":"https:\/\/www.notibras.com\/site\/wp-content\/uploads\/2023\/11\/raci.porta_.webp","articleSection":["Quadradinho em Foco"],"inLanguage":"pt-BR"},{"@type":"WebPage","@id":"https:\/\/www.notibras.com\/site\/porta-bandeira-da-portela-sofre-racismo-denuncia-familia\/","url":"https:\/\/www.notibras.com\/site\/porta-bandeira-da-portela-sofre-racismo-denuncia-familia\/","name":"Porta-bandeira da Portela sofre racismo, denuncia fam\u00edlia - Notibras","isPartOf":{"@id":"https:\/\/www.notibras.com\/site\/#website"},"primaryImageOfPage":{"@id":"https:\/\/www.notibras.com\/site\/porta-bandeira-da-portela-sofre-racismo-denuncia-familia\/#primaryimage"},"image":{"@id":"https:\/\/www.notibras.com\/site\/porta-bandeira-da-portela-sofre-racismo-denuncia-familia\/#primaryimage"},"thumbnailUrl":"https:\/\/www.notibras.com\/site\/wp-content\/uploads\/2023\/11\/raci.porta_.webp","datePublished":"2023-11-24T03:00:46+00:00","dateModified":"2023-11-24T11:40:25+00:00","breadcrumb":{"@id":"https:\/\/www.notibras.com\/site\/porta-bandeira-da-portela-sofre-racismo-denuncia-familia\/#breadcrumb"},"inLanguage":"pt-BR","potentialAction":[{"@type":"ReadAction","target":["https:\/\/www.notibras.com\/site\/porta-bandeira-da-portela-sofre-racismo-denuncia-familia\/"]}]},{"@type":"ImageObject","inLanguage":"pt-BR","@id":"https:\/\/www.notibras.com\/site\/porta-bandeira-da-portela-sofre-racismo-denuncia-familia\/#primaryimage","url":"https:\/\/www.notibras.com\/site\/wp-content\/uploads\/2023\/11\/raci.porta_.webp","contentUrl":"https:\/\/www.notibras.com\/site\/wp-content\/uploads\/2023\/11\/raci.porta_.webp","width":1170,"height":700},{"@type":"BreadcrumbList","@id":"https:\/\/www.notibras.com\/site\/porta-bandeira-da-portela-sofre-racismo-denuncia-familia\/#breadcrumb","itemListElement":[{"@type":"ListItem","position":1,"name":"In\u00edcio","item":"https:\/\/www.notibras.com\/site\/"},{"@type":"ListItem","position":2,"name":"Porta-bandeira da Portela sofre racismo, denuncia fam\u00edlia"}]},{"@type":"WebSite","@id":"https:\/\/www.notibras.com\/site\/#website","url":"https:\/\/www.notibras.com\/site\/","name":"Notibras","description":"Not\u00edcias de Bras\u00edlia, do Brasil e do Mundo","publisher":{"@id":"https:\/\/www.notibras.com\/site\/#organization"},"potentialAction":[{"@type":"SearchAction","target":{"@type":"EntryPoint","urlTemplate":"https:\/\/www.notibras.com\/site\/?s={search_term_string}"},"query-input":{"@type":"PropertyValueSpecification","valueRequired":true,"valueName":"search_term_string"}}],"inLanguage":"pt-BR"},{"@type":"Organization","@id":"https:\/\/www.notibras.com\/site\/#organization","name":"Grupo Notibras de Comunica\u00e7\u00e3o","url":"https:\/\/www.notibras.com\/site\/","logo":{"@type":"ImageObject","inLanguage":"pt-BR","@id":"https:\/\/www.notibras.com\/site\/#\/schema\/logo\/image\/","url":"https:\/\/www.notibras.com\/site\/wp-content\/uploads\/2023\/01\/notibras23.png","contentUrl":"https:\/\/www.notibras.com\/site\/wp-content\/uploads\/2023\/01\/notibras23.png","width":350,"height":87,"caption":"Grupo Notibras de Comunica\u00e7\u00e3o"},"image":{"@id":"https:\/\/www.notibras.com\/site\/#\/schema\/logo\/image\/"},"sameAs":["https:\/\/www.facebook.com\/notibras\/","https:\/\/x.com\/Notibras","https:\/\/www.instagram.com\/notibras\/"]},{"@type":"Person","@id":"https:\/\/www.notibras.com\/site\/#\/schema\/person\/36ab0979449956132d3e5b517ea76ac8","name":"Reda\u00e7\u00e3o","image":{"@type":"ImageObject","inLanguage":"pt-BR","@id":"https:\/\/secure.gravatar.com\/avatar\/e0a867bdedb85fd243eadf09663511f96fc81e0720a4a42581f334ad4303aa6b?s=96&d=mm&r=g","url":"https:\/\/secure.gravatar.com\/avatar\/e0a867bdedb85fd243eadf09663511f96fc81e0720a4a42581f334ad4303aa6b?s=96&d=mm&r=g","contentUrl":"https:\/\/secure.gravatar.com\/avatar\/e0a867bdedb85fd243eadf09663511f96fc81e0720a4a42581f334ad4303aa6b?s=96&d=mm&r=g","caption":"Reda\u00e7\u00e3o"}}]}},"amp_enabled":true,"_links":{"self":[{"href":"https:\/\/www.notibras.com\/site\/wp-json\/wp\/v2\/posts\/317676","targetHints":{"allow":["GET"]}}],"collection":[{"href":"https:\/\/www.notibras.com\/site\/wp-json\/wp\/v2\/posts"}],"about":[{"href":"https:\/\/www.notibras.com\/site\/wp-json\/wp\/v2\/types\/post"}],"author":[{"embeddable":true,"href":"https:\/\/www.notibras.com\/site\/wp-json\/wp\/v2\/users\/2"}],"replies":[{"embeddable":true,"href":"https:\/\/www.notibras.com\/site\/wp-json\/wp\/v2\/comments?post=317676"}],"version-history":[{"count":1,"href":"https:\/\/www.notibras.com\/site\/wp-json\/wp\/v2\/posts\/317676\/revisions"}],"predecessor-version":[{"id":317678,"href":"https:\/\/www.notibras.com\/site\/wp-json\/wp\/v2\/posts\/317676\/revisions\/317678"}],"wp:featuredmedia":[{"embeddable":true,"href":"https:\/\/www.notibras.com\/site\/wp-json\/wp\/v2\/media\/317677"}],"wp:attachment":[{"href":"https:\/\/www.notibras.com\/site\/wp-json\/wp\/v2\/media?parent=317676"}],"wp:term":[{"taxonomy":"category","embeddable":true,"href":"https:\/\/www.notibras.com\/site\/wp-json\/wp\/v2\/categories?post=317676"},{"taxonomy":"post_tag","embeddable":true,"href":"https:\/\/www.notibras.com\/site\/wp-json\/wp\/v2\/tags?post=317676"}],"curies":[{"name":"wp","href":"https:\/\/api.w.org\/{rel}","templated":true}]}}