{"id":317728,"date":"2023-11-25T05:43:48","date_gmt":"2023-11-25T08:43:48","guid":{"rendered":"https:\/\/www.notibras.com\/site\/?p=317728"},"modified":"2023-11-25T05:56:34","modified_gmt":"2023-11-25T08:56:34","slug":"concurso-publico-unificado-sera-aplicado-pela-cesgranrio","status":"publish","type":"post","link":"https:\/\/www.notibras.com\/site\/concurso-publico-unificado-sera-aplicado-pela-cesgranrio\/","title":{"rendered":"Concurso p\u00fablico unificado ser\u00e1 aplicado pela Cesgranrio"},"content":{"rendered":"<p>O primeiro concurso p\u00fablico unificado, a ser realizado pelo governo federal em 180 cidades do pa\u00eds, visando o preenchimento de 6.640 vagas para servidores federais, ser\u00e1 aplicado pela Funda\u00e7\u00e3o Cesgranrio. A institui\u00e7\u00e3o foi escolhida por apresentar a melhor proposta financeira, entre as tr\u00eas empresas que atendiam \u00e0s condi\u00e7\u00f5es necess\u00e1rias para a realiza\u00e7\u00e3o do processo seletivo.<\/p>\n<p>Segundo o Minist\u00e9rio da Gest\u00e3o e Inova\u00e7\u00e3o em Servi\u00e7os P\u00fablicos (MGI), o contrato ser\u00e1 assinado ainda em novembro e a Cesgranrio dever\u00e1 divulgar o edital com o cronograma do processo, detalhamento das vagas, crit\u00e9rios de sele\u00e7\u00e3o e locais de aplica\u00e7\u00e3o at\u00e9 o dia 20 de dezembro. A previs\u00e3o \u00e9 que a prova seja aplicada em 25 de fevereiro de 2024.<\/p>\n<p><strong>Sele\u00e7\u00e3o<\/strong><br \/>\nO processo de escolha da banca foi feito com a participa\u00e7\u00e3o do Tribunal de Contas da Uni\u00e3o (TCU), da Controladoria Geral da Uni\u00e3o (CGU) e da Advocacia-Geral da Uni\u00e3o (AGU) para garantir que a sele\u00e7\u00e3o atendesse a todos os princ\u00edpios da administra\u00e7\u00e3o p\u00fablica.<\/p>\n<p>Inicialmente foi desenvolvido um estudo t\u00e9cnico preliminar que indicou os requisitos para a apresenta\u00e7\u00e3o das propostas. Cinco empresas se manifestaram e tamb\u00e9m contribu\u00edram com o aperfei\u00e7oamento do estudo inicial, resultando em um Termo de Refer\u00eancia que baseou os ajustes das propostas de tr\u00eas empresas. A Cesgranrio ofereceu a proposta mais vantajosa e de menor valor.<\/p>\n<p><strong>Inova\u00e7\u00e3o<\/strong><br \/>\nEssa ser\u00e1 a primeira vez que a administra\u00e7\u00e3o p\u00fablica federal realiza um processo seletivo para atender de forma simult\u00e2nea demandas de \u00f3rg\u00e3os e entidades da administra\u00e7\u00e3o direta, aut\u00e1rquica e fundacional, em todos os estados e no Distrito Federal. Ao todo, 21 institui\u00e7\u00f5es aderiram ao processo.<\/p>\n<p>Segundo a disponibilidade das vagas, ser\u00e3o organizados blocos das \u00e1reas de atua\u00e7\u00e3o para que os candidatos possam escolher a ordem de cargos de prefer\u00eancia daquele bloco no momento da inscri\u00e7\u00e3o. As provas objetivas e espec\u00edficas ser\u00e3o aplicadas de acordo com os cargos e carreiras que ir\u00e3o compor cada bloco. Veja aqui as institui\u00e7\u00f5es que oferecer\u00e3o vagas no concurso unificado.<\/p>\n","protected":false},"excerpt":{"rendered":"<p>O primeiro concurso p\u00fablico unificado, a ser realizado pelo governo federal em 180 cidades do pa\u00eds, visando o preenchimento de 6.640 vagas para servidores federais, ser\u00e1 aplicado pela Funda\u00e7\u00e3o Cesgranrio. A institui\u00e7\u00e3o foi escolhida por apresentar a melhor proposta financeira, entre as tr\u00eas empresas que atendiam \u00e0s condi\u00e7\u00f5es necess\u00e1rias para a realiza\u00e7\u00e3o do processo seletivo. [&hellip;]<\/p>\n","protected":false},"author":2,"featured_media":317729,"comment_status":"closed","ping_status":"closed","sticky":false,"template":"","format":"standard","meta":{"_acf_changed":false,"footnotes":""},"categories":[161],"tags":[95],"class_list":["post-317728","post","type-post","status-publish","format-standard","has-post-thumbnail","hentry","category-quadradinho-em-foco","tag-capa"],"acf":[],"yoast_head":"<!-- This site is optimized with the Yoast SEO plugin v27.2 - https:\/\/yoast.com\/product\/yoast-seo-wordpress\/ -->\n<title>Concurso p\u00fablico unificado ser\u00e1 aplicado pela Cesgranrio - Notibras<\/title>\n<meta name=\"robots\" content=\"index, follow, max-snippet:-1, max-image-preview:large, max-video-preview:-1\" \/>\n<link rel=\"canonical\" href=\"https:\/\/www.notibras.com\/site\/concurso-publico-unificado-sera-aplicado-pela-cesgranrio\/\" \/>\n<meta property=\"og:locale\" content=\"pt_BR\" \/>\n<meta property=\"og:type\" content=\"article\" \/>\n<meta property=\"og:title\" content=\"Concurso p\u00fablico unificado ser\u00e1 aplicado pela Cesgranrio - Notibras\" \/>\n<meta property=\"og:description\" content=\"O primeiro concurso p\u00fablico unificado, a ser realizado pelo governo federal em 180 cidades do pa\u00eds, visando o preenchimento de 6.640 vagas para servidores federais, ser\u00e1 aplicado pela Funda\u00e7\u00e3o Cesgranrio. A institui\u00e7\u00e3o foi escolhida por apresentar a melhor proposta financeira, entre as tr\u00eas empresas que atendiam \u00e0s condi\u00e7\u00f5es necess\u00e1rias para a realiza\u00e7\u00e3o do processo seletivo. [&hellip;]\" \/>\n<meta property=\"og:url\" content=\"https:\/\/www.notibras.com\/site\/concurso-publico-unificado-sera-aplicado-pela-cesgranrio\/\" \/>\n<meta property=\"og:site_name\" content=\"Notibras\" \/>\n<meta property=\"article:publisher\" content=\"https:\/\/www.facebook.com\/notibras\/\" \/>\n<meta property=\"article:published_time\" content=\"2023-11-25T08:43:48+00:00\" \/>\n<meta property=\"article:modified_time\" content=\"2023-11-25T08:56:34+00:00\" \/>\n<meta property=\"og:image\" content=\"https:\/\/www.notibras.com\/site\/wp-content\/uploads\/2023\/11\/concesgranrio.webp\" \/>\n\t<meta property=\"og:image:width\" content=\"1170\" \/>\n\t<meta property=\"og:image:height\" content=\"700\" \/>\n\t<meta property=\"og:image:type\" content=\"image\/webp\" \/>\n<meta name=\"author\" content=\"Reda\u00e7\u00e3o\" \/>\n<meta name=\"twitter:card\" content=\"summary_large_image\" \/>\n<meta name=\"twitter:creator\" content=\"@Notibras\" \/>\n<meta name=\"twitter:site\" content=\"@Notibras\" \/>\n<meta name=\"twitter:label1\" content=\"Escrito por\" \/>\n\t<meta name=\"twitter:data1\" content=\"Reda\u00e7\u00e3o\" \/>\n\t<meta name=\"twitter:label2\" content=\"Est. tempo de leitura\" \/>\n\t<meta name=\"twitter:data2\" content=\"2 minutos\" \/>\n<script type=\"application\/ld+json\" class=\"yoast-schema-graph\">{\"@context\":\"https:\/\/schema.org\",\"@graph\":[{\"@type\":\"Article\",\"@id\":\"https:\/\/www.notibras.com\/site\/concurso-publico-unificado-sera-aplicado-pela-cesgranrio\/#article\",\"isPartOf\":{\"@id\":\"https:\/\/www.notibras.com\/site\/concurso-publico-unificado-sera-aplicado-pela-cesgranrio\/\"},\"author\":{\"name\":\"Reda\u00e7\u00e3o\",\"@id\":\"https:\/\/www.notibras.com\/site\/#\/schema\/person\/36ab0979449956132d3e5b517ea76ac8\"},\"headline\":\"Concurso p\u00fablico unificado ser\u00e1 aplicado pela Cesgranrio\",\"datePublished\":\"2023-11-25T08:43:48+00:00\",\"dateModified\":\"2023-11-25T08:56:34+00:00\",\"mainEntityOfPage\":{\"@id\":\"https:\/\/www.notibras.com\/site\/concurso-publico-unificado-sera-aplicado-pela-cesgranrio\/\"},\"wordCount\":370,\"publisher\":{\"@id\":\"https:\/\/www.notibras.com\/site\/#organization\"},\"image\":{\"@id\":\"https:\/\/www.notibras.com\/site\/concurso-publico-unificado-sera-aplicado-pela-cesgranrio\/#primaryimage\"},\"thumbnailUrl\":\"https:\/\/www.notibras.com\/site\/wp-content\/uploads\/2023\/11\/concesgranrio.webp\",\"keywords\":[\"capa\"],\"articleSection\":[\"Quadradinho em Foco\"],\"inLanguage\":\"pt-BR\"},{\"@type\":\"WebPage\",\"@id\":\"https:\/\/www.notibras.com\/site\/concurso-publico-unificado-sera-aplicado-pela-cesgranrio\/\",\"url\":\"https:\/\/www.notibras.com\/site\/concurso-publico-unificado-sera-aplicado-pela-cesgranrio\/\",\"name\":\"Concurso p\u00fablico unificado ser\u00e1 aplicado pela Cesgranrio - Notibras\",\"isPartOf\":{\"@id\":\"https:\/\/www.notibras.com\/site\/#website\"},\"primaryImageOfPage\":{\"@id\":\"https:\/\/www.notibras.com\/site\/concurso-publico-unificado-sera-aplicado-pela-cesgranrio\/#primaryimage\"},\"image\":{\"@id\":\"https:\/\/www.notibras.com\/site\/concurso-publico-unificado-sera-aplicado-pela-cesgranrio\/#primaryimage\"},\"thumbnailUrl\":\"https:\/\/www.notibras.com\/site\/wp-content\/uploads\/2023\/11\/concesgranrio.webp\",\"datePublished\":\"2023-11-25T08:43:48+00:00\",\"dateModified\":\"2023-11-25T08:56:34+00:00\",\"breadcrumb\":{\"@id\":\"https:\/\/www.notibras.com\/site\/concurso-publico-unificado-sera-aplicado-pela-cesgranrio\/#breadcrumb\"},\"inLanguage\":\"pt-BR\",\"potentialAction\":[{\"@type\":\"ReadAction\",\"target\":[\"https:\/\/www.notibras.com\/site\/concurso-publico-unificado-sera-aplicado-pela-cesgranrio\/\"]}]},{\"@type\":\"ImageObject\",\"inLanguage\":\"pt-BR\",\"@id\":\"https:\/\/www.notibras.com\/site\/concurso-publico-unificado-sera-aplicado-pela-cesgranrio\/#primaryimage\",\"url\":\"https:\/\/www.notibras.com\/site\/wp-content\/uploads\/2023\/11\/concesgranrio.webp\",\"contentUrl\":\"https:\/\/www.notibras.com\/site\/wp-content\/uploads\/2023\/11\/concesgranrio.webp\",\"width\":1170,\"height\":700},{\"@type\":\"BreadcrumbList\",\"@id\":\"https:\/\/www.notibras.com\/site\/concurso-publico-unificado-sera-aplicado-pela-cesgranrio\/#breadcrumb\",\"itemListElement\":[{\"@type\":\"ListItem\",\"position\":1,\"name\":\"In\u00edcio\",\"item\":\"https:\/\/www.notibras.com\/site\/\"},{\"@type\":\"ListItem\",\"position\":2,\"name\":\"Concurso p\u00fablico unificado ser\u00e1 aplicado pela Cesgranrio\"}]},{\"@type\":\"WebSite\",\"@id\":\"https:\/\/www.notibras.com\/site\/#website\",\"url\":\"https:\/\/www.notibras.com\/site\/\",\"name\":\"Notibras\",\"description\":\"Not\u00edcias de Bras\u00edlia, do Brasil e do Mundo\",\"publisher\":{\"@id\":\"https:\/\/www.notibras.com\/site\/#organization\"},\"potentialAction\":[{\"@type\":\"SearchAction\",\"target\":{\"@type\":\"EntryPoint\",\"urlTemplate\":\"https:\/\/www.notibras.com\/site\/?s={search_term_string}\"},\"query-input\":{\"@type\":\"PropertyValueSpecification\",\"valueRequired\":true,\"valueName\":\"search_term_string\"}}],\"inLanguage\":\"pt-BR\"},{\"@type\":\"Organization\",\"@id\":\"https:\/\/www.notibras.com\/site\/#organization\",\"name\":\"Grupo Notibras de Comunica\u00e7\u00e3o\",\"url\":\"https:\/\/www.notibras.com\/site\/\",\"logo\":{\"@type\":\"ImageObject\",\"inLanguage\":\"pt-BR\",\"@id\":\"https:\/\/www.notibras.com\/site\/#\/schema\/logo\/image\/\",\"url\":\"https:\/\/www.notibras.com\/site\/wp-content\/uploads\/2023\/01\/notibras23.png\",\"contentUrl\":\"https:\/\/www.notibras.com\/site\/wp-content\/uploads\/2023\/01\/notibras23.png\",\"width\":350,\"height\":87,\"caption\":\"Grupo Notibras de Comunica\u00e7\u00e3o\"},\"image\":{\"@id\":\"https:\/\/www.notibras.com\/site\/#\/schema\/logo\/image\/\"},\"sameAs\":[\"https:\/\/www.facebook.com\/notibras\/\",\"https:\/\/x.com\/Notibras\",\"https:\/\/www.instagram.com\/notibras\/\"]},{\"@type\":\"Person\",\"@id\":\"https:\/\/www.notibras.com\/site\/#\/schema\/person\/36ab0979449956132d3e5b517ea76ac8\",\"name\":\"Reda\u00e7\u00e3o\",\"image\":{\"@type\":\"ImageObject\",\"inLanguage\":\"pt-BR\",\"@id\":\"https:\/\/secure.gravatar.com\/avatar\/e0a867bdedb85fd243eadf09663511f96fc81e0720a4a42581f334ad4303aa6b?s=96&d=mm&r=g\",\"url\":\"https:\/\/secure.gravatar.com\/avatar\/e0a867bdedb85fd243eadf09663511f96fc81e0720a4a42581f334ad4303aa6b?s=96&d=mm&r=g\",\"contentUrl\":\"https:\/\/secure.gravatar.com\/avatar\/e0a867bdedb85fd243eadf09663511f96fc81e0720a4a42581f334ad4303aa6b?s=96&d=mm&r=g\",\"caption\":\"Reda\u00e7\u00e3o\"}}]}<\/script>\n<!-- \/ Yoast SEO plugin. -->","yoast_head_json":{"title":"Concurso p\u00fablico unificado ser\u00e1 aplicado pela Cesgranrio - Notibras","robots":{"index":"index","follow":"follow","max-snippet":"max-snippet:-1","max-image-preview":"max-image-preview:large","max-video-preview":"max-video-preview:-1"},"canonical":"https:\/\/www.notibras.com\/site\/concurso-publico-unificado-sera-aplicado-pela-cesgranrio\/","og_locale":"pt_BR","og_type":"article","og_title":"Concurso p\u00fablico unificado ser\u00e1 aplicado pela Cesgranrio - Notibras","og_description":"O primeiro concurso p\u00fablico unificado, a ser realizado pelo governo federal em 180 cidades do pa\u00eds, visando o preenchimento de 6.640 vagas para servidores federais, ser\u00e1 aplicado pela Funda\u00e7\u00e3o Cesgranrio. A institui\u00e7\u00e3o foi escolhida por apresentar a melhor proposta financeira, entre as tr\u00eas empresas que atendiam \u00e0s condi\u00e7\u00f5es necess\u00e1rias para a realiza\u00e7\u00e3o do processo seletivo. [&hellip;]","og_url":"https:\/\/www.notibras.com\/site\/concurso-publico-unificado-sera-aplicado-pela-cesgranrio\/","og_site_name":"Notibras","article_publisher":"https:\/\/www.facebook.com\/notibras\/","article_published_time":"2023-11-25T08:43:48+00:00","article_modified_time":"2023-11-25T08:56:34+00:00","og_image":[{"width":1170,"height":700,"url":"https:\/\/www.notibras.com\/site\/wp-content\/uploads\/2023\/11\/concesgranrio.webp","type":"image\/webp"}],"author":"Reda\u00e7\u00e3o","twitter_card":"summary_large_image","twitter_creator":"@Notibras","twitter_site":"@Notibras","twitter_misc":{"Escrito por":"Reda\u00e7\u00e3o","Est. tempo de leitura":"2 minutos"},"schema":{"@context":"https:\/\/schema.org","@graph":[{"@type":"Article","@id":"https:\/\/www.notibras.com\/site\/concurso-publico-unificado-sera-aplicado-pela-cesgranrio\/#article","isPartOf":{"@id":"https:\/\/www.notibras.com\/site\/concurso-publico-unificado-sera-aplicado-pela-cesgranrio\/"},"author":{"name":"Reda\u00e7\u00e3o","@id":"https:\/\/www.notibras.com\/site\/#\/schema\/person\/36ab0979449956132d3e5b517ea76ac8"},"headline":"Concurso p\u00fablico unificado ser\u00e1 aplicado pela Cesgranrio","datePublished":"2023-11-25T08:43:48+00:00","dateModified":"2023-11-25T08:56:34+00:00","mainEntityOfPage":{"@id":"https:\/\/www.notibras.com\/site\/concurso-publico-unificado-sera-aplicado-pela-cesgranrio\/"},"wordCount":370,"publisher":{"@id":"https:\/\/www.notibras.com\/site\/#organization"},"image":{"@id":"https:\/\/www.notibras.com\/site\/concurso-publico-unificado-sera-aplicado-pela-cesgranrio\/#primaryimage"},"thumbnailUrl":"https:\/\/www.notibras.com\/site\/wp-content\/uploads\/2023\/11\/concesgranrio.webp","keywords":["capa"],"articleSection":["Quadradinho em Foco"],"inLanguage":"pt-BR"},{"@type":"WebPage","@id":"https:\/\/www.notibras.com\/site\/concurso-publico-unificado-sera-aplicado-pela-cesgranrio\/","url":"https:\/\/www.notibras.com\/site\/concurso-publico-unificado-sera-aplicado-pela-cesgranrio\/","name":"Concurso p\u00fablico unificado ser\u00e1 aplicado pela Cesgranrio - Notibras","isPartOf":{"@id":"https:\/\/www.notibras.com\/site\/#website"},"primaryImageOfPage":{"@id":"https:\/\/www.notibras.com\/site\/concurso-publico-unificado-sera-aplicado-pela-cesgranrio\/#primaryimage"},"image":{"@id":"https:\/\/www.notibras.com\/site\/concurso-publico-unificado-sera-aplicado-pela-cesgranrio\/#primaryimage"},"thumbnailUrl":"https:\/\/www.notibras.com\/site\/wp-content\/uploads\/2023\/11\/concesgranrio.webp","datePublished":"2023-11-25T08:43:48+00:00","dateModified":"2023-11-25T08:56:34+00:00","breadcrumb":{"@id":"https:\/\/www.notibras.com\/site\/concurso-publico-unificado-sera-aplicado-pela-cesgranrio\/#breadcrumb"},"inLanguage":"pt-BR","potentialAction":[{"@type":"ReadAction","target":["https:\/\/www.notibras.com\/site\/concurso-publico-unificado-sera-aplicado-pela-cesgranrio\/"]}]},{"@type":"ImageObject","inLanguage":"pt-BR","@id":"https:\/\/www.notibras.com\/site\/concurso-publico-unificado-sera-aplicado-pela-cesgranrio\/#primaryimage","url":"https:\/\/www.notibras.com\/site\/wp-content\/uploads\/2023\/11\/concesgranrio.webp","contentUrl":"https:\/\/www.notibras.com\/site\/wp-content\/uploads\/2023\/11\/concesgranrio.webp","width":1170,"height":700},{"@type":"BreadcrumbList","@id":"https:\/\/www.notibras.com\/site\/concurso-publico-unificado-sera-aplicado-pela-cesgranrio\/#breadcrumb","itemListElement":[{"@type":"ListItem","position":1,"name":"In\u00edcio","item":"https:\/\/www.notibras.com\/site\/"},{"@type":"ListItem","position":2,"name":"Concurso p\u00fablico unificado ser\u00e1 aplicado pela Cesgranrio"}]},{"@type":"WebSite","@id":"https:\/\/www.notibras.com\/site\/#website","url":"https:\/\/www.notibras.com\/site\/","name":"Notibras","description":"Not\u00edcias de Bras\u00edlia, do Brasil e do Mundo","publisher":{"@id":"https:\/\/www.notibras.com\/site\/#organization"},"potentialAction":[{"@type":"SearchAction","target":{"@type":"EntryPoint","urlTemplate":"https:\/\/www.notibras.com\/site\/?s={search_term_string}"},"query-input":{"@type":"PropertyValueSpecification","valueRequired":true,"valueName":"search_term_string"}}],"inLanguage":"pt-BR"},{"@type":"Organization","@id":"https:\/\/www.notibras.com\/site\/#organization","name":"Grupo Notibras de Comunica\u00e7\u00e3o","url":"https:\/\/www.notibras.com\/site\/","logo":{"@type":"ImageObject","inLanguage":"pt-BR","@id":"https:\/\/www.notibras.com\/site\/#\/schema\/logo\/image\/","url":"https:\/\/www.notibras.com\/site\/wp-content\/uploads\/2023\/01\/notibras23.png","contentUrl":"https:\/\/www.notibras.com\/site\/wp-content\/uploads\/2023\/01\/notibras23.png","width":350,"height":87,"caption":"Grupo Notibras de Comunica\u00e7\u00e3o"},"image":{"@id":"https:\/\/www.notibras.com\/site\/#\/schema\/logo\/image\/"},"sameAs":["https:\/\/www.facebook.com\/notibras\/","https:\/\/x.com\/Notibras","https:\/\/www.instagram.com\/notibras\/"]},{"@type":"Person","@id":"https:\/\/www.notibras.com\/site\/#\/schema\/person\/36ab0979449956132d3e5b517ea76ac8","name":"Reda\u00e7\u00e3o","image":{"@type":"ImageObject","inLanguage":"pt-BR","@id":"https:\/\/secure.gravatar.com\/avatar\/e0a867bdedb85fd243eadf09663511f96fc81e0720a4a42581f334ad4303aa6b?s=96&d=mm&r=g","url":"https:\/\/secure.gravatar.com\/avatar\/e0a867bdedb85fd243eadf09663511f96fc81e0720a4a42581f334ad4303aa6b?s=96&d=mm&r=g","contentUrl":"https:\/\/secure.gravatar.com\/avatar\/e0a867bdedb85fd243eadf09663511f96fc81e0720a4a42581f334ad4303aa6b?s=96&d=mm&r=g","caption":"Reda\u00e7\u00e3o"}}]}},"amp_enabled":true,"_links":{"self":[{"href":"https:\/\/www.notibras.com\/site\/wp-json\/wp\/v2\/posts\/317728","targetHints":{"allow":["GET"]}}],"collection":[{"href":"https:\/\/www.notibras.com\/site\/wp-json\/wp\/v2\/posts"}],"about":[{"href":"https:\/\/www.notibras.com\/site\/wp-json\/wp\/v2\/types\/post"}],"author":[{"embeddable":true,"href":"https:\/\/www.notibras.com\/site\/wp-json\/wp\/v2\/users\/2"}],"replies":[{"embeddable":true,"href":"https:\/\/www.notibras.com\/site\/wp-json\/wp\/v2\/comments?post=317728"}],"version-history":[{"count":1,"href":"https:\/\/www.notibras.com\/site\/wp-json\/wp\/v2\/posts\/317728\/revisions"}],"predecessor-version":[{"id":317730,"href":"https:\/\/www.notibras.com\/site\/wp-json\/wp\/v2\/posts\/317728\/revisions\/317730"}],"wp:featuredmedia":[{"embeddable":true,"href":"https:\/\/www.notibras.com\/site\/wp-json\/wp\/v2\/media\/317729"}],"wp:attachment":[{"href":"https:\/\/www.notibras.com\/site\/wp-json\/wp\/v2\/media?parent=317728"}],"wp:term":[{"taxonomy":"category","embeddable":true,"href":"https:\/\/www.notibras.com\/site\/wp-json\/wp\/v2\/categories?post=317728"},{"taxonomy":"post_tag","embeddable":true,"href":"https:\/\/www.notibras.com\/site\/wp-json\/wp\/v2\/tags?post=317728"}],"curies":[{"name":"wp","href":"https:\/\/api.w.org\/{rel}","templated":true}]}}