{"id":317737,"date":"2023-11-25T00:22:55","date_gmt":"2023-11-25T03:22:55","guid":{"rendered":"https:\/\/www.notibras.com\/site\/?p=317737"},"modified":"2023-11-25T06:31:04","modified_gmt":"2023-11-25T09:31:04","slug":"medico-condenado-por-homicidio-culposo-durante-parto","status":"publish","type":"post","link":"https:\/\/www.notibras.com\/site\/medico-condenado-por-homicidio-culposo-durante-parto\/","title":{"rendered":"M\u00e9dico condenado por homic\u00eddio culposo durante parto"},"content":{"rendered":"<p>A 3\u00aa Vara Criminal de Bras\u00edlia condenou um m\u00e9dico pelo crime de homic\u00eddio culposo, cometido durante parto em uma maternidade no Distrito Federal. O profissional que n\u00e3o teve o nome revelado, foi condenado a indenizar os pais do beb\u00ea morto, no valor de 120 mil reais. Al\u00e9m disso, a decis\u00e3o estabeleceu a pena de 1 ano e 4 meses de deten\u00e7\u00e3o em regime aberto.<\/p>\n<p>De acordo com a den\u00fancia, em 23 de outubro de 2021, no Hospital Maternidade de Bras\u00edlia, o r\u00e9u, de forma negligente e imprudente e com inobserv\u00e2ncia das regras t\u00e9cnicas de sua profiss\u00e3o, deu causa ao \u00f3bito de um beb\u00ea.<\/p>\n<p>Consta no processo que o m\u00e9dico utilizou v\u00e1cuo extrator para realizar o parto da paciente e que havia contraindica\u00e7\u00e3o para a utiliza\u00e7\u00e3o do instrumento, que causou les\u00f5es no beb\u00ea, as quais foram determinantes para a sua morte.<\/p>\n<p>A defesa sustentou que n\u00e3o ficou evidenciado erro m\u00e9dico e que as provas indicam que a atua\u00e7\u00e3o do acusado est\u00e1 de acordo com a literatura m\u00e9dica. Tamb\u00e9m afirmou que o uso do v\u00e1cuo extrator ocorreu de forma correta e t\u00e9cnica e que os pais do beb\u00ea deixaram clara a op\u00e7\u00e3o por realizar o parto normal. Por fim, defendeu ainda que os exames indicavam a absoluta normalidade da crian\u00e7a, sem qualquer risco aparente e que a ferramenta utilizada \u00e9 segura, com raras complica\u00e7\u00f5es.<\/p>\n<p>Na senten\u00e7a, o juiz destacou que a materialidade do delito est\u00e1 devidamente comprovada pelas provas e que ficou comprovado que o r\u00e9u foi o autor do crime. Ele explicou que, embora tenha nascido com vida, o beb\u00ea faleceu por volta das 13h, do dia 24 de outubro de 2021.<\/p>\n<p>O magistrado ainda citou documento elaborado pelo corpo t\u00e9cnico do Minist\u00e9rio P\u00fablico, no qual os profissionais mencionam que a indica\u00e7\u00e3o do parto vaginal operat\u00f3rio n\u00e3o seguiu os preceitos t\u00e9cnicos exigidos pela literatura m\u00e9dica e que havia \u201ccontraindica\u00e7\u00e3o absoluta\u201d para o uso do v\u00e1cuo extrator.<\/p>\n<p>Finalmente, o juizado destacou que cabia ao acusado o monitoramento cuidadoso do progresso do parto para a tomada de decis\u00e3o e que houve utiliza\u00e7\u00e3o indevida do v\u00e1cuo extrator, ocasionado les\u00f5es fatais no rec\u00e9m-nascido. Logo, \u201chouve, indubitavelmente, uma assist\u00eancia obst\u00e9trica inadequada durante o trabalho de parto, fazendo exsurgir a responsabilidade penal do acusado\u201d, finalizou.<\/p>\n","protected":false},"excerpt":{"rendered":"<p>A 3\u00aa Vara Criminal de Bras\u00edlia condenou um m\u00e9dico pelo crime de homic\u00eddio culposo, cometido durante parto em uma maternidade no Distrito Federal. O profissional que n\u00e3o teve o nome revelado, foi condenado a indenizar os pais do beb\u00ea morto, no valor de 120 mil reais. Al\u00e9m disso, a decis\u00e3o estabeleceu a pena de 1 [&hellip;]<\/p>\n","protected":false},"author":2,"featured_media":307641,"comment_status":"closed","ping_status":"closed","sticky":false,"template":"","format":"standard","meta":{"_acf_changed":false,"footnotes":""},"categories":[161],"tags":[],"class_list":["post-317737","post","type-post","status-publish","format-standard","has-post-thumbnail","hentry","category-quadradinho-em-foco"],"acf":[],"yoast_head":"<!-- This site is optimized with the Yoast SEO plugin v27.2 - https:\/\/yoast.com\/product\/yoast-seo-wordpress\/ -->\n<title>M\u00e9dico condenado por homic\u00eddio culposo durante parto - Notibras<\/title>\n<meta name=\"robots\" content=\"index, follow, max-snippet:-1, max-image-preview:large, max-video-preview:-1\" \/>\n<link rel=\"canonical\" href=\"https:\/\/www.notibras.com\/site\/medico-condenado-por-homicidio-culposo-durante-parto\/\" \/>\n<meta property=\"og:locale\" content=\"pt_BR\" \/>\n<meta property=\"og:type\" content=\"article\" \/>\n<meta property=\"og:title\" content=\"M\u00e9dico condenado por homic\u00eddio culposo durante parto - Notibras\" \/>\n<meta property=\"og:description\" content=\"A 3\u00aa Vara Criminal de Bras\u00edlia condenou um m\u00e9dico pelo crime de homic\u00eddio culposo, cometido durante parto em uma maternidade no Distrito Federal. O profissional que n\u00e3o teve o nome revelado, foi condenado a indenizar os pais do beb\u00ea morto, no valor de 120 mil reais. Al\u00e9m disso, a decis\u00e3o estabeleceu a pena de 1 [&hellip;]\" \/>\n<meta property=\"og:url\" content=\"https:\/\/www.notibras.com\/site\/medico-condenado-por-homicidio-culposo-durante-parto\/\" \/>\n<meta property=\"og:site_name\" content=\"Notibras\" \/>\n<meta property=\"article:publisher\" content=\"https:\/\/www.facebook.com\/notibras\/\" \/>\n<meta property=\"article:published_time\" content=\"2023-11-25T03:22:55+00:00\" \/>\n<meta property=\"article:modified_time\" content=\"2023-11-25T09:31:04+00:00\" \/>\n<meta property=\"og:image\" content=\"https:\/\/www.notibras.com\/site\/wp-content\/uploads\/2023\/06\/endoscopia-camera-digestiva-alta-exame-medico-1618416985386_v2_900x506.jpg\" \/>\n\t<meta property=\"og:image:width\" content=\"900\" \/>\n\t<meta property=\"og:image:height\" content=\"506\" \/>\n\t<meta property=\"og:image:type\" content=\"image\/jpeg\" \/>\n<meta name=\"author\" content=\"Reda\u00e7\u00e3o\" \/>\n<meta name=\"twitter:card\" content=\"summary_large_image\" \/>\n<meta name=\"twitter:creator\" content=\"@Notibras\" \/>\n<meta name=\"twitter:site\" content=\"@Notibras\" \/>\n<meta name=\"twitter:label1\" content=\"Escrito por\" \/>\n\t<meta name=\"twitter:data1\" content=\"Reda\u00e7\u00e3o\" \/>\n\t<meta name=\"twitter:label2\" content=\"Est. tempo de leitura\" \/>\n\t<meta name=\"twitter:data2\" content=\"3 minutos\" \/>\n<script type=\"application\/ld+json\" class=\"yoast-schema-graph\">{\"@context\":\"https:\/\/schema.org\",\"@graph\":[{\"@type\":\"Article\",\"@id\":\"https:\/\/www.notibras.com\/site\/medico-condenado-por-homicidio-culposo-durante-parto\/#article\",\"isPartOf\":{\"@id\":\"https:\/\/www.notibras.com\/site\/medico-condenado-por-homicidio-culposo-durante-parto\/\"},\"author\":{\"name\":\"Reda\u00e7\u00e3o\",\"@id\":\"https:\/\/www.notibras.com\/site\/#\/schema\/person\/36ab0979449956132d3e5b517ea76ac8\"},\"headline\":\"M\u00e9dico condenado por homic\u00eddio culposo durante parto\",\"datePublished\":\"2023-11-25T03:22:55+00:00\",\"dateModified\":\"2023-11-25T09:31:04+00:00\",\"mainEntityOfPage\":{\"@id\":\"https:\/\/www.notibras.com\/site\/medico-condenado-por-homicidio-culposo-durante-parto\/\"},\"wordCount\":415,\"publisher\":{\"@id\":\"https:\/\/www.notibras.com\/site\/#organization\"},\"image\":{\"@id\":\"https:\/\/www.notibras.com\/site\/medico-condenado-por-homicidio-culposo-durante-parto\/#primaryimage\"},\"thumbnailUrl\":\"https:\/\/www.notibras.com\/site\/wp-content\/uploads\/2023\/06\/endoscopia-camera-digestiva-alta-exame-medico-1618416985386_v2_900x506.jpg\",\"articleSection\":[\"Quadradinho em Foco\"],\"inLanguage\":\"pt-BR\"},{\"@type\":\"WebPage\",\"@id\":\"https:\/\/www.notibras.com\/site\/medico-condenado-por-homicidio-culposo-durante-parto\/\",\"url\":\"https:\/\/www.notibras.com\/site\/medico-condenado-por-homicidio-culposo-durante-parto\/\",\"name\":\"M\u00e9dico condenado por homic\u00eddio culposo durante parto - Notibras\",\"isPartOf\":{\"@id\":\"https:\/\/www.notibras.com\/site\/#website\"},\"primaryImageOfPage\":{\"@id\":\"https:\/\/www.notibras.com\/site\/medico-condenado-por-homicidio-culposo-durante-parto\/#primaryimage\"},\"image\":{\"@id\":\"https:\/\/www.notibras.com\/site\/medico-condenado-por-homicidio-culposo-durante-parto\/#primaryimage\"},\"thumbnailUrl\":\"https:\/\/www.notibras.com\/site\/wp-content\/uploads\/2023\/06\/endoscopia-camera-digestiva-alta-exame-medico-1618416985386_v2_900x506.jpg\",\"datePublished\":\"2023-11-25T03:22:55+00:00\",\"dateModified\":\"2023-11-25T09:31:04+00:00\",\"breadcrumb\":{\"@id\":\"https:\/\/www.notibras.com\/site\/medico-condenado-por-homicidio-culposo-durante-parto\/#breadcrumb\"},\"inLanguage\":\"pt-BR\",\"potentialAction\":[{\"@type\":\"ReadAction\",\"target\":[\"https:\/\/www.notibras.com\/site\/medico-condenado-por-homicidio-culposo-durante-parto\/\"]}]},{\"@type\":\"ImageObject\",\"inLanguage\":\"pt-BR\",\"@id\":\"https:\/\/www.notibras.com\/site\/medico-condenado-por-homicidio-culposo-durante-parto\/#primaryimage\",\"url\":\"https:\/\/www.notibras.com\/site\/wp-content\/uploads\/2023\/06\/endoscopia-camera-digestiva-alta-exame-medico-1618416985386_v2_900x506.jpg\",\"contentUrl\":\"https:\/\/www.notibras.com\/site\/wp-content\/uploads\/2023\/06\/endoscopia-camera-digestiva-alta-exame-medico-1618416985386_v2_900x506.jpg\",\"width\":900,\"height\":506},{\"@type\":\"BreadcrumbList\",\"@id\":\"https:\/\/www.notibras.com\/site\/medico-condenado-por-homicidio-culposo-durante-parto\/#breadcrumb\",\"itemListElement\":[{\"@type\":\"ListItem\",\"position\":1,\"name\":\"In\u00edcio\",\"item\":\"https:\/\/www.notibras.com\/site\/\"},{\"@type\":\"ListItem\",\"position\":2,\"name\":\"M\u00e9dico condenado por homic\u00eddio culposo durante parto\"}]},{\"@type\":\"WebSite\",\"@id\":\"https:\/\/www.notibras.com\/site\/#website\",\"url\":\"https:\/\/www.notibras.com\/site\/\",\"name\":\"Notibras\",\"description\":\"Not\u00edcias de Bras\u00edlia, do Brasil e do Mundo\",\"publisher\":{\"@id\":\"https:\/\/www.notibras.com\/site\/#organization\"},\"potentialAction\":[{\"@type\":\"SearchAction\",\"target\":{\"@type\":\"EntryPoint\",\"urlTemplate\":\"https:\/\/www.notibras.com\/site\/?s={search_term_string}\"},\"query-input\":{\"@type\":\"PropertyValueSpecification\",\"valueRequired\":true,\"valueName\":\"search_term_string\"}}],\"inLanguage\":\"pt-BR\"},{\"@type\":\"Organization\",\"@id\":\"https:\/\/www.notibras.com\/site\/#organization\",\"name\":\"Grupo Notibras de Comunica\u00e7\u00e3o\",\"url\":\"https:\/\/www.notibras.com\/site\/\",\"logo\":{\"@type\":\"ImageObject\",\"inLanguage\":\"pt-BR\",\"@id\":\"https:\/\/www.notibras.com\/site\/#\/schema\/logo\/image\/\",\"url\":\"https:\/\/www.notibras.com\/site\/wp-content\/uploads\/2023\/01\/notibras23.png\",\"contentUrl\":\"https:\/\/www.notibras.com\/site\/wp-content\/uploads\/2023\/01\/notibras23.png\",\"width\":350,\"height\":87,\"caption\":\"Grupo Notibras de Comunica\u00e7\u00e3o\"},\"image\":{\"@id\":\"https:\/\/www.notibras.com\/site\/#\/schema\/logo\/image\/\"},\"sameAs\":[\"https:\/\/www.facebook.com\/notibras\/\",\"https:\/\/x.com\/Notibras\",\"https:\/\/www.instagram.com\/notibras\/\"]},{\"@type\":\"Person\",\"@id\":\"https:\/\/www.notibras.com\/site\/#\/schema\/person\/36ab0979449956132d3e5b517ea76ac8\",\"name\":\"Reda\u00e7\u00e3o\",\"image\":{\"@type\":\"ImageObject\",\"inLanguage\":\"pt-BR\",\"@id\":\"https:\/\/secure.gravatar.com\/avatar\/e0a867bdedb85fd243eadf09663511f96fc81e0720a4a42581f334ad4303aa6b?s=96&d=mm&r=g\",\"url\":\"https:\/\/secure.gravatar.com\/avatar\/e0a867bdedb85fd243eadf09663511f96fc81e0720a4a42581f334ad4303aa6b?s=96&d=mm&r=g\",\"contentUrl\":\"https:\/\/secure.gravatar.com\/avatar\/e0a867bdedb85fd243eadf09663511f96fc81e0720a4a42581f334ad4303aa6b?s=96&d=mm&r=g\",\"caption\":\"Reda\u00e7\u00e3o\"}}]}<\/script>\n<!-- \/ Yoast SEO plugin. -->","yoast_head_json":{"title":"M\u00e9dico condenado por homic\u00eddio culposo durante parto - Notibras","robots":{"index":"index","follow":"follow","max-snippet":"max-snippet:-1","max-image-preview":"max-image-preview:large","max-video-preview":"max-video-preview:-1"},"canonical":"https:\/\/www.notibras.com\/site\/medico-condenado-por-homicidio-culposo-durante-parto\/","og_locale":"pt_BR","og_type":"article","og_title":"M\u00e9dico condenado por homic\u00eddio culposo durante parto - Notibras","og_description":"A 3\u00aa Vara Criminal de Bras\u00edlia condenou um m\u00e9dico pelo crime de homic\u00eddio culposo, cometido durante parto em uma maternidade no Distrito Federal. O profissional que n\u00e3o teve o nome revelado, foi condenado a indenizar os pais do beb\u00ea morto, no valor de 120 mil reais. Al\u00e9m disso, a decis\u00e3o estabeleceu a pena de 1 [&hellip;]","og_url":"https:\/\/www.notibras.com\/site\/medico-condenado-por-homicidio-culposo-durante-parto\/","og_site_name":"Notibras","article_publisher":"https:\/\/www.facebook.com\/notibras\/","article_published_time":"2023-11-25T03:22:55+00:00","article_modified_time":"2023-11-25T09:31:04+00:00","og_image":[{"width":900,"height":506,"url":"https:\/\/www.notibras.com\/site\/wp-content\/uploads\/2023\/06\/endoscopia-camera-digestiva-alta-exame-medico-1618416985386_v2_900x506.jpg","type":"image\/jpeg"}],"author":"Reda\u00e7\u00e3o","twitter_card":"summary_large_image","twitter_creator":"@Notibras","twitter_site":"@Notibras","twitter_misc":{"Escrito por":"Reda\u00e7\u00e3o","Est. tempo de leitura":"3 minutos"},"schema":{"@context":"https:\/\/schema.org","@graph":[{"@type":"Article","@id":"https:\/\/www.notibras.com\/site\/medico-condenado-por-homicidio-culposo-durante-parto\/#article","isPartOf":{"@id":"https:\/\/www.notibras.com\/site\/medico-condenado-por-homicidio-culposo-durante-parto\/"},"author":{"name":"Reda\u00e7\u00e3o","@id":"https:\/\/www.notibras.com\/site\/#\/schema\/person\/36ab0979449956132d3e5b517ea76ac8"},"headline":"M\u00e9dico condenado por homic\u00eddio culposo durante parto","datePublished":"2023-11-25T03:22:55+00:00","dateModified":"2023-11-25T09:31:04+00:00","mainEntityOfPage":{"@id":"https:\/\/www.notibras.com\/site\/medico-condenado-por-homicidio-culposo-durante-parto\/"},"wordCount":415,"publisher":{"@id":"https:\/\/www.notibras.com\/site\/#organization"},"image":{"@id":"https:\/\/www.notibras.com\/site\/medico-condenado-por-homicidio-culposo-durante-parto\/#primaryimage"},"thumbnailUrl":"https:\/\/www.notibras.com\/site\/wp-content\/uploads\/2023\/06\/endoscopia-camera-digestiva-alta-exame-medico-1618416985386_v2_900x506.jpg","articleSection":["Quadradinho em Foco"],"inLanguage":"pt-BR"},{"@type":"WebPage","@id":"https:\/\/www.notibras.com\/site\/medico-condenado-por-homicidio-culposo-durante-parto\/","url":"https:\/\/www.notibras.com\/site\/medico-condenado-por-homicidio-culposo-durante-parto\/","name":"M\u00e9dico condenado por homic\u00eddio culposo durante parto - Notibras","isPartOf":{"@id":"https:\/\/www.notibras.com\/site\/#website"},"primaryImageOfPage":{"@id":"https:\/\/www.notibras.com\/site\/medico-condenado-por-homicidio-culposo-durante-parto\/#primaryimage"},"image":{"@id":"https:\/\/www.notibras.com\/site\/medico-condenado-por-homicidio-culposo-durante-parto\/#primaryimage"},"thumbnailUrl":"https:\/\/www.notibras.com\/site\/wp-content\/uploads\/2023\/06\/endoscopia-camera-digestiva-alta-exame-medico-1618416985386_v2_900x506.jpg","datePublished":"2023-11-25T03:22:55+00:00","dateModified":"2023-11-25T09:31:04+00:00","breadcrumb":{"@id":"https:\/\/www.notibras.com\/site\/medico-condenado-por-homicidio-culposo-durante-parto\/#breadcrumb"},"inLanguage":"pt-BR","potentialAction":[{"@type":"ReadAction","target":["https:\/\/www.notibras.com\/site\/medico-condenado-por-homicidio-culposo-durante-parto\/"]}]},{"@type":"ImageObject","inLanguage":"pt-BR","@id":"https:\/\/www.notibras.com\/site\/medico-condenado-por-homicidio-culposo-durante-parto\/#primaryimage","url":"https:\/\/www.notibras.com\/site\/wp-content\/uploads\/2023\/06\/endoscopia-camera-digestiva-alta-exame-medico-1618416985386_v2_900x506.jpg","contentUrl":"https:\/\/www.notibras.com\/site\/wp-content\/uploads\/2023\/06\/endoscopia-camera-digestiva-alta-exame-medico-1618416985386_v2_900x506.jpg","width":900,"height":506},{"@type":"BreadcrumbList","@id":"https:\/\/www.notibras.com\/site\/medico-condenado-por-homicidio-culposo-durante-parto\/#breadcrumb","itemListElement":[{"@type":"ListItem","position":1,"name":"In\u00edcio","item":"https:\/\/www.notibras.com\/site\/"},{"@type":"ListItem","position":2,"name":"M\u00e9dico condenado por homic\u00eddio culposo durante parto"}]},{"@type":"WebSite","@id":"https:\/\/www.notibras.com\/site\/#website","url":"https:\/\/www.notibras.com\/site\/","name":"Notibras","description":"Not\u00edcias de Bras\u00edlia, do Brasil e do Mundo","publisher":{"@id":"https:\/\/www.notibras.com\/site\/#organization"},"potentialAction":[{"@type":"SearchAction","target":{"@type":"EntryPoint","urlTemplate":"https:\/\/www.notibras.com\/site\/?s={search_term_string}"},"query-input":{"@type":"PropertyValueSpecification","valueRequired":true,"valueName":"search_term_string"}}],"inLanguage":"pt-BR"},{"@type":"Organization","@id":"https:\/\/www.notibras.com\/site\/#organization","name":"Grupo Notibras de Comunica\u00e7\u00e3o","url":"https:\/\/www.notibras.com\/site\/","logo":{"@type":"ImageObject","inLanguage":"pt-BR","@id":"https:\/\/www.notibras.com\/site\/#\/schema\/logo\/image\/","url":"https:\/\/www.notibras.com\/site\/wp-content\/uploads\/2023\/01\/notibras23.png","contentUrl":"https:\/\/www.notibras.com\/site\/wp-content\/uploads\/2023\/01\/notibras23.png","width":350,"height":87,"caption":"Grupo Notibras de Comunica\u00e7\u00e3o"},"image":{"@id":"https:\/\/www.notibras.com\/site\/#\/schema\/logo\/image\/"},"sameAs":["https:\/\/www.facebook.com\/notibras\/","https:\/\/x.com\/Notibras","https:\/\/www.instagram.com\/notibras\/"]},{"@type":"Person","@id":"https:\/\/www.notibras.com\/site\/#\/schema\/person\/36ab0979449956132d3e5b517ea76ac8","name":"Reda\u00e7\u00e3o","image":{"@type":"ImageObject","inLanguage":"pt-BR","@id":"https:\/\/secure.gravatar.com\/avatar\/e0a867bdedb85fd243eadf09663511f96fc81e0720a4a42581f334ad4303aa6b?s=96&d=mm&r=g","url":"https:\/\/secure.gravatar.com\/avatar\/e0a867bdedb85fd243eadf09663511f96fc81e0720a4a42581f334ad4303aa6b?s=96&d=mm&r=g","contentUrl":"https:\/\/secure.gravatar.com\/avatar\/e0a867bdedb85fd243eadf09663511f96fc81e0720a4a42581f334ad4303aa6b?s=96&d=mm&r=g","caption":"Reda\u00e7\u00e3o"}}]}},"amp_enabled":true,"_links":{"self":[{"href":"https:\/\/www.notibras.com\/site\/wp-json\/wp\/v2\/posts\/317737","targetHints":{"allow":["GET"]}}],"collection":[{"href":"https:\/\/www.notibras.com\/site\/wp-json\/wp\/v2\/posts"}],"about":[{"href":"https:\/\/www.notibras.com\/site\/wp-json\/wp\/v2\/types\/post"}],"author":[{"embeddable":true,"href":"https:\/\/www.notibras.com\/site\/wp-json\/wp\/v2\/users\/2"}],"replies":[{"embeddable":true,"href":"https:\/\/www.notibras.com\/site\/wp-json\/wp\/v2\/comments?post=317737"}],"version-history":[{"count":2,"href":"https:\/\/www.notibras.com\/site\/wp-json\/wp\/v2\/posts\/317737\/revisions"}],"predecessor-version":[{"id":317739,"href":"https:\/\/www.notibras.com\/site\/wp-json\/wp\/v2\/posts\/317737\/revisions\/317739"}],"wp:featuredmedia":[{"embeddable":true,"href":"https:\/\/www.notibras.com\/site\/wp-json\/wp\/v2\/media\/307641"}],"wp:attachment":[{"href":"https:\/\/www.notibras.com\/site\/wp-json\/wp\/v2\/media?parent=317737"}],"wp:term":[{"taxonomy":"category","embeddable":true,"href":"https:\/\/www.notibras.com\/site\/wp-json\/wp\/v2\/categories?post=317737"},{"taxonomy":"post_tag","embeddable":true,"href":"https:\/\/www.notibras.com\/site\/wp-json\/wp\/v2\/tags?post=317737"}],"curies":[{"name":"wp","href":"https:\/\/api.w.org\/{rel}","templated":true}]}}