{"id":317740,"date":"2023-11-25T06:37:52","date_gmt":"2023-11-25T09:37:52","guid":{"rendered":"https:\/\/www.notibras.com\/site\/?p=317740"},"modified":"2023-11-25T06:37:52","modified_gmt":"2023-11-25T09:37:52","slug":"minhas-filhas-o-motorista-de-uber-em-sampa-e-o-melhor-do-rio","status":"publish","type":"post","link":"https:\/\/www.notibras.com\/site\/minhas-filhas-o-motorista-de-uber-em-sampa-e-o-melhor-do-rio\/","title":{"rendered":"Minhas filhas, o motorista de Uber em Sampa e o melhor do Rio"},"content":{"rendered":"<p>A hist\u00f3ria de hoje aconteceu na cidade de S\u00e3o Paulo durante a pandemia da covid-19, cuja popula\u00e7\u00e3o \u00e9 muito maior que a de muitos pa\u00edses. Sampa, apesar da enorme multiplicidade de culturas, n\u00e3o \u00e9 propriamente o local mais lindo do mundo. Seja como for, a minha filha, que \u00e0 \u00e9poca era a mais nova, mas hoje \u00e9 a do meio, que cursa biotecnologia na USP, foi morar nessa metr\u00f3pole. E, para auxili\u00e1-la nessa mudan\u00e7a, a minha filha mais velha foi ajudar a irm\u00e3.<\/p>\n<p>E l\u00e1 estavam as duas no Uber, quando o motorista puxou conversa. Ele perguntou se as duas haviam chegado recentemente a S\u00e3o Paulo. A minha filha mais velha respondeu que sim, quando o motorista logo notou o sotaque caracter\u00edstico do Rio. A partir da\u00ed, ele come\u00e7ou a enaltecer S\u00e3o Paulo, dizendo isso e aquilo, que era o melhor lugar do mundo, o mais lindo do planeta. As minhas filhas se entreolharam espantadas, mas, como s\u00e3o muito educadas, apenas sorriram.<\/p>\n<p>&#8211; Pois \u00e9, S\u00e3o Paulo \u00e9 muito melhor que o Rio. Os cariocas n\u00e3o trabalham, vivem apenas para o carnaval.<\/p>\n<p>&#8211; Voc\u00ea j\u00e1 foi ao Rio?, perguntou a mais velha.<\/p>\n<p>&#8211; Nunca! S\u00e3o Paulo tem tudo! Aqui tem tudo e tudo aqui \u00e9 melhor! O Rio \u00e9 at\u00e9 bonitinho, mas acho que aquelas coisas que aparecem na televis\u00e3o \u00e9 tudo montagem. Deve ser um cen\u00e1rio que os jornais fazem para que o Rio pare\u00e7a ser bonito.<\/p>\n<p>As minhas filhas continuavam a se entreolhar e rir, quando o motorista estacionou o ve\u00edculo no destino, justamente o campus do USP Leste, onde fica o curso de biotecnologia. A minha filha, ent\u00e3o ca\u00e7ula, quase muda, apenas acenou com a cabe\u00e7a em agradecimento.<\/p>\n<p>No entanto, a maior, contestadora como ela s\u00f3, quis saber o time do tal motorista. Ele, com um sorriso mais largo que a pr\u00f3pria cara, respondeu:<\/p>\n<p>&#8211; O maior de todos: Flamengo!<\/p>\n","protected":false},"excerpt":{"rendered":"<p>A hist\u00f3ria de hoje aconteceu na cidade de S\u00e3o Paulo durante a pandemia da covid-19, cuja popula\u00e7\u00e3o \u00e9 muito maior que a de muitos pa\u00edses. Sampa, apesar da enorme multiplicidade de culturas, n\u00e3o \u00e9 propriamente o local mais lindo do mundo. Seja como for, a minha filha, que \u00e0 \u00e9poca era a mais nova, mas [&hellip;]<\/p>\n","protected":false},"author":2,"featured_media":317650,"comment_status":"closed","ping_status":"closed","sticky":false,"template":"","format":"standard","meta":{"_acf_changed":false,"footnotes":""},"categories":[161],"tags":[],"class_list":["post-317740","post","type-post","status-publish","format-standard","has-post-thumbnail","hentry","category-quadradinho-em-foco"],"acf":[],"yoast_head":"<!-- This site is optimized with the Yoast SEO plugin v27.2 - https:\/\/yoast.com\/product\/yoast-seo-wordpress\/ -->\n<title>Minhas filhas, o motorista de Uber em Sampa e o melhor do Rio - Notibras<\/title>\n<meta name=\"robots\" content=\"index, follow, max-snippet:-1, max-image-preview:large, max-video-preview:-1\" \/>\n<link rel=\"canonical\" href=\"https:\/\/www.notibras.com\/site\/minhas-filhas-o-motorista-de-uber-em-sampa-e-o-melhor-do-rio\/\" \/>\n<meta property=\"og:locale\" content=\"pt_BR\" \/>\n<meta property=\"og:type\" content=\"article\" \/>\n<meta property=\"og:title\" content=\"Minhas filhas, o motorista de Uber em Sampa e o melhor do Rio - Notibras\" \/>\n<meta property=\"og:description\" content=\"A hist\u00f3ria de hoje aconteceu na cidade de S\u00e3o Paulo durante a pandemia da covid-19, cuja popula\u00e7\u00e3o \u00e9 muito maior que a de muitos pa\u00edses. Sampa, apesar da enorme multiplicidade de culturas, n\u00e3o \u00e9 propriamente o local mais lindo do mundo. Seja como for, a minha filha, que \u00e0 \u00e9poca era a mais nova, mas [&hellip;]\" \/>\n<meta property=\"og:url\" content=\"https:\/\/www.notibras.com\/site\/minhas-filhas-o-motorista-de-uber-em-sampa-e-o-melhor-do-rio\/\" \/>\n<meta property=\"og:site_name\" content=\"Notibras\" \/>\n<meta property=\"article:publisher\" content=\"https:\/\/www.facebook.com\/notibras\/\" \/>\n<meta property=\"article:published_time\" content=\"2023-11-25T09:37:52+00:00\" \/>\n<meta property=\"og:image\" content=\"https:\/\/www.notibras.com\/site\/wp-content\/uploads\/2023\/11\/dufilhas.jpg\" \/>\n\t<meta property=\"og:image:width\" content=\"1024\" \/>\n\t<meta property=\"og:image:height\" content=\"768\" \/>\n\t<meta property=\"og:image:type\" content=\"image\/jpeg\" \/>\n<meta name=\"author\" content=\"Reda\u00e7\u00e3o\" \/>\n<meta name=\"twitter:card\" content=\"summary_large_image\" \/>\n<meta name=\"twitter:creator\" content=\"@Notibras\" \/>\n<meta name=\"twitter:site\" content=\"@Notibras\" \/>\n<meta name=\"twitter:label1\" content=\"Escrito por\" \/>\n\t<meta name=\"twitter:data1\" content=\"Reda\u00e7\u00e3o\" \/>\n\t<meta name=\"twitter:label2\" content=\"Est. tempo de leitura\" \/>\n\t<meta name=\"twitter:data2\" content=\"2 minutos\" \/>\n<script type=\"application\/ld+json\" class=\"yoast-schema-graph\">{\"@context\":\"https:\/\/schema.org\",\"@graph\":[{\"@type\":\"Article\",\"@id\":\"https:\/\/www.notibras.com\/site\/minhas-filhas-o-motorista-de-uber-em-sampa-e-o-melhor-do-rio\/#article\",\"isPartOf\":{\"@id\":\"https:\/\/www.notibras.com\/site\/minhas-filhas-o-motorista-de-uber-em-sampa-e-o-melhor-do-rio\/\"},\"author\":{\"name\":\"Reda\u00e7\u00e3o\",\"@id\":\"https:\/\/www.notibras.com\/site\/#\/schema\/person\/36ab0979449956132d3e5b517ea76ac8\"},\"headline\":\"Minhas filhas, o motorista de Uber em Sampa e o melhor do Rio\",\"datePublished\":\"2023-11-25T09:37:52+00:00\",\"mainEntityOfPage\":{\"@id\":\"https:\/\/www.notibras.com\/site\/minhas-filhas-o-motorista-de-uber-em-sampa-e-o-melhor-do-rio\/\"},\"wordCount\":341,\"publisher\":{\"@id\":\"https:\/\/www.notibras.com\/site\/#organization\"},\"image\":{\"@id\":\"https:\/\/www.notibras.com\/site\/minhas-filhas-o-motorista-de-uber-em-sampa-e-o-melhor-do-rio\/#primaryimage\"},\"thumbnailUrl\":\"https:\/\/www.notibras.com\/site\/wp-content\/uploads\/2023\/11\/dufilhas.jpg\",\"articleSection\":[\"Quadradinho em Foco\"],\"inLanguage\":\"pt-BR\"},{\"@type\":\"WebPage\",\"@id\":\"https:\/\/www.notibras.com\/site\/minhas-filhas-o-motorista-de-uber-em-sampa-e-o-melhor-do-rio\/\",\"url\":\"https:\/\/www.notibras.com\/site\/minhas-filhas-o-motorista-de-uber-em-sampa-e-o-melhor-do-rio\/\",\"name\":\"Minhas filhas, o motorista de Uber em Sampa e o melhor do Rio - Notibras\",\"isPartOf\":{\"@id\":\"https:\/\/www.notibras.com\/site\/#website\"},\"primaryImageOfPage\":{\"@id\":\"https:\/\/www.notibras.com\/site\/minhas-filhas-o-motorista-de-uber-em-sampa-e-o-melhor-do-rio\/#primaryimage\"},\"image\":{\"@id\":\"https:\/\/www.notibras.com\/site\/minhas-filhas-o-motorista-de-uber-em-sampa-e-o-melhor-do-rio\/#primaryimage\"},\"thumbnailUrl\":\"https:\/\/www.notibras.com\/site\/wp-content\/uploads\/2023\/11\/dufilhas.jpg\",\"datePublished\":\"2023-11-25T09:37:52+00:00\",\"breadcrumb\":{\"@id\":\"https:\/\/www.notibras.com\/site\/minhas-filhas-o-motorista-de-uber-em-sampa-e-o-melhor-do-rio\/#breadcrumb\"},\"inLanguage\":\"pt-BR\",\"potentialAction\":[{\"@type\":\"ReadAction\",\"target\":[\"https:\/\/www.notibras.com\/site\/minhas-filhas-o-motorista-de-uber-em-sampa-e-o-melhor-do-rio\/\"]}]},{\"@type\":\"ImageObject\",\"inLanguage\":\"pt-BR\",\"@id\":\"https:\/\/www.notibras.com\/site\/minhas-filhas-o-motorista-de-uber-em-sampa-e-o-melhor-do-rio\/#primaryimage\",\"url\":\"https:\/\/www.notibras.com\/site\/wp-content\/uploads\/2023\/11\/dufilhas.jpg\",\"contentUrl\":\"https:\/\/www.notibras.com\/site\/wp-content\/uploads\/2023\/11\/dufilhas.jpg\",\"width\":1024,\"height\":768},{\"@type\":\"BreadcrumbList\",\"@id\":\"https:\/\/www.notibras.com\/site\/minhas-filhas-o-motorista-de-uber-em-sampa-e-o-melhor-do-rio\/#breadcrumb\",\"itemListElement\":[{\"@type\":\"ListItem\",\"position\":1,\"name\":\"In\u00edcio\",\"item\":\"https:\/\/www.notibras.com\/site\/\"},{\"@type\":\"ListItem\",\"position\":2,\"name\":\"Minhas filhas, o motorista de Uber em Sampa e o melhor do Rio\"}]},{\"@type\":\"WebSite\",\"@id\":\"https:\/\/www.notibras.com\/site\/#website\",\"url\":\"https:\/\/www.notibras.com\/site\/\",\"name\":\"Notibras\",\"description\":\"Not\u00edcias de Bras\u00edlia, do Brasil e do Mundo\",\"publisher\":{\"@id\":\"https:\/\/www.notibras.com\/site\/#organization\"},\"potentialAction\":[{\"@type\":\"SearchAction\",\"target\":{\"@type\":\"EntryPoint\",\"urlTemplate\":\"https:\/\/www.notibras.com\/site\/?s={search_term_string}\"},\"query-input\":{\"@type\":\"PropertyValueSpecification\",\"valueRequired\":true,\"valueName\":\"search_term_string\"}}],\"inLanguage\":\"pt-BR\"},{\"@type\":\"Organization\",\"@id\":\"https:\/\/www.notibras.com\/site\/#organization\",\"name\":\"Grupo Notibras de Comunica\u00e7\u00e3o\",\"url\":\"https:\/\/www.notibras.com\/site\/\",\"logo\":{\"@type\":\"ImageObject\",\"inLanguage\":\"pt-BR\",\"@id\":\"https:\/\/www.notibras.com\/site\/#\/schema\/logo\/image\/\",\"url\":\"https:\/\/www.notibras.com\/site\/wp-content\/uploads\/2023\/01\/notibras23.png\",\"contentUrl\":\"https:\/\/www.notibras.com\/site\/wp-content\/uploads\/2023\/01\/notibras23.png\",\"width\":350,\"height\":87,\"caption\":\"Grupo Notibras de Comunica\u00e7\u00e3o\"},\"image\":{\"@id\":\"https:\/\/www.notibras.com\/site\/#\/schema\/logo\/image\/\"},\"sameAs\":[\"https:\/\/www.facebook.com\/notibras\/\",\"https:\/\/x.com\/Notibras\",\"https:\/\/www.instagram.com\/notibras\/\"]},{\"@type\":\"Person\",\"@id\":\"https:\/\/www.notibras.com\/site\/#\/schema\/person\/36ab0979449956132d3e5b517ea76ac8\",\"name\":\"Reda\u00e7\u00e3o\",\"image\":{\"@type\":\"ImageObject\",\"inLanguage\":\"pt-BR\",\"@id\":\"https:\/\/secure.gravatar.com\/avatar\/e0a867bdedb85fd243eadf09663511f96fc81e0720a4a42581f334ad4303aa6b?s=96&d=mm&r=g\",\"url\":\"https:\/\/secure.gravatar.com\/avatar\/e0a867bdedb85fd243eadf09663511f96fc81e0720a4a42581f334ad4303aa6b?s=96&d=mm&r=g\",\"contentUrl\":\"https:\/\/secure.gravatar.com\/avatar\/e0a867bdedb85fd243eadf09663511f96fc81e0720a4a42581f334ad4303aa6b?s=96&d=mm&r=g\",\"caption\":\"Reda\u00e7\u00e3o\"}}]}<\/script>\n<!-- \/ Yoast SEO plugin. -->","yoast_head_json":{"title":"Minhas filhas, o motorista de Uber em Sampa e o melhor do Rio - Notibras","robots":{"index":"index","follow":"follow","max-snippet":"max-snippet:-1","max-image-preview":"max-image-preview:large","max-video-preview":"max-video-preview:-1"},"canonical":"https:\/\/www.notibras.com\/site\/minhas-filhas-o-motorista-de-uber-em-sampa-e-o-melhor-do-rio\/","og_locale":"pt_BR","og_type":"article","og_title":"Minhas filhas, o motorista de Uber em Sampa e o melhor do Rio - Notibras","og_description":"A hist\u00f3ria de hoje aconteceu na cidade de S\u00e3o Paulo durante a pandemia da covid-19, cuja popula\u00e7\u00e3o \u00e9 muito maior que a de muitos pa\u00edses. Sampa, apesar da enorme multiplicidade de culturas, n\u00e3o \u00e9 propriamente o local mais lindo do mundo. Seja como for, a minha filha, que \u00e0 \u00e9poca era a mais nova, mas [&hellip;]","og_url":"https:\/\/www.notibras.com\/site\/minhas-filhas-o-motorista-de-uber-em-sampa-e-o-melhor-do-rio\/","og_site_name":"Notibras","article_publisher":"https:\/\/www.facebook.com\/notibras\/","article_published_time":"2023-11-25T09:37:52+00:00","og_image":[{"width":1024,"height":768,"url":"https:\/\/www.notibras.com\/site\/wp-content\/uploads\/2023\/11\/dufilhas.jpg","type":"image\/jpeg"}],"author":"Reda\u00e7\u00e3o","twitter_card":"summary_large_image","twitter_creator":"@Notibras","twitter_site":"@Notibras","twitter_misc":{"Escrito por":"Reda\u00e7\u00e3o","Est. tempo de leitura":"2 minutos"},"schema":{"@context":"https:\/\/schema.org","@graph":[{"@type":"Article","@id":"https:\/\/www.notibras.com\/site\/minhas-filhas-o-motorista-de-uber-em-sampa-e-o-melhor-do-rio\/#article","isPartOf":{"@id":"https:\/\/www.notibras.com\/site\/minhas-filhas-o-motorista-de-uber-em-sampa-e-o-melhor-do-rio\/"},"author":{"name":"Reda\u00e7\u00e3o","@id":"https:\/\/www.notibras.com\/site\/#\/schema\/person\/36ab0979449956132d3e5b517ea76ac8"},"headline":"Minhas filhas, o motorista de Uber em Sampa e o melhor do Rio","datePublished":"2023-11-25T09:37:52+00:00","mainEntityOfPage":{"@id":"https:\/\/www.notibras.com\/site\/minhas-filhas-o-motorista-de-uber-em-sampa-e-o-melhor-do-rio\/"},"wordCount":341,"publisher":{"@id":"https:\/\/www.notibras.com\/site\/#organization"},"image":{"@id":"https:\/\/www.notibras.com\/site\/minhas-filhas-o-motorista-de-uber-em-sampa-e-o-melhor-do-rio\/#primaryimage"},"thumbnailUrl":"https:\/\/www.notibras.com\/site\/wp-content\/uploads\/2023\/11\/dufilhas.jpg","articleSection":["Quadradinho em Foco"],"inLanguage":"pt-BR"},{"@type":"WebPage","@id":"https:\/\/www.notibras.com\/site\/minhas-filhas-o-motorista-de-uber-em-sampa-e-o-melhor-do-rio\/","url":"https:\/\/www.notibras.com\/site\/minhas-filhas-o-motorista-de-uber-em-sampa-e-o-melhor-do-rio\/","name":"Minhas filhas, o motorista de Uber em Sampa e o melhor do Rio - Notibras","isPartOf":{"@id":"https:\/\/www.notibras.com\/site\/#website"},"primaryImageOfPage":{"@id":"https:\/\/www.notibras.com\/site\/minhas-filhas-o-motorista-de-uber-em-sampa-e-o-melhor-do-rio\/#primaryimage"},"image":{"@id":"https:\/\/www.notibras.com\/site\/minhas-filhas-o-motorista-de-uber-em-sampa-e-o-melhor-do-rio\/#primaryimage"},"thumbnailUrl":"https:\/\/www.notibras.com\/site\/wp-content\/uploads\/2023\/11\/dufilhas.jpg","datePublished":"2023-11-25T09:37:52+00:00","breadcrumb":{"@id":"https:\/\/www.notibras.com\/site\/minhas-filhas-o-motorista-de-uber-em-sampa-e-o-melhor-do-rio\/#breadcrumb"},"inLanguage":"pt-BR","potentialAction":[{"@type":"ReadAction","target":["https:\/\/www.notibras.com\/site\/minhas-filhas-o-motorista-de-uber-em-sampa-e-o-melhor-do-rio\/"]}]},{"@type":"ImageObject","inLanguage":"pt-BR","@id":"https:\/\/www.notibras.com\/site\/minhas-filhas-o-motorista-de-uber-em-sampa-e-o-melhor-do-rio\/#primaryimage","url":"https:\/\/www.notibras.com\/site\/wp-content\/uploads\/2023\/11\/dufilhas.jpg","contentUrl":"https:\/\/www.notibras.com\/site\/wp-content\/uploads\/2023\/11\/dufilhas.jpg","width":1024,"height":768},{"@type":"BreadcrumbList","@id":"https:\/\/www.notibras.com\/site\/minhas-filhas-o-motorista-de-uber-em-sampa-e-o-melhor-do-rio\/#breadcrumb","itemListElement":[{"@type":"ListItem","position":1,"name":"In\u00edcio","item":"https:\/\/www.notibras.com\/site\/"},{"@type":"ListItem","position":2,"name":"Minhas filhas, o motorista de Uber em Sampa e o melhor do Rio"}]},{"@type":"WebSite","@id":"https:\/\/www.notibras.com\/site\/#website","url":"https:\/\/www.notibras.com\/site\/","name":"Notibras","description":"Not\u00edcias de Bras\u00edlia, do Brasil e do Mundo","publisher":{"@id":"https:\/\/www.notibras.com\/site\/#organization"},"potentialAction":[{"@type":"SearchAction","target":{"@type":"EntryPoint","urlTemplate":"https:\/\/www.notibras.com\/site\/?s={search_term_string}"},"query-input":{"@type":"PropertyValueSpecification","valueRequired":true,"valueName":"search_term_string"}}],"inLanguage":"pt-BR"},{"@type":"Organization","@id":"https:\/\/www.notibras.com\/site\/#organization","name":"Grupo Notibras de Comunica\u00e7\u00e3o","url":"https:\/\/www.notibras.com\/site\/","logo":{"@type":"ImageObject","inLanguage":"pt-BR","@id":"https:\/\/www.notibras.com\/site\/#\/schema\/logo\/image\/","url":"https:\/\/www.notibras.com\/site\/wp-content\/uploads\/2023\/01\/notibras23.png","contentUrl":"https:\/\/www.notibras.com\/site\/wp-content\/uploads\/2023\/01\/notibras23.png","width":350,"height":87,"caption":"Grupo Notibras de Comunica\u00e7\u00e3o"},"image":{"@id":"https:\/\/www.notibras.com\/site\/#\/schema\/logo\/image\/"},"sameAs":["https:\/\/www.facebook.com\/notibras\/","https:\/\/x.com\/Notibras","https:\/\/www.instagram.com\/notibras\/"]},{"@type":"Person","@id":"https:\/\/www.notibras.com\/site\/#\/schema\/person\/36ab0979449956132d3e5b517ea76ac8","name":"Reda\u00e7\u00e3o","image":{"@type":"ImageObject","inLanguage":"pt-BR","@id":"https:\/\/secure.gravatar.com\/avatar\/e0a867bdedb85fd243eadf09663511f96fc81e0720a4a42581f334ad4303aa6b?s=96&d=mm&r=g","url":"https:\/\/secure.gravatar.com\/avatar\/e0a867bdedb85fd243eadf09663511f96fc81e0720a4a42581f334ad4303aa6b?s=96&d=mm&r=g","contentUrl":"https:\/\/secure.gravatar.com\/avatar\/e0a867bdedb85fd243eadf09663511f96fc81e0720a4a42581f334ad4303aa6b?s=96&d=mm&r=g","caption":"Reda\u00e7\u00e3o"}}]}},"amp_enabled":true,"_links":{"self":[{"href":"https:\/\/www.notibras.com\/site\/wp-json\/wp\/v2\/posts\/317740","targetHints":{"allow":["GET"]}}],"collection":[{"href":"https:\/\/www.notibras.com\/site\/wp-json\/wp\/v2\/posts"}],"about":[{"href":"https:\/\/www.notibras.com\/site\/wp-json\/wp\/v2\/types\/post"}],"author":[{"embeddable":true,"href":"https:\/\/www.notibras.com\/site\/wp-json\/wp\/v2\/users\/2"}],"replies":[{"embeddable":true,"href":"https:\/\/www.notibras.com\/site\/wp-json\/wp\/v2\/comments?post=317740"}],"version-history":[{"count":1,"href":"https:\/\/www.notibras.com\/site\/wp-json\/wp\/v2\/posts\/317740\/revisions"}],"predecessor-version":[{"id":317742,"href":"https:\/\/www.notibras.com\/site\/wp-json\/wp\/v2\/posts\/317740\/revisions\/317742"}],"wp:featuredmedia":[{"embeddable":true,"href":"https:\/\/www.notibras.com\/site\/wp-json\/wp\/v2\/media\/317650"}],"wp:attachment":[{"href":"https:\/\/www.notibras.com\/site\/wp-json\/wp\/v2\/media?parent=317740"}],"wp:term":[{"taxonomy":"category","embeddable":true,"href":"https:\/\/www.notibras.com\/site\/wp-json\/wp\/v2\/categories?post=317740"},{"taxonomy":"post_tag","embeddable":true,"href":"https:\/\/www.notibras.com\/site\/wp-json\/wp\/v2\/tags?post=317740"}],"curies":[{"name":"wp","href":"https:\/\/api.w.org\/{rel}","templated":true}]}}