{"id":317779,"date":"2023-11-25T16:01:25","date_gmt":"2023-11-25T19:01:25","guid":{"rendered":"https:\/\/www.notibras.com\/site\/?p=317779"},"modified":"2023-11-25T21:03:30","modified_gmt":"2023-11-26T00:03:30","slug":"policiais-civis-reagem-a-veto-de-lula-a-direitos-e-apontam-traicao","status":"publish","type":"post","link":"https:\/\/www.notibras.com\/site\/policiais-civis-reagem-a-veto-de-lula-a-direitos-e-apontam-traicao\/","title":{"rendered":"Policiais civis reagem a veto de Lula a direitos e apontam trai\u00e7\u00e3o"},"content":{"rendered":"<p>Os vetos na Lei Org\u00e2nica Nacional das Pol\u00edcias Civis, sancionada pelo presidente Luiz In\u00e1cio Lula da Silva e publicada na quinta-feira (23) no Di\u00e1rio Oficial da Uni\u00e3o, provocaram a rea\u00e7\u00e3o de diversas entidades de classe. O texto deixou de fora t\u00f3picos como indeniza\u00e7\u00f5es e aposentadoria integral.<\/p>\n<p>Em nota conjunta, a Associa\u00e7\u00e3o dos Delegados de Pol\u00edcia do Brasil (Adepol), a Confedera\u00e7\u00e3o Brasileira de Trabalhadores Policiais Civis (Cobrapol) e a Federa\u00e7\u00e3o Nacional dos Peritos Oficiais em Identifica\u00e7\u00e3o (Fenappi) citam \u201ctrai\u00e7\u00e3o\u201d por parte do governo federal.<\/p>\n<p>O comunicado destaca que, apesar de meses de \u201cdi\u00e1logo cont\u00ednuo e respeitoso\u201d, prevaleceu \u201cuma posi\u00e7\u00e3o pol\u00edtica antag\u00f4nica a tudo que fora acordado e uma literal trai\u00e7\u00e3o \u00e0s entidades de classe, aos congressistas, \u00e0 categoria de policiais civis do Brasil e \u00e0 toda sociedade brasileira\u201d.<\/p>\n<p>\u201cCausa ainda mais perplexidade a desfa\u00e7atez de vetos de dispositivos j\u00e1 consagrados em leis estaduais e da pr\u00f3pria Constitui\u00e7\u00e3o Federal que asseguram direitos aos policiais civis, como regras de previd\u00eancia, licen\u00e7a classista remunerada, direito a indeniza\u00e7\u00f5es inerentes \u00e0 atividade policial civil como insalubridade e periculosidade\u201d, acrescenta a nota.<\/p>\n<p>\u201cAt\u00e9 direitos b\u00e1sicos aos policiais civis aposentados ser\u00e3o vetados, deixando-os marginalizados e com inseguran\u00e7a jur\u00eddica e funcional, como se n\u00e3o tivessem m\u00ednima dignidade existencial mesmo diante de d\u00e9cadas de servi\u00e7o de risco prestado \u00e0 sociedade\u201d, completa o texto.<\/p>\n<p><strong>Sindicatos<\/strong><br \/>\nTamb\u00e9m em nota, o Sindicato dos Policiais Civis do Distrito Federal (Sinpol-DF) citou esfor\u00e7o coletivo no intuito de assegurar uma reda\u00e7\u00e3o \u201cmais aprimorada poss\u00edvel\u201d, com o objetivo de modernizar as corpora\u00e7\u00f5es e atualizar as atribui\u00e7\u00f5es das carreiras, atendendo e respeitando especificidades de cada regi\u00e3o.<\/p>\n<p>\u201cA expectativa era que, com a mudan\u00e7a de governo, a Lei Org\u00e2nica Nacional das Pol\u00edcias Civis finalmente avan\u00e7asse, representando um progresso significativo para a categoria. No entanto, os 31 vetos foram disparados contra os milhares de policiais civis que, diariamente, se sacrificam para proteger vidas dos cidad\u00e3os brasileiros. Isso \u00e9 profundamente injusto.\u201d<\/p>\n<p>O Sindicato dos Policiais Civis do Estado do Maranh\u00e3o (Sinpol-MA) disse repudiar veementemente a san\u00e7\u00e3o da lei e afirmou que os vetos n\u00e3o causam \u201cestranheza alguma\u201d. \u201cConforme se percebe da fundamenta\u00e7\u00e3o que subsidiou os vetos, a maioria foi calcada no interesse p\u00fablico. Indaga-se: A seguran\u00e7a p\u00fablica e o fortalecimento da institui\u00e7\u00e3o que combate a criminalidade n\u00e3o s\u00e3o de interesse p\u00fablico?\u201d<\/p>\n<p><strong>Vetos<\/strong><br \/>\nEntre os artigos vetados pelo presidente est\u00e3o a garantia de aposentadoria integral; o pagamento de indeniza\u00e7\u00f5es por insalubridade, periculosidade e atividade em local de dif\u00edcil acesso; e a ajuda de custo em caso de remo\u00e7\u00e3o para outra cidade; al\u00e9m de licen\u00e7a-gestante, licen\u00e7a-maternidade e licen\u00e7a-paternidade.<\/p>\n<p>Em comunicado, a Presid\u00eancia da Rep\u00fablica cita que, em conformidade com o posicionamento de minist\u00e9rios conectados ao tema, Lula decidiu vetar, \u201cpor inconstitucionalidade e contrariedade ao interesse p\u00fablico\u201d, dispositivos que permitiam interfer\u00eancia na organiza\u00e7\u00e3o pol\u00edtico-administrativa dos estados, com impacto negativo sobre o equil\u00edbrio federativo e a seguran\u00e7a jur\u00eddica.<\/p>\n<p>\u201cTamb\u00e9m vetou a\u00e7\u00f5es que restringiam a autonomia dos entes federativos e que previam contrata\u00e7\u00e3o em unidades de sa\u00fade por mero processo seletivo sem aprova\u00e7\u00e3o pr\u00e9via em concurso p\u00fablico.\u201d<\/p>\n","protected":false},"excerpt":{"rendered":"<p>Os vetos na Lei Org\u00e2nica Nacional das Pol\u00edcias Civis, sancionada pelo presidente Luiz In\u00e1cio Lula da Silva e publicada na quinta-feira (23) no Di\u00e1rio Oficial da Uni\u00e3o, provocaram a rea\u00e7\u00e3o de diversas entidades de classe. O texto deixou de fora t\u00f3picos como indeniza\u00e7\u00f5es e aposentadoria integral. Em nota conjunta, a Associa\u00e7\u00e3o dos Delegados de Pol\u00edcia [&hellip;]<\/p>\n","protected":false},"author":2,"featured_media":317780,"comment_status":"closed","ping_status":"closed","sticky":false,"template":"","format":"standard","meta":{"_acf_changed":false,"footnotes":""},"categories":[161],"tags":[95],"class_list":["post-317779","post","type-post","status-publish","format-standard","has-post-thumbnail","hentry","category-quadradinho-em-foco","tag-capa"],"acf":[],"yoast_head":"<!-- This site is optimized with the Yoast SEO plugin v27.2 - https:\/\/yoast.com\/product\/yoast-seo-wordpress\/ -->\n<title>Policiais civis reagem a veto de Lula a direitos e apontam trai\u00e7\u00e3o - Notibras<\/title>\n<meta name=\"robots\" content=\"index, follow, max-snippet:-1, max-image-preview:large, max-video-preview:-1\" \/>\n<link rel=\"canonical\" href=\"https:\/\/www.notibras.com\/site\/policiais-civis-reagem-a-veto-de-lula-a-direitos-e-apontam-traicao\/\" \/>\n<meta property=\"og:locale\" content=\"pt_BR\" \/>\n<meta property=\"og:type\" content=\"article\" \/>\n<meta property=\"og:title\" content=\"Policiais civis reagem a veto de Lula a direitos e apontam trai\u00e7\u00e3o - Notibras\" \/>\n<meta property=\"og:description\" content=\"Os vetos na Lei Org\u00e2nica Nacional das Pol\u00edcias Civis, sancionada pelo presidente Luiz In\u00e1cio Lula da Silva e publicada na quinta-feira (23) no Di\u00e1rio Oficial da Uni\u00e3o, provocaram a rea\u00e7\u00e3o de diversas entidades de classe. O texto deixou de fora t\u00f3picos como indeniza\u00e7\u00f5es e aposentadoria integral. Em nota conjunta, a Associa\u00e7\u00e3o dos Delegados de Pol\u00edcia [&hellip;]\" \/>\n<meta property=\"og:url\" content=\"https:\/\/www.notibras.com\/site\/policiais-civis-reagem-a-veto-de-lula-a-direitos-e-apontam-traicao\/\" \/>\n<meta property=\"og:site_name\" content=\"Notibras\" \/>\n<meta property=\"article:publisher\" content=\"https:\/\/www.facebook.com\/notibras\/\" \/>\n<meta property=\"article:published_time\" content=\"2023-11-25T19:01:25+00:00\" \/>\n<meta property=\"article:modified_time\" content=\"2023-11-26T00:03:30+00:00\" \/>\n<meta property=\"og:image\" content=\"https:\/\/www.notibras.com\/site\/wp-content\/uploads\/2023\/11\/pctyra.webp\" \/>\n\t<meta property=\"og:image:width\" content=\"1170\" \/>\n\t<meta property=\"og:image:height\" content=\"700\" \/>\n\t<meta property=\"og:image:type\" content=\"image\/webp\" \/>\n<meta name=\"author\" content=\"Reda\u00e7\u00e3o\" \/>\n<meta name=\"twitter:card\" content=\"summary_large_image\" \/>\n<meta name=\"twitter:creator\" content=\"@Notibras\" \/>\n<meta name=\"twitter:site\" content=\"@Notibras\" \/>\n<meta name=\"twitter:label1\" content=\"Escrito por\" \/>\n\t<meta name=\"twitter:data1\" content=\"Reda\u00e7\u00e3o\" \/>\n\t<meta name=\"twitter:label2\" content=\"Est. tempo de leitura\" \/>\n\t<meta name=\"twitter:data2\" content=\"3 minutos\" \/>\n<script type=\"application\/ld+json\" class=\"yoast-schema-graph\">{\"@context\":\"https:\/\/schema.org\",\"@graph\":[{\"@type\":\"Article\",\"@id\":\"https:\/\/www.notibras.com\/site\/policiais-civis-reagem-a-veto-de-lula-a-direitos-e-apontam-traicao\/#article\",\"isPartOf\":{\"@id\":\"https:\/\/www.notibras.com\/site\/policiais-civis-reagem-a-veto-de-lula-a-direitos-e-apontam-traicao\/\"},\"author\":{\"name\":\"Reda\u00e7\u00e3o\",\"@id\":\"https:\/\/www.notibras.com\/site\/#\/schema\/person\/36ab0979449956132d3e5b517ea76ac8\"},\"headline\":\"Policiais civis reagem a veto de Lula a direitos e apontam trai\u00e7\u00e3o\",\"datePublished\":\"2023-11-25T19:01:25+00:00\",\"dateModified\":\"2023-11-26T00:03:30+00:00\",\"mainEntityOfPage\":{\"@id\":\"https:\/\/www.notibras.com\/site\/policiais-civis-reagem-a-veto-de-lula-a-direitos-e-apontam-traicao\/\"},\"wordCount\":579,\"publisher\":{\"@id\":\"https:\/\/www.notibras.com\/site\/#organization\"},\"image\":{\"@id\":\"https:\/\/www.notibras.com\/site\/policiais-civis-reagem-a-veto-de-lula-a-direitos-e-apontam-traicao\/#primaryimage\"},\"thumbnailUrl\":\"https:\/\/www.notibras.com\/site\/wp-content\/uploads\/2023\/11\/pctyra.webp\",\"keywords\":[\"capa\"],\"articleSection\":[\"Quadradinho em Foco\"],\"inLanguage\":\"pt-BR\"},{\"@type\":\"WebPage\",\"@id\":\"https:\/\/www.notibras.com\/site\/policiais-civis-reagem-a-veto-de-lula-a-direitos-e-apontam-traicao\/\",\"url\":\"https:\/\/www.notibras.com\/site\/policiais-civis-reagem-a-veto-de-lula-a-direitos-e-apontam-traicao\/\",\"name\":\"Policiais civis reagem a veto de Lula a direitos e apontam trai\u00e7\u00e3o - Notibras\",\"isPartOf\":{\"@id\":\"https:\/\/www.notibras.com\/site\/#website\"},\"primaryImageOfPage\":{\"@id\":\"https:\/\/www.notibras.com\/site\/policiais-civis-reagem-a-veto-de-lula-a-direitos-e-apontam-traicao\/#primaryimage\"},\"image\":{\"@id\":\"https:\/\/www.notibras.com\/site\/policiais-civis-reagem-a-veto-de-lula-a-direitos-e-apontam-traicao\/#primaryimage\"},\"thumbnailUrl\":\"https:\/\/www.notibras.com\/site\/wp-content\/uploads\/2023\/11\/pctyra.webp\",\"datePublished\":\"2023-11-25T19:01:25+00:00\",\"dateModified\":\"2023-11-26T00:03:30+00:00\",\"breadcrumb\":{\"@id\":\"https:\/\/www.notibras.com\/site\/policiais-civis-reagem-a-veto-de-lula-a-direitos-e-apontam-traicao\/#breadcrumb\"},\"inLanguage\":\"pt-BR\",\"potentialAction\":[{\"@type\":\"ReadAction\",\"target\":[\"https:\/\/www.notibras.com\/site\/policiais-civis-reagem-a-veto-de-lula-a-direitos-e-apontam-traicao\/\"]}]},{\"@type\":\"ImageObject\",\"inLanguage\":\"pt-BR\",\"@id\":\"https:\/\/www.notibras.com\/site\/policiais-civis-reagem-a-veto-de-lula-a-direitos-e-apontam-traicao\/#primaryimage\",\"url\":\"https:\/\/www.notibras.com\/site\/wp-content\/uploads\/2023\/11\/pctyra.webp\",\"contentUrl\":\"https:\/\/www.notibras.com\/site\/wp-content\/uploads\/2023\/11\/pctyra.webp\",\"width\":1170,\"height\":700},{\"@type\":\"BreadcrumbList\",\"@id\":\"https:\/\/www.notibras.com\/site\/policiais-civis-reagem-a-veto-de-lula-a-direitos-e-apontam-traicao\/#breadcrumb\",\"itemListElement\":[{\"@type\":\"ListItem\",\"position\":1,\"name\":\"In\u00edcio\",\"item\":\"https:\/\/www.notibras.com\/site\/\"},{\"@type\":\"ListItem\",\"position\":2,\"name\":\"Policiais civis reagem a veto de Lula a direitos e apontam trai\u00e7\u00e3o\"}]},{\"@type\":\"WebSite\",\"@id\":\"https:\/\/www.notibras.com\/site\/#website\",\"url\":\"https:\/\/www.notibras.com\/site\/\",\"name\":\"Notibras\",\"description\":\"Not\u00edcias de Bras\u00edlia, do Brasil e do Mundo\",\"publisher\":{\"@id\":\"https:\/\/www.notibras.com\/site\/#organization\"},\"potentialAction\":[{\"@type\":\"SearchAction\",\"target\":{\"@type\":\"EntryPoint\",\"urlTemplate\":\"https:\/\/www.notibras.com\/site\/?s={search_term_string}\"},\"query-input\":{\"@type\":\"PropertyValueSpecification\",\"valueRequired\":true,\"valueName\":\"search_term_string\"}}],\"inLanguage\":\"pt-BR\"},{\"@type\":\"Organization\",\"@id\":\"https:\/\/www.notibras.com\/site\/#organization\",\"name\":\"Grupo Notibras de Comunica\u00e7\u00e3o\",\"url\":\"https:\/\/www.notibras.com\/site\/\",\"logo\":{\"@type\":\"ImageObject\",\"inLanguage\":\"pt-BR\",\"@id\":\"https:\/\/www.notibras.com\/site\/#\/schema\/logo\/image\/\",\"url\":\"https:\/\/www.notibras.com\/site\/wp-content\/uploads\/2023\/01\/notibras23.png\",\"contentUrl\":\"https:\/\/www.notibras.com\/site\/wp-content\/uploads\/2023\/01\/notibras23.png\",\"width\":350,\"height\":87,\"caption\":\"Grupo Notibras de Comunica\u00e7\u00e3o\"},\"image\":{\"@id\":\"https:\/\/www.notibras.com\/site\/#\/schema\/logo\/image\/\"},\"sameAs\":[\"https:\/\/www.facebook.com\/notibras\/\",\"https:\/\/x.com\/Notibras\",\"https:\/\/www.instagram.com\/notibras\/\"]},{\"@type\":\"Person\",\"@id\":\"https:\/\/www.notibras.com\/site\/#\/schema\/person\/36ab0979449956132d3e5b517ea76ac8\",\"name\":\"Reda\u00e7\u00e3o\",\"image\":{\"@type\":\"ImageObject\",\"inLanguage\":\"pt-BR\",\"@id\":\"https:\/\/secure.gravatar.com\/avatar\/e0a867bdedb85fd243eadf09663511f96fc81e0720a4a42581f334ad4303aa6b?s=96&d=mm&r=g\",\"url\":\"https:\/\/secure.gravatar.com\/avatar\/e0a867bdedb85fd243eadf09663511f96fc81e0720a4a42581f334ad4303aa6b?s=96&d=mm&r=g\",\"contentUrl\":\"https:\/\/secure.gravatar.com\/avatar\/e0a867bdedb85fd243eadf09663511f96fc81e0720a4a42581f334ad4303aa6b?s=96&d=mm&r=g\",\"caption\":\"Reda\u00e7\u00e3o\"}}]}<\/script>\n<!-- \/ Yoast SEO plugin. -->","yoast_head_json":{"title":"Policiais civis reagem a veto de Lula a direitos e apontam trai\u00e7\u00e3o - Notibras","robots":{"index":"index","follow":"follow","max-snippet":"max-snippet:-1","max-image-preview":"max-image-preview:large","max-video-preview":"max-video-preview:-1"},"canonical":"https:\/\/www.notibras.com\/site\/policiais-civis-reagem-a-veto-de-lula-a-direitos-e-apontam-traicao\/","og_locale":"pt_BR","og_type":"article","og_title":"Policiais civis reagem a veto de Lula a direitos e apontam trai\u00e7\u00e3o - Notibras","og_description":"Os vetos na Lei Org\u00e2nica Nacional das Pol\u00edcias Civis, sancionada pelo presidente Luiz In\u00e1cio Lula da Silva e publicada na quinta-feira (23) no Di\u00e1rio Oficial da Uni\u00e3o, provocaram a rea\u00e7\u00e3o de diversas entidades de classe. O texto deixou de fora t\u00f3picos como indeniza\u00e7\u00f5es e aposentadoria integral. Em nota conjunta, a Associa\u00e7\u00e3o dos Delegados de Pol\u00edcia [&hellip;]","og_url":"https:\/\/www.notibras.com\/site\/policiais-civis-reagem-a-veto-de-lula-a-direitos-e-apontam-traicao\/","og_site_name":"Notibras","article_publisher":"https:\/\/www.facebook.com\/notibras\/","article_published_time":"2023-11-25T19:01:25+00:00","article_modified_time":"2023-11-26T00:03:30+00:00","og_image":[{"width":1170,"height":700,"url":"https:\/\/www.notibras.com\/site\/wp-content\/uploads\/2023\/11\/pctyra.webp","type":"image\/webp"}],"author":"Reda\u00e7\u00e3o","twitter_card":"summary_large_image","twitter_creator":"@Notibras","twitter_site":"@Notibras","twitter_misc":{"Escrito por":"Reda\u00e7\u00e3o","Est. tempo de leitura":"3 minutos"},"schema":{"@context":"https:\/\/schema.org","@graph":[{"@type":"Article","@id":"https:\/\/www.notibras.com\/site\/policiais-civis-reagem-a-veto-de-lula-a-direitos-e-apontam-traicao\/#article","isPartOf":{"@id":"https:\/\/www.notibras.com\/site\/policiais-civis-reagem-a-veto-de-lula-a-direitos-e-apontam-traicao\/"},"author":{"name":"Reda\u00e7\u00e3o","@id":"https:\/\/www.notibras.com\/site\/#\/schema\/person\/36ab0979449956132d3e5b517ea76ac8"},"headline":"Policiais civis reagem a veto de Lula a direitos e apontam trai\u00e7\u00e3o","datePublished":"2023-11-25T19:01:25+00:00","dateModified":"2023-11-26T00:03:30+00:00","mainEntityOfPage":{"@id":"https:\/\/www.notibras.com\/site\/policiais-civis-reagem-a-veto-de-lula-a-direitos-e-apontam-traicao\/"},"wordCount":579,"publisher":{"@id":"https:\/\/www.notibras.com\/site\/#organization"},"image":{"@id":"https:\/\/www.notibras.com\/site\/policiais-civis-reagem-a-veto-de-lula-a-direitos-e-apontam-traicao\/#primaryimage"},"thumbnailUrl":"https:\/\/www.notibras.com\/site\/wp-content\/uploads\/2023\/11\/pctyra.webp","keywords":["capa"],"articleSection":["Quadradinho em Foco"],"inLanguage":"pt-BR"},{"@type":"WebPage","@id":"https:\/\/www.notibras.com\/site\/policiais-civis-reagem-a-veto-de-lula-a-direitos-e-apontam-traicao\/","url":"https:\/\/www.notibras.com\/site\/policiais-civis-reagem-a-veto-de-lula-a-direitos-e-apontam-traicao\/","name":"Policiais civis reagem a veto de Lula a direitos e apontam trai\u00e7\u00e3o - Notibras","isPartOf":{"@id":"https:\/\/www.notibras.com\/site\/#website"},"primaryImageOfPage":{"@id":"https:\/\/www.notibras.com\/site\/policiais-civis-reagem-a-veto-de-lula-a-direitos-e-apontam-traicao\/#primaryimage"},"image":{"@id":"https:\/\/www.notibras.com\/site\/policiais-civis-reagem-a-veto-de-lula-a-direitos-e-apontam-traicao\/#primaryimage"},"thumbnailUrl":"https:\/\/www.notibras.com\/site\/wp-content\/uploads\/2023\/11\/pctyra.webp","datePublished":"2023-11-25T19:01:25+00:00","dateModified":"2023-11-26T00:03:30+00:00","breadcrumb":{"@id":"https:\/\/www.notibras.com\/site\/policiais-civis-reagem-a-veto-de-lula-a-direitos-e-apontam-traicao\/#breadcrumb"},"inLanguage":"pt-BR","potentialAction":[{"@type":"ReadAction","target":["https:\/\/www.notibras.com\/site\/policiais-civis-reagem-a-veto-de-lula-a-direitos-e-apontam-traicao\/"]}]},{"@type":"ImageObject","inLanguage":"pt-BR","@id":"https:\/\/www.notibras.com\/site\/policiais-civis-reagem-a-veto-de-lula-a-direitos-e-apontam-traicao\/#primaryimage","url":"https:\/\/www.notibras.com\/site\/wp-content\/uploads\/2023\/11\/pctyra.webp","contentUrl":"https:\/\/www.notibras.com\/site\/wp-content\/uploads\/2023\/11\/pctyra.webp","width":1170,"height":700},{"@type":"BreadcrumbList","@id":"https:\/\/www.notibras.com\/site\/policiais-civis-reagem-a-veto-de-lula-a-direitos-e-apontam-traicao\/#breadcrumb","itemListElement":[{"@type":"ListItem","position":1,"name":"In\u00edcio","item":"https:\/\/www.notibras.com\/site\/"},{"@type":"ListItem","position":2,"name":"Policiais civis reagem a veto de Lula a direitos e apontam trai\u00e7\u00e3o"}]},{"@type":"WebSite","@id":"https:\/\/www.notibras.com\/site\/#website","url":"https:\/\/www.notibras.com\/site\/","name":"Notibras","description":"Not\u00edcias de Bras\u00edlia, do Brasil e do Mundo","publisher":{"@id":"https:\/\/www.notibras.com\/site\/#organization"},"potentialAction":[{"@type":"SearchAction","target":{"@type":"EntryPoint","urlTemplate":"https:\/\/www.notibras.com\/site\/?s={search_term_string}"},"query-input":{"@type":"PropertyValueSpecification","valueRequired":true,"valueName":"search_term_string"}}],"inLanguage":"pt-BR"},{"@type":"Organization","@id":"https:\/\/www.notibras.com\/site\/#organization","name":"Grupo Notibras de Comunica\u00e7\u00e3o","url":"https:\/\/www.notibras.com\/site\/","logo":{"@type":"ImageObject","inLanguage":"pt-BR","@id":"https:\/\/www.notibras.com\/site\/#\/schema\/logo\/image\/","url":"https:\/\/www.notibras.com\/site\/wp-content\/uploads\/2023\/01\/notibras23.png","contentUrl":"https:\/\/www.notibras.com\/site\/wp-content\/uploads\/2023\/01\/notibras23.png","width":350,"height":87,"caption":"Grupo Notibras de Comunica\u00e7\u00e3o"},"image":{"@id":"https:\/\/www.notibras.com\/site\/#\/schema\/logo\/image\/"},"sameAs":["https:\/\/www.facebook.com\/notibras\/","https:\/\/x.com\/Notibras","https:\/\/www.instagram.com\/notibras\/"]},{"@type":"Person","@id":"https:\/\/www.notibras.com\/site\/#\/schema\/person\/36ab0979449956132d3e5b517ea76ac8","name":"Reda\u00e7\u00e3o","image":{"@type":"ImageObject","inLanguage":"pt-BR","@id":"https:\/\/secure.gravatar.com\/avatar\/e0a867bdedb85fd243eadf09663511f96fc81e0720a4a42581f334ad4303aa6b?s=96&d=mm&r=g","url":"https:\/\/secure.gravatar.com\/avatar\/e0a867bdedb85fd243eadf09663511f96fc81e0720a4a42581f334ad4303aa6b?s=96&d=mm&r=g","contentUrl":"https:\/\/secure.gravatar.com\/avatar\/e0a867bdedb85fd243eadf09663511f96fc81e0720a4a42581f334ad4303aa6b?s=96&d=mm&r=g","caption":"Reda\u00e7\u00e3o"}}]}},"amp_enabled":true,"_links":{"self":[{"href":"https:\/\/www.notibras.com\/site\/wp-json\/wp\/v2\/posts\/317779","targetHints":{"allow":["GET"]}}],"collection":[{"href":"https:\/\/www.notibras.com\/site\/wp-json\/wp\/v2\/posts"}],"about":[{"href":"https:\/\/www.notibras.com\/site\/wp-json\/wp\/v2\/types\/post"}],"author":[{"embeddable":true,"href":"https:\/\/www.notibras.com\/site\/wp-json\/wp\/v2\/users\/2"}],"replies":[{"embeddable":true,"href":"https:\/\/www.notibras.com\/site\/wp-json\/wp\/v2\/comments?post=317779"}],"version-history":[{"count":1,"href":"https:\/\/www.notibras.com\/site\/wp-json\/wp\/v2\/posts\/317779\/revisions"}],"predecessor-version":[{"id":317781,"href":"https:\/\/www.notibras.com\/site\/wp-json\/wp\/v2\/posts\/317779\/revisions\/317781"}],"wp:featuredmedia":[{"embeddable":true,"href":"https:\/\/www.notibras.com\/site\/wp-json\/wp\/v2\/media\/317780"}],"wp:attachment":[{"href":"https:\/\/www.notibras.com\/site\/wp-json\/wp\/v2\/media?parent=317779"}],"wp:term":[{"taxonomy":"category","embeddable":true,"href":"https:\/\/www.notibras.com\/site\/wp-json\/wp\/v2\/categories?post=317779"},{"taxonomy":"post_tag","embeddable":true,"href":"https:\/\/www.notibras.com\/site\/wp-json\/wp\/v2\/tags?post=317779"}],"curies":[{"name":"wp","href":"https:\/\/api.w.org\/{rel}","templated":true}]}}