{"id":317822,"date":"2023-11-26T08:06:44","date_gmt":"2023-11-26T11:06:44","guid":{"rendered":"https:\/\/www.notibras.com\/site\/?p=317822"},"modified":"2023-11-26T08:06:44","modified_gmt":"2023-11-26T11:06:44","slug":"nabuqinho-indica-o-futuro-no-fundo-do-quintal","status":"publish","type":"post","link":"https:\/\/www.notibras.com\/site\/nabuqinho-indica-o-futuro-no-fundo-do-quintal\/","title":{"rendered":"Nabuqinho indica o futuro no fundo do quintal"},"content":{"rendered":"<p>Aquele menino passava mais tempo no quintal brincando com o cachorro, observando as galinhas soltas, os passarinhos voando de um lado para o outro, as formigas trilhando caminhos entre as folhagens. Sim, ele tamb\u00e9m ia para a escola, mas, assim que voltava, ia logo se encontrar com aquela multid\u00e3o de animais.<\/p>\n<p>N\u00e3o que ele n\u00e3o gostasse de gente, at\u00e9 gostava muito. No entanto, era ali naquele quintal que fantasiava essas coisas que crian\u00e7as cismam em fantasiar.<\/p>\n<p>Ele n\u00e3o se lembrava exatamente quando foi que escolheu o que iria ser. Todavia, o moleque se recordava exatamente como foi. Num desses almo\u00e7os de fam\u00edlia, l\u00e1 estava o seu tio, que ele gostava de chamar de Nabuquinho.<\/p>\n<p>N\u00e3o que o tio tivesse esse nome, mas \u00e9 que a av\u00f3, certa vez, lhe disse que o av\u00f4 queria ter colocado o nome no filho de Nabucodonosor. O menino achou esse nome t\u00e3o legal, que passou a chamar o tio assim. Pois bem, voltando ao tal almo\u00e7o, l\u00e1 estava o Nabuquinho observando o sobrinho brincando com o cachorro, quando disse:<\/p>\n<p>&#8211; Acho que ele vai ser veterin\u00e1rio!<\/p>\n<p>O menino olhou espantado para o tio. Ele n\u00e3o se lembrava de ter ouvido aquela palavra antes.<\/p>\n<p>&#8211; Veterin\u00e1rio? O que \u00e9 isso?<\/p>\n<p>A av\u00f3 lhe explicou que veterin\u00e1rio era o profissional que cuidava dos animais. O menino pareceu gostar daquilo, pois seus olhos brilhavam de uma maneira especial. A partir de ent\u00e3o, ele sempre falava para todos que seria veterin\u00e1rio.<\/p>\n<p>E foi justamente o que ele se tornou ap\u00f3s v\u00e1rios anos depois daquelas palavras prof\u00e9ticas do Nabuquinho. E, hoje em dia, toda vez que um cliente lhe diz que o seu sonho de inf\u00e2ncia era ser veterin\u00e1rio, ele diz:<\/p>\n<p>&#8211; Tamb\u00e9m era o meu!<\/p>\n","protected":false},"excerpt":{"rendered":"<p>Aquele menino passava mais tempo no quintal brincando com o cachorro, observando as galinhas soltas, os passarinhos voando de um lado para o outro, as formigas trilhando caminhos entre as folhagens. Sim, ele tamb\u00e9m ia para a escola, mas, assim que voltava, ia logo se encontrar com aquela multid\u00e3o de animais. N\u00e3o que ele n\u00e3o [&hellip;]<\/p>\n","protected":false},"author":2,"featured_media":317823,"comment_status":"closed","ping_status":"closed","sticky":false,"template":"","format":"standard","meta":{"_acf_changed":false,"footnotes":""},"categories":[161],"tags":[],"class_list":["post-317822","post","type-post","status-publish","format-standard","has-post-thumbnail","hentry","category-quadradinho-em-foco"],"acf":[],"yoast_head":"<!-- This site is optimized with the Yoast SEO plugin v27.2 - https:\/\/yoast.com\/product\/yoast-seo-wordpress\/ -->\n<title>Nabuqinho indica o futuro no fundo do quintal - Notibras<\/title>\n<meta name=\"robots\" content=\"index, follow, max-snippet:-1, max-image-preview:large, max-video-preview:-1\" \/>\n<link rel=\"canonical\" href=\"https:\/\/www.notibras.com\/site\/nabuqinho-indica-o-futuro-no-fundo-do-quintal\/\" \/>\n<meta property=\"og:locale\" content=\"pt_BR\" \/>\n<meta property=\"og:type\" content=\"article\" \/>\n<meta property=\"og:title\" content=\"Nabuqinho indica o futuro no fundo do quintal - Notibras\" \/>\n<meta property=\"og:description\" content=\"Aquele menino passava mais tempo no quintal brincando com o cachorro, observando as galinhas soltas, os passarinhos voando de um lado para o outro, as formigas trilhando caminhos entre as folhagens. Sim, ele tamb\u00e9m ia para a escola, mas, assim que voltava, ia logo se encontrar com aquela multid\u00e3o de animais. N\u00e3o que ele n\u00e3o [&hellip;]\" \/>\n<meta property=\"og:url\" content=\"https:\/\/www.notibras.com\/site\/nabuqinho-indica-o-futuro-no-fundo-do-quintal\/\" \/>\n<meta property=\"og:site_name\" content=\"Notibras\" \/>\n<meta property=\"article:publisher\" content=\"https:\/\/www.facebook.com\/notibras\/\" \/>\n<meta property=\"article:published_time\" content=\"2023-11-26T11:06:44+00:00\" \/>\n<meta property=\"og:image\" content=\"https:\/\/www.notibras.com\/site\/wp-content\/uploads\/2023\/11\/eduvete-1.jpg\" \/>\n\t<meta property=\"og:image:width\" content=\"960\" \/>\n\t<meta property=\"og:image:height\" content=\"720\" \/>\n\t<meta property=\"og:image:type\" content=\"image\/jpeg\" \/>\n<meta name=\"author\" content=\"Reda\u00e7\u00e3o\" \/>\n<meta name=\"twitter:card\" content=\"summary_large_image\" \/>\n<meta name=\"twitter:creator\" content=\"@Notibras\" \/>\n<meta name=\"twitter:site\" content=\"@Notibras\" \/>\n<meta name=\"twitter:label1\" content=\"Escrito por\" \/>\n\t<meta name=\"twitter:data1\" content=\"Reda\u00e7\u00e3o\" \/>\n\t<meta name=\"twitter:label2\" content=\"Est. tempo de leitura\" \/>\n\t<meta name=\"twitter:data2\" content=\"2 minutos\" \/>\n<script type=\"application\/ld+json\" class=\"yoast-schema-graph\">{\"@context\":\"https:\/\/schema.org\",\"@graph\":[{\"@type\":\"Article\",\"@id\":\"https:\/\/www.notibras.com\/site\/nabuqinho-indica-o-futuro-no-fundo-do-quintal\/#article\",\"isPartOf\":{\"@id\":\"https:\/\/www.notibras.com\/site\/nabuqinho-indica-o-futuro-no-fundo-do-quintal\/\"},\"author\":{\"name\":\"Reda\u00e7\u00e3o\",\"@id\":\"https:\/\/www.notibras.com\/site\/#\/schema\/person\/36ab0979449956132d3e5b517ea76ac8\"},\"headline\":\"Nabuqinho indica o futuro no fundo do quintal\",\"datePublished\":\"2023-11-26T11:06:44+00:00\",\"mainEntityOfPage\":{\"@id\":\"https:\/\/www.notibras.com\/site\/nabuqinho-indica-o-futuro-no-fundo-do-quintal\/\"},\"wordCount\":316,\"publisher\":{\"@id\":\"https:\/\/www.notibras.com\/site\/#organization\"},\"image\":{\"@id\":\"https:\/\/www.notibras.com\/site\/nabuqinho-indica-o-futuro-no-fundo-do-quintal\/#primaryimage\"},\"thumbnailUrl\":\"https:\/\/www.notibras.com\/site\/wp-content\/uploads\/2023\/11\/eduvete-1.jpg\",\"articleSection\":[\"Quadradinho em Foco\"],\"inLanguage\":\"pt-BR\"},{\"@type\":\"WebPage\",\"@id\":\"https:\/\/www.notibras.com\/site\/nabuqinho-indica-o-futuro-no-fundo-do-quintal\/\",\"url\":\"https:\/\/www.notibras.com\/site\/nabuqinho-indica-o-futuro-no-fundo-do-quintal\/\",\"name\":\"Nabuqinho indica o futuro no fundo do quintal - Notibras\",\"isPartOf\":{\"@id\":\"https:\/\/www.notibras.com\/site\/#website\"},\"primaryImageOfPage\":{\"@id\":\"https:\/\/www.notibras.com\/site\/nabuqinho-indica-o-futuro-no-fundo-do-quintal\/#primaryimage\"},\"image\":{\"@id\":\"https:\/\/www.notibras.com\/site\/nabuqinho-indica-o-futuro-no-fundo-do-quintal\/#primaryimage\"},\"thumbnailUrl\":\"https:\/\/www.notibras.com\/site\/wp-content\/uploads\/2023\/11\/eduvete-1.jpg\",\"datePublished\":\"2023-11-26T11:06:44+00:00\",\"breadcrumb\":{\"@id\":\"https:\/\/www.notibras.com\/site\/nabuqinho-indica-o-futuro-no-fundo-do-quintal\/#breadcrumb\"},\"inLanguage\":\"pt-BR\",\"potentialAction\":[{\"@type\":\"ReadAction\",\"target\":[\"https:\/\/www.notibras.com\/site\/nabuqinho-indica-o-futuro-no-fundo-do-quintal\/\"]}]},{\"@type\":\"ImageObject\",\"inLanguage\":\"pt-BR\",\"@id\":\"https:\/\/www.notibras.com\/site\/nabuqinho-indica-o-futuro-no-fundo-do-quintal\/#primaryimage\",\"url\":\"https:\/\/www.notibras.com\/site\/wp-content\/uploads\/2023\/11\/eduvete-1.jpg\",\"contentUrl\":\"https:\/\/www.notibras.com\/site\/wp-content\/uploads\/2023\/11\/eduvete-1.jpg\",\"width\":960,\"height\":720},{\"@type\":\"BreadcrumbList\",\"@id\":\"https:\/\/www.notibras.com\/site\/nabuqinho-indica-o-futuro-no-fundo-do-quintal\/#breadcrumb\",\"itemListElement\":[{\"@type\":\"ListItem\",\"position\":1,\"name\":\"In\u00edcio\",\"item\":\"https:\/\/www.notibras.com\/site\/\"},{\"@type\":\"ListItem\",\"position\":2,\"name\":\"Nabuqinho indica o futuro no fundo do quintal\"}]},{\"@type\":\"WebSite\",\"@id\":\"https:\/\/www.notibras.com\/site\/#website\",\"url\":\"https:\/\/www.notibras.com\/site\/\",\"name\":\"Notibras\",\"description\":\"Not\u00edcias de Bras\u00edlia, do Brasil e do Mundo\",\"publisher\":{\"@id\":\"https:\/\/www.notibras.com\/site\/#organization\"},\"potentialAction\":[{\"@type\":\"SearchAction\",\"target\":{\"@type\":\"EntryPoint\",\"urlTemplate\":\"https:\/\/www.notibras.com\/site\/?s={search_term_string}\"},\"query-input\":{\"@type\":\"PropertyValueSpecification\",\"valueRequired\":true,\"valueName\":\"search_term_string\"}}],\"inLanguage\":\"pt-BR\"},{\"@type\":\"Organization\",\"@id\":\"https:\/\/www.notibras.com\/site\/#organization\",\"name\":\"Grupo Notibras de Comunica\u00e7\u00e3o\",\"url\":\"https:\/\/www.notibras.com\/site\/\",\"logo\":{\"@type\":\"ImageObject\",\"inLanguage\":\"pt-BR\",\"@id\":\"https:\/\/www.notibras.com\/site\/#\/schema\/logo\/image\/\",\"url\":\"https:\/\/www.notibras.com\/site\/wp-content\/uploads\/2023\/01\/notibras23.png\",\"contentUrl\":\"https:\/\/www.notibras.com\/site\/wp-content\/uploads\/2023\/01\/notibras23.png\",\"width\":350,\"height\":87,\"caption\":\"Grupo Notibras de Comunica\u00e7\u00e3o\"},\"image\":{\"@id\":\"https:\/\/www.notibras.com\/site\/#\/schema\/logo\/image\/\"},\"sameAs\":[\"https:\/\/www.facebook.com\/notibras\/\",\"https:\/\/x.com\/Notibras\",\"https:\/\/www.instagram.com\/notibras\/\"]},{\"@type\":\"Person\",\"@id\":\"https:\/\/www.notibras.com\/site\/#\/schema\/person\/36ab0979449956132d3e5b517ea76ac8\",\"name\":\"Reda\u00e7\u00e3o\",\"image\":{\"@type\":\"ImageObject\",\"inLanguage\":\"pt-BR\",\"@id\":\"https:\/\/secure.gravatar.com\/avatar\/e0a867bdedb85fd243eadf09663511f96fc81e0720a4a42581f334ad4303aa6b?s=96&d=mm&r=g\",\"url\":\"https:\/\/secure.gravatar.com\/avatar\/e0a867bdedb85fd243eadf09663511f96fc81e0720a4a42581f334ad4303aa6b?s=96&d=mm&r=g\",\"contentUrl\":\"https:\/\/secure.gravatar.com\/avatar\/e0a867bdedb85fd243eadf09663511f96fc81e0720a4a42581f334ad4303aa6b?s=96&d=mm&r=g\",\"caption\":\"Reda\u00e7\u00e3o\"}}]}<\/script>\n<!-- \/ Yoast SEO plugin. -->","yoast_head_json":{"title":"Nabuqinho indica o futuro no fundo do quintal - Notibras","robots":{"index":"index","follow":"follow","max-snippet":"max-snippet:-1","max-image-preview":"max-image-preview:large","max-video-preview":"max-video-preview:-1"},"canonical":"https:\/\/www.notibras.com\/site\/nabuqinho-indica-o-futuro-no-fundo-do-quintal\/","og_locale":"pt_BR","og_type":"article","og_title":"Nabuqinho indica o futuro no fundo do quintal - Notibras","og_description":"Aquele menino passava mais tempo no quintal brincando com o cachorro, observando as galinhas soltas, os passarinhos voando de um lado para o outro, as formigas trilhando caminhos entre as folhagens. Sim, ele tamb\u00e9m ia para a escola, mas, assim que voltava, ia logo se encontrar com aquela multid\u00e3o de animais. N\u00e3o que ele n\u00e3o [&hellip;]","og_url":"https:\/\/www.notibras.com\/site\/nabuqinho-indica-o-futuro-no-fundo-do-quintal\/","og_site_name":"Notibras","article_publisher":"https:\/\/www.facebook.com\/notibras\/","article_published_time":"2023-11-26T11:06:44+00:00","og_image":[{"width":960,"height":720,"url":"https:\/\/www.notibras.com\/site\/wp-content\/uploads\/2023\/11\/eduvete-1.jpg","type":"image\/jpeg"}],"author":"Reda\u00e7\u00e3o","twitter_card":"summary_large_image","twitter_creator":"@Notibras","twitter_site":"@Notibras","twitter_misc":{"Escrito por":"Reda\u00e7\u00e3o","Est. tempo de leitura":"2 minutos"},"schema":{"@context":"https:\/\/schema.org","@graph":[{"@type":"Article","@id":"https:\/\/www.notibras.com\/site\/nabuqinho-indica-o-futuro-no-fundo-do-quintal\/#article","isPartOf":{"@id":"https:\/\/www.notibras.com\/site\/nabuqinho-indica-o-futuro-no-fundo-do-quintal\/"},"author":{"name":"Reda\u00e7\u00e3o","@id":"https:\/\/www.notibras.com\/site\/#\/schema\/person\/36ab0979449956132d3e5b517ea76ac8"},"headline":"Nabuqinho indica o futuro no fundo do quintal","datePublished":"2023-11-26T11:06:44+00:00","mainEntityOfPage":{"@id":"https:\/\/www.notibras.com\/site\/nabuqinho-indica-o-futuro-no-fundo-do-quintal\/"},"wordCount":316,"publisher":{"@id":"https:\/\/www.notibras.com\/site\/#organization"},"image":{"@id":"https:\/\/www.notibras.com\/site\/nabuqinho-indica-o-futuro-no-fundo-do-quintal\/#primaryimage"},"thumbnailUrl":"https:\/\/www.notibras.com\/site\/wp-content\/uploads\/2023\/11\/eduvete-1.jpg","articleSection":["Quadradinho em Foco"],"inLanguage":"pt-BR"},{"@type":"WebPage","@id":"https:\/\/www.notibras.com\/site\/nabuqinho-indica-o-futuro-no-fundo-do-quintal\/","url":"https:\/\/www.notibras.com\/site\/nabuqinho-indica-o-futuro-no-fundo-do-quintal\/","name":"Nabuqinho indica o futuro no fundo do quintal - Notibras","isPartOf":{"@id":"https:\/\/www.notibras.com\/site\/#website"},"primaryImageOfPage":{"@id":"https:\/\/www.notibras.com\/site\/nabuqinho-indica-o-futuro-no-fundo-do-quintal\/#primaryimage"},"image":{"@id":"https:\/\/www.notibras.com\/site\/nabuqinho-indica-o-futuro-no-fundo-do-quintal\/#primaryimage"},"thumbnailUrl":"https:\/\/www.notibras.com\/site\/wp-content\/uploads\/2023\/11\/eduvete-1.jpg","datePublished":"2023-11-26T11:06:44+00:00","breadcrumb":{"@id":"https:\/\/www.notibras.com\/site\/nabuqinho-indica-o-futuro-no-fundo-do-quintal\/#breadcrumb"},"inLanguage":"pt-BR","potentialAction":[{"@type":"ReadAction","target":["https:\/\/www.notibras.com\/site\/nabuqinho-indica-o-futuro-no-fundo-do-quintal\/"]}]},{"@type":"ImageObject","inLanguage":"pt-BR","@id":"https:\/\/www.notibras.com\/site\/nabuqinho-indica-o-futuro-no-fundo-do-quintal\/#primaryimage","url":"https:\/\/www.notibras.com\/site\/wp-content\/uploads\/2023\/11\/eduvete-1.jpg","contentUrl":"https:\/\/www.notibras.com\/site\/wp-content\/uploads\/2023\/11\/eduvete-1.jpg","width":960,"height":720},{"@type":"BreadcrumbList","@id":"https:\/\/www.notibras.com\/site\/nabuqinho-indica-o-futuro-no-fundo-do-quintal\/#breadcrumb","itemListElement":[{"@type":"ListItem","position":1,"name":"In\u00edcio","item":"https:\/\/www.notibras.com\/site\/"},{"@type":"ListItem","position":2,"name":"Nabuqinho indica o futuro no fundo do quintal"}]},{"@type":"WebSite","@id":"https:\/\/www.notibras.com\/site\/#website","url":"https:\/\/www.notibras.com\/site\/","name":"Notibras","description":"Not\u00edcias de Bras\u00edlia, do Brasil e do Mundo","publisher":{"@id":"https:\/\/www.notibras.com\/site\/#organization"},"potentialAction":[{"@type":"SearchAction","target":{"@type":"EntryPoint","urlTemplate":"https:\/\/www.notibras.com\/site\/?s={search_term_string}"},"query-input":{"@type":"PropertyValueSpecification","valueRequired":true,"valueName":"search_term_string"}}],"inLanguage":"pt-BR"},{"@type":"Organization","@id":"https:\/\/www.notibras.com\/site\/#organization","name":"Grupo Notibras de Comunica\u00e7\u00e3o","url":"https:\/\/www.notibras.com\/site\/","logo":{"@type":"ImageObject","inLanguage":"pt-BR","@id":"https:\/\/www.notibras.com\/site\/#\/schema\/logo\/image\/","url":"https:\/\/www.notibras.com\/site\/wp-content\/uploads\/2023\/01\/notibras23.png","contentUrl":"https:\/\/www.notibras.com\/site\/wp-content\/uploads\/2023\/01\/notibras23.png","width":350,"height":87,"caption":"Grupo Notibras de Comunica\u00e7\u00e3o"},"image":{"@id":"https:\/\/www.notibras.com\/site\/#\/schema\/logo\/image\/"},"sameAs":["https:\/\/www.facebook.com\/notibras\/","https:\/\/x.com\/Notibras","https:\/\/www.instagram.com\/notibras\/"]},{"@type":"Person","@id":"https:\/\/www.notibras.com\/site\/#\/schema\/person\/36ab0979449956132d3e5b517ea76ac8","name":"Reda\u00e7\u00e3o","image":{"@type":"ImageObject","inLanguage":"pt-BR","@id":"https:\/\/secure.gravatar.com\/avatar\/e0a867bdedb85fd243eadf09663511f96fc81e0720a4a42581f334ad4303aa6b?s=96&d=mm&r=g","url":"https:\/\/secure.gravatar.com\/avatar\/e0a867bdedb85fd243eadf09663511f96fc81e0720a4a42581f334ad4303aa6b?s=96&d=mm&r=g","contentUrl":"https:\/\/secure.gravatar.com\/avatar\/e0a867bdedb85fd243eadf09663511f96fc81e0720a4a42581f334ad4303aa6b?s=96&d=mm&r=g","caption":"Reda\u00e7\u00e3o"}}]}},"amp_enabled":true,"_links":{"self":[{"href":"https:\/\/www.notibras.com\/site\/wp-json\/wp\/v2\/posts\/317822","targetHints":{"allow":["GET"]}}],"collection":[{"href":"https:\/\/www.notibras.com\/site\/wp-json\/wp\/v2\/posts"}],"about":[{"href":"https:\/\/www.notibras.com\/site\/wp-json\/wp\/v2\/types\/post"}],"author":[{"embeddable":true,"href":"https:\/\/www.notibras.com\/site\/wp-json\/wp\/v2\/users\/2"}],"replies":[{"embeddable":true,"href":"https:\/\/www.notibras.com\/site\/wp-json\/wp\/v2\/comments?post=317822"}],"version-history":[{"count":1,"href":"https:\/\/www.notibras.com\/site\/wp-json\/wp\/v2\/posts\/317822\/revisions"}],"predecessor-version":[{"id":317824,"href":"https:\/\/www.notibras.com\/site\/wp-json\/wp\/v2\/posts\/317822\/revisions\/317824"}],"wp:featuredmedia":[{"embeddable":true,"href":"https:\/\/www.notibras.com\/site\/wp-json\/wp\/v2\/media\/317823"}],"wp:attachment":[{"href":"https:\/\/www.notibras.com\/site\/wp-json\/wp\/v2\/media?parent=317822"}],"wp:term":[{"taxonomy":"category","embeddable":true,"href":"https:\/\/www.notibras.com\/site\/wp-json\/wp\/v2\/categories?post=317822"},{"taxonomy":"post_tag","embeddable":true,"href":"https:\/\/www.notibras.com\/site\/wp-json\/wp\/v2\/tags?post=317822"}],"curies":[{"name":"wp","href":"https:\/\/api.w.org\/{rel}","templated":true}]}}