{"id":317837,"date":"2023-11-26T00:00:38","date_gmt":"2023-11-26T03:00:38","guid":{"rendered":"https:\/\/www.notibras.com\/site\/?p=317837"},"modified":"2023-11-26T09:00:54","modified_gmt":"2023-11-26T12:00:54","slug":"cuidado-onde-pisa-porque-a-chuva-traz-com-ela-escorpioes","status":"publish","type":"post","link":"https:\/\/www.notibras.com\/site\/cuidado-onde-pisa-porque-a-chuva-traz-com-ela-escorpioes\/","title":{"rendered":"Cuidado onde pisa, porque a chuva traz com ela escorpi\u00f5es"},"content":{"rendered":"<p>Embora mais frequentes durante o per\u00edodo chuvoso, os escorpi\u00f5es t\u00eam sido encontrados em diferentes \u00e9pocas no Distrito Federal. O aumento da popula\u00e7\u00e3o de aracn\u00eddeos t\u00eam exposto mais pessoas aos animais, o que resultou no crescimento do registro de acidentes. Segundo a Secretaria de Sa\u00fade (SES-DF), de janeiro a outubro de 2023, foram 2.360 casos identificados. No mesmo per\u00edodo, foram registrados 2.262 chamados da popula\u00e7\u00e3o para captura dos pe\u00e7onhentos.<\/p>\n<p>\u201cNos \u00faltimos anos, n\u00f3s temos visto um aumento importante na quantidade de acidentes causados por escorpi\u00f5es no Distrito Federal. V\u00e1rios fatores podem explicar essa situa\u00e7\u00e3o, entre eles o crescimento desordenado das cidades e a ocupa\u00e7\u00e3o irregular do solo\u201d, afirma o bi\u00f3logo da Diretoria de Vigil\u00e2ncia Ambiental (Dival) da SES-DF, Israel Martins. \u201cIsso acaba formando mais esconderijos e oferecendo mais alimentos para os escorpi\u00f5es\u201d, acrescenta.<\/p>\n<p>De acordo com o boletim, as regi\u00f5es administrativas com mais ocorr\u00eancias de acidentes com escorpi\u00f5es no DF s\u00e3o Planaltina, Ceil\u00e2ndia, Samambaia e S\u00e3o Sebasti\u00e3o. Nesses locais os cuidados devem ser redobrados.<\/p>\n<p><strong>Onde buscar ajuda<\/strong><br \/>\nNa capital federal s\u00e3o encontrados tr\u00eas tipos de aracn\u00eddeos: amarelo, de patas rajadas e preto. O primeiro \u00e9 o mais comum na \u00e1rea urbana e costuma ser o maior causador dos acidentes, enquanto os demais est\u00e3o mais presentes em localidades rurais.<\/p>\n<p>Ao encontrar um escorpi\u00e3o, a pessoa deve ligar para a ouvidoria da Secretaria de Sa\u00fade pelo n\u00famero 160. Uma equipe ser\u00e1 enviada para capturar o animal. No caso de picada, a r\u00e1pida resposta ao acidente \u00e9 o principal aliado contra poss\u00edveis sequelas e at\u00e9 \u00f3bitos. O local deve ser lavado com \u00e1gua e sab\u00e3o e o paciente deve procurar atendimento m\u00e9dico o quanto antes, se poss\u00edvel com o animal causador do acidente. Em caso de emerg\u00eancia, a pessoa pode chamar o Servi\u00e7o de Atendimento M\u00f3vel de Urg\u00eancia (192) ou o Corpo de Bombeiros (193).<\/p>\n<p>O DF conta com 11 unidades de sa\u00fade com o soro antiveneno dispon\u00edvel. S\u00e3o elas: Hospital Materno Infantil de Bras\u00edlia (Hmib), na Asa Sul, Hospital Regional de Guar\u00e1 (HRGu), Hospital Regional de Brazl\u00e2ndia, Hospital da Regi\u00e3o Leste, no Parano\u00e1, Hospital Regional de Ceil\u00e2ndia (HRC), Hospital Regional do Gama (HRG), Hospital Regional de Santa Maria (HRSM), Hospital Regional de Planaltina (HRP), Hospital Regional de Sobradinho (HRS), Hospital Regional de Taguatinga (HRT) e Hospital Regional da Asa Norte (Hran).<\/p>\n<p><strong>Preven\u00e7\u00e3o<\/strong><br \/>\nSem inseticidas eficazes para controlar os animais no per\u00edmetro urbano, a melhor forma \u00e9 adotar cuidados para prevenir as ocorr\u00eancias, eliminando condi\u00e7\u00f5es favor\u00e1veis de acesso, abrigo e alimenta\u00e7\u00e3o dos animais pe\u00e7onhentos. \u201cH\u00e1, ainda, a necessidade de adotarmos medidas que impe\u00e7am a entrada do animal no interior da casa\u201d, revela Martins.<\/p>\n<p>Evitar o ac\u00famulo de lixo, entulho e materiais de constru\u00e7\u00e3o junto \u00e0s habita\u00e7\u00f5es \u00e9 um dos m\u00e9todos de precau\u00e7\u00e3o. \u00c9 recomendado que m\u00f3veis, cortinas, quadros, cantos de parede, terrenos baldios pr\u00f3ximo das resid\u00eancias, jardins, quintais e celeiros sejam regularmente limpos. Tamb\u00e9m \u00e9 sugerido que plantas trepadeiras sejam evitadas. Tudo isso pode servir de ref\u00fagio para os aracn\u00eddeos.<\/p>\n<p>Frestas e buracos em paredes, assoalhos, forros e rodap\u00e9s nas resid\u00eancias devem ser vedados. Cal\u00e7ados, roupas, toalhas, panos e tapetes devem ser inspecionados antes de utilizados para que possa ser verificada a presen\u00e7a ou n\u00e3o dos bichos.<\/p>\n<p>Outra preocupa\u00e7\u00e3o \u00e9 com a presen\u00e7a de roedores e insetos, principalmente baratas. Os animais servem de alimento para os escorpi\u00f5es.<\/p>\n<p>As a\u00e7\u00f5es devem ser feitas pela popula\u00e7\u00e3o, mas a Secretaria de Sa\u00fade tamb\u00e9m \u00e9 respons\u00e1vel por inspe\u00e7\u00f5es domiciliares a partir da identifica\u00e7\u00e3o de \u00e1reas infestadas e das demandas da popula\u00e7\u00e3o. Locais em vulnerabilidade tamb\u00e9m s\u00e3o verificados pela Dival.<\/p>\n","protected":false},"excerpt":{"rendered":"<p>Embora mais frequentes durante o per\u00edodo chuvoso, os escorpi\u00f5es t\u00eam sido encontrados em diferentes \u00e9pocas no Distrito Federal. O aumento da popula\u00e7\u00e3o de aracn\u00eddeos t\u00eam exposto mais pessoas aos animais, o que resultou no crescimento do registro de acidentes. Segundo a Secretaria de Sa\u00fade (SES-DF), de janeiro a outubro de 2023, foram 2.360 casos identificados. [&hellip;]<\/p>\n","protected":false},"author":2,"featured_media":317838,"comment_status":"closed","ping_status":"closed","sticky":false,"template":"","format":"standard","meta":{"_acf_changed":false,"footnotes":""},"categories":[161],"tags":[],"class_list":["post-317837","post","type-post","status-publish","format-standard","has-post-thumbnail","hentry","category-quadradinho-em-foco"],"acf":[],"yoast_head":"<!-- This site is optimized with the Yoast SEO plugin v27.2 - https:\/\/yoast.com\/product\/yoast-seo-wordpress\/ -->\n<title>Cuidado onde pisa, porque a chuva traz com ela escorpi\u00f5es - Notibras<\/title>\n<meta name=\"robots\" content=\"index, follow, max-snippet:-1, max-image-preview:large, max-video-preview:-1\" \/>\n<link rel=\"canonical\" href=\"https:\/\/www.notibras.com\/site\/cuidado-onde-pisa-porque-a-chuva-traz-com-ela-escorpioes\/\" \/>\n<meta property=\"og:locale\" content=\"pt_BR\" \/>\n<meta property=\"og:type\" content=\"article\" \/>\n<meta property=\"og:title\" content=\"Cuidado onde pisa, porque a chuva traz com ela escorpi\u00f5es - Notibras\" \/>\n<meta property=\"og:description\" content=\"Embora mais frequentes durante o per\u00edodo chuvoso, os escorpi\u00f5es t\u00eam sido encontrados em diferentes \u00e9pocas no Distrito Federal. O aumento da popula\u00e7\u00e3o de aracn\u00eddeos t\u00eam exposto mais pessoas aos animais, o que resultou no crescimento do registro de acidentes. Segundo a Secretaria de Sa\u00fade (SES-DF), de janeiro a outubro de 2023, foram 2.360 casos identificados. [&hellip;]\" \/>\n<meta property=\"og:url\" content=\"https:\/\/www.notibras.com\/site\/cuidado-onde-pisa-porque-a-chuva-traz-com-ela-escorpioes\/\" \/>\n<meta property=\"og:site_name\" content=\"Notibras\" \/>\n<meta property=\"article:publisher\" content=\"https:\/\/www.facebook.com\/notibras\/\" \/>\n<meta property=\"article:published_time\" content=\"2023-11-26T03:00:38+00:00\" \/>\n<meta property=\"article:modified_time\" content=\"2023-11-26T12:00:54+00:00\" \/>\n<meta property=\"og:image\" content=\"https:\/\/www.notibras.com\/site\/wp-content\/uploads\/2023\/11\/chuescor.jpg\" \/>\n\t<meta property=\"og:image:width\" content=\"1536\" \/>\n\t<meta property=\"og:image:height\" content=\"1024\" \/>\n\t<meta property=\"og:image:type\" content=\"image\/jpeg\" \/>\n<meta name=\"author\" content=\"Reda\u00e7\u00e3o\" \/>\n<meta name=\"twitter:card\" content=\"summary_large_image\" \/>\n<meta name=\"twitter:creator\" content=\"@Notibras\" \/>\n<meta name=\"twitter:site\" content=\"@Notibras\" \/>\n<meta name=\"twitter:label1\" content=\"Escrito por\" \/>\n\t<meta name=\"twitter:data1\" content=\"Reda\u00e7\u00e3o\" \/>\n\t<meta name=\"twitter:label2\" content=\"Est. tempo de leitura\" \/>\n\t<meta name=\"twitter:data2\" content=\"4 minutos\" \/>\n<script type=\"application\/ld+json\" class=\"yoast-schema-graph\">{\"@context\":\"https:\/\/schema.org\",\"@graph\":[{\"@type\":\"Article\",\"@id\":\"https:\/\/www.notibras.com\/site\/cuidado-onde-pisa-porque-a-chuva-traz-com-ela-escorpioes\/#article\",\"isPartOf\":{\"@id\":\"https:\/\/www.notibras.com\/site\/cuidado-onde-pisa-porque-a-chuva-traz-com-ela-escorpioes\/\"},\"author\":{\"name\":\"Reda\u00e7\u00e3o\",\"@id\":\"https:\/\/www.notibras.com\/site\/#\/schema\/person\/36ab0979449956132d3e5b517ea76ac8\"},\"headline\":\"Cuidado onde pisa, porque a chuva traz com ela escorpi\u00f5es\",\"datePublished\":\"2023-11-26T03:00:38+00:00\",\"dateModified\":\"2023-11-26T12:00:54+00:00\",\"mainEntityOfPage\":{\"@id\":\"https:\/\/www.notibras.com\/site\/cuidado-onde-pisa-porque-a-chuva-traz-com-ela-escorpioes\/\"},\"wordCount\":662,\"publisher\":{\"@id\":\"https:\/\/www.notibras.com\/site\/#organization\"},\"image\":{\"@id\":\"https:\/\/www.notibras.com\/site\/cuidado-onde-pisa-porque-a-chuva-traz-com-ela-escorpioes\/#primaryimage\"},\"thumbnailUrl\":\"https:\/\/www.notibras.com\/site\/wp-content\/uploads\/2023\/11\/chuescor.jpg\",\"articleSection\":[\"Quadradinho em Foco\"],\"inLanguage\":\"pt-BR\"},{\"@type\":\"WebPage\",\"@id\":\"https:\/\/www.notibras.com\/site\/cuidado-onde-pisa-porque-a-chuva-traz-com-ela-escorpioes\/\",\"url\":\"https:\/\/www.notibras.com\/site\/cuidado-onde-pisa-porque-a-chuva-traz-com-ela-escorpioes\/\",\"name\":\"Cuidado onde pisa, porque a chuva traz com ela escorpi\u00f5es - Notibras\",\"isPartOf\":{\"@id\":\"https:\/\/www.notibras.com\/site\/#website\"},\"primaryImageOfPage\":{\"@id\":\"https:\/\/www.notibras.com\/site\/cuidado-onde-pisa-porque-a-chuva-traz-com-ela-escorpioes\/#primaryimage\"},\"image\":{\"@id\":\"https:\/\/www.notibras.com\/site\/cuidado-onde-pisa-porque-a-chuva-traz-com-ela-escorpioes\/#primaryimage\"},\"thumbnailUrl\":\"https:\/\/www.notibras.com\/site\/wp-content\/uploads\/2023\/11\/chuescor.jpg\",\"datePublished\":\"2023-11-26T03:00:38+00:00\",\"dateModified\":\"2023-11-26T12:00:54+00:00\",\"breadcrumb\":{\"@id\":\"https:\/\/www.notibras.com\/site\/cuidado-onde-pisa-porque-a-chuva-traz-com-ela-escorpioes\/#breadcrumb\"},\"inLanguage\":\"pt-BR\",\"potentialAction\":[{\"@type\":\"ReadAction\",\"target\":[\"https:\/\/www.notibras.com\/site\/cuidado-onde-pisa-porque-a-chuva-traz-com-ela-escorpioes\/\"]}]},{\"@type\":\"ImageObject\",\"inLanguage\":\"pt-BR\",\"@id\":\"https:\/\/www.notibras.com\/site\/cuidado-onde-pisa-porque-a-chuva-traz-com-ela-escorpioes\/#primaryimage\",\"url\":\"https:\/\/www.notibras.com\/site\/wp-content\/uploads\/2023\/11\/chuescor.jpg\",\"contentUrl\":\"https:\/\/www.notibras.com\/site\/wp-content\/uploads\/2023\/11\/chuescor.jpg\",\"width\":1536,\"height\":1024},{\"@type\":\"BreadcrumbList\",\"@id\":\"https:\/\/www.notibras.com\/site\/cuidado-onde-pisa-porque-a-chuva-traz-com-ela-escorpioes\/#breadcrumb\",\"itemListElement\":[{\"@type\":\"ListItem\",\"position\":1,\"name\":\"In\u00edcio\",\"item\":\"https:\/\/www.notibras.com\/site\/\"},{\"@type\":\"ListItem\",\"position\":2,\"name\":\"Cuidado onde pisa, porque a chuva traz com ela escorpi\u00f5es\"}]},{\"@type\":\"WebSite\",\"@id\":\"https:\/\/www.notibras.com\/site\/#website\",\"url\":\"https:\/\/www.notibras.com\/site\/\",\"name\":\"Notibras\",\"description\":\"Not\u00edcias de Bras\u00edlia, do Brasil e do Mundo\",\"publisher\":{\"@id\":\"https:\/\/www.notibras.com\/site\/#organization\"},\"potentialAction\":[{\"@type\":\"SearchAction\",\"target\":{\"@type\":\"EntryPoint\",\"urlTemplate\":\"https:\/\/www.notibras.com\/site\/?s={search_term_string}\"},\"query-input\":{\"@type\":\"PropertyValueSpecification\",\"valueRequired\":true,\"valueName\":\"search_term_string\"}}],\"inLanguage\":\"pt-BR\"},{\"@type\":\"Organization\",\"@id\":\"https:\/\/www.notibras.com\/site\/#organization\",\"name\":\"Grupo Notibras de Comunica\u00e7\u00e3o\",\"url\":\"https:\/\/www.notibras.com\/site\/\",\"logo\":{\"@type\":\"ImageObject\",\"inLanguage\":\"pt-BR\",\"@id\":\"https:\/\/www.notibras.com\/site\/#\/schema\/logo\/image\/\",\"url\":\"https:\/\/www.notibras.com\/site\/wp-content\/uploads\/2023\/01\/notibras23.png\",\"contentUrl\":\"https:\/\/www.notibras.com\/site\/wp-content\/uploads\/2023\/01\/notibras23.png\",\"width\":350,\"height\":87,\"caption\":\"Grupo Notibras de Comunica\u00e7\u00e3o\"},\"image\":{\"@id\":\"https:\/\/www.notibras.com\/site\/#\/schema\/logo\/image\/\"},\"sameAs\":[\"https:\/\/www.facebook.com\/notibras\/\",\"https:\/\/x.com\/Notibras\",\"https:\/\/www.instagram.com\/notibras\/\"]},{\"@type\":\"Person\",\"@id\":\"https:\/\/www.notibras.com\/site\/#\/schema\/person\/36ab0979449956132d3e5b517ea76ac8\",\"name\":\"Reda\u00e7\u00e3o\",\"image\":{\"@type\":\"ImageObject\",\"inLanguage\":\"pt-BR\",\"@id\":\"https:\/\/secure.gravatar.com\/avatar\/e0a867bdedb85fd243eadf09663511f96fc81e0720a4a42581f334ad4303aa6b?s=96&d=mm&r=g\",\"url\":\"https:\/\/secure.gravatar.com\/avatar\/e0a867bdedb85fd243eadf09663511f96fc81e0720a4a42581f334ad4303aa6b?s=96&d=mm&r=g\",\"contentUrl\":\"https:\/\/secure.gravatar.com\/avatar\/e0a867bdedb85fd243eadf09663511f96fc81e0720a4a42581f334ad4303aa6b?s=96&d=mm&r=g\",\"caption\":\"Reda\u00e7\u00e3o\"}}]}<\/script>\n<!-- \/ Yoast SEO plugin. -->","yoast_head_json":{"title":"Cuidado onde pisa, porque a chuva traz com ela escorpi\u00f5es - Notibras","robots":{"index":"index","follow":"follow","max-snippet":"max-snippet:-1","max-image-preview":"max-image-preview:large","max-video-preview":"max-video-preview:-1"},"canonical":"https:\/\/www.notibras.com\/site\/cuidado-onde-pisa-porque-a-chuva-traz-com-ela-escorpioes\/","og_locale":"pt_BR","og_type":"article","og_title":"Cuidado onde pisa, porque a chuva traz com ela escorpi\u00f5es - Notibras","og_description":"Embora mais frequentes durante o per\u00edodo chuvoso, os escorpi\u00f5es t\u00eam sido encontrados em diferentes \u00e9pocas no Distrito Federal. O aumento da popula\u00e7\u00e3o de aracn\u00eddeos t\u00eam exposto mais pessoas aos animais, o que resultou no crescimento do registro de acidentes. Segundo a Secretaria de Sa\u00fade (SES-DF), de janeiro a outubro de 2023, foram 2.360 casos identificados. [&hellip;]","og_url":"https:\/\/www.notibras.com\/site\/cuidado-onde-pisa-porque-a-chuva-traz-com-ela-escorpioes\/","og_site_name":"Notibras","article_publisher":"https:\/\/www.facebook.com\/notibras\/","article_published_time":"2023-11-26T03:00:38+00:00","article_modified_time":"2023-11-26T12:00:54+00:00","og_image":[{"width":1536,"height":1024,"url":"https:\/\/www.notibras.com\/site\/wp-content\/uploads\/2023\/11\/chuescor.jpg","type":"image\/jpeg"}],"author":"Reda\u00e7\u00e3o","twitter_card":"summary_large_image","twitter_creator":"@Notibras","twitter_site":"@Notibras","twitter_misc":{"Escrito por":"Reda\u00e7\u00e3o","Est. tempo de leitura":"4 minutos"},"schema":{"@context":"https:\/\/schema.org","@graph":[{"@type":"Article","@id":"https:\/\/www.notibras.com\/site\/cuidado-onde-pisa-porque-a-chuva-traz-com-ela-escorpioes\/#article","isPartOf":{"@id":"https:\/\/www.notibras.com\/site\/cuidado-onde-pisa-porque-a-chuva-traz-com-ela-escorpioes\/"},"author":{"name":"Reda\u00e7\u00e3o","@id":"https:\/\/www.notibras.com\/site\/#\/schema\/person\/36ab0979449956132d3e5b517ea76ac8"},"headline":"Cuidado onde pisa, porque a chuva traz com ela escorpi\u00f5es","datePublished":"2023-11-26T03:00:38+00:00","dateModified":"2023-11-26T12:00:54+00:00","mainEntityOfPage":{"@id":"https:\/\/www.notibras.com\/site\/cuidado-onde-pisa-porque-a-chuva-traz-com-ela-escorpioes\/"},"wordCount":662,"publisher":{"@id":"https:\/\/www.notibras.com\/site\/#organization"},"image":{"@id":"https:\/\/www.notibras.com\/site\/cuidado-onde-pisa-porque-a-chuva-traz-com-ela-escorpioes\/#primaryimage"},"thumbnailUrl":"https:\/\/www.notibras.com\/site\/wp-content\/uploads\/2023\/11\/chuescor.jpg","articleSection":["Quadradinho em Foco"],"inLanguage":"pt-BR"},{"@type":"WebPage","@id":"https:\/\/www.notibras.com\/site\/cuidado-onde-pisa-porque-a-chuva-traz-com-ela-escorpioes\/","url":"https:\/\/www.notibras.com\/site\/cuidado-onde-pisa-porque-a-chuva-traz-com-ela-escorpioes\/","name":"Cuidado onde pisa, porque a chuva traz com ela escorpi\u00f5es - Notibras","isPartOf":{"@id":"https:\/\/www.notibras.com\/site\/#website"},"primaryImageOfPage":{"@id":"https:\/\/www.notibras.com\/site\/cuidado-onde-pisa-porque-a-chuva-traz-com-ela-escorpioes\/#primaryimage"},"image":{"@id":"https:\/\/www.notibras.com\/site\/cuidado-onde-pisa-porque-a-chuva-traz-com-ela-escorpioes\/#primaryimage"},"thumbnailUrl":"https:\/\/www.notibras.com\/site\/wp-content\/uploads\/2023\/11\/chuescor.jpg","datePublished":"2023-11-26T03:00:38+00:00","dateModified":"2023-11-26T12:00:54+00:00","breadcrumb":{"@id":"https:\/\/www.notibras.com\/site\/cuidado-onde-pisa-porque-a-chuva-traz-com-ela-escorpioes\/#breadcrumb"},"inLanguage":"pt-BR","potentialAction":[{"@type":"ReadAction","target":["https:\/\/www.notibras.com\/site\/cuidado-onde-pisa-porque-a-chuva-traz-com-ela-escorpioes\/"]}]},{"@type":"ImageObject","inLanguage":"pt-BR","@id":"https:\/\/www.notibras.com\/site\/cuidado-onde-pisa-porque-a-chuva-traz-com-ela-escorpioes\/#primaryimage","url":"https:\/\/www.notibras.com\/site\/wp-content\/uploads\/2023\/11\/chuescor.jpg","contentUrl":"https:\/\/www.notibras.com\/site\/wp-content\/uploads\/2023\/11\/chuescor.jpg","width":1536,"height":1024},{"@type":"BreadcrumbList","@id":"https:\/\/www.notibras.com\/site\/cuidado-onde-pisa-porque-a-chuva-traz-com-ela-escorpioes\/#breadcrumb","itemListElement":[{"@type":"ListItem","position":1,"name":"In\u00edcio","item":"https:\/\/www.notibras.com\/site\/"},{"@type":"ListItem","position":2,"name":"Cuidado onde pisa, porque a chuva traz com ela escorpi\u00f5es"}]},{"@type":"WebSite","@id":"https:\/\/www.notibras.com\/site\/#website","url":"https:\/\/www.notibras.com\/site\/","name":"Notibras","description":"Not\u00edcias de Bras\u00edlia, do Brasil e do Mundo","publisher":{"@id":"https:\/\/www.notibras.com\/site\/#organization"},"potentialAction":[{"@type":"SearchAction","target":{"@type":"EntryPoint","urlTemplate":"https:\/\/www.notibras.com\/site\/?s={search_term_string}"},"query-input":{"@type":"PropertyValueSpecification","valueRequired":true,"valueName":"search_term_string"}}],"inLanguage":"pt-BR"},{"@type":"Organization","@id":"https:\/\/www.notibras.com\/site\/#organization","name":"Grupo Notibras de Comunica\u00e7\u00e3o","url":"https:\/\/www.notibras.com\/site\/","logo":{"@type":"ImageObject","inLanguage":"pt-BR","@id":"https:\/\/www.notibras.com\/site\/#\/schema\/logo\/image\/","url":"https:\/\/www.notibras.com\/site\/wp-content\/uploads\/2023\/01\/notibras23.png","contentUrl":"https:\/\/www.notibras.com\/site\/wp-content\/uploads\/2023\/01\/notibras23.png","width":350,"height":87,"caption":"Grupo Notibras de Comunica\u00e7\u00e3o"},"image":{"@id":"https:\/\/www.notibras.com\/site\/#\/schema\/logo\/image\/"},"sameAs":["https:\/\/www.facebook.com\/notibras\/","https:\/\/x.com\/Notibras","https:\/\/www.instagram.com\/notibras\/"]},{"@type":"Person","@id":"https:\/\/www.notibras.com\/site\/#\/schema\/person\/36ab0979449956132d3e5b517ea76ac8","name":"Reda\u00e7\u00e3o","image":{"@type":"ImageObject","inLanguage":"pt-BR","@id":"https:\/\/secure.gravatar.com\/avatar\/e0a867bdedb85fd243eadf09663511f96fc81e0720a4a42581f334ad4303aa6b?s=96&d=mm&r=g","url":"https:\/\/secure.gravatar.com\/avatar\/e0a867bdedb85fd243eadf09663511f96fc81e0720a4a42581f334ad4303aa6b?s=96&d=mm&r=g","contentUrl":"https:\/\/secure.gravatar.com\/avatar\/e0a867bdedb85fd243eadf09663511f96fc81e0720a4a42581f334ad4303aa6b?s=96&d=mm&r=g","caption":"Reda\u00e7\u00e3o"}}]}},"amp_enabled":true,"_links":{"self":[{"href":"https:\/\/www.notibras.com\/site\/wp-json\/wp\/v2\/posts\/317837","targetHints":{"allow":["GET"]}}],"collection":[{"href":"https:\/\/www.notibras.com\/site\/wp-json\/wp\/v2\/posts"}],"about":[{"href":"https:\/\/www.notibras.com\/site\/wp-json\/wp\/v2\/types\/post"}],"author":[{"embeddable":true,"href":"https:\/\/www.notibras.com\/site\/wp-json\/wp\/v2\/users\/2"}],"replies":[{"embeddable":true,"href":"https:\/\/www.notibras.com\/site\/wp-json\/wp\/v2\/comments?post=317837"}],"version-history":[{"count":1,"href":"https:\/\/www.notibras.com\/site\/wp-json\/wp\/v2\/posts\/317837\/revisions"}],"predecessor-version":[{"id":317839,"href":"https:\/\/www.notibras.com\/site\/wp-json\/wp\/v2\/posts\/317837\/revisions\/317839"}],"wp:featuredmedia":[{"embeddable":true,"href":"https:\/\/www.notibras.com\/site\/wp-json\/wp\/v2\/media\/317838"}],"wp:attachment":[{"href":"https:\/\/www.notibras.com\/site\/wp-json\/wp\/v2\/media?parent=317837"}],"wp:term":[{"taxonomy":"category","embeddable":true,"href":"https:\/\/www.notibras.com\/site\/wp-json\/wp\/v2\/categories?post=317837"},{"taxonomy":"post_tag","embeddable":true,"href":"https:\/\/www.notibras.com\/site\/wp-json\/wp\/v2\/tags?post=317837"}],"curies":[{"name":"wp","href":"https:\/\/api.w.org\/{rel}","templated":true}]}}