{"id":317840,"date":"2023-11-26T00:00:07","date_gmt":"2023-11-26T03:00:07","guid":{"rendered":"https:\/\/www.notibras.com\/site\/?p=317840"},"modified":"2023-11-26T09:10:49","modified_gmt":"2023-11-26T12:10:49","slug":"combatentes-de-incendios-florestais-realizam-curso-de-comando","status":"publish","type":"post","link":"https:\/\/www.notibras.com\/site\/combatentes-de-incendios-florestais-realizam-curso-de-comando\/","title":{"rendered":"Combatentes de inc\u00eandios florestais realizam curso de comando"},"content":{"rendered":"<p>O Corpo de Bombeiros Militar inicia nesta segunda, 27, o Curso de Sistema de Comando de Incidentes Intermedi\u00e1rio (SCI), no 2\u00ba Grupamento dos Bombeiros, localizado no Setor B Norte, QNB, em Taguatinga. O evento vai at\u00e9 o dia 5 de dezembro. Trata-se de uma das a\u00e7\u00f5es do Plano de Preven\u00e7\u00e3o de Combate a Inc\u00eandios Florestais (PPCIF), coordenado pela Secretaria do Meio Ambiente e Prote\u00e7\u00e3o Animal.<\/p>\n<p>De acordo com o secret\u00e1rio do Meio Ambiente, Gutemberg Gomes, o objetivo \u00e9 aprofundar o conhecimento do corpo t\u00e9cnico de importantes \u00f3rg\u00e3os que atuam na tem\u00e1tica dos inc\u00eandios. \u201c\u00c9 sempre importante essa imers\u00e3o dentro dos princ\u00edpios, dos procedimentos e dos protocolos dessa ferramenta. O maior benef\u00edcio do SCI, num incidente real, \u00e9 que ele permite a otimiza\u00e7\u00e3o de respostas em situa\u00e7\u00f5es de emerg\u00eancias\u201d, explica.<\/p>\n<p>Ser\u00e1 o segundo curso ministrado pelo CBMDF neste ano com objetivo de capacitar servidores do Ibama, ICMBio, Instituto Bras\u00edlia Ambiental, Sema, Jardim Bot\u00e2nico de Bras\u00edlia (JBB), CBMDF, \u00c1rea de Prote\u00e7\u00e3o Ambiental (APA) do Planalto Central, IBGE e Marinha. Com carga hor\u00e1ria de 40h, o treinamento contar\u00e1 com aulas pr\u00e1ticas e te\u00f3ricas, al\u00e9m de um simulado pr\u00e1tico, que ser\u00e1 realizado no dia 2 de junho de 2024, na Floresta Nacional (Flona) de Bras\u00edlia.<\/p>\n<p>Segundo a servidora da Sema-DF e coordenadora do PPCIF, Carolina Schubart, o curso visa preparar o corpo t\u00e9cnico dos servidores na tem\u00e1tica de inc\u00eandios florestais, para aprimorar ainda mais a efic\u00e1cia no combate aos inc\u00eandios de grande propor\u00e7\u00e3o.<\/p>\n<p>O Sistema de Comando de Incidentes (SCI) \u00e9 uma ferramenta que pode ser aplicada em casos de acidentes para organiza\u00e7\u00e3o das a\u00e7\u00f5es que dever\u00e3o ser adotadas no controle de cada situa\u00e7\u00e3o. Este modelo de gerenciamento foi desenvolvido na d\u00e9cada de 1970 para gest\u00e3o no combate aos inc\u00eandios florestais na Calif\u00f3rnia, nos Estados Unidos. Atualmente, \u00e9 utilizado por diversos estados brasileiros, inclusive no sistema de seguran\u00e7a p\u00fablica do DF.<\/p>\n","protected":false},"excerpt":{"rendered":"<p>O Corpo de Bombeiros Militar inicia nesta segunda, 27, o Curso de Sistema de Comando de Incidentes Intermedi\u00e1rio (SCI), no 2\u00ba Grupamento dos Bombeiros, localizado no Setor B Norte, QNB, em Taguatinga. O evento vai at\u00e9 o dia 5 de dezembro. Trata-se de uma das a\u00e7\u00f5es do Plano de Preven\u00e7\u00e3o de Combate a Inc\u00eandios Florestais [&hellip;]<\/p>\n","protected":false},"author":2,"featured_media":317841,"comment_status":"closed","ping_status":"closed","sticky":false,"template":"","format":"standard","meta":{"_acf_changed":false,"footnotes":""},"categories":[161],"tags":[],"class_list":["post-317840","post","type-post","status-publish","format-standard","has-post-thumbnail","hentry","category-quadradinho-em-foco"],"acf":[],"yoast_head":"<!-- This site is optimized with the Yoast SEO plugin v27.2 - https:\/\/yoast.com\/product\/yoast-seo-wordpress\/ -->\n<title>Combatentes de inc\u00eandios florestais realizam curso de comando - Notibras<\/title>\n<meta name=\"robots\" content=\"index, follow, max-snippet:-1, max-image-preview:large, max-video-preview:-1\" \/>\n<link rel=\"canonical\" href=\"https:\/\/www.notibras.com\/site\/combatentes-de-incendios-florestais-realizam-curso-de-comando\/\" \/>\n<meta property=\"og:locale\" content=\"pt_BR\" \/>\n<meta property=\"og:type\" content=\"article\" \/>\n<meta property=\"og:title\" content=\"Combatentes de inc\u00eandios florestais realizam curso de comando - Notibras\" \/>\n<meta property=\"og:description\" content=\"O Corpo de Bombeiros Militar inicia nesta segunda, 27, o Curso de Sistema de Comando de Incidentes Intermedi\u00e1rio (SCI), no 2\u00ba Grupamento dos Bombeiros, localizado no Setor B Norte, QNB, em Taguatinga. O evento vai at\u00e9 o dia 5 de dezembro. Trata-se de uma das a\u00e7\u00f5es do Plano de Preven\u00e7\u00e3o de Combate a Inc\u00eandios Florestais [&hellip;]\" \/>\n<meta property=\"og:url\" content=\"https:\/\/www.notibras.com\/site\/combatentes-de-incendios-florestais-realizam-curso-de-comando\/\" \/>\n<meta property=\"og:site_name\" content=\"Notibras\" \/>\n<meta property=\"article:publisher\" content=\"https:\/\/www.facebook.com\/notibras\/\" \/>\n<meta property=\"article:published_time\" content=\"2023-11-26T03:00:07+00:00\" \/>\n<meta property=\"article:modified_time\" content=\"2023-11-26T12:10:49+00:00\" \/>\n<meta property=\"og:image\" content=\"https:\/\/www.notibras.com\/site\/wp-content\/uploads\/2023\/11\/Projeto-Brigadas-de-Combate-a-incendios.jpg\" \/>\n\t<meta property=\"og:image:width\" content=\"960\" \/>\n\t<meta property=\"og:image:height\" content=\"540\" \/>\n\t<meta property=\"og:image:type\" content=\"image\/jpeg\" \/>\n<meta name=\"author\" content=\"Reda\u00e7\u00e3o\" \/>\n<meta name=\"twitter:card\" content=\"summary_large_image\" \/>\n<meta name=\"twitter:creator\" content=\"@Notibras\" \/>\n<meta name=\"twitter:site\" content=\"@Notibras\" \/>\n<meta name=\"twitter:label1\" content=\"Escrito por\" \/>\n\t<meta name=\"twitter:data1\" content=\"Reda\u00e7\u00e3o\" \/>\n\t<meta name=\"twitter:label2\" content=\"Est. tempo de leitura\" \/>\n\t<meta name=\"twitter:data2\" content=\"2 minutos\" \/>\n<script type=\"application\/ld+json\" class=\"yoast-schema-graph\">{\"@context\":\"https:\/\/schema.org\",\"@graph\":[{\"@type\":\"Article\",\"@id\":\"https:\/\/www.notibras.com\/site\/combatentes-de-incendios-florestais-realizam-curso-de-comando\/#article\",\"isPartOf\":{\"@id\":\"https:\/\/www.notibras.com\/site\/combatentes-de-incendios-florestais-realizam-curso-de-comando\/\"},\"author\":{\"name\":\"Reda\u00e7\u00e3o\",\"@id\":\"https:\/\/www.notibras.com\/site\/#\/schema\/person\/36ab0979449956132d3e5b517ea76ac8\"},\"headline\":\"Combatentes de inc\u00eandios florestais realizam curso de comando\",\"datePublished\":\"2023-11-26T03:00:07+00:00\",\"dateModified\":\"2023-11-26T12:10:49+00:00\",\"mainEntityOfPage\":{\"@id\":\"https:\/\/www.notibras.com\/site\/combatentes-de-incendios-florestais-realizam-curso-de-comando\/\"},\"wordCount\":347,\"publisher\":{\"@id\":\"https:\/\/www.notibras.com\/site\/#organization\"},\"image\":{\"@id\":\"https:\/\/www.notibras.com\/site\/combatentes-de-incendios-florestais-realizam-curso-de-comando\/#primaryimage\"},\"thumbnailUrl\":\"https:\/\/www.notibras.com\/site\/wp-content\/uploads\/2023\/11\/Projeto-Brigadas-de-Combate-a-incendios.jpg\",\"articleSection\":[\"Quadradinho em Foco\"],\"inLanguage\":\"pt-BR\"},{\"@type\":\"WebPage\",\"@id\":\"https:\/\/www.notibras.com\/site\/combatentes-de-incendios-florestais-realizam-curso-de-comando\/\",\"url\":\"https:\/\/www.notibras.com\/site\/combatentes-de-incendios-florestais-realizam-curso-de-comando\/\",\"name\":\"Combatentes de inc\u00eandios florestais realizam curso de comando - Notibras\",\"isPartOf\":{\"@id\":\"https:\/\/www.notibras.com\/site\/#website\"},\"primaryImageOfPage\":{\"@id\":\"https:\/\/www.notibras.com\/site\/combatentes-de-incendios-florestais-realizam-curso-de-comando\/#primaryimage\"},\"image\":{\"@id\":\"https:\/\/www.notibras.com\/site\/combatentes-de-incendios-florestais-realizam-curso-de-comando\/#primaryimage\"},\"thumbnailUrl\":\"https:\/\/www.notibras.com\/site\/wp-content\/uploads\/2023\/11\/Projeto-Brigadas-de-Combate-a-incendios.jpg\",\"datePublished\":\"2023-11-26T03:00:07+00:00\",\"dateModified\":\"2023-11-26T12:10:49+00:00\",\"breadcrumb\":{\"@id\":\"https:\/\/www.notibras.com\/site\/combatentes-de-incendios-florestais-realizam-curso-de-comando\/#breadcrumb\"},\"inLanguage\":\"pt-BR\",\"potentialAction\":[{\"@type\":\"ReadAction\",\"target\":[\"https:\/\/www.notibras.com\/site\/combatentes-de-incendios-florestais-realizam-curso-de-comando\/\"]}]},{\"@type\":\"ImageObject\",\"inLanguage\":\"pt-BR\",\"@id\":\"https:\/\/www.notibras.com\/site\/combatentes-de-incendios-florestais-realizam-curso-de-comando\/#primaryimage\",\"url\":\"https:\/\/www.notibras.com\/site\/wp-content\/uploads\/2023\/11\/Projeto-Brigadas-de-Combate-a-incendios.jpg\",\"contentUrl\":\"https:\/\/www.notibras.com\/site\/wp-content\/uploads\/2023\/11\/Projeto-Brigadas-de-Combate-a-incendios.jpg\",\"width\":960,\"height\":540},{\"@type\":\"BreadcrumbList\",\"@id\":\"https:\/\/www.notibras.com\/site\/combatentes-de-incendios-florestais-realizam-curso-de-comando\/#breadcrumb\",\"itemListElement\":[{\"@type\":\"ListItem\",\"position\":1,\"name\":\"In\u00edcio\",\"item\":\"https:\/\/www.notibras.com\/site\/\"},{\"@type\":\"ListItem\",\"position\":2,\"name\":\"Combatentes de inc\u00eandios florestais realizam curso de comando\"}]},{\"@type\":\"WebSite\",\"@id\":\"https:\/\/www.notibras.com\/site\/#website\",\"url\":\"https:\/\/www.notibras.com\/site\/\",\"name\":\"Notibras\",\"description\":\"Not\u00edcias de Bras\u00edlia, do Brasil e do Mundo\",\"publisher\":{\"@id\":\"https:\/\/www.notibras.com\/site\/#organization\"},\"potentialAction\":[{\"@type\":\"SearchAction\",\"target\":{\"@type\":\"EntryPoint\",\"urlTemplate\":\"https:\/\/www.notibras.com\/site\/?s={search_term_string}\"},\"query-input\":{\"@type\":\"PropertyValueSpecification\",\"valueRequired\":true,\"valueName\":\"search_term_string\"}}],\"inLanguage\":\"pt-BR\"},{\"@type\":\"Organization\",\"@id\":\"https:\/\/www.notibras.com\/site\/#organization\",\"name\":\"Grupo Notibras de Comunica\u00e7\u00e3o\",\"url\":\"https:\/\/www.notibras.com\/site\/\",\"logo\":{\"@type\":\"ImageObject\",\"inLanguage\":\"pt-BR\",\"@id\":\"https:\/\/www.notibras.com\/site\/#\/schema\/logo\/image\/\",\"url\":\"https:\/\/www.notibras.com\/site\/wp-content\/uploads\/2023\/01\/notibras23.png\",\"contentUrl\":\"https:\/\/www.notibras.com\/site\/wp-content\/uploads\/2023\/01\/notibras23.png\",\"width\":350,\"height\":87,\"caption\":\"Grupo Notibras de Comunica\u00e7\u00e3o\"},\"image\":{\"@id\":\"https:\/\/www.notibras.com\/site\/#\/schema\/logo\/image\/\"},\"sameAs\":[\"https:\/\/www.facebook.com\/notibras\/\",\"https:\/\/x.com\/Notibras\",\"https:\/\/www.instagram.com\/notibras\/\"]},{\"@type\":\"Person\",\"@id\":\"https:\/\/www.notibras.com\/site\/#\/schema\/person\/36ab0979449956132d3e5b517ea76ac8\",\"name\":\"Reda\u00e7\u00e3o\",\"image\":{\"@type\":\"ImageObject\",\"inLanguage\":\"pt-BR\",\"@id\":\"https:\/\/secure.gravatar.com\/avatar\/e0a867bdedb85fd243eadf09663511f96fc81e0720a4a42581f334ad4303aa6b?s=96&d=mm&r=g\",\"url\":\"https:\/\/secure.gravatar.com\/avatar\/e0a867bdedb85fd243eadf09663511f96fc81e0720a4a42581f334ad4303aa6b?s=96&d=mm&r=g\",\"contentUrl\":\"https:\/\/secure.gravatar.com\/avatar\/e0a867bdedb85fd243eadf09663511f96fc81e0720a4a42581f334ad4303aa6b?s=96&d=mm&r=g\",\"caption\":\"Reda\u00e7\u00e3o\"}}]}<\/script>\n<!-- \/ Yoast SEO plugin. -->","yoast_head_json":{"title":"Combatentes de inc\u00eandios florestais realizam curso de comando - Notibras","robots":{"index":"index","follow":"follow","max-snippet":"max-snippet:-1","max-image-preview":"max-image-preview:large","max-video-preview":"max-video-preview:-1"},"canonical":"https:\/\/www.notibras.com\/site\/combatentes-de-incendios-florestais-realizam-curso-de-comando\/","og_locale":"pt_BR","og_type":"article","og_title":"Combatentes de inc\u00eandios florestais realizam curso de comando - Notibras","og_description":"O Corpo de Bombeiros Militar inicia nesta segunda, 27, o Curso de Sistema de Comando de Incidentes Intermedi\u00e1rio (SCI), no 2\u00ba Grupamento dos Bombeiros, localizado no Setor B Norte, QNB, em Taguatinga. O evento vai at\u00e9 o dia 5 de dezembro. Trata-se de uma das a\u00e7\u00f5es do Plano de Preven\u00e7\u00e3o de Combate a Inc\u00eandios Florestais [&hellip;]","og_url":"https:\/\/www.notibras.com\/site\/combatentes-de-incendios-florestais-realizam-curso-de-comando\/","og_site_name":"Notibras","article_publisher":"https:\/\/www.facebook.com\/notibras\/","article_published_time":"2023-11-26T03:00:07+00:00","article_modified_time":"2023-11-26T12:10:49+00:00","og_image":[{"width":960,"height":540,"url":"https:\/\/www.notibras.com\/site\/wp-content\/uploads\/2023\/11\/Projeto-Brigadas-de-Combate-a-incendios.jpg","type":"image\/jpeg"}],"author":"Reda\u00e7\u00e3o","twitter_card":"summary_large_image","twitter_creator":"@Notibras","twitter_site":"@Notibras","twitter_misc":{"Escrito por":"Reda\u00e7\u00e3o","Est. tempo de leitura":"2 minutos"},"schema":{"@context":"https:\/\/schema.org","@graph":[{"@type":"Article","@id":"https:\/\/www.notibras.com\/site\/combatentes-de-incendios-florestais-realizam-curso-de-comando\/#article","isPartOf":{"@id":"https:\/\/www.notibras.com\/site\/combatentes-de-incendios-florestais-realizam-curso-de-comando\/"},"author":{"name":"Reda\u00e7\u00e3o","@id":"https:\/\/www.notibras.com\/site\/#\/schema\/person\/36ab0979449956132d3e5b517ea76ac8"},"headline":"Combatentes de inc\u00eandios florestais realizam curso de comando","datePublished":"2023-11-26T03:00:07+00:00","dateModified":"2023-11-26T12:10:49+00:00","mainEntityOfPage":{"@id":"https:\/\/www.notibras.com\/site\/combatentes-de-incendios-florestais-realizam-curso-de-comando\/"},"wordCount":347,"publisher":{"@id":"https:\/\/www.notibras.com\/site\/#organization"},"image":{"@id":"https:\/\/www.notibras.com\/site\/combatentes-de-incendios-florestais-realizam-curso-de-comando\/#primaryimage"},"thumbnailUrl":"https:\/\/www.notibras.com\/site\/wp-content\/uploads\/2023\/11\/Projeto-Brigadas-de-Combate-a-incendios.jpg","articleSection":["Quadradinho em Foco"],"inLanguage":"pt-BR"},{"@type":"WebPage","@id":"https:\/\/www.notibras.com\/site\/combatentes-de-incendios-florestais-realizam-curso-de-comando\/","url":"https:\/\/www.notibras.com\/site\/combatentes-de-incendios-florestais-realizam-curso-de-comando\/","name":"Combatentes de inc\u00eandios florestais realizam curso de comando - Notibras","isPartOf":{"@id":"https:\/\/www.notibras.com\/site\/#website"},"primaryImageOfPage":{"@id":"https:\/\/www.notibras.com\/site\/combatentes-de-incendios-florestais-realizam-curso-de-comando\/#primaryimage"},"image":{"@id":"https:\/\/www.notibras.com\/site\/combatentes-de-incendios-florestais-realizam-curso-de-comando\/#primaryimage"},"thumbnailUrl":"https:\/\/www.notibras.com\/site\/wp-content\/uploads\/2023\/11\/Projeto-Brigadas-de-Combate-a-incendios.jpg","datePublished":"2023-11-26T03:00:07+00:00","dateModified":"2023-11-26T12:10:49+00:00","breadcrumb":{"@id":"https:\/\/www.notibras.com\/site\/combatentes-de-incendios-florestais-realizam-curso-de-comando\/#breadcrumb"},"inLanguage":"pt-BR","potentialAction":[{"@type":"ReadAction","target":["https:\/\/www.notibras.com\/site\/combatentes-de-incendios-florestais-realizam-curso-de-comando\/"]}]},{"@type":"ImageObject","inLanguage":"pt-BR","@id":"https:\/\/www.notibras.com\/site\/combatentes-de-incendios-florestais-realizam-curso-de-comando\/#primaryimage","url":"https:\/\/www.notibras.com\/site\/wp-content\/uploads\/2023\/11\/Projeto-Brigadas-de-Combate-a-incendios.jpg","contentUrl":"https:\/\/www.notibras.com\/site\/wp-content\/uploads\/2023\/11\/Projeto-Brigadas-de-Combate-a-incendios.jpg","width":960,"height":540},{"@type":"BreadcrumbList","@id":"https:\/\/www.notibras.com\/site\/combatentes-de-incendios-florestais-realizam-curso-de-comando\/#breadcrumb","itemListElement":[{"@type":"ListItem","position":1,"name":"In\u00edcio","item":"https:\/\/www.notibras.com\/site\/"},{"@type":"ListItem","position":2,"name":"Combatentes de inc\u00eandios florestais realizam curso de comando"}]},{"@type":"WebSite","@id":"https:\/\/www.notibras.com\/site\/#website","url":"https:\/\/www.notibras.com\/site\/","name":"Notibras","description":"Not\u00edcias de Bras\u00edlia, do Brasil e do Mundo","publisher":{"@id":"https:\/\/www.notibras.com\/site\/#organization"},"potentialAction":[{"@type":"SearchAction","target":{"@type":"EntryPoint","urlTemplate":"https:\/\/www.notibras.com\/site\/?s={search_term_string}"},"query-input":{"@type":"PropertyValueSpecification","valueRequired":true,"valueName":"search_term_string"}}],"inLanguage":"pt-BR"},{"@type":"Organization","@id":"https:\/\/www.notibras.com\/site\/#organization","name":"Grupo Notibras de Comunica\u00e7\u00e3o","url":"https:\/\/www.notibras.com\/site\/","logo":{"@type":"ImageObject","inLanguage":"pt-BR","@id":"https:\/\/www.notibras.com\/site\/#\/schema\/logo\/image\/","url":"https:\/\/www.notibras.com\/site\/wp-content\/uploads\/2023\/01\/notibras23.png","contentUrl":"https:\/\/www.notibras.com\/site\/wp-content\/uploads\/2023\/01\/notibras23.png","width":350,"height":87,"caption":"Grupo Notibras de Comunica\u00e7\u00e3o"},"image":{"@id":"https:\/\/www.notibras.com\/site\/#\/schema\/logo\/image\/"},"sameAs":["https:\/\/www.facebook.com\/notibras\/","https:\/\/x.com\/Notibras","https:\/\/www.instagram.com\/notibras\/"]},{"@type":"Person","@id":"https:\/\/www.notibras.com\/site\/#\/schema\/person\/36ab0979449956132d3e5b517ea76ac8","name":"Reda\u00e7\u00e3o","image":{"@type":"ImageObject","inLanguage":"pt-BR","@id":"https:\/\/secure.gravatar.com\/avatar\/e0a867bdedb85fd243eadf09663511f96fc81e0720a4a42581f334ad4303aa6b?s=96&d=mm&r=g","url":"https:\/\/secure.gravatar.com\/avatar\/e0a867bdedb85fd243eadf09663511f96fc81e0720a4a42581f334ad4303aa6b?s=96&d=mm&r=g","contentUrl":"https:\/\/secure.gravatar.com\/avatar\/e0a867bdedb85fd243eadf09663511f96fc81e0720a4a42581f334ad4303aa6b?s=96&d=mm&r=g","caption":"Reda\u00e7\u00e3o"}}]}},"amp_enabled":true,"_links":{"self":[{"href":"https:\/\/www.notibras.com\/site\/wp-json\/wp\/v2\/posts\/317840","targetHints":{"allow":["GET"]}}],"collection":[{"href":"https:\/\/www.notibras.com\/site\/wp-json\/wp\/v2\/posts"}],"about":[{"href":"https:\/\/www.notibras.com\/site\/wp-json\/wp\/v2\/types\/post"}],"author":[{"embeddable":true,"href":"https:\/\/www.notibras.com\/site\/wp-json\/wp\/v2\/users\/2"}],"replies":[{"embeddable":true,"href":"https:\/\/www.notibras.com\/site\/wp-json\/wp\/v2\/comments?post=317840"}],"version-history":[{"count":1,"href":"https:\/\/www.notibras.com\/site\/wp-json\/wp\/v2\/posts\/317840\/revisions"}],"predecessor-version":[{"id":317842,"href":"https:\/\/www.notibras.com\/site\/wp-json\/wp\/v2\/posts\/317840\/revisions\/317842"}],"wp:featuredmedia":[{"embeddable":true,"href":"https:\/\/www.notibras.com\/site\/wp-json\/wp\/v2\/media\/317841"}],"wp:attachment":[{"href":"https:\/\/www.notibras.com\/site\/wp-json\/wp\/v2\/media?parent=317840"}],"wp:term":[{"taxonomy":"category","embeddable":true,"href":"https:\/\/www.notibras.com\/site\/wp-json\/wp\/v2\/categories?post=317840"},{"taxonomy":"post_tag","embeddable":true,"href":"https:\/\/www.notibras.com\/site\/wp-json\/wp\/v2\/tags?post=317840"}],"curies":[{"name":"wp","href":"https:\/\/api.w.org\/{rel}","templated":true}]}}