{"id":317854,"date":"2023-11-27T00:57:00","date_gmt":"2023-11-27T03:57:00","guid":{"rendered":"https:\/\/www.notibras.com\/site\/?p=317854"},"modified":"2023-11-27T01:03:25","modified_gmt":"2023-11-27T04:03:25","slug":"alunos-da-rede-publica-usam-notibras-como-pauta-de-portugues","status":"publish","type":"post","link":"https:\/\/www.notibras.com\/site\/alunos-da-rede-publica-usam-notibras-como-pauta-de-portugues\/","title":{"rendered":"Alunos da rede p\u00fablica usam Notibras como pauta de portugu\u00eas"},"content":{"rendered":"<p>Algumas coisas bem legais aconteceram comigo ap\u00f3s decidir levar a s\u00e9rio o trabalho como escritor. Ganhei alguns pr\u00eamios, fui convidado pelo Jos\u00e9 Seabra para ser cronista\/contista do <strong>Notibras<\/strong>, passei a ser reconhecido nas ruas e recebi v\u00e1rias mensagens de pessoas que gostaram dos meus textos. No entanto, posso afirmar que, sem qualquer receio de estar falando bobagem, nada se compara a encontrar as turmas do professor Leandro Mendes no Centro de Ensino Fundamental 102 Norte (CEF 102 Norte).<\/p>\n<p>Esse contato com o Leandro surgiu quando ele me mandou uma mensagem no in\u00edcio de 2022. Ele queria a minha autoriza\u00e7\u00e3o para utilizar os meus textos em sala de aula. Quase ca\u00ed da cadeira, pois \u00e9 o sonho de qualquer escritor alcan\u00e7ar algo assim. \u00c9 \u00f3bvio que aceitei na hora. A partir de ent\u00e3o, o Leandro utiliza meus contos e cr\u00f4nicas em trabalhos e provas com seus alunos e, inclusive, um dos textos de minha autoria virou uma pe\u00e7a de teatro feita pela garotada.<\/p>\n<p>Pois bem, na ter\u00e7a-feira, 21, fui at\u00e9 o CEF 102 Norte para o meu segundo encontro, j\u00e1 que, ano passado, estive l\u00e1 pela primeira vez, e, de cara, fui recebido por um entusiasmado Leandro, que me confidenciou que muitos dos seus alunos estavam descrentes de que eu iria conversar com eles, sem falar nos outros, que estavam muito ansiosos. Eu disse que havia acordado \u00e0s 2h da madrugada, tamanha ansiedade que havia tomado conta de mim, mesmo que o encontro estivesse programado para o per\u00edodo da tarde.<\/p>\n<p><img loading=\"lazy\" decoding=\"async\" class=\"wp-image-317856 aligncenter\" src=\"https:\/\/www.notibras.com\/site\/wp-content\/uploads\/2023\/11\/edu.esc_.2-225x300.jpg\" alt=\"\" width=\"408\" height=\"544\" srcset=\"https:\/\/www.notibras.com\/site\/wp-content\/uploads\/2023\/11\/edu.esc_.2-225x300.jpg 225w, https:\/\/www.notibras.com\/site\/wp-content\/uploads\/2023\/11\/edu.esc_.2.jpg 768w\" sizes=\"auto, (max-width: 408px) 100vw, 408px\" \/><\/p>\n<p>Assim que fui apresentado \u00e0 primeira turma, percebi naqueles olhos infantis um brilho que, talvez, muitos de n\u00f3s perdemos ao longo dos anos. A garotada n\u00e3o parava de me fazer perguntas das mais variadas. Tentei responder a todos da maneira mais direta poss\u00edvel, mesmo porque logo se formou uma conex\u00e3o entre n\u00f3s, como se j\u00e1 f\u00f4ssemos amigos h\u00e1 tempos. Coisas de crian\u00e7as, que dever\u00edamos levar conosco para sempre.<\/p>\n<p>V\u00e1rios nomes, que eu conhecia apenas das cartinhas recebidas daquela galera, se tornaram rostos naquele momento. A Liv, uma menina com os olhos e c\u00edlios enormes como os da minha filha mais velha, a Ninica. O Odin, com seu nome de deus n\u00f3rdico. O Wendell, que ficou feliz por eu ter escrito o seu nome corretamente. O Rochinha, carism\u00e1tico al\u00e9m do infinito, que havia me recebido antes de eu entrar em sala de aula.<\/p>\n<p>Outro menino que me encantou foi o Christopher, artista nato. Ele, sem qualquer tra\u00e7o de timidez, veio me falar que sabia fazer imita\u00e7\u00f5es.<\/p>\n<p>&#8211; Eduardo, voc\u00ea quer me ver imitar um bem-te-vi?<\/p>\n<p><img loading=\"lazy\" decoding=\"async\" class=\"wp-image-317857 aligncenter\" src=\"https:\/\/www.notibras.com\/site\/wp-content\/uploads\/2023\/11\/eduesc.3-300x225.jpg\" alt=\"\" width=\"444\" height=\"333\" srcset=\"https:\/\/www.notibras.com\/site\/wp-content\/uploads\/2023\/11\/eduesc.3-300x225.jpg 300w, https:\/\/www.notibras.com\/site\/wp-content\/uploads\/2023\/11\/eduesc.3-768x576.jpg 768w, https:\/\/www.notibras.com\/site\/wp-content\/uploads\/2023\/11\/eduesc.3.jpg 1024w\" sizes=\"auto, (max-width: 444px) 100vw, 444px\" \/><\/p>\n<p>Obviamente que respondi que sim. E l\u00e1 estava aquele som lindo saindo diretamente da garganta desse menino. Mas n\u00e3o pense que parou por a\u00ed. Ainda teve imita\u00e7\u00e3o da cantora Joelma, que rendeu um coment\u00e1rio meu.<\/p>\n<p>&#8211; Se voc\u00ea treinar mais, vai cantar melhor at\u00e9 que a Elza Soares.<\/p>\n<p>O Christopher riu e, antes que nos desped\u00edssemos, fez outra imita\u00e7\u00e3o, agora do som de um golfinho. Que talento! Eu ali parado diante de um artista pronto!<\/p>\n<p><img loading=\"lazy\" decoding=\"async\" class=\"wp-image-317858 aligncenter\" src=\"https:\/\/www.notibras.com\/site\/wp-content\/uploads\/2023\/11\/eduesc.4-300x225.jpg\" alt=\"\" width=\"436\" height=\"327\" srcset=\"https:\/\/www.notibras.com\/site\/wp-content\/uploads\/2023\/11\/eduesc.4-300x225.jpg 300w, https:\/\/www.notibras.com\/site\/wp-content\/uploads\/2023\/11\/eduesc.4-768x576.jpg 768w, https:\/\/www.notibras.com\/site\/wp-content\/uploads\/2023\/11\/eduesc.4.jpg 1024w\" sizes=\"auto, (max-width: 436px) 100vw, 436px\" \/><\/p>\n<p>Ao todo, conversei com cinco turmas do professor Leandro. Em cada uma delas, fui acolhido de maneira extremamente carinhosa. O tempo voou e, antes de terminar este texto, quero destacar o que uma estudante, a Jana\u00edna, me disse, ao mesmo tempo em que me sorria aquele sorriso t\u00e3o cheio de vida.<\/p>\n<p>&#8211; Eduardo, eu n\u00e3o acreditava que voc\u00ea existia.<\/p>\n<p>&#8211; Como assim, Jana\u00edna?<\/p>\n<p>&#8211; Ah, o professor Leandro falava pra gente que voc\u00ea viria nos visitar em novembro, mas eu n\u00e3o acreditava. Eu pensava que, no final, ele diria que o escritor era ele.<\/p>\n<p>Assim que eu ouvi essas palavras da Jana\u00edna, eu lhe disse que iria escrever sobre isso. Ela talvez n\u00e3o tenha acreditado, mas, quando ler esta cr\u00f4nica, talvez perceba que, al\u00e9m de eu existir, cumpri com a minha palavra.<\/p>\n","protected":false},"excerpt":{"rendered":"<p>Algumas coisas bem legais aconteceram comigo ap\u00f3s decidir levar a s\u00e9rio o trabalho como escritor. Ganhei alguns pr\u00eamios, fui convidado pelo Jos\u00e9 Seabra para ser cronista\/contista do Notibras, passei a ser reconhecido nas ruas e recebi v\u00e1rias mensagens de pessoas que gostaram dos meus textos. No entanto, posso afirmar que, sem qualquer receio de estar [&hellip;]<\/p>\n","protected":false},"author":2,"featured_media":317845,"comment_status":"closed","ping_status":"closed","sticky":false,"template":"","format":"standard","meta":{"_acf_changed":false,"footnotes":""},"categories":[161],"tags":[95],"class_list":["post-317854","post","type-post","status-publish","format-standard","has-post-thumbnail","hentry","category-quadradinho-em-foco","tag-capa"],"acf":[],"yoast_head":"<!-- This site is optimized with the Yoast SEO plugin v27.2 - https:\/\/yoast.com\/product\/yoast-seo-wordpress\/ -->\n<title>Alunos da rede p\u00fablica usam Notibras como pauta de portugu\u00eas - Notibras<\/title>\n<meta name=\"robots\" content=\"index, follow, max-snippet:-1, max-image-preview:large, max-video-preview:-1\" \/>\n<link rel=\"canonical\" href=\"https:\/\/www.notibras.com\/site\/alunos-da-rede-publica-usam-notibras-como-pauta-de-portugues\/\" \/>\n<meta property=\"og:locale\" content=\"pt_BR\" \/>\n<meta property=\"og:type\" content=\"article\" \/>\n<meta property=\"og:title\" content=\"Alunos da rede p\u00fablica usam Notibras como pauta de portugu\u00eas - Notibras\" \/>\n<meta property=\"og:description\" content=\"Algumas coisas bem legais aconteceram comigo ap\u00f3s decidir levar a s\u00e9rio o trabalho como escritor. Ganhei alguns pr\u00eamios, fui convidado pelo Jos\u00e9 Seabra para ser cronista\/contista do Notibras, passei a ser reconhecido nas ruas e recebi v\u00e1rias mensagens de pessoas que gostaram dos meus textos. No entanto, posso afirmar que, sem qualquer receio de estar [&hellip;]\" \/>\n<meta property=\"og:url\" content=\"https:\/\/www.notibras.com\/site\/alunos-da-rede-publica-usam-notibras-como-pauta-de-portugues\/\" \/>\n<meta property=\"og:site_name\" content=\"Notibras\" \/>\n<meta property=\"article:publisher\" content=\"https:\/\/www.facebook.com\/notibras\/\" \/>\n<meta property=\"article:published_time\" content=\"2023-11-27T03:57:00+00:00\" \/>\n<meta property=\"article:modified_time\" content=\"2023-11-27T04:03:25+00:00\" \/>\n<meta property=\"og:image\" content=\"https:\/\/www.notibras.com\/site\/wp-content\/uploads\/2023\/11\/dualuna.jpg\" \/>\n\t<meta property=\"og:image:width\" content=\"1024\" \/>\n\t<meta property=\"og:image:height\" content=\"768\" \/>\n\t<meta property=\"og:image:type\" content=\"image\/jpeg\" \/>\n<meta name=\"author\" content=\"Reda\u00e7\u00e3o\" \/>\n<meta name=\"twitter:card\" content=\"summary_large_image\" \/>\n<meta name=\"twitter:creator\" content=\"@Notibras\" \/>\n<meta name=\"twitter:site\" content=\"@Notibras\" \/>\n<meta name=\"twitter:label1\" content=\"Escrito por\" \/>\n\t<meta name=\"twitter:data1\" content=\"Reda\u00e7\u00e3o\" \/>\n\t<meta name=\"twitter:label2\" content=\"Est. tempo de leitura\" \/>\n\t<meta name=\"twitter:data2\" content=\"5 minutos\" \/>\n<script type=\"application\/ld+json\" class=\"yoast-schema-graph\">{\"@context\":\"https:\/\/schema.org\",\"@graph\":[{\"@type\":\"Article\",\"@id\":\"https:\/\/www.notibras.com\/site\/alunos-da-rede-publica-usam-notibras-como-pauta-de-portugues\/#article\",\"isPartOf\":{\"@id\":\"https:\/\/www.notibras.com\/site\/alunos-da-rede-publica-usam-notibras-como-pauta-de-portugues\/\"},\"author\":{\"name\":\"Reda\u00e7\u00e3o\",\"@id\":\"https:\/\/www.notibras.com\/site\/#\/schema\/person\/36ab0979449956132d3e5b517ea76ac8\"},\"headline\":\"Alunos da rede p\u00fablica usam Notibras como pauta de portugu\u00eas\",\"datePublished\":\"2023-11-27T03:57:00+00:00\",\"dateModified\":\"2023-11-27T04:03:25+00:00\",\"mainEntityOfPage\":{\"@id\":\"https:\/\/www.notibras.com\/site\/alunos-da-rede-publica-usam-notibras-como-pauta-de-portugues\/\"},\"wordCount\":676,\"publisher\":{\"@id\":\"https:\/\/www.notibras.com\/site\/#organization\"},\"image\":{\"@id\":\"https:\/\/www.notibras.com\/site\/alunos-da-rede-publica-usam-notibras-como-pauta-de-portugues\/#primaryimage\"},\"thumbnailUrl\":\"https:\/\/www.notibras.com\/site\/wp-content\/uploads\/2023\/11\/dualuna.jpg\",\"keywords\":[\"capa\"],\"articleSection\":[\"Quadradinho em Foco\"],\"inLanguage\":\"pt-BR\"},{\"@type\":\"WebPage\",\"@id\":\"https:\/\/www.notibras.com\/site\/alunos-da-rede-publica-usam-notibras-como-pauta-de-portugues\/\",\"url\":\"https:\/\/www.notibras.com\/site\/alunos-da-rede-publica-usam-notibras-como-pauta-de-portugues\/\",\"name\":\"Alunos da rede p\u00fablica usam Notibras como pauta de portugu\u00eas - Notibras\",\"isPartOf\":{\"@id\":\"https:\/\/www.notibras.com\/site\/#website\"},\"primaryImageOfPage\":{\"@id\":\"https:\/\/www.notibras.com\/site\/alunos-da-rede-publica-usam-notibras-como-pauta-de-portugues\/#primaryimage\"},\"image\":{\"@id\":\"https:\/\/www.notibras.com\/site\/alunos-da-rede-publica-usam-notibras-como-pauta-de-portugues\/#primaryimage\"},\"thumbnailUrl\":\"https:\/\/www.notibras.com\/site\/wp-content\/uploads\/2023\/11\/dualuna.jpg\",\"datePublished\":\"2023-11-27T03:57:00+00:00\",\"dateModified\":\"2023-11-27T04:03:25+00:00\",\"breadcrumb\":{\"@id\":\"https:\/\/www.notibras.com\/site\/alunos-da-rede-publica-usam-notibras-como-pauta-de-portugues\/#breadcrumb\"},\"inLanguage\":\"pt-BR\",\"potentialAction\":[{\"@type\":\"ReadAction\",\"target\":[\"https:\/\/www.notibras.com\/site\/alunos-da-rede-publica-usam-notibras-como-pauta-de-portugues\/\"]}]},{\"@type\":\"ImageObject\",\"inLanguage\":\"pt-BR\",\"@id\":\"https:\/\/www.notibras.com\/site\/alunos-da-rede-publica-usam-notibras-como-pauta-de-portugues\/#primaryimage\",\"url\":\"https:\/\/www.notibras.com\/site\/wp-content\/uploads\/2023\/11\/dualuna.jpg\",\"contentUrl\":\"https:\/\/www.notibras.com\/site\/wp-content\/uploads\/2023\/11\/dualuna.jpg\",\"width\":1024,\"height\":768},{\"@type\":\"BreadcrumbList\",\"@id\":\"https:\/\/www.notibras.com\/site\/alunos-da-rede-publica-usam-notibras-como-pauta-de-portugues\/#breadcrumb\",\"itemListElement\":[{\"@type\":\"ListItem\",\"position\":1,\"name\":\"In\u00edcio\",\"item\":\"https:\/\/www.notibras.com\/site\/\"},{\"@type\":\"ListItem\",\"position\":2,\"name\":\"Alunos da rede p\u00fablica usam Notibras como pauta de portugu\u00eas\"}]},{\"@type\":\"WebSite\",\"@id\":\"https:\/\/www.notibras.com\/site\/#website\",\"url\":\"https:\/\/www.notibras.com\/site\/\",\"name\":\"Notibras\",\"description\":\"Not\u00edcias de Bras\u00edlia, do Brasil e do Mundo\",\"publisher\":{\"@id\":\"https:\/\/www.notibras.com\/site\/#organization\"},\"potentialAction\":[{\"@type\":\"SearchAction\",\"target\":{\"@type\":\"EntryPoint\",\"urlTemplate\":\"https:\/\/www.notibras.com\/site\/?s={search_term_string}\"},\"query-input\":{\"@type\":\"PropertyValueSpecification\",\"valueRequired\":true,\"valueName\":\"search_term_string\"}}],\"inLanguage\":\"pt-BR\"},{\"@type\":\"Organization\",\"@id\":\"https:\/\/www.notibras.com\/site\/#organization\",\"name\":\"Grupo Notibras de Comunica\u00e7\u00e3o\",\"url\":\"https:\/\/www.notibras.com\/site\/\",\"logo\":{\"@type\":\"ImageObject\",\"inLanguage\":\"pt-BR\",\"@id\":\"https:\/\/www.notibras.com\/site\/#\/schema\/logo\/image\/\",\"url\":\"https:\/\/www.notibras.com\/site\/wp-content\/uploads\/2023\/01\/notibras23.png\",\"contentUrl\":\"https:\/\/www.notibras.com\/site\/wp-content\/uploads\/2023\/01\/notibras23.png\",\"width\":350,\"height\":87,\"caption\":\"Grupo Notibras de Comunica\u00e7\u00e3o\"},\"image\":{\"@id\":\"https:\/\/www.notibras.com\/site\/#\/schema\/logo\/image\/\"},\"sameAs\":[\"https:\/\/www.facebook.com\/notibras\/\",\"https:\/\/x.com\/Notibras\",\"https:\/\/www.instagram.com\/notibras\/\"]},{\"@type\":\"Person\",\"@id\":\"https:\/\/www.notibras.com\/site\/#\/schema\/person\/36ab0979449956132d3e5b517ea76ac8\",\"name\":\"Reda\u00e7\u00e3o\",\"image\":{\"@type\":\"ImageObject\",\"inLanguage\":\"pt-BR\",\"@id\":\"https:\/\/secure.gravatar.com\/avatar\/e0a867bdedb85fd243eadf09663511f96fc81e0720a4a42581f334ad4303aa6b?s=96&d=mm&r=g\",\"url\":\"https:\/\/secure.gravatar.com\/avatar\/e0a867bdedb85fd243eadf09663511f96fc81e0720a4a42581f334ad4303aa6b?s=96&d=mm&r=g\",\"contentUrl\":\"https:\/\/secure.gravatar.com\/avatar\/e0a867bdedb85fd243eadf09663511f96fc81e0720a4a42581f334ad4303aa6b?s=96&d=mm&r=g\",\"caption\":\"Reda\u00e7\u00e3o\"}}]}<\/script>\n<!-- \/ Yoast SEO plugin. -->","yoast_head_json":{"title":"Alunos da rede p\u00fablica usam Notibras como pauta de portugu\u00eas - Notibras","robots":{"index":"index","follow":"follow","max-snippet":"max-snippet:-1","max-image-preview":"max-image-preview:large","max-video-preview":"max-video-preview:-1"},"canonical":"https:\/\/www.notibras.com\/site\/alunos-da-rede-publica-usam-notibras-como-pauta-de-portugues\/","og_locale":"pt_BR","og_type":"article","og_title":"Alunos da rede p\u00fablica usam Notibras como pauta de portugu\u00eas - Notibras","og_description":"Algumas coisas bem legais aconteceram comigo ap\u00f3s decidir levar a s\u00e9rio o trabalho como escritor. Ganhei alguns pr\u00eamios, fui convidado pelo Jos\u00e9 Seabra para ser cronista\/contista do Notibras, passei a ser reconhecido nas ruas e recebi v\u00e1rias mensagens de pessoas que gostaram dos meus textos. No entanto, posso afirmar que, sem qualquer receio de estar [&hellip;]","og_url":"https:\/\/www.notibras.com\/site\/alunos-da-rede-publica-usam-notibras-como-pauta-de-portugues\/","og_site_name":"Notibras","article_publisher":"https:\/\/www.facebook.com\/notibras\/","article_published_time":"2023-11-27T03:57:00+00:00","article_modified_time":"2023-11-27T04:03:25+00:00","og_image":[{"width":1024,"height":768,"url":"https:\/\/www.notibras.com\/site\/wp-content\/uploads\/2023\/11\/dualuna.jpg","type":"image\/jpeg"}],"author":"Reda\u00e7\u00e3o","twitter_card":"summary_large_image","twitter_creator":"@Notibras","twitter_site":"@Notibras","twitter_misc":{"Escrito por":"Reda\u00e7\u00e3o","Est. tempo de leitura":"5 minutos"},"schema":{"@context":"https:\/\/schema.org","@graph":[{"@type":"Article","@id":"https:\/\/www.notibras.com\/site\/alunos-da-rede-publica-usam-notibras-como-pauta-de-portugues\/#article","isPartOf":{"@id":"https:\/\/www.notibras.com\/site\/alunos-da-rede-publica-usam-notibras-como-pauta-de-portugues\/"},"author":{"name":"Reda\u00e7\u00e3o","@id":"https:\/\/www.notibras.com\/site\/#\/schema\/person\/36ab0979449956132d3e5b517ea76ac8"},"headline":"Alunos da rede p\u00fablica usam Notibras como pauta de portugu\u00eas","datePublished":"2023-11-27T03:57:00+00:00","dateModified":"2023-11-27T04:03:25+00:00","mainEntityOfPage":{"@id":"https:\/\/www.notibras.com\/site\/alunos-da-rede-publica-usam-notibras-como-pauta-de-portugues\/"},"wordCount":676,"publisher":{"@id":"https:\/\/www.notibras.com\/site\/#organization"},"image":{"@id":"https:\/\/www.notibras.com\/site\/alunos-da-rede-publica-usam-notibras-como-pauta-de-portugues\/#primaryimage"},"thumbnailUrl":"https:\/\/www.notibras.com\/site\/wp-content\/uploads\/2023\/11\/dualuna.jpg","keywords":["capa"],"articleSection":["Quadradinho em Foco"],"inLanguage":"pt-BR"},{"@type":"WebPage","@id":"https:\/\/www.notibras.com\/site\/alunos-da-rede-publica-usam-notibras-como-pauta-de-portugues\/","url":"https:\/\/www.notibras.com\/site\/alunos-da-rede-publica-usam-notibras-como-pauta-de-portugues\/","name":"Alunos da rede p\u00fablica usam Notibras como pauta de portugu\u00eas - Notibras","isPartOf":{"@id":"https:\/\/www.notibras.com\/site\/#website"},"primaryImageOfPage":{"@id":"https:\/\/www.notibras.com\/site\/alunos-da-rede-publica-usam-notibras-como-pauta-de-portugues\/#primaryimage"},"image":{"@id":"https:\/\/www.notibras.com\/site\/alunos-da-rede-publica-usam-notibras-como-pauta-de-portugues\/#primaryimage"},"thumbnailUrl":"https:\/\/www.notibras.com\/site\/wp-content\/uploads\/2023\/11\/dualuna.jpg","datePublished":"2023-11-27T03:57:00+00:00","dateModified":"2023-11-27T04:03:25+00:00","breadcrumb":{"@id":"https:\/\/www.notibras.com\/site\/alunos-da-rede-publica-usam-notibras-como-pauta-de-portugues\/#breadcrumb"},"inLanguage":"pt-BR","potentialAction":[{"@type":"ReadAction","target":["https:\/\/www.notibras.com\/site\/alunos-da-rede-publica-usam-notibras-como-pauta-de-portugues\/"]}]},{"@type":"ImageObject","inLanguage":"pt-BR","@id":"https:\/\/www.notibras.com\/site\/alunos-da-rede-publica-usam-notibras-como-pauta-de-portugues\/#primaryimage","url":"https:\/\/www.notibras.com\/site\/wp-content\/uploads\/2023\/11\/dualuna.jpg","contentUrl":"https:\/\/www.notibras.com\/site\/wp-content\/uploads\/2023\/11\/dualuna.jpg","width":1024,"height":768},{"@type":"BreadcrumbList","@id":"https:\/\/www.notibras.com\/site\/alunos-da-rede-publica-usam-notibras-como-pauta-de-portugues\/#breadcrumb","itemListElement":[{"@type":"ListItem","position":1,"name":"In\u00edcio","item":"https:\/\/www.notibras.com\/site\/"},{"@type":"ListItem","position":2,"name":"Alunos da rede p\u00fablica usam Notibras como pauta de portugu\u00eas"}]},{"@type":"WebSite","@id":"https:\/\/www.notibras.com\/site\/#website","url":"https:\/\/www.notibras.com\/site\/","name":"Notibras","description":"Not\u00edcias de Bras\u00edlia, do Brasil e do Mundo","publisher":{"@id":"https:\/\/www.notibras.com\/site\/#organization"},"potentialAction":[{"@type":"SearchAction","target":{"@type":"EntryPoint","urlTemplate":"https:\/\/www.notibras.com\/site\/?s={search_term_string}"},"query-input":{"@type":"PropertyValueSpecification","valueRequired":true,"valueName":"search_term_string"}}],"inLanguage":"pt-BR"},{"@type":"Organization","@id":"https:\/\/www.notibras.com\/site\/#organization","name":"Grupo Notibras de Comunica\u00e7\u00e3o","url":"https:\/\/www.notibras.com\/site\/","logo":{"@type":"ImageObject","inLanguage":"pt-BR","@id":"https:\/\/www.notibras.com\/site\/#\/schema\/logo\/image\/","url":"https:\/\/www.notibras.com\/site\/wp-content\/uploads\/2023\/01\/notibras23.png","contentUrl":"https:\/\/www.notibras.com\/site\/wp-content\/uploads\/2023\/01\/notibras23.png","width":350,"height":87,"caption":"Grupo Notibras de Comunica\u00e7\u00e3o"},"image":{"@id":"https:\/\/www.notibras.com\/site\/#\/schema\/logo\/image\/"},"sameAs":["https:\/\/www.facebook.com\/notibras\/","https:\/\/x.com\/Notibras","https:\/\/www.instagram.com\/notibras\/"]},{"@type":"Person","@id":"https:\/\/www.notibras.com\/site\/#\/schema\/person\/36ab0979449956132d3e5b517ea76ac8","name":"Reda\u00e7\u00e3o","image":{"@type":"ImageObject","inLanguage":"pt-BR","@id":"https:\/\/secure.gravatar.com\/avatar\/e0a867bdedb85fd243eadf09663511f96fc81e0720a4a42581f334ad4303aa6b?s=96&d=mm&r=g","url":"https:\/\/secure.gravatar.com\/avatar\/e0a867bdedb85fd243eadf09663511f96fc81e0720a4a42581f334ad4303aa6b?s=96&d=mm&r=g","contentUrl":"https:\/\/secure.gravatar.com\/avatar\/e0a867bdedb85fd243eadf09663511f96fc81e0720a4a42581f334ad4303aa6b?s=96&d=mm&r=g","caption":"Reda\u00e7\u00e3o"}}]}},"amp_enabled":true,"_links":{"self":[{"href":"https:\/\/www.notibras.com\/site\/wp-json\/wp\/v2\/posts\/317854","targetHints":{"allow":["GET"]}}],"collection":[{"href":"https:\/\/www.notibras.com\/site\/wp-json\/wp\/v2\/posts"}],"about":[{"href":"https:\/\/www.notibras.com\/site\/wp-json\/wp\/v2\/types\/post"}],"author":[{"embeddable":true,"href":"https:\/\/www.notibras.com\/site\/wp-json\/wp\/v2\/users\/2"}],"replies":[{"embeddable":true,"href":"https:\/\/www.notibras.com\/site\/wp-json\/wp\/v2\/comments?post=317854"}],"version-history":[{"count":1,"href":"https:\/\/www.notibras.com\/site\/wp-json\/wp\/v2\/posts\/317854\/revisions"}],"predecessor-version":[{"id":317859,"href":"https:\/\/www.notibras.com\/site\/wp-json\/wp\/v2\/posts\/317854\/revisions\/317859"}],"wp:featuredmedia":[{"embeddable":true,"href":"https:\/\/www.notibras.com\/site\/wp-json\/wp\/v2\/media\/317845"}],"wp:attachment":[{"href":"https:\/\/www.notibras.com\/site\/wp-json\/wp\/v2\/media?parent=317854"}],"wp:term":[{"taxonomy":"category","embeddable":true,"href":"https:\/\/www.notibras.com\/site\/wp-json\/wp\/v2\/categories?post=317854"},{"taxonomy":"post_tag","embeddable":true,"href":"https:\/\/www.notibras.com\/site\/wp-json\/wp\/v2\/tags?post=317854"}],"curies":[{"name":"wp","href":"https:\/\/api.w.org\/{rel}","templated":true}]}}