{"id":317887,"date":"2023-11-27T00:00:14","date_gmt":"2023-11-27T03:00:14","guid":{"rendered":"https:\/\/www.notibras.com\/site\/?p=317887"},"modified":"2023-11-27T03:20:01","modified_gmt":"2023-11-27T06:20:01","slug":"pro-rural-da-desconto-no-icms-e-isencao-de-impostos","status":"publish","type":"post","link":"https:\/\/www.notibras.com\/site\/pro-rural-da-desconto-no-icms-e-isencao-de-impostos\/","title":{"rendered":"Pr\u00f3-Rural d\u00e1 desconto no ICMS e isen\u00e7\u00e3o de impostos"},"content":{"rendered":"<p>Cr\u00e9ditos e incentivos administrativos, ambientais, tarif\u00e1rios, fiscais, econ\u00f4micos, de infraestrutura e profissionalizantes est\u00e3o entre os benef\u00edcios oferecidos pelo programa Pr\u00f3-Rural, que, promovido pelo GDF, incentiva a cadeia agropecu\u00e1ria. Cerca de 500 produtores rurais j\u00e1 foram contemplados pelo programa, e novos pedidos foram feitos.<\/p>\n<p>Coordenado pelas secretarias de Agricultura, Abastecimento e Desenvolvimento Rural (Seagri) e de Desenvolvimento Econ\u00f4mico Trabalho e Renda (Sedet), o Pr\u00f3-Rural tem o objetivo de criar uma nova base de sustenta\u00e7\u00e3o da agropecu\u00e1ria e potencializar a atividade em Bras\u00edlia, promovendo o desenvolvimento econ\u00f4mico integrado e sustent\u00e1vel.<\/p>\n<p>No caso dos benef\u00edcios econ\u00f4micos e de infraestrutura, a Seagri, em parceria com a Ag\u00eancia de Desenvolvimento do DF (Terracap), fomenta a cria\u00e7\u00e3o de dois polos agroindustriais, um no PAD-DF e outro na regi\u00e3o do Rio Preto. O intuito \u00e9 tornar o DF mais atrativo e refer\u00eancia em tecnologia e inova\u00e7\u00e3o no setor.<\/p>\n<p><strong>Investimentos<\/strong><br \/>\n\u201cEstamos fazendo uma readequa\u00e7\u00e3o legal relativa aos polos agroindustriais\u201d, afirma o titular substituto da Seagri, Rafael Bueno. \u201cQuando o decreto for publicado, esperamos atrair investimentos como f\u00e1bricas, empresas de processamento de gr\u00e3os, frutas e hortali\u00e7as para agregar valor e renda para o produtor de forma a baratear o custo de produ\u00e7\u00e3o com insumos que s\u00e3o produzidos no DF.\u201d<\/p>\n<p>O Pr\u00f3-Rural tamb\u00e9m prev\u00ea incentivos na tributa\u00e7\u00e3o relativos \u00e0 redu\u00e7\u00e3o ou isen\u00e7\u00e3o de tarifas referentes aos servi\u00e7os prestados direta ou indiretamente pelo GDF e entidades vinculadas. Um exemplo \u00e9 o desconto de at\u00e9 80% no Imposto sobre Opera\u00e7\u00f5es Relativas \u00e0 Circula\u00e7\u00e3o de Mercadorias e sobre Presta\u00e7\u00f5es de Servi\u00e7os de Transportes e de Comunica\u00e7\u00e3o (ICMS).<\/p>\n<p>Luciano Barbosa \u00e9 o gerente administrativo da Hartos Agropecu\u00e1ria. Com cerca de 260 colaboradores, a empresa est\u00e1 localizada no PAD-DF e produz milho, feij\u00e3o, trigo, soja e suinocultura \u2013 por ano, foram produzidos mais de 100 mil su\u00ednos. De acordo com Luciano, a empresa conta com o apoio do programa para ganhar desconto nos impostos pagos na opera\u00e7\u00e3o de sa\u00edda dos produtos.<\/p>\n<p>\u201cO processo para dar entrada no Pr\u00f3-Rural foi bem tranquilo e r\u00e1pido\u201d, lembra. \u201cN\u00f3s somos contemplados com o desconto de 80% no ICMS, o que nos gera uma economia de mais de R$ 3 mil por m\u00eas.\u201d<\/p>\n<p><strong>Abatimentos<\/strong><br \/>\nO programa tamb\u00e9m prev\u00ea isen\u00e7\u00e3o total ou parcial do Imposto sobre Transmiss\u00e3o Intervivos de Bens Im\u00f3veis por Natureza ou Acess\u00e3o F\u00edsica e de Direitos Reais sobre Im\u00f3veis (ITBI) na aquisi\u00e7\u00e3o de im\u00f3vel destinado \u00e0 implanta\u00e7\u00e3o de empreendimentos.<\/p>\n<p>\u201cOs interessados devem encaminhar os projetos das atividades \u00e0 c\u00e2mara t\u00e9cnica do Conselho de Pol\u00edtica de Desenvolvimento Rural do Distrito Federal da Seagri\u201d, orienta Rafael Bueno.<\/p>\n<p>\u201cNo documento, devem constar as informa\u00e7\u00f5es sobre a localiza\u00e7\u00e3o, o investimento, como ser\u00e1 institu\u00edda [a colabora\u00e7\u00e3o] para, ent\u00e3o, o conselho deliberar\u201d, explica o gestor. \u201cSe o interessado pretende instalar uma agroind\u00fastria, por exemplo, ele pode requerer ao conselho a isen\u00e7\u00e3o total ou parcial do ITBI no ato da compra do terreno.\u201d<\/p>\n<p>Somente neste segundo semestre, a Seagri recebeu 15 novos pedidos de enquadramento ao programa. Para conferir todos os requisitos e condicionantes, acesse a \u00edntegra do decreto que regulamenta o Pr\u00f3-Rural.<\/p>\n","protected":false},"excerpt":{"rendered":"<p>Cr\u00e9ditos e incentivos administrativos, ambientais, tarif\u00e1rios, fiscais, econ\u00f4micos, de infraestrutura e profissionalizantes est\u00e3o entre os benef\u00edcios oferecidos pelo programa Pr\u00f3-Rural, que, promovido pelo GDF, incentiva a cadeia agropecu\u00e1ria. Cerca de 500 produtores rurais j\u00e1 foram contemplados pelo programa, e novos pedidos foram feitos. Coordenado pelas secretarias de Agricultura, Abastecimento e Desenvolvimento Rural (Seagri) e de [&hellip;]<\/p>\n","protected":false},"author":2,"featured_media":317888,"comment_status":"closed","ping_status":"closed","sticky":false,"template":"","format":"standard","meta":{"_acf_changed":false,"footnotes":""},"categories":[161],"tags":[],"class_list":["post-317887","post","type-post","status-publish","format-standard","has-post-thumbnail","hentry","category-quadradinho-em-foco"],"acf":[],"yoast_head":"<!-- This site is optimized with the Yoast SEO plugin v27.2 - https:\/\/yoast.com\/product\/yoast-seo-wordpress\/ -->\n<title>Pr\u00f3-Rural d\u00e1 desconto no ICMS e isen\u00e7\u00e3o de impostos - Notibras<\/title>\n<meta name=\"robots\" content=\"index, follow, max-snippet:-1, max-image-preview:large, max-video-preview:-1\" \/>\n<link rel=\"canonical\" href=\"https:\/\/www.notibras.com\/site\/pro-rural-da-desconto-no-icms-e-isencao-de-impostos\/\" \/>\n<meta property=\"og:locale\" content=\"pt_BR\" \/>\n<meta property=\"og:type\" content=\"article\" \/>\n<meta property=\"og:title\" content=\"Pr\u00f3-Rural d\u00e1 desconto no ICMS e isen\u00e7\u00e3o de impostos - Notibras\" \/>\n<meta property=\"og:description\" content=\"Cr\u00e9ditos e incentivos administrativos, ambientais, tarif\u00e1rios, fiscais, econ\u00f4micos, de infraestrutura e profissionalizantes est\u00e3o entre os benef\u00edcios oferecidos pelo programa Pr\u00f3-Rural, que, promovido pelo GDF, incentiva a cadeia agropecu\u00e1ria. Cerca de 500 produtores rurais j\u00e1 foram contemplados pelo programa, e novos pedidos foram feitos. Coordenado pelas secretarias de Agricultura, Abastecimento e Desenvolvimento Rural (Seagri) e de [&hellip;]\" \/>\n<meta property=\"og:url\" content=\"https:\/\/www.notibras.com\/site\/pro-rural-da-desconto-no-icms-e-isencao-de-impostos\/\" \/>\n<meta property=\"og:site_name\" content=\"Notibras\" \/>\n<meta property=\"article:publisher\" content=\"https:\/\/www.facebook.com\/notibras\/\" \/>\n<meta property=\"article:published_time\" content=\"2023-11-27T03:00:14+00:00\" \/>\n<meta property=\"article:modified_time\" content=\"2023-11-27T06:20:01+00:00\" \/>\n<meta property=\"og:image\" content=\"https:\/\/www.notibras.com\/site\/wp-content\/uploads\/2023\/11\/Foto-Tony-Oliveira-3-2.jpg\" \/>\n\t<meta property=\"og:image:width\" content=\"799\" \/>\n\t<meta property=\"og:image:height\" content=\"533\" \/>\n\t<meta property=\"og:image:type\" content=\"image\/jpeg\" \/>\n<meta name=\"author\" content=\"Reda\u00e7\u00e3o\" \/>\n<meta name=\"twitter:card\" content=\"summary_large_image\" \/>\n<meta name=\"twitter:creator\" content=\"@Notibras\" \/>\n<meta name=\"twitter:site\" content=\"@Notibras\" \/>\n<meta name=\"twitter:label1\" content=\"Escrito por\" \/>\n\t<meta name=\"twitter:data1\" content=\"Reda\u00e7\u00e3o\" \/>\n\t<meta name=\"twitter:label2\" content=\"Est. tempo de leitura\" \/>\n\t<meta name=\"twitter:data2\" content=\"3 minutos\" \/>\n<script type=\"application\/ld+json\" class=\"yoast-schema-graph\">{\"@context\":\"https:\/\/schema.org\",\"@graph\":[{\"@type\":\"Article\",\"@id\":\"https:\/\/www.notibras.com\/site\/pro-rural-da-desconto-no-icms-e-isencao-de-impostos\/#article\",\"isPartOf\":{\"@id\":\"https:\/\/www.notibras.com\/site\/pro-rural-da-desconto-no-icms-e-isencao-de-impostos\/\"},\"author\":{\"name\":\"Reda\u00e7\u00e3o\",\"@id\":\"https:\/\/www.notibras.com\/site\/#\/schema\/person\/36ab0979449956132d3e5b517ea76ac8\"},\"headline\":\"Pr\u00f3-Rural d\u00e1 desconto no ICMS e isen\u00e7\u00e3o de impostos\",\"datePublished\":\"2023-11-27T03:00:14+00:00\",\"dateModified\":\"2023-11-27T06:20:01+00:00\",\"mainEntityOfPage\":{\"@id\":\"https:\/\/www.notibras.com\/site\/pro-rural-da-desconto-no-icms-e-isencao-de-impostos\/\"},\"wordCount\":562,\"publisher\":{\"@id\":\"https:\/\/www.notibras.com\/site\/#organization\"},\"image\":{\"@id\":\"https:\/\/www.notibras.com\/site\/pro-rural-da-desconto-no-icms-e-isencao-de-impostos\/#primaryimage\"},\"thumbnailUrl\":\"https:\/\/www.notibras.com\/site\/wp-content\/uploads\/2023\/11\/Foto-Tony-Oliveira-3-2.jpg\",\"articleSection\":[\"Quadradinho em Foco\"],\"inLanguage\":\"pt-BR\"},{\"@type\":\"WebPage\",\"@id\":\"https:\/\/www.notibras.com\/site\/pro-rural-da-desconto-no-icms-e-isencao-de-impostos\/\",\"url\":\"https:\/\/www.notibras.com\/site\/pro-rural-da-desconto-no-icms-e-isencao-de-impostos\/\",\"name\":\"Pr\u00f3-Rural d\u00e1 desconto no ICMS e isen\u00e7\u00e3o de impostos - Notibras\",\"isPartOf\":{\"@id\":\"https:\/\/www.notibras.com\/site\/#website\"},\"primaryImageOfPage\":{\"@id\":\"https:\/\/www.notibras.com\/site\/pro-rural-da-desconto-no-icms-e-isencao-de-impostos\/#primaryimage\"},\"image\":{\"@id\":\"https:\/\/www.notibras.com\/site\/pro-rural-da-desconto-no-icms-e-isencao-de-impostos\/#primaryimage\"},\"thumbnailUrl\":\"https:\/\/www.notibras.com\/site\/wp-content\/uploads\/2023\/11\/Foto-Tony-Oliveira-3-2.jpg\",\"datePublished\":\"2023-11-27T03:00:14+00:00\",\"dateModified\":\"2023-11-27T06:20:01+00:00\",\"breadcrumb\":{\"@id\":\"https:\/\/www.notibras.com\/site\/pro-rural-da-desconto-no-icms-e-isencao-de-impostos\/#breadcrumb\"},\"inLanguage\":\"pt-BR\",\"potentialAction\":[{\"@type\":\"ReadAction\",\"target\":[\"https:\/\/www.notibras.com\/site\/pro-rural-da-desconto-no-icms-e-isencao-de-impostos\/\"]}]},{\"@type\":\"ImageObject\",\"inLanguage\":\"pt-BR\",\"@id\":\"https:\/\/www.notibras.com\/site\/pro-rural-da-desconto-no-icms-e-isencao-de-impostos\/#primaryimage\",\"url\":\"https:\/\/www.notibras.com\/site\/wp-content\/uploads\/2023\/11\/Foto-Tony-Oliveira-3-2.jpg\",\"contentUrl\":\"https:\/\/www.notibras.com\/site\/wp-content\/uploads\/2023\/11\/Foto-Tony-Oliveira-3-2.jpg\",\"width\":799,\"height\":533},{\"@type\":\"BreadcrumbList\",\"@id\":\"https:\/\/www.notibras.com\/site\/pro-rural-da-desconto-no-icms-e-isencao-de-impostos\/#breadcrumb\",\"itemListElement\":[{\"@type\":\"ListItem\",\"position\":1,\"name\":\"In\u00edcio\",\"item\":\"https:\/\/www.notibras.com\/site\/\"},{\"@type\":\"ListItem\",\"position\":2,\"name\":\"Pr\u00f3-Rural d\u00e1 desconto no ICMS e isen\u00e7\u00e3o de impostos\"}]},{\"@type\":\"WebSite\",\"@id\":\"https:\/\/www.notibras.com\/site\/#website\",\"url\":\"https:\/\/www.notibras.com\/site\/\",\"name\":\"Notibras\",\"description\":\"Not\u00edcias de Bras\u00edlia, do Brasil e do Mundo\",\"publisher\":{\"@id\":\"https:\/\/www.notibras.com\/site\/#organization\"},\"potentialAction\":[{\"@type\":\"SearchAction\",\"target\":{\"@type\":\"EntryPoint\",\"urlTemplate\":\"https:\/\/www.notibras.com\/site\/?s={search_term_string}\"},\"query-input\":{\"@type\":\"PropertyValueSpecification\",\"valueRequired\":true,\"valueName\":\"search_term_string\"}}],\"inLanguage\":\"pt-BR\"},{\"@type\":\"Organization\",\"@id\":\"https:\/\/www.notibras.com\/site\/#organization\",\"name\":\"Grupo Notibras de Comunica\u00e7\u00e3o\",\"url\":\"https:\/\/www.notibras.com\/site\/\",\"logo\":{\"@type\":\"ImageObject\",\"inLanguage\":\"pt-BR\",\"@id\":\"https:\/\/www.notibras.com\/site\/#\/schema\/logo\/image\/\",\"url\":\"https:\/\/www.notibras.com\/site\/wp-content\/uploads\/2023\/01\/notibras23.png\",\"contentUrl\":\"https:\/\/www.notibras.com\/site\/wp-content\/uploads\/2023\/01\/notibras23.png\",\"width\":350,\"height\":87,\"caption\":\"Grupo Notibras de Comunica\u00e7\u00e3o\"},\"image\":{\"@id\":\"https:\/\/www.notibras.com\/site\/#\/schema\/logo\/image\/\"},\"sameAs\":[\"https:\/\/www.facebook.com\/notibras\/\",\"https:\/\/x.com\/Notibras\",\"https:\/\/www.instagram.com\/notibras\/\"]},{\"@type\":\"Person\",\"@id\":\"https:\/\/www.notibras.com\/site\/#\/schema\/person\/36ab0979449956132d3e5b517ea76ac8\",\"name\":\"Reda\u00e7\u00e3o\",\"image\":{\"@type\":\"ImageObject\",\"inLanguage\":\"pt-BR\",\"@id\":\"https:\/\/secure.gravatar.com\/avatar\/e0a867bdedb85fd243eadf09663511f96fc81e0720a4a42581f334ad4303aa6b?s=96&d=mm&r=g\",\"url\":\"https:\/\/secure.gravatar.com\/avatar\/e0a867bdedb85fd243eadf09663511f96fc81e0720a4a42581f334ad4303aa6b?s=96&d=mm&r=g\",\"contentUrl\":\"https:\/\/secure.gravatar.com\/avatar\/e0a867bdedb85fd243eadf09663511f96fc81e0720a4a42581f334ad4303aa6b?s=96&d=mm&r=g\",\"caption\":\"Reda\u00e7\u00e3o\"}}]}<\/script>\n<!-- \/ Yoast SEO plugin. -->","yoast_head_json":{"title":"Pr\u00f3-Rural d\u00e1 desconto no ICMS e isen\u00e7\u00e3o de impostos - Notibras","robots":{"index":"index","follow":"follow","max-snippet":"max-snippet:-1","max-image-preview":"max-image-preview:large","max-video-preview":"max-video-preview:-1"},"canonical":"https:\/\/www.notibras.com\/site\/pro-rural-da-desconto-no-icms-e-isencao-de-impostos\/","og_locale":"pt_BR","og_type":"article","og_title":"Pr\u00f3-Rural d\u00e1 desconto no ICMS e isen\u00e7\u00e3o de impostos - Notibras","og_description":"Cr\u00e9ditos e incentivos administrativos, ambientais, tarif\u00e1rios, fiscais, econ\u00f4micos, de infraestrutura e profissionalizantes est\u00e3o entre os benef\u00edcios oferecidos pelo programa Pr\u00f3-Rural, que, promovido pelo GDF, incentiva a cadeia agropecu\u00e1ria. Cerca de 500 produtores rurais j\u00e1 foram contemplados pelo programa, e novos pedidos foram feitos. Coordenado pelas secretarias de Agricultura, Abastecimento e Desenvolvimento Rural (Seagri) e de [&hellip;]","og_url":"https:\/\/www.notibras.com\/site\/pro-rural-da-desconto-no-icms-e-isencao-de-impostos\/","og_site_name":"Notibras","article_publisher":"https:\/\/www.facebook.com\/notibras\/","article_published_time":"2023-11-27T03:00:14+00:00","article_modified_time":"2023-11-27T06:20:01+00:00","og_image":[{"width":799,"height":533,"url":"https:\/\/www.notibras.com\/site\/wp-content\/uploads\/2023\/11\/Foto-Tony-Oliveira-3-2.jpg","type":"image\/jpeg"}],"author":"Reda\u00e7\u00e3o","twitter_card":"summary_large_image","twitter_creator":"@Notibras","twitter_site":"@Notibras","twitter_misc":{"Escrito por":"Reda\u00e7\u00e3o","Est. tempo de leitura":"3 minutos"},"schema":{"@context":"https:\/\/schema.org","@graph":[{"@type":"Article","@id":"https:\/\/www.notibras.com\/site\/pro-rural-da-desconto-no-icms-e-isencao-de-impostos\/#article","isPartOf":{"@id":"https:\/\/www.notibras.com\/site\/pro-rural-da-desconto-no-icms-e-isencao-de-impostos\/"},"author":{"name":"Reda\u00e7\u00e3o","@id":"https:\/\/www.notibras.com\/site\/#\/schema\/person\/36ab0979449956132d3e5b517ea76ac8"},"headline":"Pr\u00f3-Rural d\u00e1 desconto no ICMS e isen\u00e7\u00e3o de impostos","datePublished":"2023-11-27T03:00:14+00:00","dateModified":"2023-11-27T06:20:01+00:00","mainEntityOfPage":{"@id":"https:\/\/www.notibras.com\/site\/pro-rural-da-desconto-no-icms-e-isencao-de-impostos\/"},"wordCount":562,"publisher":{"@id":"https:\/\/www.notibras.com\/site\/#organization"},"image":{"@id":"https:\/\/www.notibras.com\/site\/pro-rural-da-desconto-no-icms-e-isencao-de-impostos\/#primaryimage"},"thumbnailUrl":"https:\/\/www.notibras.com\/site\/wp-content\/uploads\/2023\/11\/Foto-Tony-Oliveira-3-2.jpg","articleSection":["Quadradinho em Foco"],"inLanguage":"pt-BR"},{"@type":"WebPage","@id":"https:\/\/www.notibras.com\/site\/pro-rural-da-desconto-no-icms-e-isencao-de-impostos\/","url":"https:\/\/www.notibras.com\/site\/pro-rural-da-desconto-no-icms-e-isencao-de-impostos\/","name":"Pr\u00f3-Rural d\u00e1 desconto no ICMS e isen\u00e7\u00e3o de impostos - Notibras","isPartOf":{"@id":"https:\/\/www.notibras.com\/site\/#website"},"primaryImageOfPage":{"@id":"https:\/\/www.notibras.com\/site\/pro-rural-da-desconto-no-icms-e-isencao-de-impostos\/#primaryimage"},"image":{"@id":"https:\/\/www.notibras.com\/site\/pro-rural-da-desconto-no-icms-e-isencao-de-impostos\/#primaryimage"},"thumbnailUrl":"https:\/\/www.notibras.com\/site\/wp-content\/uploads\/2023\/11\/Foto-Tony-Oliveira-3-2.jpg","datePublished":"2023-11-27T03:00:14+00:00","dateModified":"2023-11-27T06:20:01+00:00","breadcrumb":{"@id":"https:\/\/www.notibras.com\/site\/pro-rural-da-desconto-no-icms-e-isencao-de-impostos\/#breadcrumb"},"inLanguage":"pt-BR","potentialAction":[{"@type":"ReadAction","target":["https:\/\/www.notibras.com\/site\/pro-rural-da-desconto-no-icms-e-isencao-de-impostos\/"]}]},{"@type":"ImageObject","inLanguage":"pt-BR","@id":"https:\/\/www.notibras.com\/site\/pro-rural-da-desconto-no-icms-e-isencao-de-impostos\/#primaryimage","url":"https:\/\/www.notibras.com\/site\/wp-content\/uploads\/2023\/11\/Foto-Tony-Oliveira-3-2.jpg","contentUrl":"https:\/\/www.notibras.com\/site\/wp-content\/uploads\/2023\/11\/Foto-Tony-Oliveira-3-2.jpg","width":799,"height":533},{"@type":"BreadcrumbList","@id":"https:\/\/www.notibras.com\/site\/pro-rural-da-desconto-no-icms-e-isencao-de-impostos\/#breadcrumb","itemListElement":[{"@type":"ListItem","position":1,"name":"In\u00edcio","item":"https:\/\/www.notibras.com\/site\/"},{"@type":"ListItem","position":2,"name":"Pr\u00f3-Rural d\u00e1 desconto no ICMS e isen\u00e7\u00e3o de impostos"}]},{"@type":"WebSite","@id":"https:\/\/www.notibras.com\/site\/#website","url":"https:\/\/www.notibras.com\/site\/","name":"Notibras","description":"Not\u00edcias de Bras\u00edlia, do Brasil e do Mundo","publisher":{"@id":"https:\/\/www.notibras.com\/site\/#organization"},"potentialAction":[{"@type":"SearchAction","target":{"@type":"EntryPoint","urlTemplate":"https:\/\/www.notibras.com\/site\/?s={search_term_string}"},"query-input":{"@type":"PropertyValueSpecification","valueRequired":true,"valueName":"search_term_string"}}],"inLanguage":"pt-BR"},{"@type":"Organization","@id":"https:\/\/www.notibras.com\/site\/#organization","name":"Grupo Notibras de Comunica\u00e7\u00e3o","url":"https:\/\/www.notibras.com\/site\/","logo":{"@type":"ImageObject","inLanguage":"pt-BR","@id":"https:\/\/www.notibras.com\/site\/#\/schema\/logo\/image\/","url":"https:\/\/www.notibras.com\/site\/wp-content\/uploads\/2023\/01\/notibras23.png","contentUrl":"https:\/\/www.notibras.com\/site\/wp-content\/uploads\/2023\/01\/notibras23.png","width":350,"height":87,"caption":"Grupo Notibras de Comunica\u00e7\u00e3o"},"image":{"@id":"https:\/\/www.notibras.com\/site\/#\/schema\/logo\/image\/"},"sameAs":["https:\/\/www.facebook.com\/notibras\/","https:\/\/x.com\/Notibras","https:\/\/www.instagram.com\/notibras\/"]},{"@type":"Person","@id":"https:\/\/www.notibras.com\/site\/#\/schema\/person\/36ab0979449956132d3e5b517ea76ac8","name":"Reda\u00e7\u00e3o","image":{"@type":"ImageObject","inLanguage":"pt-BR","@id":"https:\/\/secure.gravatar.com\/avatar\/e0a867bdedb85fd243eadf09663511f96fc81e0720a4a42581f334ad4303aa6b?s=96&d=mm&r=g","url":"https:\/\/secure.gravatar.com\/avatar\/e0a867bdedb85fd243eadf09663511f96fc81e0720a4a42581f334ad4303aa6b?s=96&d=mm&r=g","contentUrl":"https:\/\/secure.gravatar.com\/avatar\/e0a867bdedb85fd243eadf09663511f96fc81e0720a4a42581f334ad4303aa6b?s=96&d=mm&r=g","caption":"Reda\u00e7\u00e3o"}}]}},"amp_enabled":true,"_links":{"self":[{"href":"https:\/\/www.notibras.com\/site\/wp-json\/wp\/v2\/posts\/317887","targetHints":{"allow":["GET"]}}],"collection":[{"href":"https:\/\/www.notibras.com\/site\/wp-json\/wp\/v2\/posts"}],"about":[{"href":"https:\/\/www.notibras.com\/site\/wp-json\/wp\/v2\/types\/post"}],"author":[{"embeddable":true,"href":"https:\/\/www.notibras.com\/site\/wp-json\/wp\/v2\/users\/2"}],"replies":[{"embeddable":true,"href":"https:\/\/www.notibras.com\/site\/wp-json\/wp\/v2\/comments?post=317887"}],"version-history":[{"count":1,"href":"https:\/\/www.notibras.com\/site\/wp-json\/wp\/v2\/posts\/317887\/revisions"}],"predecessor-version":[{"id":317889,"href":"https:\/\/www.notibras.com\/site\/wp-json\/wp\/v2\/posts\/317887\/revisions\/317889"}],"wp:featuredmedia":[{"embeddable":true,"href":"https:\/\/www.notibras.com\/site\/wp-json\/wp\/v2\/media\/317888"}],"wp:attachment":[{"href":"https:\/\/www.notibras.com\/site\/wp-json\/wp\/v2\/media?parent=317887"}],"wp:term":[{"taxonomy":"category","embeddable":true,"href":"https:\/\/www.notibras.com\/site\/wp-json\/wp\/v2\/categories?post=317887"},{"taxonomy":"post_tag","embeddable":true,"href":"https:\/\/www.notibras.com\/site\/wp-json\/wp\/v2\/tags?post=317887"}],"curies":[{"name":"wp","href":"https:\/\/api.w.org\/{rel}","templated":true}]}}