{"id":317890,"date":"2023-11-27T00:00:41","date_gmt":"2023-11-27T03:00:41","guid":{"rendered":"https:\/\/www.notibras.com\/site\/?p=317890"},"modified":"2023-11-27T03:27:00","modified_gmt":"2023-11-27T06:27:00","slug":"fim-de-ano-aquece-economia-gera-imposto-e-mais-trabalho","status":"publish","type":"post","link":"https:\/\/www.notibras.com\/site\/fim-de-ano-aquece-economia-gera-imposto-e-mais-trabalho\/","title":{"rendered":"Fim de ano aquece economia, gera imposto e mais trabalho"},"content":{"rendered":"<p>As decora\u00e7\u00f5es natalinas j\u00e1 sa\u00edram dos arm\u00e1rios e o movimento nos corredores dos shoppings e feiras aumentou. Os meses de novembro e dezembro s\u00e3o os mais esperados pelos comerciantes e empres\u00e1rios devido \u00e0 chegada das festas natalinas e de Ano-novo, bem como do pagamento do d\u00e9cimo terceiro e da Black Friday. Neste ano, a expectativa \u00e9 que o Distrito Federal registre n\u00fameros positivos no volume de vendas e na arrecada\u00e7\u00e3o de tributos diante os \u00edndices alcan\u00e7ados anteriormente.<\/p>\n<p>Para o subsecret\u00e1rio da Receita do DF, Sebasti\u00e3o Melchior Pinheiro, \u00e9 costumeiro que haja aumento nas arrecada\u00e7\u00f5es de ICMS nos meses de novembro e dezembro, uma vez que os brasileiros mant\u00eam o h\u00e1bito de presentear e renovar bens materiais nesta \u00e9poca. Ele afirma que o aumento previsto \u00e9 da ordem de 5% a 8% em rela\u00e7\u00e3o aos demais meses. \u201cO ICMS \u00e9 o imposto baseado no consumo, ent\u00e3o, na medida em que a popula\u00e7\u00e3o consome mais produtos, entram mais recursos financeiros er\u00e1rios. O super\u00e1vit pode ser empregado nas pol\u00edticas p\u00fablicas do governo de modo geral\u201d, esclarece.<\/p>\n<p>Um levantamento do Instituto Fecom\u00e9rcio do Distrito Federal mostrou que as vendas devem crescer em m\u00e9dia 23,9% em rela\u00e7\u00e3o a 2022, com movimenta\u00e7\u00e3o de cerca de R$ 830 milh\u00f5es. A alta tamb\u00e9m \u00e9 aguardada pelos lojistas: 82,4% dos entrevistados pelo instituto esperam vender mais do que no ano passado. Entre os consumidores, 64,5% informaram que v\u00e3o presentear algu\u00e9m neste Natal.<\/p>\n<p>\u00c9 o caso da policial Luana Gon\u00e7alves, 33 anos, e da m\u00e9dica Caroline Ferreira, 39, que moram em Goi\u00e2nia. Em uma visita r\u00e1pida \u00e0 capital federal, elas notaram pre\u00e7os atrativos em itens que j\u00e1 queriam para presentear a fam\u00edlia. Como resultado, voltaram para Goi\u00e1s cheias de sacolas de compras. As escolhas foram variadas, desde cal\u00e7ados e acess\u00f3rios, como \u00f3culos e brincos, a eletr\u00f4nicos. \u201cViemos apenas para passear, mas, como algumas coisas estavam bem baratas, resolvemos aproveitar\u201d, conta Selma, ao que a companheira responde: \u201c\u00c9 raro a gente adiantar assim, mas dessa vez valeu super a pena\u201d.<\/p>\n<p>A funcion\u00e1ria p\u00fablica Selma Bernardi, 44, tamb\u00e9m costuma deixar as compras para a \u00faltima hora. Mas, neste ano, diante dos descontos da Black Friday, decidiu fazer diferente. \u201cNormalmente eu venho entre os dias 10 e 15 de dezembro, mas como vi que os pre\u00e7os est\u00e3o interessantes, garanti algumas coisas\u201d, conta ela, que separa parte do d\u00e9cimo terceiro para os itens natalinos. \u201cAcho que este ano vai dar para economizar e ainda comprar mais coisas\u201d, diz Selma.<\/p>\n<p><strong>Oportunidades profissionais<\/strong><br \/>\nA \u00e9poca festiva tamb\u00e9m aquecer\u00e1 o mercado de trabalho. \u201cO DF, neste ano, registrou aumento muito grande de empregabilidade e nos destacamos em rela\u00e7\u00e3o \u00e0 cria\u00e7\u00e3o de oportunidades para empreendedores e facilita\u00e7\u00e3o log\u00edstica\u201d, afirma o secret\u00e1rio-adjunto de Desenvolvimento Econ\u00f4mico, Trabalho e Renda, Ivan Alves dos Santos. \u201cDurante todo o exerc\u00edcio de 2023 tivemos o aquecimento da economia com a promo\u00e7\u00e3o de cursos de qualifica\u00e7\u00e3o e a inser\u00e7\u00e3o de pessoas no mercado\u201d, completa ele, exemplificando que apenas o programa QualificaDF capacitou 30 mil pessoas neste ano para 50 profiss\u00f5es diferentes.<\/p>\n<p>O secret\u00e1rio-adjunto destaca, ainda, que Bras\u00edlia tem se configurado em um grande hub log\u00edstico. \u201cQuando se compra pela internet, o hub log\u00edstico do Brasil est\u00e1 situado em S\u00e3o Jos\u00e9 dos Pinhais, em Curitiba, porque l\u00e1 tem um diferencial na quest\u00e3o tribut\u00e1ria. Esse mesmo diferencial est\u00e1 sendo implantado no DF. E Bras\u00edlia \u00e9 o centro do pa\u00eds, logo um local privilegiado logisticamente, e temos uma renda per capita muito alta, al\u00e9m de que as pessoas consomem muito por aplicativos de mercado digital\u201d, explica.<\/p>\n<p>Conforme outro estudo do Instituto Fecom\u00e9rcio-DF, mais de 50% dos lojistas esperam contratar funcion\u00e1rios neste ano \u2014 o maior \u00edndice nos \u00faltimos sete anos pesquisados. Nos segmentos mais representativos \u2014 como cal\u00e7ados, cosm\u00e9ticos e perfumarias, eletr\u00f4nicos, materiais esportivos e supermercados \u2014, o percentual sobe para 68,36%. S\u00e3o esperadas 4,3 mil contrata\u00e7\u00f5es tempor\u00e1rias para atender as demandas das compras da Black Friday e natalinas. Cada empresa deve contratar, pelo menos, dois funcion\u00e1rios e 70% dos comerciantes afirmam haver possibilidade de efetiva\u00e7\u00e3o das vagas tempor\u00e1rias ap\u00f3s o per\u00edodo festivo.<\/p>\n<p>Uma an\u00e1lise do Sindicato do Com\u00e9rcio Varejista (Sindivarejista) tamb\u00e9m estima que ser\u00e3o abertas 3,9 mil vagas tempor\u00e1rias neste ano, contra 3.450 disponibilizadas no ano passado e 3.107 em 2021. As lojas com maior procura devem ser de roupas, cal\u00e7ados, brinquedos, perfumes e objetos para o lar. Sobre os candidatos, o estudo afirma que mais de 51% s\u00e3o mulheres e 64% t\u00eam entre 18 e 24 anos.<\/p>\n<p>Quem estiver \u00e0 procura de emprego pode cadastrar o curr\u00edculo no aplicativo Sine F\u00e1cil ou ir a uma das 14 ag\u00eancias do trabalhador, das 8h \u00e0s 17h, durante a semana. Mesmo que nenhuma das chances dispon\u00edveis no dia seja atraente ao candidato, o cadastro vale para oportunidades futuras, j\u00e1 que o sistema cruza dados dos concorrentes com o perfil que as empresas procuram.<\/p>\n<p>Empregadores que desejam ofertar vagas ou utilizar o espa\u00e7o das ag\u00eancias do trabalhador para entrevistas, podem se cadastrar pessoalmente nas unidades ou pelo aplicativo Sine F\u00e1cil. Tamb\u00e9m \u00e9 poss\u00edvel solicitar atendimento pelo e-mail gcv@setrab.df.gov.br. Pode ser utilizado, ainda, o Canal do Empregador, no site da Secretaria de Desenvolvimento Econ\u00f4mico, Trabalho e Renda (Sedet).<\/p>\n","protected":false},"excerpt":{"rendered":"<p>As decora\u00e7\u00f5es natalinas j\u00e1 sa\u00edram dos arm\u00e1rios e o movimento nos corredores dos shoppings e feiras aumentou. Os meses de novembro e dezembro s\u00e3o os mais esperados pelos comerciantes e empres\u00e1rios devido \u00e0 chegada das festas natalinas e de Ano-novo, bem como do pagamento do d\u00e9cimo terceiro e da Black Friday. Neste ano, a expectativa [&hellip;]<\/p>\n","protected":false},"author":2,"featured_media":317891,"comment_status":"closed","ping_status":"closed","sticky":false,"template":"","format":"standard","meta":{"_acf_changed":false,"footnotes":""},"categories":[161],"tags":[],"class_list":["post-317890","post","type-post","status-publish","format-standard","has-post-thumbnail","hentry","category-quadradinho-em-foco"],"acf":[],"yoast_head":"<!-- This site is optimized with the Yoast SEO plugin v27.2 - https:\/\/yoast.com\/product\/yoast-seo-wordpress\/ -->\n<title>Fim de ano aquece economia, gera imposto e mais trabalho - Notibras<\/title>\n<meta name=\"robots\" content=\"index, follow, max-snippet:-1, max-image-preview:large, max-video-preview:-1\" \/>\n<link rel=\"canonical\" href=\"https:\/\/www.notibras.com\/site\/fim-de-ano-aquece-economia-gera-imposto-e-mais-trabalho\/\" \/>\n<meta property=\"og:locale\" content=\"pt_BR\" \/>\n<meta property=\"og:type\" content=\"article\" \/>\n<meta property=\"og:title\" content=\"Fim de ano aquece economia, gera imposto e mais trabalho - Notibras\" \/>\n<meta property=\"og:description\" content=\"As decora\u00e7\u00f5es natalinas j\u00e1 sa\u00edram dos arm\u00e1rios e o movimento nos corredores dos shoppings e feiras aumentou. Os meses de novembro e dezembro s\u00e3o os mais esperados pelos comerciantes e empres\u00e1rios devido \u00e0 chegada das festas natalinas e de Ano-novo, bem como do pagamento do d\u00e9cimo terceiro e da Black Friday. Neste ano, a expectativa [&hellip;]\" \/>\n<meta property=\"og:url\" content=\"https:\/\/www.notibras.com\/site\/fim-de-ano-aquece-economia-gera-imposto-e-mais-trabalho\/\" \/>\n<meta property=\"og:site_name\" content=\"Notibras\" \/>\n<meta property=\"article:publisher\" content=\"https:\/\/www.facebook.com\/notibras\/\" \/>\n<meta property=\"article:published_time\" content=\"2023-11-27T03:00:41+00:00\" \/>\n<meta property=\"article:modified_time\" content=\"2023-11-27T06:27:00+00:00\" \/>\n<meta property=\"og:image\" content=\"https:\/\/www.notibras.com\/site\/wp-content\/uploads\/2023\/11\/dentro-6-1536x1024-1.jpg\" \/>\n\t<meta property=\"og:image:width\" content=\"1536\" \/>\n\t<meta property=\"og:image:height\" content=\"1024\" \/>\n\t<meta property=\"og:image:type\" content=\"image\/jpeg\" \/>\n<meta name=\"author\" content=\"Reda\u00e7\u00e3o\" \/>\n<meta name=\"twitter:card\" content=\"summary_large_image\" \/>\n<meta name=\"twitter:creator\" content=\"@Notibras\" \/>\n<meta name=\"twitter:site\" content=\"@Notibras\" \/>\n<meta name=\"twitter:label1\" content=\"Escrito por\" \/>\n\t<meta name=\"twitter:data1\" content=\"Reda\u00e7\u00e3o\" \/>\n\t<meta name=\"twitter:label2\" content=\"Est. tempo de leitura\" \/>\n\t<meta name=\"twitter:data2\" content=\"5 minutos\" \/>\n<script type=\"application\/ld+json\" class=\"yoast-schema-graph\">{\"@context\":\"https:\/\/schema.org\",\"@graph\":[{\"@type\":\"Article\",\"@id\":\"https:\/\/www.notibras.com\/site\/fim-de-ano-aquece-economia-gera-imposto-e-mais-trabalho\/#article\",\"isPartOf\":{\"@id\":\"https:\/\/www.notibras.com\/site\/fim-de-ano-aquece-economia-gera-imposto-e-mais-trabalho\/\"},\"author\":{\"name\":\"Reda\u00e7\u00e3o\",\"@id\":\"https:\/\/www.notibras.com\/site\/#\/schema\/person\/36ab0979449956132d3e5b517ea76ac8\"},\"headline\":\"Fim de ano aquece economia, gera imposto e mais trabalho\",\"datePublished\":\"2023-11-27T03:00:41+00:00\",\"dateModified\":\"2023-11-27T06:27:00+00:00\",\"mainEntityOfPage\":{\"@id\":\"https:\/\/www.notibras.com\/site\/fim-de-ano-aquece-economia-gera-imposto-e-mais-trabalho\/\"},\"wordCount\":915,\"publisher\":{\"@id\":\"https:\/\/www.notibras.com\/site\/#organization\"},\"image\":{\"@id\":\"https:\/\/www.notibras.com\/site\/fim-de-ano-aquece-economia-gera-imposto-e-mais-trabalho\/#primaryimage\"},\"thumbnailUrl\":\"https:\/\/www.notibras.com\/site\/wp-content\/uploads\/2023\/11\/dentro-6-1536x1024-1.jpg\",\"articleSection\":[\"Quadradinho em Foco\"],\"inLanguage\":\"pt-BR\"},{\"@type\":\"WebPage\",\"@id\":\"https:\/\/www.notibras.com\/site\/fim-de-ano-aquece-economia-gera-imposto-e-mais-trabalho\/\",\"url\":\"https:\/\/www.notibras.com\/site\/fim-de-ano-aquece-economia-gera-imposto-e-mais-trabalho\/\",\"name\":\"Fim de ano aquece economia, gera imposto e mais trabalho - Notibras\",\"isPartOf\":{\"@id\":\"https:\/\/www.notibras.com\/site\/#website\"},\"primaryImageOfPage\":{\"@id\":\"https:\/\/www.notibras.com\/site\/fim-de-ano-aquece-economia-gera-imposto-e-mais-trabalho\/#primaryimage\"},\"image\":{\"@id\":\"https:\/\/www.notibras.com\/site\/fim-de-ano-aquece-economia-gera-imposto-e-mais-trabalho\/#primaryimage\"},\"thumbnailUrl\":\"https:\/\/www.notibras.com\/site\/wp-content\/uploads\/2023\/11\/dentro-6-1536x1024-1.jpg\",\"datePublished\":\"2023-11-27T03:00:41+00:00\",\"dateModified\":\"2023-11-27T06:27:00+00:00\",\"breadcrumb\":{\"@id\":\"https:\/\/www.notibras.com\/site\/fim-de-ano-aquece-economia-gera-imposto-e-mais-trabalho\/#breadcrumb\"},\"inLanguage\":\"pt-BR\",\"potentialAction\":[{\"@type\":\"ReadAction\",\"target\":[\"https:\/\/www.notibras.com\/site\/fim-de-ano-aquece-economia-gera-imposto-e-mais-trabalho\/\"]}]},{\"@type\":\"ImageObject\",\"inLanguage\":\"pt-BR\",\"@id\":\"https:\/\/www.notibras.com\/site\/fim-de-ano-aquece-economia-gera-imposto-e-mais-trabalho\/#primaryimage\",\"url\":\"https:\/\/www.notibras.com\/site\/wp-content\/uploads\/2023\/11\/dentro-6-1536x1024-1.jpg\",\"contentUrl\":\"https:\/\/www.notibras.com\/site\/wp-content\/uploads\/2023\/11\/dentro-6-1536x1024-1.jpg\",\"width\":1536,\"height\":1024},{\"@type\":\"BreadcrumbList\",\"@id\":\"https:\/\/www.notibras.com\/site\/fim-de-ano-aquece-economia-gera-imposto-e-mais-trabalho\/#breadcrumb\",\"itemListElement\":[{\"@type\":\"ListItem\",\"position\":1,\"name\":\"In\u00edcio\",\"item\":\"https:\/\/www.notibras.com\/site\/\"},{\"@type\":\"ListItem\",\"position\":2,\"name\":\"Fim de ano aquece economia, gera imposto e mais trabalho\"}]},{\"@type\":\"WebSite\",\"@id\":\"https:\/\/www.notibras.com\/site\/#website\",\"url\":\"https:\/\/www.notibras.com\/site\/\",\"name\":\"Notibras\",\"description\":\"Not\u00edcias de Bras\u00edlia, do Brasil e do Mundo\",\"publisher\":{\"@id\":\"https:\/\/www.notibras.com\/site\/#organization\"},\"potentialAction\":[{\"@type\":\"SearchAction\",\"target\":{\"@type\":\"EntryPoint\",\"urlTemplate\":\"https:\/\/www.notibras.com\/site\/?s={search_term_string}\"},\"query-input\":{\"@type\":\"PropertyValueSpecification\",\"valueRequired\":true,\"valueName\":\"search_term_string\"}}],\"inLanguage\":\"pt-BR\"},{\"@type\":\"Organization\",\"@id\":\"https:\/\/www.notibras.com\/site\/#organization\",\"name\":\"Grupo Notibras de Comunica\u00e7\u00e3o\",\"url\":\"https:\/\/www.notibras.com\/site\/\",\"logo\":{\"@type\":\"ImageObject\",\"inLanguage\":\"pt-BR\",\"@id\":\"https:\/\/www.notibras.com\/site\/#\/schema\/logo\/image\/\",\"url\":\"https:\/\/www.notibras.com\/site\/wp-content\/uploads\/2023\/01\/notibras23.png\",\"contentUrl\":\"https:\/\/www.notibras.com\/site\/wp-content\/uploads\/2023\/01\/notibras23.png\",\"width\":350,\"height\":87,\"caption\":\"Grupo Notibras de Comunica\u00e7\u00e3o\"},\"image\":{\"@id\":\"https:\/\/www.notibras.com\/site\/#\/schema\/logo\/image\/\"},\"sameAs\":[\"https:\/\/www.facebook.com\/notibras\/\",\"https:\/\/x.com\/Notibras\",\"https:\/\/www.instagram.com\/notibras\/\"]},{\"@type\":\"Person\",\"@id\":\"https:\/\/www.notibras.com\/site\/#\/schema\/person\/36ab0979449956132d3e5b517ea76ac8\",\"name\":\"Reda\u00e7\u00e3o\",\"image\":{\"@type\":\"ImageObject\",\"inLanguage\":\"pt-BR\",\"@id\":\"https:\/\/secure.gravatar.com\/avatar\/e0a867bdedb85fd243eadf09663511f96fc81e0720a4a42581f334ad4303aa6b?s=96&d=mm&r=g\",\"url\":\"https:\/\/secure.gravatar.com\/avatar\/e0a867bdedb85fd243eadf09663511f96fc81e0720a4a42581f334ad4303aa6b?s=96&d=mm&r=g\",\"contentUrl\":\"https:\/\/secure.gravatar.com\/avatar\/e0a867bdedb85fd243eadf09663511f96fc81e0720a4a42581f334ad4303aa6b?s=96&d=mm&r=g\",\"caption\":\"Reda\u00e7\u00e3o\"}}]}<\/script>\n<!-- \/ Yoast SEO plugin. -->","yoast_head_json":{"title":"Fim de ano aquece economia, gera imposto e mais trabalho - Notibras","robots":{"index":"index","follow":"follow","max-snippet":"max-snippet:-1","max-image-preview":"max-image-preview:large","max-video-preview":"max-video-preview:-1"},"canonical":"https:\/\/www.notibras.com\/site\/fim-de-ano-aquece-economia-gera-imposto-e-mais-trabalho\/","og_locale":"pt_BR","og_type":"article","og_title":"Fim de ano aquece economia, gera imposto e mais trabalho - Notibras","og_description":"As decora\u00e7\u00f5es natalinas j\u00e1 sa\u00edram dos arm\u00e1rios e o movimento nos corredores dos shoppings e feiras aumentou. Os meses de novembro e dezembro s\u00e3o os mais esperados pelos comerciantes e empres\u00e1rios devido \u00e0 chegada das festas natalinas e de Ano-novo, bem como do pagamento do d\u00e9cimo terceiro e da Black Friday. Neste ano, a expectativa [&hellip;]","og_url":"https:\/\/www.notibras.com\/site\/fim-de-ano-aquece-economia-gera-imposto-e-mais-trabalho\/","og_site_name":"Notibras","article_publisher":"https:\/\/www.facebook.com\/notibras\/","article_published_time":"2023-11-27T03:00:41+00:00","article_modified_time":"2023-11-27T06:27:00+00:00","og_image":[{"width":1536,"height":1024,"url":"https:\/\/www.notibras.com\/site\/wp-content\/uploads\/2023\/11\/dentro-6-1536x1024-1.jpg","type":"image\/jpeg"}],"author":"Reda\u00e7\u00e3o","twitter_card":"summary_large_image","twitter_creator":"@Notibras","twitter_site":"@Notibras","twitter_misc":{"Escrito por":"Reda\u00e7\u00e3o","Est. tempo de leitura":"5 minutos"},"schema":{"@context":"https:\/\/schema.org","@graph":[{"@type":"Article","@id":"https:\/\/www.notibras.com\/site\/fim-de-ano-aquece-economia-gera-imposto-e-mais-trabalho\/#article","isPartOf":{"@id":"https:\/\/www.notibras.com\/site\/fim-de-ano-aquece-economia-gera-imposto-e-mais-trabalho\/"},"author":{"name":"Reda\u00e7\u00e3o","@id":"https:\/\/www.notibras.com\/site\/#\/schema\/person\/36ab0979449956132d3e5b517ea76ac8"},"headline":"Fim de ano aquece economia, gera imposto e mais trabalho","datePublished":"2023-11-27T03:00:41+00:00","dateModified":"2023-11-27T06:27:00+00:00","mainEntityOfPage":{"@id":"https:\/\/www.notibras.com\/site\/fim-de-ano-aquece-economia-gera-imposto-e-mais-trabalho\/"},"wordCount":915,"publisher":{"@id":"https:\/\/www.notibras.com\/site\/#organization"},"image":{"@id":"https:\/\/www.notibras.com\/site\/fim-de-ano-aquece-economia-gera-imposto-e-mais-trabalho\/#primaryimage"},"thumbnailUrl":"https:\/\/www.notibras.com\/site\/wp-content\/uploads\/2023\/11\/dentro-6-1536x1024-1.jpg","articleSection":["Quadradinho em Foco"],"inLanguage":"pt-BR"},{"@type":"WebPage","@id":"https:\/\/www.notibras.com\/site\/fim-de-ano-aquece-economia-gera-imposto-e-mais-trabalho\/","url":"https:\/\/www.notibras.com\/site\/fim-de-ano-aquece-economia-gera-imposto-e-mais-trabalho\/","name":"Fim de ano aquece economia, gera imposto e mais trabalho - Notibras","isPartOf":{"@id":"https:\/\/www.notibras.com\/site\/#website"},"primaryImageOfPage":{"@id":"https:\/\/www.notibras.com\/site\/fim-de-ano-aquece-economia-gera-imposto-e-mais-trabalho\/#primaryimage"},"image":{"@id":"https:\/\/www.notibras.com\/site\/fim-de-ano-aquece-economia-gera-imposto-e-mais-trabalho\/#primaryimage"},"thumbnailUrl":"https:\/\/www.notibras.com\/site\/wp-content\/uploads\/2023\/11\/dentro-6-1536x1024-1.jpg","datePublished":"2023-11-27T03:00:41+00:00","dateModified":"2023-11-27T06:27:00+00:00","breadcrumb":{"@id":"https:\/\/www.notibras.com\/site\/fim-de-ano-aquece-economia-gera-imposto-e-mais-trabalho\/#breadcrumb"},"inLanguage":"pt-BR","potentialAction":[{"@type":"ReadAction","target":["https:\/\/www.notibras.com\/site\/fim-de-ano-aquece-economia-gera-imposto-e-mais-trabalho\/"]}]},{"@type":"ImageObject","inLanguage":"pt-BR","@id":"https:\/\/www.notibras.com\/site\/fim-de-ano-aquece-economia-gera-imposto-e-mais-trabalho\/#primaryimage","url":"https:\/\/www.notibras.com\/site\/wp-content\/uploads\/2023\/11\/dentro-6-1536x1024-1.jpg","contentUrl":"https:\/\/www.notibras.com\/site\/wp-content\/uploads\/2023\/11\/dentro-6-1536x1024-1.jpg","width":1536,"height":1024},{"@type":"BreadcrumbList","@id":"https:\/\/www.notibras.com\/site\/fim-de-ano-aquece-economia-gera-imposto-e-mais-trabalho\/#breadcrumb","itemListElement":[{"@type":"ListItem","position":1,"name":"In\u00edcio","item":"https:\/\/www.notibras.com\/site\/"},{"@type":"ListItem","position":2,"name":"Fim de ano aquece economia, gera imposto e mais trabalho"}]},{"@type":"WebSite","@id":"https:\/\/www.notibras.com\/site\/#website","url":"https:\/\/www.notibras.com\/site\/","name":"Notibras","description":"Not\u00edcias de Bras\u00edlia, do Brasil e do Mundo","publisher":{"@id":"https:\/\/www.notibras.com\/site\/#organization"},"potentialAction":[{"@type":"SearchAction","target":{"@type":"EntryPoint","urlTemplate":"https:\/\/www.notibras.com\/site\/?s={search_term_string}"},"query-input":{"@type":"PropertyValueSpecification","valueRequired":true,"valueName":"search_term_string"}}],"inLanguage":"pt-BR"},{"@type":"Organization","@id":"https:\/\/www.notibras.com\/site\/#organization","name":"Grupo Notibras de Comunica\u00e7\u00e3o","url":"https:\/\/www.notibras.com\/site\/","logo":{"@type":"ImageObject","inLanguage":"pt-BR","@id":"https:\/\/www.notibras.com\/site\/#\/schema\/logo\/image\/","url":"https:\/\/www.notibras.com\/site\/wp-content\/uploads\/2023\/01\/notibras23.png","contentUrl":"https:\/\/www.notibras.com\/site\/wp-content\/uploads\/2023\/01\/notibras23.png","width":350,"height":87,"caption":"Grupo Notibras de Comunica\u00e7\u00e3o"},"image":{"@id":"https:\/\/www.notibras.com\/site\/#\/schema\/logo\/image\/"},"sameAs":["https:\/\/www.facebook.com\/notibras\/","https:\/\/x.com\/Notibras","https:\/\/www.instagram.com\/notibras\/"]},{"@type":"Person","@id":"https:\/\/www.notibras.com\/site\/#\/schema\/person\/36ab0979449956132d3e5b517ea76ac8","name":"Reda\u00e7\u00e3o","image":{"@type":"ImageObject","inLanguage":"pt-BR","@id":"https:\/\/secure.gravatar.com\/avatar\/e0a867bdedb85fd243eadf09663511f96fc81e0720a4a42581f334ad4303aa6b?s=96&d=mm&r=g","url":"https:\/\/secure.gravatar.com\/avatar\/e0a867bdedb85fd243eadf09663511f96fc81e0720a4a42581f334ad4303aa6b?s=96&d=mm&r=g","contentUrl":"https:\/\/secure.gravatar.com\/avatar\/e0a867bdedb85fd243eadf09663511f96fc81e0720a4a42581f334ad4303aa6b?s=96&d=mm&r=g","caption":"Reda\u00e7\u00e3o"}}]}},"amp_enabled":true,"_links":{"self":[{"href":"https:\/\/www.notibras.com\/site\/wp-json\/wp\/v2\/posts\/317890","targetHints":{"allow":["GET"]}}],"collection":[{"href":"https:\/\/www.notibras.com\/site\/wp-json\/wp\/v2\/posts"}],"about":[{"href":"https:\/\/www.notibras.com\/site\/wp-json\/wp\/v2\/types\/post"}],"author":[{"embeddable":true,"href":"https:\/\/www.notibras.com\/site\/wp-json\/wp\/v2\/users\/2"}],"replies":[{"embeddable":true,"href":"https:\/\/www.notibras.com\/site\/wp-json\/wp\/v2\/comments?post=317890"}],"version-history":[{"count":1,"href":"https:\/\/www.notibras.com\/site\/wp-json\/wp\/v2\/posts\/317890\/revisions"}],"predecessor-version":[{"id":317892,"href":"https:\/\/www.notibras.com\/site\/wp-json\/wp\/v2\/posts\/317890\/revisions\/317892"}],"wp:featuredmedia":[{"embeddable":true,"href":"https:\/\/www.notibras.com\/site\/wp-json\/wp\/v2\/media\/317891"}],"wp:attachment":[{"href":"https:\/\/www.notibras.com\/site\/wp-json\/wp\/v2\/media?parent=317890"}],"wp:term":[{"taxonomy":"category","embeddable":true,"href":"https:\/\/www.notibras.com\/site\/wp-json\/wp\/v2\/categories?post=317890"},{"taxonomy":"post_tag","embeddable":true,"href":"https:\/\/www.notibras.com\/site\/wp-json\/wp\/v2\/tags?post=317890"}],"curies":[{"name":"wp","href":"https:\/\/api.w.org\/{rel}","templated":true}]}}