{"id":317938,"date":"2023-11-28T00:17:40","date_gmt":"2023-11-28T03:17:40","guid":{"rendered":"https:\/\/www.notibras.com\/site\/?p=317938"},"modified":"2023-11-28T07:30:08","modified_gmt":"2023-11-28T10:30:08","slug":"teatrinho-e-outras-atracoes-animam-criancas-em-dezembro","status":"publish","type":"post","link":"https:\/\/www.notibras.com\/site\/teatrinho-e-outras-atracoes-animam-criancas-em-dezembro\/","title":{"rendered":"Teatrinho e outras atra\u00e7\u00f5es animam crian\u00e7as em dezembro"},"content":{"rendered":"<p>O ano de 2023 est\u00e1 chegando ao fim e a divers\u00e3o no Terra\u00e7o Shopping n\u00e3o para. As crian\u00e7as poder\u00e3o curtir uma programa\u00e7\u00e3o completa e muito especial aos s\u00e1bados e domingos, na Pra\u00e7a Central. Come\u00e7ando as atra\u00e7\u00f5es do m\u00eas, no s\u00e1bado, dia 2 de dezembro, \u00e0s 16h, o m\u00e1gico Tio Andr\u00e9 traz o seu show diferente com m\u00fasica e m\u00e1gicas interativas e c\u00f4micas, com um humor puro e saud\u00e1vel. Divers\u00e3o certa para a fam\u00edlia inteira. E no domingo (3), a Cia F\u00e1bula vai ao palco com a pe\u00e7a \u201cRapunzel\u201d, que conta a hist\u00f3ria de uma menina criada de forma solit\u00e1ria e prisioneira do mundo, no alto de uma torre.<\/p>\n<p>A bruxa que cuidava dela usava seus cabelos, com longas tran\u00e7as, como escada. A princesa tinha o sonho de conhecer muitos lugares. Ela acaba conhecendo, do alto da janela de sua torre, um pr\u00edncipe, que vira seu amigo e a visita todos os dias, escondido da bruxa. At\u00e9 que Rapunzel descobre que pode realizar todos os seus sonhos e que \u00e9 mais forte do que imaginava, abandonando a torre e passando a viver v\u00e1rias aventuras.<\/p>\n<p>No final de semana seguinte, s\u00e1bado, dia 9, a Cia Starte levar\u00e1 as irm\u00e3s Anna e Elsa, em \u201cUm Natal Congelante\u201d. Na hist\u00f3ria, com a chegada do Natal, elas percebem que n\u00e3o tem tradi\u00e7\u00f5es natalinas, ent\u00e3o, o boneco de neve Olaf parte em uma miss\u00e3o para trazer o m\u00e1ximo das tradi\u00e7\u00f5es poss\u00edvel para a cidade de Arendelle, buscando tamb\u00e9m o real significado dessa festa t\u00e3o linda.<\/p>\n<p>J\u00e1 no domingo, 10 de dezembro, \u00e0s 16h, ser\u00e1 a vez da Cia F\u00e1bula com o teatrinho \u201cO Livro Misterioso\u201d. A hist\u00f3ria fala sobre um livro m\u00e1gico que era guardado no reino das fadas, at\u00e9 que uma bruxa malvada o encontra e resolve mudar as hist\u00f3rias que estavam escritas ali. Percebendo o tanto que o livro era perigoso, a fada resolve destru\u00ed-lo, mas, antes disso, ela teve uma brilhante ideia, de que cada pessoa no mundo poderia ter um peda\u00e7o do livro m\u00e1gico em si, e a magia ent\u00e3o estaria sempre segura. A fada deu o nome de &#8220;imagina\u00e7\u00e3o&#8221; para essa magia, assim, cada vez que algu\u00e9m lesse um livro, essa magia aconteceria e todas as imagens que antes aconteciam fora do livro, aconteceriam na cabe\u00e7a de cada um.<\/p>\n<p>Encerrando a programa\u00e7\u00e3o do ano, e j\u00e1 no clima do Natal, o fim de semana ter\u00e1 conta\u00e7\u00e3o de hist\u00f3rias e um teatrinho especial. No s\u00e1bado (16) a contadora Nyedja Gennari vai encantar as crian\u00e7as com Contos de Natal, lindos e emocionantes, com toda a magia e imagina\u00e7\u00e3o que a data traz.<\/p>\n<p>E no domingo (17), a pe\u00e7a \u201cMist\u00e9rio de Natal\u201d da Cia F\u00e1bula vai divertir os pequenos. A hist\u00f3ria se passa na oficina do Papai Noel, onde todos os ajudantes arrumam os presentes para entregar para as crian\u00e7as, e cada um tem uma fun\u00e7\u00e3o. O chefe fica triste por ter muito trabalho e nunca conseguir ir junto com o Papai Noel entregar os presentes como os outros duendes, por isso ele esconde alguns presentes para ele mesmo entregar e ver a alegria das crian\u00e7as na noite de Natal.<\/p>\n<p>Os outros ajudantes ficam intrigados com o sumi\u00e7o dos presentes e resolvem se empenhar para desvendar esse mist\u00e9rio. Quando acabam descobrindo o que o chefe estava fazendo, eles mostram para o companheiro que cada um tem sua fun\u00e7\u00e3o e que todas t\u00eam sua import\u00e2ncia.<\/p>\n<p><strong>Servi\u00e7o:<\/strong><br \/>\nPrograma\u00e7\u00e3o Infantil<br \/>\n02 &#8211; Show de M\u00e1gicas, com Tio Andr\u00e9<br \/>\n03 \u2013 Rapunzel, com Cia F\u00e1bula<br \/>\n09 \u2013 Um Natal Congelante, com Cia Starte<br \/>\n10 \u2013 O Livro Misterioso, com Cia F\u00e1bula<br \/>\n16 &#8211; Contos de Natal, com Nyedja Gennari<br \/>\n17 \u2013 Mist\u00e9rio de Natal, com Cia F\u00e1bula<\/p>\n","protected":false},"excerpt":{"rendered":"<p>O ano de 2023 est\u00e1 chegando ao fim e a divers\u00e3o no Terra\u00e7o Shopping n\u00e3o para. As crian\u00e7as poder\u00e3o curtir uma programa\u00e7\u00e3o completa e muito especial aos s\u00e1bados e domingos, na Pra\u00e7a Central. Come\u00e7ando as atra\u00e7\u00f5es do m\u00eas, no s\u00e1bado, dia 2 de dezembro, \u00e0s 16h, o m\u00e1gico Tio Andr\u00e9 traz o seu show diferente [&hellip;]<\/p>\n","protected":false},"author":2,"featured_media":317939,"comment_status":"closed","ping_status":"closed","sticky":false,"template":"","format":"standard","meta":{"_acf_changed":false,"footnotes":""},"categories":[161],"tags":[],"class_list":["post-317938","post","type-post","status-publish","format-standard","has-post-thumbnail","hentry","category-quadradinho-em-foco"],"acf":[],"yoast_head":"<!-- This site is optimized with the Yoast SEO plugin v27.2 - https:\/\/yoast.com\/product\/yoast-seo-wordpress\/ -->\n<title>Teatrinho e outras atra\u00e7\u00f5es animam crian\u00e7as em dezembro - Notibras<\/title>\n<meta name=\"robots\" content=\"index, follow, max-snippet:-1, max-image-preview:large, max-video-preview:-1\" \/>\n<link rel=\"canonical\" href=\"https:\/\/www.notibras.com\/site\/teatrinho-e-outras-atracoes-animam-criancas-em-dezembro\/\" \/>\n<meta property=\"og:locale\" content=\"pt_BR\" \/>\n<meta property=\"og:type\" content=\"article\" \/>\n<meta property=\"og:title\" content=\"Teatrinho e outras atra\u00e7\u00f5es animam crian\u00e7as em dezembro - Notibras\" \/>\n<meta property=\"og:description\" content=\"O ano de 2023 est\u00e1 chegando ao fim e a divers\u00e3o no Terra\u00e7o Shopping n\u00e3o para. As crian\u00e7as poder\u00e3o curtir uma programa\u00e7\u00e3o completa e muito especial aos s\u00e1bados e domingos, na Pra\u00e7a Central. Come\u00e7ando as atra\u00e7\u00f5es do m\u00eas, no s\u00e1bado, dia 2 de dezembro, \u00e0s 16h, o m\u00e1gico Tio Andr\u00e9 traz o seu show diferente [&hellip;]\" \/>\n<meta property=\"og:url\" content=\"https:\/\/www.notibras.com\/site\/teatrinho-e-outras-atracoes-animam-criancas-em-dezembro\/\" \/>\n<meta property=\"og:site_name\" content=\"Notibras\" \/>\n<meta property=\"article:publisher\" content=\"https:\/\/www.facebook.com\/notibras\/\" \/>\n<meta property=\"article:published_time\" content=\"2023-11-28T03:17:40+00:00\" \/>\n<meta property=\"article:modified_time\" content=\"2023-11-28T10:30:08+00:00\" \/>\n<meta property=\"og:image\" content=\"https:\/\/www.notibras.com\/site\/wp-content\/uploads\/2023\/11\/unnamed-98.jpg\" \/>\n\t<meta property=\"og:image:width\" content=\"708\" \/>\n\t<meta property=\"og:image:height\" content=\"1060\" \/>\n\t<meta property=\"og:image:type\" content=\"image\/jpeg\" \/>\n<meta name=\"author\" content=\"Reda\u00e7\u00e3o\" \/>\n<meta name=\"twitter:card\" content=\"summary_large_image\" \/>\n<meta name=\"twitter:creator\" content=\"@Notibras\" \/>\n<meta name=\"twitter:site\" content=\"@Notibras\" \/>\n<meta name=\"twitter:label1\" content=\"Escrito por\" \/>\n\t<meta name=\"twitter:data1\" content=\"Reda\u00e7\u00e3o\" \/>\n\t<meta name=\"twitter:label2\" content=\"Est. tempo de leitura\" \/>\n\t<meta name=\"twitter:data2\" content=\"4 minutos\" \/>\n<script type=\"application\/ld+json\" class=\"yoast-schema-graph\">{\"@context\":\"https:\/\/schema.org\",\"@graph\":[{\"@type\":\"Article\",\"@id\":\"https:\/\/www.notibras.com\/site\/teatrinho-e-outras-atracoes-animam-criancas-em-dezembro\/#article\",\"isPartOf\":{\"@id\":\"https:\/\/www.notibras.com\/site\/teatrinho-e-outras-atracoes-animam-criancas-em-dezembro\/\"},\"author\":{\"name\":\"Reda\u00e7\u00e3o\",\"@id\":\"https:\/\/www.notibras.com\/site\/#\/schema\/person\/36ab0979449956132d3e5b517ea76ac8\"},\"headline\":\"Teatrinho e outras atra\u00e7\u00f5es animam crian\u00e7as em dezembro\",\"datePublished\":\"2023-11-28T03:17:40+00:00\",\"dateModified\":\"2023-11-28T10:30:08+00:00\",\"mainEntityOfPage\":{\"@id\":\"https:\/\/www.notibras.com\/site\/teatrinho-e-outras-atracoes-animam-criancas-em-dezembro\/\"},\"wordCount\":675,\"publisher\":{\"@id\":\"https:\/\/www.notibras.com\/site\/#organization\"},\"image\":{\"@id\":\"https:\/\/www.notibras.com\/site\/teatrinho-e-outras-atracoes-animam-criancas-em-dezembro\/#primaryimage\"},\"thumbnailUrl\":\"https:\/\/www.notibras.com\/site\/wp-content\/uploads\/2023\/11\/unnamed-98.jpg\",\"articleSection\":[\"Quadradinho em Foco\"],\"inLanguage\":\"pt-BR\"},{\"@type\":\"WebPage\",\"@id\":\"https:\/\/www.notibras.com\/site\/teatrinho-e-outras-atracoes-animam-criancas-em-dezembro\/\",\"url\":\"https:\/\/www.notibras.com\/site\/teatrinho-e-outras-atracoes-animam-criancas-em-dezembro\/\",\"name\":\"Teatrinho e outras atra\u00e7\u00f5es animam crian\u00e7as em dezembro - Notibras\",\"isPartOf\":{\"@id\":\"https:\/\/www.notibras.com\/site\/#website\"},\"primaryImageOfPage\":{\"@id\":\"https:\/\/www.notibras.com\/site\/teatrinho-e-outras-atracoes-animam-criancas-em-dezembro\/#primaryimage\"},\"image\":{\"@id\":\"https:\/\/www.notibras.com\/site\/teatrinho-e-outras-atracoes-animam-criancas-em-dezembro\/#primaryimage\"},\"thumbnailUrl\":\"https:\/\/www.notibras.com\/site\/wp-content\/uploads\/2023\/11\/unnamed-98.jpg\",\"datePublished\":\"2023-11-28T03:17:40+00:00\",\"dateModified\":\"2023-11-28T10:30:08+00:00\",\"breadcrumb\":{\"@id\":\"https:\/\/www.notibras.com\/site\/teatrinho-e-outras-atracoes-animam-criancas-em-dezembro\/#breadcrumb\"},\"inLanguage\":\"pt-BR\",\"potentialAction\":[{\"@type\":\"ReadAction\",\"target\":[\"https:\/\/www.notibras.com\/site\/teatrinho-e-outras-atracoes-animam-criancas-em-dezembro\/\"]}]},{\"@type\":\"ImageObject\",\"inLanguage\":\"pt-BR\",\"@id\":\"https:\/\/www.notibras.com\/site\/teatrinho-e-outras-atracoes-animam-criancas-em-dezembro\/#primaryimage\",\"url\":\"https:\/\/www.notibras.com\/site\/wp-content\/uploads\/2023\/11\/unnamed-98.jpg\",\"contentUrl\":\"https:\/\/www.notibras.com\/site\/wp-content\/uploads\/2023\/11\/unnamed-98.jpg\",\"width\":708,\"height\":1060},{\"@type\":\"BreadcrumbList\",\"@id\":\"https:\/\/www.notibras.com\/site\/teatrinho-e-outras-atracoes-animam-criancas-em-dezembro\/#breadcrumb\",\"itemListElement\":[{\"@type\":\"ListItem\",\"position\":1,\"name\":\"In\u00edcio\",\"item\":\"https:\/\/www.notibras.com\/site\/\"},{\"@type\":\"ListItem\",\"position\":2,\"name\":\"Teatrinho e outras atra\u00e7\u00f5es animam crian\u00e7as em dezembro\"}]},{\"@type\":\"WebSite\",\"@id\":\"https:\/\/www.notibras.com\/site\/#website\",\"url\":\"https:\/\/www.notibras.com\/site\/\",\"name\":\"Notibras\",\"description\":\"Not\u00edcias de Bras\u00edlia, do Brasil e do Mundo\",\"publisher\":{\"@id\":\"https:\/\/www.notibras.com\/site\/#organization\"},\"potentialAction\":[{\"@type\":\"SearchAction\",\"target\":{\"@type\":\"EntryPoint\",\"urlTemplate\":\"https:\/\/www.notibras.com\/site\/?s={search_term_string}\"},\"query-input\":{\"@type\":\"PropertyValueSpecification\",\"valueRequired\":true,\"valueName\":\"search_term_string\"}}],\"inLanguage\":\"pt-BR\"},{\"@type\":\"Organization\",\"@id\":\"https:\/\/www.notibras.com\/site\/#organization\",\"name\":\"Grupo Notibras de Comunica\u00e7\u00e3o\",\"url\":\"https:\/\/www.notibras.com\/site\/\",\"logo\":{\"@type\":\"ImageObject\",\"inLanguage\":\"pt-BR\",\"@id\":\"https:\/\/www.notibras.com\/site\/#\/schema\/logo\/image\/\",\"url\":\"https:\/\/www.notibras.com\/site\/wp-content\/uploads\/2023\/01\/notibras23.png\",\"contentUrl\":\"https:\/\/www.notibras.com\/site\/wp-content\/uploads\/2023\/01\/notibras23.png\",\"width\":350,\"height\":87,\"caption\":\"Grupo Notibras de Comunica\u00e7\u00e3o\"},\"image\":{\"@id\":\"https:\/\/www.notibras.com\/site\/#\/schema\/logo\/image\/\"},\"sameAs\":[\"https:\/\/www.facebook.com\/notibras\/\",\"https:\/\/x.com\/Notibras\",\"https:\/\/www.instagram.com\/notibras\/\"]},{\"@type\":\"Person\",\"@id\":\"https:\/\/www.notibras.com\/site\/#\/schema\/person\/36ab0979449956132d3e5b517ea76ac8\",\"name\":\"Reda\u00e7\u00e3o\",\"image\":{\"@type\":\"ImageObject\",\"inLanguage\":\"pt-BR\",\"@id\":\"https:\/\/secure.gravatar.com\/avatar\/e0a867bdedb85fd243eadf09663511f96fc81e0720a4a42581f334ad4303aa6b?s=96&d=mm&r=g\",\"url\":\"https:\/\/secure.gravatar.com\/avatar\/e0a867bdedb85fd243eadf09663511f96fc81e0720a4a42581f334ad4303aa6b?s=96&d=mm&r=g\",\"contentUrl\":\"https:\/\/secure.gravatar.com\/avatar\/e0a867bdedb85fd243eadf09663511f96fc81e0720a4a42581f334ad4303aa6b?s=96&d=mm&r=g\",\"caption\":\"Reda\u00e7\u00e3o\"}}]}<\/script>\n<!-- \/ Yoast SEO plugin. -->","yoast_head_json":{"title":"Teatrinho e outras atra\u00e7\u00f5es animam crian\u00e7as em dezembro - Notibras","robots":{"index":"index","follow":"follow","max-snippet":"max-snippet:-1","max-image-preview":"max-image-preview:large","max-video-preview":"max-video-preview:-1"},"canonical":"https:\/\/www.notibras.com\/site\/teatrinho-e-outras-atracoes-animam-criancas-em-dezembro\/","og_locale":"pt_BR","og_type":"article","og_title":"Teatrinho e outras atra\u00e7\u00f5es animam crian\u00e7as em dezembro - Notibras","og_description":"O ano de 2023 est\u00e1 chegando ao fim e a divers\u00e3o no Terra\u00e7o Shopping n\u00e3o para. As crian\u00e7as poder\u00e3o curtir uma programa\u00e7\u00e3o completa e muito especial aos s\u00e1bados e domingos, na Pra\u00e7a Central. Come\u00e7ando as atra\u00e7\u00f5es do m\u00eas, no s\u00e1bado, dia 2 de dezembro, \u00e0s 16h, o m\u00e1gico Tio Andr\u00e9 traz o seu show diferente [&hellip;]","og_url":"https:\/\/www.notibras.com\/site\/teatrinho-e-outras-atracoes-animam-criancas-em-dezembro\/","og_site_name":"Notibras","article_publisher":"https:\/\/www.facebook.com\/notibras\/","article_published_time":"2023-11-28T03:17:40+00:00","article_modified_time":"2023-11-28T10:30:08+00:00","og_image":[{"width":708,"height":1060,"url":"https:\/\/www.notibras.com\/site\/wp-content\/uploads\/2023\/11\/unnamed-98.jpg","type":"image\/jpeg"}],"author":"Reda\u00e7\u00e3o","twitter_card":"summary_large_image","twitter_creator":"@Notibras","twitter_site":"@Notibras","twitter_misc":{"Escrito por":"Reda\u00e7\u00e3o","Est. tempo de leitura":"4 minutos"},"schema":{"@context":"https:\/\/schema.org","@graph":[{"@type":"Article","@id":"https:\/\/www.notibras.com\/site\/teatrinho-e-outras-atracoes-animam-criancas-em-dezembro\/#article","isPartOf":{"@id":"https:\/\/www.notibras.com\/site\/teatrinho-e-outras-atracoes-animam-criancas-em-dezembro\/"},"author":{"name":"Reda\u00e7\u00e3o","@id":"https:\/\/www.notibras.com\/site\/#\/schema\/person\/36ab0979449956132d3e5b517ea76ac8"},"headline":"Teatrinho e outras atra\u00e7\u00f5es animam crian\u00e7as em dezembro","datePublished":"2023-11-28T03:17:40+00:00","dateModified":"2023-11-28T10:30:08+00:00","mainEntityOfPage":{"@id":"https:\/\/www.notibras.com\/site\/teatrinho-e-outras-atracoes-animam-criancas-em-dezembro\/"},"wordCount":675,"publisher":{"@id":"https:\/\/www.notibras.com\/site\/#organization"},"image":{"@id":"https:\/\/www.notibras.com\/site\/teatrinho-e-outras-atracoes-animam-criancas-em-dezembro\/#primaryimage"},"thumbnailUrl":"https:\/\/www.notibras.com\/site\/wp-content\/uploads\/2023\/11\/unnamed-98.jpg","articleSection":["Quadradinho em Foco"],"inLanguage":"pt-BR"},{"@type":"WebPage","@id":"https:\/\/www.notibras.com\/site\/teatrinho-e-outras-atracoes-animam-criancas-em-dezembro\/","url":"https:\/\/www.notibras.com\/site\/teatrinho-e-outras-atracoes-animam-criancas-em-dezembro\/","name":"Teatrinho e outras atra\u00e7\u00f5es animam crian\u00e7as em dezembro - Notibras","isPartOf":{"@id":"https:\/\/www.notibras.com\/site\/#website"},"primaryImageOfPage":{"@id":"https:\/\/www.notibras.com\/site\/teatrinho-e-outras-atracoes-animam-criancas-em-dezembro\/#primaryimage"},"image":{"@id":"https:\/\/www.notibras.com\/site\/teatrinho-e-outras-atracoes-animam-criancas-em-dezembro\/#primaryimage"},"thumbnailUrl":"https:\/\/www.notibras.com\/site\/wp-content\/uploads\/2023\/11\/unnamed-98.jpg","datePublished":"2023-11-28T03:17:40+00:00","dateModified":"2023-11-28T10:30:08+00:00","breadcrumb":{"@id":"https:\/\/www.notibras.com\/site\/teatrinho-e-outras-atracoes-animam-criancas-em-dezembro\/#breadcrumb"},"inLanguage":"pt-BR","potentialAction":[{"@type":"ReadAction","target":["https:\/\/www.notibras.com\/site\/teatrinho-e-outras-atracoes-animam-criancas-em-dezembro\/"]}]},{"@type":"ImageObject","inLanguage":"pt-BR","@id":"https:\/\/www.notibras.com\/site\/teatrinho-e-outras-atracoes-animam-criancas-em-dezembro\/#primaryimage","url":"https:\/\/www.notibras.com\/site\/wp-content\/uploads\/2023\/11\/unnamed-98.jpg","contentUrl":"https:\/\/www.notibras.com\/site\/wp-content\/uploads\/2023\/11\/unnamed-98.jpg","width":708,"height":1060},{"@type":"BreadcrumbList","@id":"https:\/\/www.notibras.com\/site\/teatrinho-e-outras-atracoes-animam-criancas-em-dezembro\/#breadcrumb","itemListElement":[{"@type":"ListItem","position":1,"name":"In\u00edcio","item":"https:\/\/www.notibras.com\/site\/"},{"@type":"ListItem","position":2,"name":"Teatrinho e outras atra\u00e7\u00f5es animam crian\u00e7as em dezembro"}]},{"@type":"WebSite","@id":"https:\/\/www.notibras.com\/site\/#website","url":"https:\/\/www.notibras.com\/site\/","name":"Notibras","description":"Not\u00edcias de Bras\u00edlia, do Brasil e do Mundo","publisher":{"@id":"https:\/\/www.notibras.com\/site\/#organization"},"potentialAction":[{"@type":"SearchAction","target":{"@type":"EntryPoint","urlTemplate":"https:\/\/www.notibras.com\/site\/?s={search_term_string}"},"query-input":{"@type":"PropertyValueSpecification","valueRequired":true,"valueName":"search_term_string"}}],"inLanguage":"pt-BR"},{"@type":"Organization","@id":"https:\/\/www.notibras.com\/site\/#organization","name":"Grupo Notibras de Comunica\u00e7\u00e3o","url":"https:\/\/www.notibras.com\/site\/","logo":{"@type":"ImageObject","inLanguage":"pt-BR","@id":"https:\/\/www.notibras.com\/site\/#\/schema\/logo\/image\/","url":"https:\/\/www.notibras.com\/site\/wp-content\/uploads\/2023\/01\/notibras23.png","contentUrl":"https:\/\/www.notibras.com\/site\/wp-content\/uploads\/2023\/01\/notibras23.png","width":350,"height":87,"caption":"Grupo Notibras de Comunica\u00e7\u00e3o"},"image":{"@id":"https:\/\/www.notibras.com\/site\/#\/schema\/logo\/image\/"},"sameAs":["https:\/\/www.facebook.com\/notibras\/","https:\/\/x.com\/Notibras","https:\/\/www.instagram.com\/notibras\/"]},{"@type":"Person","@id":"https:\/\/www.notibras.com\/site\/#\/schema\/person\/36ab0979449956132d3e5b517ea76ac8","name":"Reda\u00e7\u00e3o","image":{"@type":"ImageObject","inLanguage":"pt-BR","@id":"https:\/\/secure.gravatar.com\/avatar\/e0a867bdedb85fd243eadf09663511f96fc81e0720a4a42581f334ad4303aa6b?s=96&d=mm&r=g","url":"https:\/\/secure.gravatar.com\/avatar\/e0a867bdedb85fd243eadf09663511f96fc81e0720a4a42581f334ad4303aa6b?s=96&d=mm&r=g","contentUrl":"https:\/\/secure.gravatar.com\/avatar\/e0a867bdedb85fd243eadf09663511f96fc81e0720a4a42581f334ad4303aa6b?s=96&d=mm&r=g","caption":"Reda\u00e7\u00e3o"}}]}},"amp_enabled":true,"_links":{"self":[{"href":"https:\/\/www.notibras.com\/site\/wp-json\/wp\/v2\/posts\/317938","targetHints":{"allow":["GET"]}}],"collection":[{"href":"https:\/\/www.notibras.com\/site\/wp-json\/wp\/v2\/posts"}],"about":[{"href":"https:\/\/www.notibras.com\/site\/wp-json\/wp\/v2\/types\/post"}],"author":[{"embeddable":true,"href":"https:\/\/www.notibras.com\/site\/wp-json\/wp\/v2\/users\/2"}],"replies":[{"embeddable":true,"href":"https:\/\/www.notibras.com\/site\/wp-json\/wp\/v2\/comments?post=317938"}],"version-history":[{"count":2,"href":"https:\/\/www.notibras.com\/site\/wp-json\/wp\/v2\/posts\/317938\/revisions"}],"predecessor-version":[{"id":317960,"href":"https:\/\/www.notibras.com\/site\/wp-json\/wp\/v2\/posts\/317938\/revisions\/317960"}],"wp:featuredmedia":[{"embeddable":true,"href":"https:\/\/www.notibras.com\/site\/wp-json\/wp\/v2\/media\/317939"}],"wp:attachment":[{"href":"https:\/\/www.notibras.com\/site\/wp-json\/wp\/v2\/media?parent=317938"}],"wp:term":[{"taxonomy":"category","embeddable":true,"href":"https:\/\/www.notibras.com\/site\/wp-json\/wp\/v2\/categories?post=317938"},{"taxonomy":"post_tag","embeddable":true,"href":"https:\/\/www.notibras.com\/site\/wp-json\/wp\/v2\/tags?post=317938"}],"curies":[{"name":"wp","href":"https:\/\/api.w.org\/{rel}","templated":true}]}}