{"id":317944,"date":"2023-11-28T05:30:45","date_gmt":"2023-11-28T08:30:45","guid":{"rendered":"https:\/\/www.notibras.com\/site\/?p=317944"},"modified":"2023-11-30T07:44:44","modified_gmt":"2023-11-30T10:44:44","slug":"ana-clara-muda-final-e-cronica-ganha-epilogo-feliz","status":"publish","type":"post","link":"https:\/\/www.notibras.com\/site\/ana-clara-muda-final-e-cronica-ganha-epilogo-feliz\/","title":{"rendered":"Ana Clara muda final e cr\u00f4nica ganha ep\u00edlogo feliz"},"content":{"rendered":"<p>Desde que resolvi me tornar escritor, percebi que essa profiss\u00e3o \u00e9, quase sempre, solit\u00e1ria, pois l\u00e1 ficamos isolados do mundo, mas com o pensamento nas coisas que acontecem nele e dentro de n\u00f3s, numa constante busca da melhor maneira de juntar palavras e expressar sentimentos.<\/p>\n<p>Apesar dessa solid\u00e3o, de vez em quando, tenho contato com um ou outro leitor, que me aborda na rua. Confesso que isso, a princ\u00edpio, me deixava desconcertado, a despeito de provocar uma sensa\u00e7\u00e3o bem gostosa, como se o meu eu interior me dissesse: &#8220;Pois \u00e9, Dudu, at\u00e9 que voc\u00ea consegue cativar algumas pessoas&#8221;. No entanto, antes que a vaidade me transporte para as nuvens, eis que a minha mulher, a Dona Irene, me puxa pelas orelhas.<\/p>\n<p><img loading=\"lazy\" decoding=\"async\" class=\"wp-image-317946 aligncenter\" src=\"https:\/\/www.notibras.com\/site\/wp-content\/uploads\/2023\/11\/edumeio-225x300.jpg\" alt=\"\" width=\"425\" height=\"567\" srcset=\"https:\/\/www.notibras.com\/site\/wp-content\/uploads\/2023\/11\/edumeio-225x300.jpg 225w, https:\/\/www.notibras.com\/site\/wp-content\/uploads\/2023\/11\/edumeio.jpg 768w\" sizes=\"auto, (max-width: 425px) 100vw, 425px\" \/>Diante dessas massagens no ego, que t\u00eam se tornado mais frequentes, fiquei desnorteado no \u00faltimo dia 21, quando estive no Centro de Ensino Fundamental 102 Norte (CEF 102 Norte), em Bras\u00edlia. \u00c9 que o professor Leandro Mendes havia me feito um convite para mais um encontro com suas turmas. Na verdade, o segundo, pois, h\u00e1 um ano, mais precisamente no dia 9\/11\/2022, tamb\u00e9m estive por l\u00e1.<\/p>\n<p>Pois bem, l\u00e1 estava eu pr\u00f3ximo \u00e0 porta da sala, ap\u00f3s ter conversado com uma das turmas do Leandro, quando os alunos do 7\u00ba C come\u00e7am a entrar. De repente, fui surpreendido por uma linda menina com o sorriso capaz de encantar o universo e aqueles olhos cheios de vida direcionados para mim. A garota, quase lacrimejando, colocou as duas m\u00e3os no rosto, eu me aproximei e ela falou: &#8220;N\u00e3o acredito que voc\u00ea veio!&#8221;<\/p>\n<p>Logo soube que o seu nome era Ana Clara. Ali\u00e1s, preciso falar o nome inteiro da minha agora amiga: Ana Clara Rodrigues Costa. Puro encanto!!!<\/p>\n<p>Durante o bate-papo com a turma, a Ana Clara me entregou uma carta, onde diz que estava muito ansiosa para me conhecer, que amou muito todos os meus textos lidos e trabalhados em sala de aula. Mas o melhor ainda estava por vir.<\/p>\n<p>L\u00e1 estava entretido com aquelas meninas e meninos maravilhosos, quando o professor Leandro sugeriu uma atividade para aquele momento. Os alunos teriam que refazer o final de um dos meus textos. Fiquei muito curioso para ver o que aquela garotada iria aprontar.<\/p>\n<p>N\u00e3o tardou, a Ana Clara leu em voz alta o seu final para &#8220;Almerinda, a empregada dom\u00e9stica&#8221;, que, por sinal, foi o primeiro dos meus contos que foi publicado por Notibras h\u00e1 quase um ano. Na hist\u00f3ria original, Almerinda n\u00e3o tem um final feliz, pois \u00e9 v\u00edtima da explora\u00e7\u00e3o imposta por sua patroa. No entanto, eis que a minha amiga, s\u00e1bia e criativa como ela s\u00f3, me vem com um desfecho muito melhor do que o meu.<\/p>\n<p>Com o desenlace imaginado por essa menina t\u00e3o arrebatadora, o destino da Almerinda foi trabalhar de cuidadora com um sal\u00e1rio de 30 mil reais. Dessa forma, ela pode ter tempo e dinheiro de sobra para levar uma vida feliz. Tudo gra\u00e7as a essa garota t\u00e3o carism\u00e1tica, que, com aquele sorriso mais lindo no rosto, me encantou. Muito obrigado, Ana Clara!!!<\/p>\n","protected":false},"excerpt":{"rendered":"<p>Desde que resolvi me tornar escritor, percebi que essa profiss\u00e3o \u00e9, quase sempre, solit\u00e1ria, pois l\u00e1 ficamos isolados do mundo, mas com o pensamento nas coisas que acontecem nele e dentro de n\u00f3s, numa constante busca da melhor maneira de juntar palavras e expressar sentimentos. Apesar dessa solid\u00e3o, de vez em quando, tenho contato com [&hellip;]<\/p>\n","protected":false},"author":2,"featured_media":317945,"comment_status":"closed","ping_status":"closed","sticky":false,"template":"","format":"standard","meta":{"_acf_changed":false,"footnotes":""},"categories":[161],"tags":[95],"class_list":["post-317944","post","type-post","status-publish","format-standard","has-post-thumbnail","hentry","category-quadradinho-em-foco","tag-capa"],"acf":[],"yoast_head":"<!-- This site is optimized with the Yoast SEO plugin v27.2 - https:\/\/yoast.com\/product\/yoast-seo-wordpress\/ -->\n<title>Ana Clara muda final e cr\u00f4nica ganha ep\u00edlogo feliz - Notibras<\/title>\n<meta name=\"robots\" content=\"index, follow, max-snippet:-1, max-image-preview:large, max-video-preview:-1\" \/>\n<link rel=\"canonical\" href=\"https:\/\/www.notibras.com\/site\/ana-clara-muda-final-e-cronica-ganha-epilogo-feliz\/\" \/>\n<meta property=\"og:locale\" content=\"pt_BR\" \/>\n<meta property=\"og:type\" content=\"article\" \/>\n<meta property=\"og:title\" content=\"Ana Clara muda final e cr\u00f4nica ganha ep\u00edlogo feliz - Notibras\" \/>\n<meta property=\"og:description\" content=\"Desde que resolvi me tornar escritor, percebi que essa profiss\u00e3o \u00e9, quase sempre, solit\u00e1ria, pois l\u00e1 ficamos isolados do mundo, mas com o pensamento nas coisas que acontecem nele e dentro de n\u00f3s, numa constante busca da melhor maneira de juntar palavras e expressar sentimentos. Apesar dessa solid\u00e3o, de vez em quando, tenho contato com [&hellip;]\" \/>\n<meta property=\"og:url\" content=\"https:\/\/www.notibras.com\/site\/ana-clara-muda-final-e-cronica-ganha-epilogo-feliz\/\" \/>\n<meta property=\"og:site_name\" content=\"Notibras\" \/>\n<meta property=\"article:publisher\" content=\"https:\/\/www.facebook.com\/notibras\/\" \/>\n<meta property=\"article:published_time\" content=\"2023-11-28T08:30:45+00:00\" \/>\n<meta property=\"article:modified_time\" content=\"2023-11-30T10:44:44+00:00\" \/>\n<meta property=\"og:image\" content=\"https:\/\/www.notibras.com\/site\/wp-content\/uploads\/2023\/11\/47212d98-d962-4e21-876b-596816282cf6.jpeg\" \/>\n\t<meta property=\"og:image:width\" content=\"1024\" \/>\n\t<meta property=\"og:image:height\" content=\"768\" \/>\n\t<meta property=\"og:image:type\" content=\"image\/jpeg\" \/>\n<meta name=\"author\" content=\"Reda\u00e7\u00e3o\" \/>\n<meta name=\"twitter:card\" content=\"summary_large_image\" \/>\n<meta name=\"twitter:creator\" content=\"@Notibras\" \/>\n<meta name=\"twitter:site\" content=\"@Notibras\" \/>\n<meta name=\"twitter:label1\" content=\"Escrito por\" \/>\n\t<meta name=\"twitter:data1\" content=\"Reda\u00e7\u00e3o\" \/>\n\t<meta name=\"twitter:label2\" content=\"Est. tempo de leitura\" \/>\n\t<meta name=\"twitter:data2\" content=\"4 minutos\" \/>\n<script type=\"application\/ld+json\" class=\"yoast-schema-graph\">{\"@context\":\"https:\/\/schema.org\",\"@graph\":[{\"@type\":\"Article\",\"@id\":\"https:\/\/www.notibras.com\/site\/ana-clara-muda-final-e-cronica-ganha-epilogo-feliz\/#article\",\"isPartOf\":{\"@id\":\"https:\/\/www.notibras.com\/site\/ana-clara-muda-final-e-cronica-ganha-epilogo-feliz\/\"},\"author\":{\"name\":\"Reda\u00e7\u00e3o\",\"@id\":\"https:\/\/www.notibras.com\/site\/#\/schema\/person\/36ab0979449956132d3e5b517ea76ac8\"},\"headline\":\"Ana Clara muda final e cr\u00f4nica ganha ep\u00edlogo feliz\",\"datePublished\":\"2023-11-28T08:30:45+00:00\",\"dateModified\":\"2023-11-30T10:44:44+00:00\",\"mainEntityOfPage\":{\"@id\":\"https:\/\/www.notibras.com\/site\/ana-clara-muda-final-e-cronica-ganha-epilogo-feliz\/\"},\"wordCount\":535,\"publisher\":{\"@id\":\"https:\/\/www.notibras.com\/site\/#organization\"},\"image\":{\"@id\":\"https:\/\/www.notibras.com\/site\/ana-clara-muda-final-e-cronica-ganha-epilogo-feliz\/#primaryimage\"},\"thumbnailUrl\":\"https:\/\/www.notibras.com\/site\/wp-content\/uploads\/2023\/11\/47212d98-d962-4e21-876b-596816282cf6.jpeg\",\"keywords\":[\"capa\"],\"articleSection\":[\"Quadradinho em Foco\"],\"inLanguage\":\"pt-BR\"},{\"@type\":\"WebPage\",\"@id\":\"https:\/\/www.notibras.com\/site\/ana-clara-muda-final-e-cronica-ganha-epilogo-feliz\/\",\"url\":\"https:\/\/www.notibras.com\/site\/ana-clara-muda-final-e-cronica-ganha-epilogo-feliz\/\",\"name\":\"Ana Clara muda final e cr\u00f4nica ganha ep\u00edlogo feliz - Notibras\",\"isPartOf\":{\"@id\":\"https:\/\/www.notibras.com\/site\/#website\"},\"primaryImageOfPage\":{\"@id\":\"https:\/\/www.notibras.com\/site\/ana-clara-muda-final-e-cronica-ganha-epilogo-feliz\/#primaryimage\"},\"image\":{\"@id\":\"https:\/\/www.notibras.com\/site\/ana-clara-muda-final-e-cronica-ganha-epilogo-feliz\/#primaryimage\"},\"thumbnailUrl\":\"https:\/\/www.notibras.com\/site\/wp-content\/uploads\/2023\/11\/47212d98-d962-4e21-876b-596816282cf6.jpeg\",\"datePublished\":\"2023-11-28T08:30:45+00:00\",\"dateModified\":\"2023-11-30T10:44:44+00:00\",\"breadcrumb\":{\"@id\":\"https:\/\/www.notibras.com\/site\/ana-clara-muda-final-e-cronica-ganha-epilogo-feliz\/#breadcrumb\"},\"inLanguage\":\"pt-BR\",\"potentialAction\":[{\"@type\":\"ReadAction\",\"target\":[\"https:\/\/www.notibras.com\/site\/ana-clara-muda-final-e-cronica-ganha-epilogo-feliz\/\"]}]},{\"@type\":\"ImageObject\",\"inLanguage\":\"pt-BR\",\"@id\":\"https:\/\/www.notibras.com\/site\/ana-clara-muda-final-e-cronica-ganha-epilogo-feliz\/#primaryimage\",\"url\":\"https:\/\/www.notibras.com\/site\/wp-content\/uploads\/2023\/11\/47212d98-d962-4e21-876b-596816282cf6.jpeg\",\"contentUrl\":\"https:\/\/www.notibras.com\/site\/wp-content\/uploads\/2023\/11\/47212d98-d962-4e21-876b-596816282cf6.jpeg\",\"width\":1024,\"height\":768},{\"@type\":\"BreadcrumbList\",\"@id\":\"https:\/\/www.notibras.com\/site\/ana-clara-muda-final-e-cronica-ganha-epilogo-feliz\/#breadcrumb\",\"itemListElement\":[{\"@type\":\"ListItem\",\"position\":1,\"name\":\"In\u00edcio\",\"item\":\"https:\/\/www.notibras.com\/site\/\"},{\"@type\":\"ListItem\",\"position\":2,\"name\":\"Ana Clara muda final e cr\u00f4nica ganha ep\u00edlogo feliz\"}]},{\"@type\":\"WebSite\",\"@id\":\"https:\/\/www.notibras.com\/site\/#website\",\"url\":\"https:\/\/www.notibras.com\/site\/\",\"name\":\"Notibras\",\"description\":\"Not\u00edcias de Bras\u00edlia, do Brasil e do Mundo\",\"publisher\":{\"@id\":\"https:\/\/www.notibras.com\/site\/#organization\"},\"potentialAction\":[{\"@type\":\"SearchAction\",\"target\":{\"@type\":\"EntryPoint\",\"urlTemplate\":\"https:\/\/www.notibras.com\/site\/?s={search_term_string}\"},\"query-input\":{\"@type\":\"PropertyValueSpecification\",\"valueRequired\":true,\"valueName\":\"search_term_string\"}}],\"inLanguage\":\"pt-BR\"},{\"@type\":\"Organization\",\"@id\":\"https:\/\/www.notibras.com\/site\/#organization\",\"name\":\"Grupo Notibras de Comunica\u00e7\u00e3o\",\"url\":\"https:\/\/www.notibras.com\/site\/\",\"logo\":{\"@type\":\"ImageObject\",\"inLanguage\":\"pt-BR\",\"@id\":\"https:\/\/www.notibras.com\/site\/#\/schema\/logo\/image\/\",\"url\":\"https:\/\/www.notibras.com\/site\/wp-content\/uploads\/2023\/01\/notibras23.png\",\"contentUrl\":\"https:\/\/www.notibras.com\/site\/wp-content\/uploads\/2023\/01\/notibras23.png\",\"width\":350,\"height\":87,\"caption\":\"Grupo Notibras de Comunica\u00e7\u00e3o\"},\"image\":{\"@id\":\"https:\/\/www.notibras.com\/site\/#\/schema\/logo\/image\/\"},\"sameAs\":[\"https:\/\/www.facebook.com\/notibras\/\",\"https:\/\/x.com\/Notibras\",\"https:\/\/www.instagram.com\/notibras\/\"]},{\"@type\":\"Person\",\"@id\":\"https:\/\/www.notibras.com\/site\/#\/schema\/person\/36ab0979449956132d3e5b517ea76ac8\",\"name\":\"Reda\u00e7\u00e3o\",\"image\":{\"@type\":\"ImageObject\",\"inLanguage\":\"pt-BR\",\"@id\":\"https:\/\/secure.gravatar.com\/avatar\/e0a867bdedb85fd243eadf09663511f96fc81e0720a4a42581f334ad4303aa6b?s=96&d=mm&r=g\",\"url\":\"https:\/\/secure.gravatar.com\/avatar\/e0a867bdedb85fd243eadf09663511f96fc81e0720a4a42581f334ad4303aa6b?s=96&d=mm&r=g\",\"contentUrl\":\"https:\/\/secure.gravatar.com\/avatar\/e0a867bdedb85fd243eadf09663511f96fc81e0720a4a42581f334ad4303aa6b?s=96&d=mm&r=g\",\"caption\":\"Reda\u00e7\u00e3o\"}}]}<\/script>\n<!-- \/ Yoast SEO plugin. -->","yoast_head_json":{"title":"Ana Clara muda final e cr\u00f4nica ganha ep\u00edlogo feliz - Notibras","robots":{"index":"index","follow":"follow","max-snippet":"max-snippet:-1","max-image-preview":"max-image-preview:large","max-video-preview":"max-video-preview:-1"},"canonical":"https:\/\/www.notibras.com\/site\/ana-clara-muda-final-e-cronica-ganha-epilogo-feliz\/","og_locale":"pt_BR","og_type":"article","og_title":"Ana Clara muda final e cr\u00f4nica ganha ep\u00edlogo feliz - Notibras","og_description":"Desde que resolvi me tornar escritor, percebi que essa profiss\u00e3o \u00e9, quase sempre, solit\u00e1ria, pois l\u00e1 ficamos isolados do mundo, mas com o pensamento nas coisas que acontecem nele e dentro de n\u00f3s, numa constante busca da melhor maneira de juntar palavras e expressar sentimentos. Apesar dessa solid\u00e3o, de vez em quando, tenho contato com [&hellip;]","og_url":"https:\/\/www.notibras.com\/site\/ana-clara-muda-final-e-cronica-ganha-epilogo-feliz\/","og_site_name":"Notibras","article_publisher":"https:\/\/www.facebook.com\/notibras\/","article_published_time":"2023-11-28T08:30:45+00:00","article_modified_time":"2023-11-30T10:44:44+00:00","og_image":[{"width":1024,"height":768,"url":"https:\/\/www.notibras.com\/site\/wp-content\/uploads\/2023\/11\/47212d98-d962-4e21-876b-596816282cf6.jpeg","type":"image\/jpeg"}],"author":"Reda\u00e7\u00e3o","twitter_card":"summary_large_image","twitter_creator":"@Notibras","twitter_site":"@Notibras","twitter_misc":{"Escrito por":"Reda\u00e7\u00e3o","Est. tempo de leitura":"4 minutos"},"schema":{"@context":"https:\/\/schema.org","@graph":[{"@type":"Article","@id":"https:\/\/www.notibras.com\/site\/ana-clara-muda-final-e-cronica-ganha-epilogo-feliz\/#article","isPartOf":{"@id":"https:\/\/www.notibras.com\/site\/ana-clara-muda-final-e-cronica-ganha-epilogo-feliz\/"},"author":{"name":"Reda\u00e7\u00e3o","@id":"https:\/\/www.notibras.com\/site\/#\/schema\/person\/36ab0979449956132d3e5b517ea76ac8"},"headline":"Ana Clara muda final e cr\u00f4nica ganha ep\u00edlogo feliz","datePublished":"2023-11-28T08:30:45+00:00","dateModified":"2023-11-30T10:44:44+00:00","mainEntityOfPage":{"@id":"https:\/\/www.notibras.com\/site\/ana-clara-muda-final-e-cronica-ganha-epilogo-feliz\/"},"wordCount":535,"publisher":{"@id":"https:\/\/www.notibras.com\/site\/#organization"},"image":{"@id":"https:\/\/www.notibras.com\/site\/ana-clara-muda-final-e-cronica-ganha-epilogo-feliz\/#primaryimage"},"thumbnailUrl":"https:\/\/www.notibras.com\/site\/wp-content\/uploads\/2023\/11\/47212d98-d962-4e21-876b-596816282cf6.jpeg","keywords":["capa"],"articleSection":["Quadradinho em Foco"],"inLanguage":"pt-BR"},{"@type":"WebPage","@id":"https:\/\/www.notibras.com\/site\/ana-clara-muda-final-e-cronica-ganha-epilogo-feliz\/","url":"https:\/\/www.notibras.com\/site\/ana-clara-muda-final-e-cronica-ganha-epilogo-feliz\/","name":"Ana Clara muda final e cr\u00f4nica ganha ep\u00edlogo feliz - Notibras","isPartOf":{"@id":"https:\/\/www.notibras.com\/site\/#website"},"primaryImageOfPage":{"@id":"https:\/\/www.notibras.com\/site\/ana-clara-muda-final-e-cronica-ganha-epilogo-feliz\/#primaryimage"},"image":{"@id":"https:\/\/www.notibras.com\/site\/ana-clara-muda-final-e-cronica-ganha-epilogo-feliz\/#primaryimage"},"thumbnailUrl":"https:\/\/www.notibras.com\/site\/wp-content\/uploads\/2023\/11\/47212d98-d962-4e21-876b-596816282cf6.jpeg","datePublished":"2023-11-28T08:30:45+00:00","dateModified":"2023-11-30T10:44:44+00:00","breadcrumb":{"@id":"https:\/\/www.notibras.com\/site\/ana-clara-muda-final-e-cronica-ganha-epilogo-feliz\/#breadcrumb"},"inLanguage":"pt-BR","potentialAction":[{"@type":"ReadAction","target":["https:\/\/www.notibras.com\/site\/ana-clara-muda-final-e-cronica-ganha-epilogo-feliz\/"]}]},{"@type":"ImageObject","inLanguage":"pt-BR","@id":"https:\/\/www.notibras.com\/site\/ana-clara-muda-final-e-cronica-ganha-epilogo-feliz\/#primaryimage","url":"https:\/\/www.notibras.com\/site\/wp-content\/uploads\/2023\/11\/47212d98-d962-4e21-876b-596816282cf6.jpeg","contentUrl":"https:\/\/www.notibras.com\/site\/wp-content\/uploads\/2023\/11\/47212d98-d962-4e21-876b-596816282cf6.jpeg","width":1024,"height":768},{"@type":"BreadcrumbList","@id":"https:\/\/www.notibras.com\/site\/ana-clara-muda-final-e-cronica-ganha-epilogo-feliz\/#breadcrumb","itemListElement":[{"@type":"ListItem","position":1,"name":"In\u00edcio","item":"https:\/\/www.notibras.com\/site\/"},{"@type":"ListItem","position":2,"name":"Ana Clara muda final e cr\u00f4nica ganha ep\u00edlogo feliz"}]},{"@type":"WebSite","@id":"https:\/\/www.notibras.com\/site\/#website","url":"https:\/\/www.notibras.com\/site\/","name":"Notibras","description":"Not\u00edcias de Bras\u00edlia, do Brasil e do Mundo","publisher":{"@id":"https:\/\/www.notibras.com\/site\/#organization"},"potentialAction":[{"@type":"SearchAction","target":{"@type":"EntryPoint","urlTemplate":"https:\/\/www.notibras.com\/site\/?s={search_term_string}"},"query-input":{"@type":"PropertyValueSpecification","valueRequired":true,"valueName":"search_term_string"}}],"inLanguage":"pt-BR"},{"@type":"Organization","@id":"https:\/\/www.notibras.com\/site\/#organization","name":"Grupo Notibras de Comunica\u00e7\u00e3o","url":"https:\/\/www.notibras.com\/site\/","logo":{"@type":"ImageObject","inLanguage":"pt-BR","@id":"https:\/\/www.notibras.com\/site\/#\/schema\/logo\/image\/","url":"https:\/\/www.notibras.com\/site\/wp-content\/uploads\/2023\/01\/notibras23.png","contentUrl":"https:\/\/www.notibras.com\/site\/wp-content\/uploads\/2023\/01\/notibras23.png","width":350,"height":87,"caption":"Grupo Notibras de Comunica\u00e7\u00e3o"},"image":{"@id":"https:\/\/www.notibras.com\/site\/#\/schema\/logo\/image\/"},"sameAs":["https:\/\/www.facebook.com\/notibras\/","https:\/\/x.com\/Notibras","https:\/\/www.instagram.com\/notibras\/"]},{"@type":"Person","@id":"https:\/\/www.notibras.com\/site\/#\/schema\/person\/36ab0979449956132d3e5b517ea76ac8","name":"Reda\u00e7\u00e3o","image":{"@type":"ImageObject","inLanguage":"pt-BR","@id":"https:\/\/secure.gravatar.com\/avatar\/e0a867bdedb85fd243eadf09663511f96fc81e0720a4a42581f334ad4303aa6b?s=96&d=mm&r=g","url":"https:\/\/secure.gravatar.com\/avatar\/e0a867bdedb85fd243eadf09663511f96fc81e0720a4a42581f334ad4303aa6b?s=96&d=mm&r=g","contentUrl":"https:\/\/secure.gravatar.com\/avatar\/e0a867bdedb85fd243eadf09663511f96fc81e0720a4a42581f334ad4303aa6b?s=96&d=mm&r=g","caption":"Reda\u00e7\u00e3o"}}]}},"amp_enabled":true,"_links":{"self":[{"href":"https:\/\/www.notibras.com\/site\/wp-json\/wp\/v2\/posts\/317944","targetHints":{"allow":["GET"]}}],"collection":[{"href":"https:\/\/www.notibras.com\/site\/wp-json\/wp\/v2\/posts"}],"about":[{"href":"https:\/\/www.notibras.com\/site\/wp-json\/wp\/v2\/types\/post"}],"author":[{"embeddable":true,"href":"https:\/\/www.notibras.com\/site\/wp-json\/wp\/v2\/users\/2"}],"replies":[{"embeddable":true,"href":"https:\/\/www.notibras.com\/site\/wp-json\/wp\/v2\/comments?post=317944"}],"version-history":[{"count":3,"href":"https:\/\/www.notibras.com\/site\/wp-json\/wp\/v2\/posts\/317944\/revisions"}],"predecessor-version":[{"id":318092,"href":"https:\/\/www.notibras.com\/site\/wp-json\/wp\/v2\/posts\/317944\/revisions\/318092"}],"wp:featuredmedia":[{"embeddable":true,"href":"https:\/\/www.notibras.com\/site\/wp-json\/wp\/v2\/media\/317945"}],"wp:attachment":[{"href":"https:\/\/www.notibras.com\/site\/wp-json\/wp\/v2\/media?parent=317944"}],"wp:term":[{"taxonomy":"category","embeddable":true,"href":"https:\/\/www.notibras.com\/site\/wp-json\/wp\/v2\/categories?post=317944"},{"taxonomy":"post_tag","embeddable":true,"href":"https:\/\/www.notibras.com\/site\/wp-json\/wp\/v2\/tags?post=317944"}],"curies":[{"name":"wp","href":"https:\/\/api.w.org\/{rel}","templated":true}]}}