{"id":317976,"date":"2023-11-28T08:50:25","date_gmt":"2023-11-28T11:50:25","guid":{"rendered":"https:\/\/www.notibras.com\/site\/?p=317976"},"modified":"2023-11-28T09:13:18","modified_gmt":"2023-11-28T12:13:18","slug":"parede-irmao-maos-na-cabeca-a-casa-dos-estelionatarios-caiu","status":"publish","type":"post","link":"https:\/\/www.notibras.com\/site\/parede-irmao-maos-na-cabeca-a-casa-dos-estelionatarios-caiu\/","title":{"rendered":"&#8216;Parede, irm\u00e3o; m\u00e3os na cabe\u00e7a. A casa (dos estelionat\u00e1rios) caiu&#8217;"},"content":{"rendered":"<p>Uma opera\u00e7\u00e3o da Pol\u00edcia Civil, coordenada pela 5\u00aa DP, do Plano Piloto, desbaratou nesta ter\u00e7a, 28, uma quadrilha de estelionat\u00e1rios que aplicava o golpes no mercado. Na opera\u00e7\u00e3o Falso Cons\u00f3rcio, foram cumpridos 10 mandados de pris\u00e3o tempor\u00e1ria e de 6 mandados de busca e apreens\u00e3o, contra os criminosos.<\/p>\n<p>Segundo policiais que participaram da opera\u00e7\u00e3o, realizada em Taguatinga, \u00c1guas Claras, Samambaia, Recanto das Emas, \u00c1guas Lindas (Goi\u00e1s) e Goi\u00e2nia (Goi\u00e1s), o grupo criminosos utilizada empresa de fachada com o seguinte modus operandi:<\/p>\n<p>A) Cooptavam terceiros interessados em trabalhar na empresa como anunciantes de cons\u00f3rcios; eles recebiam um roteiro\/script de divulga\u00e7\u00e3o e eram instru\u00eddos a copiarem an\u00fancios de ve\u00edculos ou de im\u00f3veis publicados em sites de compra e venda (OLX, Mercado Livre, Market Place, etc) dispon\u00edveis em outros Estados da Federa\u00e7\u00e3o e os publicarem em suas contas nas redes sociais com o seu pr\u00f3prio n\u00famero de telefone, devendo convencer os interessados na compra dos bens a comparecerem no escrit\u00f3rio para obterem maiores informa\u00e7\u00f5es sobre a aquisi\u00e7\u00e3o dos bens anunciados;<\/p>\n<p>B) J\u00e1 no escrit\u00f3rio, as v\u00edtimas eram atendidas pelos anunciantes e encaminhadas para os gerentes, os quais lhes ofereciam os servi\u00e7os de leasing ou cons\u00f3rcio para a aquisi\u00e7\u00e3o dos bens anunciados; em seguida, os gerentes solicitavam os dados pessoais da v\u00edtima para cadastro e avalia\u00e7\u00e3o;<\/p>\n<p>C) Ap\u00f3s alguns dias, as v\u00edtimas recebiam a informa\u00e7\u00e3o da aprova\u00e7\u00e3o e retornavam \u00e0 empresa para efetiva\u00e7\u00e3o do contrato. Quando da assinatura, era solicitado \u00e0 v\u00edtima o pagamento de uma entrada com a promessa de receber o bem anunciado em poucos dias.<\/p>\n<p>D) Ao final do prazo, o bem n\u00e3o era entregue \u00e0s v\u00edtimas, as quais n\u00e3o conseguiam recuperar o valor pago de entrada e nem mais conseguiam contatar a empresa, o anunciante e nem mesmo o gerente respons\u00e1vel pela falsa negocia\u00e7\u00e3o.<\/p>\n<p>Na investiga\u00e7\u00e3o realizada pela 5\u00aa DP est\u00e3o sendo apurados nove crimes de estelionato praticados pelo grupo no per\u00edodo compreendido entre julho do ano passado e maio de 2023. O preju\u00edzo total causado \u00e0s nove v\u00edtimas foi de R$ 59.840,00.<\/p>\n<p>Nos sistemas policiais constam outros 71 registros de ocorr\u00eancias policiais envolvendo as empresas investigadas. Segundo a pol\u00edcia, as empresas s\u00e3o OTIMIZA CONS\u00d3RCIOS LTDA, OTIMIZA PAGAMENTOS E SERVI\u00c7OS LTDA e ECONOMIZE ADMINISTRADORA DE CONS\u00d3RCIOS LTDA.<\/p>\n<p>Os autores est\u00e3o sendo investigados pelos crimes de estelionato e associa\u00e7\u00e3o criminosa. A pena por cada crime de estelionato \u00e9 de 1 a 5 anos de pris\u00e3o e a pena do crime de associa\u00e7\u00e3o criminosa \u00e9 de 1 a 3 anos de pris\u00e3o.<\/p>\n<p>A pris\u00e3o dos bandidos \u00e9 por um prazo de cinco dias, podendo ser prorrogada por igual per\u00edodo e, em caso de necessidade, ser convertida em pris\u00e3o preventiva.<\/p>\n<p><strong>Veja o flagrante das pris\u00f5es<\/strong><\/p>\n<div style=\"width: 640px;\" class=\"wp-video\"><video class=\"wp-video-shortcode\" id=\"video-317976-1\" width=\"640\" height=\"360\" preload=\"metadata\" controls=\"controls\"><source type=\"video\/mp4\" src=\"https:\/\/www.notibras.com.br\/Estelionat%C3%A1rios%20presos%20pela%20PCDF.mp4?_=1\" \/><a href=\"https:\/\/www.notibras.com.br\/Estelionat%C3%A1rios%20presos%20pela%20PCDF.mp4\">https:\/\/www.notibras.com.br\/Estelionat%C3%A1rios%20presos%20pela%20PCDF.mp4<\/a><\/video><\/div>\n","protected":false},"excerpt":{"rendered":"<p>Uma opera\u00e7\u00e3o da Pol\u00edcia Civil, coordenada pela 5\u00aa DP, do Plano Piloto, desbaratou nesta ter\u00e7a, 28, uma quadrilha de estelionat\u00e1rios que aplicava o golpes no mercado. Na opera\u00e7\u00e3o Falso Cons\u00f3rcio, foram cumpridos 10 mandados de pris\u00e3o tempor\u00e1ria e de 6 mandados de busca e apreens\u00e3o, contra os criminosos. Segundo policiais que participaram da opera\u00e7\u00e3o, realizada [&hellip;]<\/p>\n","protected":false},"author":2,"featured_media":317979,"comment_status":"closed","ping_status":"closed","sticky":false,"template":"","format":"standard","meta":{"_acf_changed":false,"footnotes":""},"categories":[161],"tags":[95],"class_list":["post-317976","post","type-post","status-publish","format-standard","has-post-thumbnail","hentry","category-quadradinho-em-foco","tag-capa"],"acf":[],"yoast_head":"<!-- This site is optimized with the Yoast SEO plugin v27.2 - https:\/\/yoast.com\/product\/yoast-seo-wordpress\/ -->\n<title>&#039;Parede, irm\u00e3o; m\u00e3os na cabe\u00e7a. A casa (dos estelionat\u00e1rios) caiu&#039; - Notibras<\/title>\n<meta name=\"robots\" content=\"index, follow, max-snippet:-1, max-image-preview:large, max-video-preview:-1\" \/>\n<link rel=\"canonical\" href=\"https:\/\/www.notibras.com\/site\/parede-irmao-maos-na-cabeca-a-casa-dos-estelionatarios-caiu\/\" \/>\n<meta property=\"og:locale\" content=\"pt_BR\" \/>\n<meta property=\"og:type\" content=\"article\" \/>\n<meta property=\"og:title\" content=\"&#039;Parede, irm\u00e3o; m\u00e3os na cabe\u00e7a. A casa (dos estelionat\u00e1rios) caiu&#039; - Notibras\" \/>\n<meta property=\"og:description\" content=\"Uma opera\u00e7\u00e3o da Pol\u00edcia Civil, coordenada pela 5\u00aa DP, do Plano Piloto, desbaratou nesta ter\u00e7a, 28, uma quadrilha de estelionat\u00e1rios que aplicava o golpes no mercado. Na opera\u00e7\u00e3o Falso Cons\u00f3rcio, foram cumpridos 10 mandados de pris\u00e3o tempor\u00e1ria e de 6 mandados de busca e apreens\u00e3o, contra os criminosos. Segundo policiais que participaram da opera\u00e7\u00e3o, realizada [&hellip;]\" \/>\n<meta property=\"og:url\" content=\"https:\/\/www.notibras.com\/site\/parede-irmao-maos-na-cabeca-a-casa-dos-estelionatarios-caiu\/\" \/>\n<meta property=\"og:site_name\" content=\"Notibras\" \/>\n<meta property=\"article:publisher\" content=\"https:\/\/www.facebook.com\/notibras\/\" \/>\n<meta property=\"article:published_time\" content=\"2023-11-28T11:50:25+00:00\" \/>\n<meta property=\"article:modified_time\" content=\"2023-11-28T12:13:18+00:00\" \/>\n<meta property=\"og:image\" content=\"https:\/\/www.notibras.com\/site\/wp-content\/uploads\/2023\/11\/paredeirmao.jpg\" \/>\n\t<meta property=\"og:image:width\" content=\"1200\" \/>\n\t<meta property=\"og:image:height\" content=\"1600\" \/>\n\t<meta property=\"og:image:type\" content=\"image\/jpeg\" \/>\n<meta name=\"author\" content=\"Reda\u00e7\u00e3o\" \/>\n<meta name=\"twitter:card\" content=\"summary_large_image\" \/>\n<meta name=\"twitter:creator\" content=\"@Notibras\" \/>\n<meta name=\"twitter:site\" content=\"@Notibras\" \/>\n<meta name=\"twitter:label1\" content=\"Escrito por\" \/>\n\t<meta name=\"twitter:data1\" content=\"Reda\u00e7\u00e3o\" \/>\n\t<meta name=\"twitter:label2\" content=\"Est. tempo de leitura\" \/>\n\t<meta name=\"twitter:data2\" content=\"3 minutos\" \/>\n<script type=\"application\/ld+json\" class=\"yoast-schema-graph\">{\"@context\":\"https:\/\/schema.org\",\"@graph\":[{\"@type\":\"Article\",\"@id\":\"https:\/\/www.notibras.com\/site\/parede-irmao-maos-na-cabeca-a-casa-dos-estelionatarios-caiu\/#article\",\"isPartOf\":{\"@id\":\"https:\/\/www.notibras.com\/site\/parede-irmao-maos-na-cabeca-a-casa-dos-estelionatarios-caiu\/\"},\"author\":{\"name\":\"Reda\u00e7\u00e3o\",\"@id\":\"https:\/\/www.notibras.com\/site\/#\/schema\/person\/36ab0979449956132d3e5b517ea76ac8\"},\"headline\":\"&#8216;Parede, irm\u00e3o; m\u00e3os na cabe\u00e7a. A casa (dos estelionat\u00e1rios) caiu&#8217;\",\"datePublished\":\"2023-11-28T11:50:25+00:00\",\"dateModified\":\"2023-11-28T12:13:18+00:00\",\"mainEntityOfPage\":{\"@id\":\"https:\/\/www.notibras.com\/site\/parede-irmao-maos-na-cabeca-a-casa-dos-estelionatarios-caiu\/\"},\"wordCount\":517,\"publisher\":{\"@id\":\"https:\/\/www.notibras.com\/site\/#organization\"},\"image\":{\"@id\":\"https:\/\/www.notibras.com\/site\/parede-irmao-maos-na-cabeca-a-casa-dos-estelionatarios-caiu\/#primaryimage\"},\"thumbnailUrl\":\"https:\/\/www.notibras.com\/site\/wp-content\/uploads\/2023\/11\/paredeirmao.jpg\",\"keywords\":[\"capa\"],\"articleSection\":[\"Quadradinho em Foco\"],\"inLanguage\":\"pt-BR\"},{\"@type\":\"WebPage\",\"@id\":\"https:\/\/www.notibras.com\/site\/parede-irmao-maos-na-cabeca-a-casa-dos-estelionatarios-caiu\/\",\"url\":\"https:\/\/www.notibras.com\/site\/parede-irmao-maos-na-cabeca-a-casa-dos-estelionatarios-caiu\/\",\"name\":\"'Parede, irm\u00e3o; m\u00e3os na cabe\u00e7a. A casa (dos estelionat\u00e1rios) caiu' - Notibras\",\"isPartOf\":{\"@id\":\"https:\/\/www.notibras.com\/site\/#website\"},\"primaryImageOfPage\":{\"@id\":\"https:\/\/www.notibras.com\/site\/parede-irmao-maos-na-cabeca-a-casa-dos-estelionatarios-caiu\/#primaryimage\"},\"image\":{\"@id\":\"https:\/\/www.notibras.com\/site\/parede-irmao-maos-na-cabeca-a-casa-dos-estelionatarios-caiu\/#primaryimage\"},\"thumbnailUrl\":\"https:\/\/www.notibras.com\/site\/wp-content\/uploads\/2023\/11\/paredeirmao.jpg\",\"datePublished\":\"2023-11-28T11:50:25+00:00\",\"dateModified\":\"2023-11-28T12:13:18+00:00\",\"breadcrumb\":{\"@id\":\"https:\/\/www.notibras.com\/site\/parede-irmao-maos-na-cabeca-a-casa-dos-estelionatarios-caiu\/#breadcrumb\"},\"inLanguage\":\"pt-BR\",\"potentialAction\":[{\"@type\":\"ReadAction\",\"target\":[\"https:\/\/www.notibras.com\/site\/parede-irmao-maos-na-cabeca-a-casa-dos-estelionatarios-caiu\/\"]}]},{\"@type\":\"ImageObject\",\"inLanguage\":\"pt-BR\",\"@id\":\"https:\/\/www.notibras.com\/site\/parede-irmao-maos-na-cabeca-a-casa-dos-estelionatarios-caiu\/#primaryimage\",\"url\":\"https:\/\/www.notibras.com\/site\/wp-content\/uploads\/2023\/11\/paredeirmao.jpg\",\"contentUrl\":\"https:\/\/www.notibras.com\/site\/wp-content\/uploads\/2023\/11\/paredeirmao.jpg\",\"width\":1200,\"height\":1600},{\"@type\":\"BreadcrumbList\",\"@id\":\"https:\/\/www.notibras.com\/site\/parede-irmao-maos-na-cabeca-a-casa-dos-estelionatarios-caiu\/#breadcrumb\",\"itemListElement\":[{\"@type\":\"ListItem\",\"position\":1,\"name\":\"In\u00edcio\",\"item\":\"https:\/\/www.notibras.com\/site\/\"},{\"@type\":\"ListItem\",\"position\":2,\"name\":\"&#8216;Parede, irm\u00e3o; m\u00e3os na cabe\u00e7a. A casa (dos estelionat\u00e1rios) caiu&#8217;\"}]},{\"@type\":\"WebSite\",\"@id\":\"https:\/\/www.notibras.com\/site\/#website\",\"url\":\"https:\/\/www.notibras.com\/site\/\",\"name\":\"Notibras\",\"description\":\"Not\u00edcias de Bras\u00edlia, do Brasil e do Mundo\",\"publisher\":{\"@id\":\"https:\/\/www.notibras.com\/site\/#organization\"},\"potentialAction\":[{\"@type\":\"SearchAction\",\"target\":{\"@type\":\"EntryPoint\",\"urlTemplate\":\"https:\/\/www.notibras.com\/site\/?s={search_term_string}\"},\"query-input\":{\"@type\":\"PropertyValueSpecification\",\"valueRequired\":true,\"valueName\":\"search_term_string\"}}],\"inLanguage\":\"pt-BR\"},{\"@type\":\"Organization\",\"@id\":\"https:\/\/www.notibras.com\/site\/#organization\",\"name\":\"Grupo Notibras de Comunica\u00e7\u00e3o\",\"url\":\"https:\/\/www.notibras.com\/site\/\",\"logo\":{\"@type\":\"ImageObject\",\"inLanguage\":\"pt-BR\",\"@id\":\"https:\/\/www.notibras.com\/site\/#\/schema\/logo\/image\/\",\"url\":\"https:\/\/www.notibras.com\/site\/wp-content\/uploads\/2023\/01\/notibras23.png\",\"contentUrl\":\"https:\/\/www.notibras.com\/site\/wp-content\/uploads\/2023\/01\/notibras23.png\",\"width\":350,\"height\":87,\"caption\":\"Grupo Notibras de Comunica\u00e7\u00e3o\"},\"image\":{\"@id\":\"https:\/\/www.notibras.com\/site\/#\/schema\/logo\/image\/\"},\"sameAs\":[\"https:\/\/www.facebook.com\/notibras\/\",\"https:\/\/x.com\/Notibras\",\"https:\/\/www.instagram.com\/notibras\/\"]},{\"@type\":\"Person\",\"@id\":\"https:\/\/www.notibras.com\/site\/#\/schema\/person\/36ab0979449956132d3e5b517ea76ac8\",\"name\":\"Reda\u00e7\u00e3o\",\"image\":{\"@type\":\"ImageObject\",\"inLanguage\":\"pt-BR\",\"@id\":\"https:\/\/secure.gravatar.com\/avatar\/e0a867bdedb85fd243eadf09663511f96fc81e0720a4a42581f334ad4303aa6b?s=96&d=mm&r=g\",\"url\":\"https:\/\/secure.gravatar.com\/avatar\/e0a867bdedb85fd243eadf09663511f96fc81e0720a4a42581f334ad4303aa6b?s=96&d=mm&r=g\",\"contentUrl\":\"https:\/\/secure.gravatar.com\/avatar\/e0a867bdedb85fd243eadf09663511f96fc81e0720a4a42581f334ad4303aa6b?s=96&d=mm&r=g\",\"caption\":\"Reda\u00e7\u00e3o\"}}]}<\/script>\n<!-- \/ Yoast SEO plugin. -->","yoast_head_json":{"title":"'Parede, irm\u00e3o; m\u00e3os na cabe\u00e7a. A casa (dos estelionat\u00e1rios) caiu' - Notibras","robots":{"index":"index","follow":"follow","max-snippet":"max-snippet:-1","max-image-preview":"max-image-preview:large","max-video-preview":"max-video-preview:-1"},"canonical":"https:\/\/www.notibras.com\/site\/parede-irmao-maos-na-cabeca-a-casa-dos-estelionatarios-caiu\/","og_locale":"pt_BR","og_type":"article","og_title":"'Parede, irm\u00e3o; m\u00e3os na cabe\u00e7a. A casa (dos estelionat\u00e1rios) caiu' - Notibras","og_description":"Uma opera\u00e7\u00e3o da Pol\u00edcia Civil, coordenada pela 5\u00aa DP, do Plano Piloto, desbaratou nesta ter\u00e7a, 28, uma quadrilha de estelionat\u00e1rios que aplicava o golpes no mercado. Na opera\u00e7\u00e3o Falso Cons\u00f3rcio, foram cumpridos 10 mandados de pris\u00e3o tempor\u00e1ria e de 6 mandados de busca e apreens\u00e3o, contra os criminosos. Segundo policiais que participaram da opera\u00e7\u00e3o, realizada [&hellip;]","og_url":"https:\/\/www.notibras.com\/site\/parede-irmao-maos-na-cabeca-a-casa-dos-estelionatarios-caiu\/","og_site_name":"Notibras","article_publisher":"https:\/\/www.facebook.com\/notibras\/","article_published_time":"2023-11-28T11:50:25+00:00","article_modified_time":"2023-11-28T12:13:18+00:00","og_image":[{"width":1200,"height":1600,"url":"https:\/\/www.notibras.com\/site\/wp-content\/uploads\/2023\/11\/paredeirmao.jpg","type":"image\/jpeg"}],"author":"Reda\u00e7\u00e3o","twitter_card":"summary_large_image","twitter_creator":"@Notibras","twitter_site":"@Notibras","twitter_misc":{"Escrito por":"Reda\u00e7\u00e3o","Est. tempo de leitura":"3 minutos"},"schema":{"@context":"https:\/\/schema.org","@graph":[{"@type":"Article","@id":"https:\/\/www.notibras.com\/site\/parede-irmao-maos-na-cabeca-a-casa-dos-estelionatarios-caiu\/#article","isPartOf":{"@id":"https:\/\/www.notibras.com\/site\/parede-irmao-maos-na-cabeca-a-casa-dos-estelionatarios-caiu\/"},"author":{"name":"Reda\u00e7\u00e3o","@id":"https:\/\/www.notibras.com\/site\/#\/schema\/person\/36ab0979449956132d3e5b517ea76ac8"},"headline":"&#8216;Parede, irm\u00e3o; m\u00e3os na cabe\u00e7a. A casa (dos estelionat\u00e1rios) caiu&#8217;","datePublished":"2023-11-28T11:50:25+00:00","dateModified":"2023-11-28T12:13:18+00:00","mainEntityOfPage":{"@id":"https:\/\/www.notibras.com\/site\/parede-irmao-maos-na-cabeca-a-casa-dos-estelionatarios-caiu\/"},"wordCount":517,"publisher":{"@id":"https:\/\/www.notibras.com\/site\/#organization"},"image":{"@id":"https:\/\/www.notibras.com\/site\/parede-irmao-maos-na-cabeca-a-casa-dos-estelionatarios-caiu\/#primaryimage"},"thumbnailUrl":"https:\/\/www.notibras.com\/site\/wp-content\/uploads\/2023\/11\/paredeirmao.jpg","keywords":["capa"],"articleSection":["Quadradinho em Foco"],"inLanguage":"pt-BR"},{"@type":"WebPage","@id":"https:\/\/www.notibras.com\/site\/parede-irmao-maos-na-cabeca-a-casa-dos-estelionatarios-caiu\/","url":"https:\/\/www.notibras.com\/site\/parede-irmao-maos-na-cabeca-a-casa-dos-estelionatarios-caiu\/","name":"'Parede, irm\u00e3o; m\u00e3os na cabe\u00e7a. A casa (dos estelionat\u00e1rios) caiu' - Notibras","isPartOf":{"@id":"https:\/\/www.notibras.com\/site\/#website"},"primaryImageOfPage":{"@id":"https:\/\/www.notibras.com\/site\/parede-irmao-maos-na-cabeca-a-casa-dos-estelionatarios-caiu\/#primaryimage"},"image":{"@id":"https:\/\/www.notibras.com\/site\/parede-irmao-maos-na-cabeca-a-casa-dos-estelionatarios-caiu\/#primaryimage"},"thumbnailUrl":"https:\/\/www.notibras.com\/site\/wp-content\/uploads\/2023\/11\/paredeirmao.jpg","datePublished":"2023-11-28T11:50:25+00:00","dateModified":"2023-11-28T12:13:18+00:00","breadcrumb":{"@id":"https:\/\/www.notibras.com\/site\/parede-irmao-maos-na-cabeca-a-casa-dos-estelionatarios-caiu\/#breadcrumb"},"inLanguage":"pt-BR","potentialAction":[{"@type":"ReadAction","target":["https:\/\/www.notibras.com\/site\/parede-irmao-maos-na-cabeca-a-casa-dos-estelionatarios-caiu\/"]}]},{"@type":"ImageObject","inLanguage":"pt-BR","@id":"https:\/\/www.notibras.com\/site\/parede-irmao-maos-na-cabeca-a-casa-dos-estelionatarios-caiu\/#primaryimage","url":"https:\/\/www.notibras.com\/site\/wp-content\/uploads\/2023\/11\/paredeirmao.jpg","contentUrl":"https:\/\/www.notibras.com\/site\/wp-content\/uploads\/2023\/11\/paredeirmao.jpg","width":1200,"height":1600},{"@type":"BreadcrumbList","@id":"https:\/\/www.notibras.com\/site\/parede-irmao-maos-na-cabeca-a-casa-dos-estelionatarios-caiu\/#breadcrumb","itemListElement":[{"@type":"ListItem","position":1,"name":"In\u00edcio","item":"https:\/\/www.notibras.com\/site\/"},{"@type":"ListItem","position":2,"name":"&#8216;Parede, irm\u00e3o; m\u00e3os na cabe\u00e7a. A casa (dos estelionat\u00e1rios) caiu&#8217;"}]},{"@type":"WebSite","@id":"https:\/\/www.notibras.com\/site\/#website","url":"https:\/\/www.notibras.com\/site\/","name":"Notibras","description":"Not\u00edcias de Bras\u00edlia, do Brasil e do Mundo","publisher":{"@id":"https:\/\/www.notibras.com\/site\/#organization"},"potentialAction":[{"@type":"SearchAction","target":{"@type":"EntryPoint","urlTemplate":"https:\/\/www.notibras.com\/site\/?s={search_term_string}"},"query-input":{"@type":"PropertyValueSpecification","valueRequired":true,"valueName":"search_term_string"}}],"inLanguage":"pt-BR"},{"@type":"Organization","@id":"https:\/\/www.notibras.com\/site\/#organization","name":"Grupo Notibras de Comunica\u00e7\u00e3o","url":"https:\/\/www.notibras.com\/site\/","logo":{"@type":"ImageObject","inLanguage":"pt-BR","@id":"https:\/\/www.notibras.com\/site\/#\/schema\/logo\/image\/","url":"https:\/\/www.notibras.com\/site\/wp-content\/uploads\/2023\/01\/notibras23.png","contentUrl":"https:\/\/www.notibras.com\/site\/wp-content\/uploads\/2023\/01\/notibras23.png","width":350,"height":87,"caption":"Grupo Notibras de Comunica\u00e7\u00e3o"},"image":{"@id":"https:\/\/www.notibras.com\/site\/#\/schema\/logo\/image\/"},"sameAs":["https:\/\/www.facebook.com\/notibras\/","https:\/\/x.com\/Notibras","https:\/\/www.instagram.com\/notibras\/"]},{"@type":"Person","@id":"https:\/\/www.notibras.com\/site\/#\/schema\/person\/36ab0979449956132d3e5b517ea76ac8","name":"Reda\u00e7\u00e3o","image":{"@type":"ImageObject","inLanguage":"pt-BR","@id":"https:\/\/secure.gravatar.com\/avatar\/e0a867bdedb85fd243eadf09663511f96fc81e0720a4a42581f334ad4303aa6b?s=96&d=mm&r=g","url":"https:\/\/secure.gravatar.com\/avatar\/e0a867bdedb85fd243eadf09663511f96fc81e0720a4a42581f334ad4303aa6b?s=96&d=mm&r=g","contentUrl":"https:\/\/secure.gravatar.com\/avatar\/e0a867bdedb85fd243eadf09663511f96fc81e0720a4a42581f334ad4303aa6b?s=96&d=mm&r=g","caption":"Reda\u00e7\u00e3o"}}]}},"amp_enabled":true,"_links":{"self":[{"href":"https:\/\/www.notibras.com\/site\/wp-json\/wp\/v2\/posts\/317976","targetHints":{"allow":["GET"]}}],"collection":[{"href":"https:\/\/www.notibras.com\/site\/wp-json\/wp\/v2\/posts"}],"about":[{"href":"https:\/\/www.notibras.com\/site\/wp-json\/wp\/v2\/types\/post"}],"author":[{"embeddable":true,"href":"https:\/\/www.notibras.com\/site\/wp-json\/wp\/v2\/users\/2"}],"replies":[{"embeddable":true,"href":"https:\/\/www.notibras.com\/site\/wp-json\/wp\/v2\/comments?post=317976"}],"version-history":[{"count":2,"href":"https:\/\/www.notibras.com\/site\/wp-json\/wp\/v2\/posts\/317976\/revisions"}],"predecessor-version":[{"id":317980,"href":"https:\/\/www.notibras.com\/site\/wp-json\/wp\/v2\/posts\/317976\/revisions\/317980"}],"wp:featuredmedia":[{"embeddable":true,"href":"https:\/\/www.notibras.com\/site\/wp-json\/wp\/v2\/media\/317979"}],"wp:attachment":[{"href":"https:\/\/www.notibras.com\/site\/wp-json\/wp\/v2\/media?parent=317976"}],"wp:term":[{"taxonomy":"category","embeddable":true,"href":"https:\/\/www.notibras.com\/site\/wp-json\/wp\/v2\/categories?post=317976"},{"taxonomy":"post_tag","embeddable":true,"href":"https:\/\/www.notibras.com\/site\/wp-json\/wp\/v2\/tags?post=317976"}],"curies":[{"name":"wp","href":"https:\/\/api.w.org\/{rel}","templated":true}]}}