{"id":318016,"date":"2023-11-29T00:01:51","date_gmt":"2023-11-29T03:01:51","guid":{"rendered":"https:\/\/www.notibras.com\/site\/?p=318016"},"modified":"2023-11-29T07:11:35","modified_gmt":"2023-11-29T10:11:35","slug":"governo-avanca-com-acoes-para-preservar-cerrado","status":"publish","type":"post","link":"https:\/\/www.notibras.com\/site\/governo-avanca-com-acoes-para-preservar-cerrado\/","title":{"rendered":"Governo avan\u00e7a com a\u00e7\u00f5es para preservar Cerrado"},"content":{"rendered":"<p>O governo federal anunciou nesta ter\u00e7a-feira (28) a implementa\u00e7\u00e3o de um novo conjunto de medidas intersetoriais para tentar conter a destrui\u00e7\u00e3o de parte da vegeta\u00e7\u00e3o do Cerrado. O lan\u00e7amento da quarta fase do Plano de A\u00e7\u00e3o para Preven\u00e7\u00e3o e Controle do Desmatamento no bioma (PPCerrado) coincidiu com a divulga\u00e7\u00e3o dos mais recentes dados da degrada\u00e7\u00e3o ambiental do bioma.<\/p>\n<p>O Instituto Nacional de Pesquisas Espaciais (Inpe) informou hoje que o Cerrado perdeu 11.011 quil\u00f4metros quadrados (km\u00b2) de vegeta\u00e7\u00e3o nativa entre agosto de 2022 e julho de 2023. A \u00e1rea suprimida \u00e9 3% superior \u00e0 registrada entre os mesmos meses de 2021\/2022, quando uma \u00e1rea de 10.688 km\u00b2 de flora original do bioma foi destru\u00edda.<\/p>\n<p>A \u00e1rea desmatada vem aumentando ininterruptamente desde 2019, ano em que o governo do ent\u00e3o presidente da Rep\u00fablica Jair Bolsonaro revogou os decretos presidenciais de 2003 e de 2010 que institu\u00edam, respectivamente, a comiss\u00e3o executiva do PPCerrado e o plano propriamente dito. A comiss\u00e3o foi restabelecida j\u00e1 no primeiro dia da atual gest\u00e3o federal, por meio de decreto assinado pelo presidente Luiz In\u00e1cio Lula da Silva.<\/p>\n<p>A nova fase do PPCerrado, a quarta desde sua cria\u00e7\u00e3o e a primeira desde 2019, ser\u00e1 implementada entre os anos de 2023 e 2027, com o objetivo de unir os esfor\u00e7os de diversos \u00f3rg\u00e3os p\u00fablicos federais que, no Cerrado, atuar\u00e3o sob a coordena\u00e7\u00e3o do Minist\u00e9rio do Meio Ambiente e Mudan\u00e7a do Clima a fim de alcan\u00e7ar o desmatamento zero at\u00e9 2030.<\/p>\n<p>Ao participar da divulga\u00e7\u00e3o das informa\u00e7\u00f5es relativas \u00e0 supress\u00e3o da vegeta\u00e7\u00e3o do Cerrado e da apresenta\u00e7\u00e3o do novo PPCerrrado, a ministra Marina Silva comentou que o plano foi elaborado \u201ca muitas m\u00e3os\u201d e \u00e9 \u201caltamente relevante para o enfrentamento dos problemas no bioma\u201d.<\/p>\n<p>Coordenador do Programa de Monitoramento da Amaz\u00f4nia e Demais Biomas Brasileiros do Inpe, Cl\u00e1udio Almeida destacou que o PPCerrado estabelece metas, indicadores e prazos que foram submetidos a consulta p\u00fablica, durante a qual foram colhidas contribui\u00e7\u00f5es da sociedade civil.<\/p>\n<p>\u201cO plano n\u00e3o \u00e9 apenas uma descri\u00e7\u00e3o do problema. Ele cont\u00e9m os eixos, os objetivos estrat\u00e9gicos e as a\u00e7\u00f5es\u201d, mencionou Almeida, ao elencar as principais causas do atual desmatamento no bioma: a expans\u00e3o agr\u00edcola, a especula\u00e7\u00e3o fundi\u00e1ria e a gest\u00e3o h\u00eddrica ineficaz; o manejo inadequado do fogo; a dificuldade de monitorar a legalidade do desmatamento vinculado \u00e0s cadeias produtivas e o baixo n\u00edvel de reconhecimento dos territ\u00f3rios coletivos e unidades de conserva\u00e7\u00e3o.<\/p>\n<p>O Cerrado abrange 13 unidades federativas brasileiras, ocupando cerca de 23% do territ\u00f3rio nacional. \u00c9 o segundo maior bioma da Am\u00e9rica do Sul e do Brasil, ficando atr\u00e1s apenas da Amaz\u00f4nia. Nele, formam-se importantes afluentes das maiores bacias hidrogr\u00e1ficas do continente: Amaz\u00f4nica; Tocantins-Araguaia; Nordeste Ocidental (ou Meio-Norte); Parna\u00edba; S\u00e3o Francisco; Paran\u00e1; Paraguai (Pantanal) e parte da bacia do Atl\u00e2ntico Leste.<\/p>\n<p>A perda da vegeta\u00e7\u00e3o nativa no Cerrado representou mais de 40% de todo o desmatamento no pa\u00eds entre 2019 e 2022. Entre 2003 e 2022, perderam-se 12% da vegeta\u00e7\u00e3o nativa do bioma (24 milh\u00f5es de hectares), uma \u00e1rea equivalente \u00e0 do estado de S\u00e3o Paulo. Em 2020, o bioma possu\u00eda 49% da vegeta\u00e7\u00e3o nativa original, com 29% e 14% ocupados, respectivamente, por \u00e1reas de pastagem e culturas agr\u00edcolas (incluindo florestas plantadas).<\/p>\n","protected":false},"excerpt":{"rendered":"<p>O governo federal anunciou nesta ter\u00e7a-feira (28) a implementa\u00e7\u00e3o de um novo conjunto de medidas intersetoriais para tentar conter a destrui\u00e7\u00e3o de parte da vegeta\u00e7\u00e3o do Cerrado. O lan\u00e7amento da quarta fase do Plano de A\u00e7\u00e3o para Preven\u00e7\u00e3o e Controle do Desmatamento no bioma (PPCerrado) coincidiu com a divulga\u00e7\u00e3o dos mais recentes dados da degrada\u00e7\u00e3o [&hellip;]<\/p>\n","protected":false},"author":2,"featured_media":318017,"comment_status":"closed","ping_status":"closed","sticky":false,"template":"","format":"standard","meta":{"_acf_changed":false,"footnotes":""},"categories":[161],"tags":[95],"class_list":["post-318016","post","type-post","status-publish","format-standard","has-post-thumbnail","hentry","category-quadradinho-em-foco","tag-capa"],"acf":[],"yoast_head":"<!-- This site is optimized with the Yoast SEO plugin v27.2 - https:\/\/yoast.com\/product\/yoast-seo-wordpress\/ -->\n<title>Governo avan\u00e7a com a\u00e7\u00f5es para preservar Cerrado - Notibras<\/title>\n<meta name=\"robots\" content=\"index, follow, max-snippet:-1, max-image-preview:large, max-video-preview:-1\" \/>\n<link rel=\"canonical\" href=\"https:\/\/www.notibras.com\/site\/governo-avanca-com-acoes-para-preservar-cerrado\/\" \/>\n<meta property=\"og:locale\" content=\"pt_BR\" \/>\n<meta property=\"og:type\" content=\"article\" \/>\n<meta property=\"og:title\" content=\"Governo avan\u00e7a com a\u00e7\u00f5es para preservar Cerrado - Notibras\" \/>\n<meta property=\"og:description\" content=\"O governo federal anunciou nesta ter\u00e7a-feira (28) a implementa\u00e7\u00e3o de um novo conjunto de medidas intersetoriais para tentar conter a destrui\u00e7\u00e3o de parte da vegeta\u00e7\u00e3o do Cerrado. O lan\u00e7amento da quarta fase do Plano de A\u00e7\u00e3o para Preven\u00e7\u00e3o e Controle do Desmatamento no bioma (PPCerrado) coincidiu com a divulga\u00e7\u00e3o dos mais recentes dados da degrada\u00e7\u00e3o [&hellip;]\" \/>\n<meta property=\"og:url\" content=\"https:\/\/www.notibras.com\/site\/governo-avanca-com-acoes-para-preservar-cerrado\/\" \/>\n<meta property=\"og:site_name\" content=\"Notibras\" \/>\n<meta property=\"article:publisher\" content=\"https:\/\/www.facebook.com\/notibras\/\" \/>\n<meta property=\"article:published_time\" content=\"2023-11-29T03:01:51+00:00\" \/>\n<meta property=\"article:modified_time\" content=\"2023-11-29T10:11:35+00:00\" \/>\n<meta property=\"og:image\" content=\"https:\/\/www.notibras.com\/site\/wp-content\/uploads\/2023\/11\/cerra.webp\" \/>\n\t<meta property=\"og:image:width\" content=\"1170\" \/>\n\t<meta property=\"og:image:height\" content=\"700\" \/>\n\t<meta property=\"og:image:type\" content=\"image\/webp\" \/>\n<meta name=\"author\" content=\"Reda\u00e7\u00e3o\" \/>\n<meta name=\"twitter:card\" content=\"summary_large_image\" \/>\n<meta name=\"twitter:creator\" content=\"@Notibras\" \/>\n<meta name=\"twitter:site\" content=\"@Notibras\" \/>\n<meta name=\"twitter:label1\" content=\"Escrito por\" \/>\n\t<meta name=\"twitter:data1\" content=\"Reda\u00e7\u00e3o\" \/>\n\t<meta name=\"twitter:label2\" content=\"Est. tempo de leitura\" \/>\n\t<meta name=\"twitter:data2\" content=\"3 minutos\" \/>\n<script type=\"application\/ld+json\" class=\"yoast-schema-graph\">{\"@context\":\"https:\/\/schema.org\",\"@graph\":[{\"@type\":\"Article\",\"@id\":\"https:\/\/www.notibras.com\/site\/governo-avanca-com-acoes-para-preservar-cerrado\/#article\",\"isPartOf\":{\"@id\":\"https:\/\/www.notibras.com\/site\/governo-avanca-com-acoes-para-preservar-cerrado\/\"},\"author\":{\"name\":\"Reda\u00e7\u00e3o\",\"@id\":\"https:\/\/www.notibras.com\/site\/#\/schema\/person\/36ab0979449956132d3e5b517ea76ac8\"},\"headline\":\"Governo avan\u00e7a com a\u00e7\u00f5es para preservar Cerrado\",\"datePublished\":\"2023-11-29T03:01:51+00:00\",\"dateModified\":\"2023-11-29T10:11:35+00:00\",\"mainEntityOfPage\":{\"@id\":\"https:\/\/www.notibras.com\/site\/governo-avanca-com-acoes-para-preservar-cerrado\/\"},\"wordCount\":569,\"publisher\":{\"@id\":\"https:\/\/www.notibras.com\/site\/#organization\"},\"image\":{\"@id\":\"https:\/\/www.notibras.com\/site\/governo-avanca-com-acoes-para-preservar-cerrado\/#primaryimage\"},\"thumbnailUrl\":\"https:\/\/www.notibras.com\/site\/wp-content\/uploads\/2023\/11\/cerra.webp\",\"keywords\":[\"capa\"],\"articleSection\":[\"Quadradinho em Foco\"],\"inLanguage\":\"pt-BR\"},{\"@type\":\"WebPage\",\"@id\":\"https:\/\/www.notibras.com\/site\/governo-avanca-com-acoes-para-preservar-cerrado\/\",\"url\":\"https:\/\/www.notibras.com\/site\/governo-avanca-com-acoes-para-preservar-cerrado\/\",\"name\":\"Governo avan\u00e7a com a\u00e7\u00f5es para preservar Cerrado - Notibras\",\"isPartOf\":{\"@id\":\"https:\/\/www.notibras.com\/site\/#website\"},\"primaryImageOfPage\":{\"@id\":\"https:\/\/www.notibras.com\/site\/governo-avanca-com-acoes-para-preservar-cerrado\/#primaryimage\"},\"image\":{\"@id\":\"https:\/\/www.notibras.com\/site\/governo-avanca-com-acoes-para-preservar-cerrado\/#primaryimage\"},\"thumbnailUrl\":\"https:\/\/www.notibras.com\/site\/wp-content\/uploads\/2023\/11\/cerra.webp\",\"datePublished\":\"2023-11-29T03:01:51+00:00\",\"dateModified\":\"2023-11-29T10:11:35+00:00\",\"breadcrumb\":{\"@id\":\"https:\/\/www.notibras.com\/site\/governo-avanca-com-acoes-para-preservar-cerrado\/#breadcrumb\"},\"inLanguage\":\"pt-BR\",\"potentialAction\":[{\"@type\":\"ReadAction\",\"target\":[\"https:\/\/www.notibras.com\/site\/governo-avanca-com-acoes-para-preservar-cerrado\/\"]}]},{\"@type\":\"ImageObject\",\"inLanguage\":\"pt-BR\",\"@id\":\"https:\/\/www.notibras.com\/site\/governo-avanca-com-acoes-para-preservar-cerrado\/#primaryimage\",\"url\":\"https:\/\/www.notibras.com\/site\/wp-content\/uploads\/2023\/11\/cerra.webp\",\"contentUrl\":\"https:\/\/www.notibras.com\/site\/wp-content\/uploads\/2023\/11\/cerra.webp\",\"width\":1170,\"height\":700},{\"@type\":\"BreadcrumbList\",\"@id\":\"https:\/\/www.notibras.com\/site\/governo-avanca-com-acoes-para-preservar-cerrado\/#breadcrumb\",\"itemListElement\":[{\"@type\":\"ListItem\",\"position\":1,\"name\":\"In\u00edcio\",\"item\":\"https:\/\/www.notibras.com\/site\/\"},{\"@type\":\"ListItem\",\"position\":2,\"name\":\"Governo avan\u00e7a com a\u00e7\u00f5es para preservar Cerrado\"}]},{\"@type\":\"WebSite\",\"@id\":\"https:\/\/www.notibras.com\/site\/#website\",\"url\":\"https:\/\/www.notibras.com\/site\/\",\"name\":\"Notibras\",\"description\":\"Not\u00edcias de Bras\u00edlia, do Brasil e do Mundo\",\"publisher\":{\"@id\":\"https:\/\/www.notibras.com\/site\/#organization\"},\"potentialAction\":[{\"@type\":\"SearchAction\",\"target\":{\"@type\":\"EntryPoint\",\"urlTemplate\":\"https:\/\/www.notibras.com\/site\/?s={search_term_string}\"},\"query-input\":{\"@type\":\"PropertyValueSpecification\",\"valueRequired\":true,\"valueName\":\"search_term_string\"}}],\"inLanguage\":\"pt-BR\"},{\"@type\":\"Organization\",\"@id\":\"https:\/\/www.notibras.com\/site\/#organization\",\"name\":\"Grupo Notibras de Comunica\u00e7\u00e3o\",\"url\":\"https:\/\/www.notibras.com\/site\/\",\"logo\":{\"@type\":\"ImageObject\",\"inLanguage\":\"pt-BR\",\"@id\":\"https:\/\/www.notibras.com\/site\/#\/schema\/logo\/image\/\",\"url\":\"https:\/\/www.notibras.com\/site\/wp-content\/uploads\/2023\/01\/notibras23.png\",\"contentUrl\":\"https:\/\/www.notibras.com\/site\/wp-content\/uploads\/2023\/01\/notibras23.png\",\"width\":350,\"height\":87,\"caption\":\"Grupo Notibras de Comunica\u00e7\u00e3o\"},\"image\":{\"@id\":\"https:\/\/www.notibras.com\/site\/#\/schema\/logo\/image\/\"},\"sameAs\":[\"https:\/\/www.facebook.com\/notibras\/\",\"https:\/\/x.com\/Notibras\",\"https:\/\/www.instagram.com\/notibras\/\"]},{\"@type\":\"Person\",\"@id\":\"https:\/\/www.notibras.com\/site\/#\/schema\/person\/36ab0979449956132d3e5b517ea76ac8\",\"name\":\"Reda\u00e7\u00e3o\",\"image\":{\"@type\":\"ImageObject\",\"inLanguage\":\"pt-BR\",\"@id\":\"https:\/\/secure.gravatar.com\/avatar\/e0a867bdedb85fd243eadf09663511f96fc81e0720a4a42581f334ad4303aa6b?s=96&d=mm&r=g\",\"url\":\"https:\/\/secure.gravatar.com\/avatar\/e0a867bdedb85fd243eadf09663511f96fc81e0720a4a42581f334ad4303aa6b?s=96&d=mm&r=g\",\"contentUrl\":\"https:\/\/secure.gravatar.com\/avatar\/e0a867bdedb85fd243eadf09663511f96fc81e0720a4a42581f334ad4303aa6b?s=96&d=mm&r=g\",\"caption\":\"Reda\u00e7\u00e3o\"}}]}<\/script>\n<!-- \/ Yoast SEO plugin. -->","yoast_head_json":{"title":"Governo avan\u00e7a com a\u00e7\u00f5es para preservar Cerrado - Notibras","robots":{"index":"index","follow":"follow","max-snippet":"max-snippet:-1","max-image-preview":"max-image-preview:large","max-video-preview":"max-video-preview:-1"},"canonical":"https:\/\/www.notibras.com\/site\/governo-avanca-com-acoes-para-preservar-cerrado\/","og_locale":"pt_BR","og_type":"article","og_title":"Governo avan\u00e7a com a\u00e7\u00f5es para preservar Cerrado - Notibras","og_description":"O governo federal anunciou nesta ter\u00e7a-feira (28) a implementa\u00e7\u00e3o de um novo conjunto de medidas intersetoriais para tentar conter a destrui\u00e7\u00e3o de parte da vegeta\u00e7\u00e3o do Cerrado. O lan\u00e7amento da quarta fase do Plano de A\u00e7\u00e3o para Preven\u00e7\u00e3o e Controle do Desmatamento no bioma (PPCerrado) coincidiu com a divulga\u00e7\u00e3o dos mais recentes dados da degrada\u00e7\u00e3o [&hellip;]","og_url":"https:\/\/www.notibras.com\/site\/governo-avanca-com-acoes-para-preservar-cerrado\/","og_site_name":"Notibras","article_publisher":"https:\/\/www.facebook.com\/notibras\/","article_published_time":"2023-11-29T03:01:51+00:00","article_modified_time":"2023-11-29T10:11:35+00:00","og_image":[{"width":1170,"height":700,"url":"https:\/\/www.notibras.com\/site\/wp-content\/uploads\/2023\/11\/cerra.webp","type":"image\/webp"}],"author":"Reda\u00e7\u00e3o","twitter_card":"summary_large_image","twitter_creator":"@Notibras","twitter_site":"@Notibras","twitter_misc":{"Escrito por":"Reda\u00e7\u00e3o","Est. tempo de leitura":"3 minutos"},"schema":{"@context":"https:\/\/schema.org","@graph":[{"@type":"Article","@id":"https:\/\/www.notibras.com\/site\/governo-avanca-com-acoes-para-preservar-cerrado\/#article","isPartOf":{"@id":"https:\/\/www.notibras.com\/site\/governo-avanca-com-acoes-para-preservar-cerrado\/"},"author":{"name":"Reda\u00e7\u00e3o","@id":"https:\/\/www.notibras.com\/site\/#\/schema\/person\/36ab0979449956132d3e5b517ea76ac8"},"headline":"Governo avan\u00e7a com a\u00e7\u00f5es para preservar Cerrado","datePublished":"2023-11-29T03:01:51+00:00","dateModified":"2023-11-29T10:11:35+00:00","mainEntityOfPage":{"@id":"https:\/\/www.notibras.com\/site\/governo-avanca-com-acoes-para-preservar-cerrado\/"},"wordCount":569,"publisher":{"@id":"https:\/\/www.notibras.com\/site\/#organization"},"image":{"@id":"https:\/\/www.notibras.com\/site\/governo-avanca-com-acoes-para-preservar-cerrado\/#primaryimage"},"thumbnailUrl":"https:\/\/www.notibras.com\/site\/wp-content\/uploads\/2023\/11\/cerra.webp","keywords":["capa"],"articleSection":["Quadradinho em Foco"],"inLanguage":"pt-BR"},{"@type":"WebPage","@id":"https:\/\/www.notibras.com\/site\/governo-avanca-com-acoes-para-preservar-cerrado\/","url":"https:\/\/www.notibras.com\/site\/governo-avanca-com-acoes-para-preservar-cerrado\/","name":"Governo avan\u00e7a com a\u00e7\u00f5es para preservar Cerrado - Notibras","isPartOf":{"@id":"https:\/\/www.notibras.com\/site\/#website"},"primaryImageOfPage":{"@id":"https:\/\/www.notibras.com\/site\/governo-avanca-com-acoes-para-preservar-cerrado\/#primaryimage"},"image":{"@id":"https:\/\/www.notibras.com\/site\/governo-avanca-com-acoes-para-preservar-cerrado\/#primaryimage"},"thumbnailUrl":"https:\/\/www.notibras.com\/site\/wp-content\/uploads\/2023\/11\/cerra.webp","datePublished":"2023-11-29T03:01:51+00:00","dateModified":"2023-11-29T10:11:35+00:00","breadcrumb":{"@id":"https:\/\/www.notibras.com\/site\/governo-avanca-com-acoes-para-preservar-cerrado\/#breadcrumb"},"inLanguage":"pt-BR","potentialAction":[{"@type":"ReadAction","target":["https:\/\/www.notibras.com\/site\/governo-avanca-com-acoes-para-preservar-cerrado\/"]}]},{"@type":"ImageObject","inLanguage":"pt-BR","@id":"https:\/\/www.notibras.com\/site\/governo-avanca-com-acoes-para-preservar-cerrado\/#primaryimage","url":"https:\/\/www.notibras.com\/site\/wp-content\/uploads\/2023\/11\/cerra.webp","contentUrl":"https:\/\/www.notibras.com\/site\/wp-content\/uploads\/2023\/11\/cerra.webp","width":1170,"height":700},{"@type":"BreadcrumbList","@id":"https:\/\/www.notibras.com\/site\/governo-avanca-com-acoes-para-preservar-cerrado\/#breadcrumb","itemListElement":[{"@type":"ListItem","position":1,"name":"In\u00edcio","item":"https:\/\/www.notibras.com\/site\/"},{"@type":"ListItem","position":2,"name":"Governo avan\u00e7a com a\u00e7\u00f5es para preservar Cerrado"}]},{"@type":"WebSite","@id":"https:\/\/www.notibras.com\/site\/#website","url":"https:\/\/www.notibras.com\/site\/","name":"Notibras","description":"Not\u00edcias de Bras\u00edlia, do Brasil e do Mundo","publisher":{"@id":"https:\/\/www.notibras.com\/site\/#organization"},"potentialAction":[{"@type":"SearchAction","target":{"@type":"EntryPoint","urlTemplate":"https:\/\/www.notibras.com\/site\/?s={search_term_string}"},"query-input":{"@type":"PropertyValueSpecification","valueRequired":true,"valueName":"search_term_string"}}],"inLanguage":"pt-BR"},{"@type":"Organization","@id":"https:\/\/www.notibras.com\/site\/#organization","name":"Grupo Notibras de Comunica\u00e7\u00e3o","url":"https:\/\/www.notibras.com\/site\/","logo":{"@type":"ImageObject","inLanguage":"pt-BR","@id":"https:\/\/www.notibras.com\/site\/#\/schema\/logo\/image\/","url":"https:\/\/www.notibras.com\/site\/wp-content\/uploads\/2023\/01\/notibras23.png","contentUrl":"https:\/\/www.notibras.com\/site\/wp-content\/uploads\/2023\/01\/notibras23.png","width":350,"height":87,"caption":"Grupo Notibras de Comunica\u00e7\u00e3o"},"image":{"@id":"https:\/\/www.notibras.com\/site\/#\/schema\/logo\/image\/"},"sameAs":["https:\/\/www.facebook.com\/notibras\/","https:\/\/x.com\/Notibras","https:\/\/www.instagram.com\/notibras\/"]},{"@type":"Person","@id":"https:\/\/www.notibras.com\/site\/#\/schema\/person\/36ab0979449956132d3e5b517ea76ac8","name":"Reda\u00e7\u00e3o","image":{"@type":"ImageObject","inLanguage":"pt-BR","@id":"https:\/\/secure.gravatar.com\/avatar\/e0a867bdedb85fd243eadf09663511f96fc81e0720a4a42581f334ad4303aa6b?s=96&d=mm&r=g","url":"https:\/\/secure.gravatar.com\/avatar\/e0a867bdedb85fd243eadf09663511f96fc81e0720a4a42581f334ad4303aa6b?s=96&d=mm&r=g","contentUrl":"https:\/\/secure.gravatar.com\/avatar\/e0a867bdedb85fd243eadf09663511f96fc81e0720a4a42581f334ad4303aa6b?s=96&d=mm&r=g","caption":"Reda\u00e7\u00e3o"}}]}},"amp_enabled":true,"_links":{"self":[{"href":"https:\/\/www.notibras.com\/site\/wp-json\/wp\/v2\/posts\/318016","targetHints":{"allow":["GET"]}}],"collection":[{"href":"https:\/\/www.notibras.com\/site\/wp-json\/wp\/v2\/posts"}],"about":[{"href":"https:\/\/www.notibras.com\/site\/wp-json\/wp\/v2\/types\/post"}],"author":[{"embeddable":true,"href":"https:\/\/www.notibras.com\/site\/wp-json\/wp\/v2\/users\/2"}],"replies":[{"embeddable":true,"href":"https:\/\/www.notibras.com\/site\/wp-json\/wp\/v2\/comments?post=318016"}],"version-history":[{"count":1,"href":"https:\/\/www.notibras.com\/site\/wp-json\/wp\/v2\/posts\/318016\/revisions"}],"predecessor-version":[{"id":318018,"href":"https:\/\/www.notibras.com\/site\/wp-json\/wp\/v2\/posts\/318016\/revisions\/318018"}],"wp:featuredmedia":[{"embeddable":true,"href":"https:\/\/www.notibras.com\/site\/wp-json\/wp\/v2\/media\/318017"}],"wp:attachment":[{"href":"https:\/\/www.notibras.com\/site\/wp-json\/wp\/v2\/media?parent=318016"}],"wp:term":[{"taxonomy":"category","embeddable":true,"href":"https:\/\/www.notibras.com\/site\/wp-json\/wp\/v2\/categories?post=318016"},{"taxonomy":"post_tag","embeddable":true,"href":"https:\/\/www.notibras.com\/site\/wp-json\/wp\/v2\/tags?post=318016"}],"curies":[{"name":"wp","href":"https:\/\/api.w.org\/{rel}","templated":true}]}}