{"id":318026,"date":"2023-11-29T07:59:02","date_gmt":"2023-11-29T10:59:02","guid":{"rendered":"https:\/\/www.notibras.com\/site\/?p=318026"},"modified":"2023-11-29T07:59:02","modified_gmt":"2023-11-29T10:59:02","slug":"mar-que-quebra-na-praia-nao-e-sopa-de-letrinhas","status":"publish","type":"post","link":"https:\/\/www.notibras.com\/site\/mar-que-quebra-na-praia-nao-e-sopa-de-letrinhas\/","title":{"rendered":"Mar que quebra na praia n\u00e3o \u00e9 sopa de letrinhas"},"content":{"rendered":"<p>Marcolino, antes mesmo de dar os primeiros passos, j\u00e1 desfilava toda a sua eleg\u00e2ncia na piscina da escolinha de nata\u00e7\u00e3o. O moleque levava jeito para a coisa. Tanto \u00e9 que, n\u00e3o demorou, in\u00fameras medalhas e trof\u00e9us passaram a decorar a estante da sala, para orgulho da mam\u00e3e.<\/p>\n<p>Foi numa manh\u00e3 ensolarada de abril, enquanto a m\u00e3e embalava o lindo beb\u00ea no carrinho, bem ali na pracinha da quadra, que, do nada, surgiu uma velha vidente. Assim que bateu os olhos no Marcolino, a mulher estremeceu todo o seu corpo carcomido pelo tempo.<\/p>\n<p>De in\u00edcio, ela se virou para ir embora, mas algo a fez voltar e, parada diante daquele carrinho, fez um pren\u00fancio: &#8220;Afogado!&#8221;<\/p>\n<p>A m\u00e3e de Marcolino, aflita com aquela \u00fanica palavra, n\u00e3o conseguiu proferir uma sequer. Enquanto isso, a velha trepidou todo o corpo novamente, virou-se e foi embora. A pobre mulher pegou seu filho no colo e o aninhou carinhosamente no peito. Ela jurou que nada de mal iria acontecer ao seu beb\u00ea.<\/p>\n<p>O menino foi crescendo, enquanto a m\u00e3e tentava dissuadi-lo de nadar. Que nada! O moleque se via a cada dia mais e mais fisgado por aquele esporte. Enquanto isso, a m\u00e3e n\u00e3o se atrevia a contar para ningu\u00e9m o triste destino do filho.<\/p>\n<p>Seria verdade? Cismada como ela s\u00f3, desacreditava acreditando. Seja como for, mandava benzer todos os apetrechos do filho antes de uma competi\u00e7\u00e3o.<\/p>\n<p>Depois de passar a inf\u00e2ncia quebrando recordes atr\u00e1s de recordes, o menino, mal entrou na adolesc\u00eancia, enjoou de nadar em raias. Talvez por conta da idade, desejou desafios mais apropriados para aquele turbilh\u00e3o de horm\u00f4nios. Dessa forma, mesmo a contragosto da m\u00e3e, resolveu participar de provas no mar.<\/p>\n<p>Na primeira disputa, sentiu seu corpo mais leve por conta do elevado \u00edndice de sal na \u00e1gua. Todavia, as ondas, algumas enormes, davam-lhe v\u00e1rios tapas na cara. Entretanto, destemido como ele s\u00f3, Marcolino, bra\u00e7ada a bra\u00e7ada, deixava seus pobres concorrentes, mesmo os mais tarimbados, bem l\u00e1 pra tr\u00e1s.<\/p>\n<p>Agora homem feito, Marcolino n\u00e3o sabia mais onde guardar tantos pr\u00eamios. E, num passe de m\u00e1gica, deixou toda aquela vida aqu\u00e1tica para tr\u00e1s. N\u00e3o se sabe ao certo o que o levou a tomar tal atitude. Talvez tenha sido a bela Soraia, que acabara de conhecer. Seja como for, os dois come\u00e7aram a estudar juntos para o concorrido vestibular.<\/p>\n<p>Veio o vestibular, e os dois pombinhos passaram para o curso de biotecnologia. Os jovens se matricularam e, em poucos meses, l\u00e1 foram para a capital paulista, onde alugaram um apartamento bem pequeno, mas muito aconchegante. A m\u00e3e de Marcolino, apesar de sentir saudade do rebento, se sentia aliviada, pois n\u00e3o se esquecera daquele duro pren\u00fancio.<\/p>\n<p>Pois foi na madrugada de um domingo quando o mais improv\u00e1vel aconteceu. L\u00e1 estava o Marcolino e a sua bela namorada estudando para a \u00faltima prova do semestre. Fizeram uma saborosa sopa de legumes para dar suporte aos c\u00e9rebros cada vez mais exigidos.<\/p>\n<p>Quase tr\u00eas da madrugada, a mo\u00e7a desejou dormir um pouco, pois j\u00e1 n\u00e3o aguentava mais tantas informa\u00e7\u00f5es. Precisava relaxar. Marcolino, por sua vez, decidiu dar uma \u00faltima passada na mat\u00e9ria. Ele se despediu da amada com um breve beijo.<\/p>\n<p>N\u00e3o se sabe quanto tempo depois isso aconteceu, mas aconteceu, como foi noticiado nos jornais no dia seguinte. Pois bem, o Marcolino, exausto que estava, n\u00e3o conseguiu vencer o pr\u00f3prio sono e, ent\u00e3o, adormeceu com a fu\u00e7a dentro do prato de sopa, que se encontrava quase cheio.<\/p>\n<p>O campe\u00e3o dos mares n\u00e3o despertou mais. Nunca mais. A profecia da velha acabara de ser confirmada.<\/p>\n","protected":false},"excerpt":{"rendered":"<p>Marcolino, antes mesmo de dar os primeiros passos, j\u00e1 desfilava toda a sua eleg\u00e2ncia na piscina da escolinha de nata\u00e7\u00e3o. O moleque levava jeito para a coisa. Tanto \u00e9 que, n\u00e3o demorou, in\u00fameras medalhas e trof\u00e9us passaram a decorar a estante da sala, para orgulho da mam\u00e3e. Foi numa manh\u00e3 ensolarada de abril, enquanto a [&hellip;]<\/p>\n","protected":false},"author":2,"featured_media":318028,"comment_status":"closed","ping_status":"closed","sticky":false,"template":"","format":"standard","meta":{"_acf_changed":false,"footnotes":""},"categories":[161],"tags":[],"class_list":["post-318026","post","type-post","status-publish","format-standard","has-post-thumbnail","hentry","category-quadradinho-em-foco"],"acf":[],"yoast_head":"<!-- This site is optimized with the Yoast SEO plugin v27.2 - https:\/\/yoast.com\/product\/yoast-seo-wordpress\/ -->\n<title>Mar que quebra na praia n\u00e3o \u00e9 sopa de letrinhas - Notibras<\/title>\n<meta name=\"robots\" content=\"index, follow, max-snippet:-1, max-image-preview:large, max-video-preview:-1\" \/>\n<link rel=\"canonical\" href=\"https:\/\/www.notibras.com\/site\/mar-que-quebra-na-praia-nao-e-sopa-de-letrinhas\/\" \/>\n<meta property=\"og:locale\" content=\"pt_BR\" \/>\n<meta property=\"og:type\" content=\"article\" \/>\n<meta property=\"og:title\" content=\"Mar que quebra na praia n\u00e3o \u00e9 sopa de letrinhas - Notibras\" \/>\n<meta property=\"og:description\" content=\"Marcolino, antes mesmo de dar os primeiros passos, j\u00e1 desfilava toda a sua eleg\u00e2ncia na piscina da escolinha de nata\u00e7\u00e3o. O moleque levava jeito para a coisa. Tanto \u00e9 que, n\u00e3o demorou, in\u00fameras medalhas e trof\u00e9us passaram a decorar a estante da sala, para orgulho da mam\u00e3e. Foi numa manh\u00e3 ensolarada de abril, enquanto a [&hellip;]\" \/>\n<meta property=\"og:url\" content=\"https:\/\/www.notibras.com\/site\/mar-que-quebra-na-praia-nao-e-sopa-de-letrinhas\/\" \/>\n<meta property=\"og:site_name\" content=\"Notibras\" \/>\n<meta property=\"article:publisher\" content=\"https:\/\/www.facebook.com\/notibras\/\" \/>\n<meta property=\"article:published_time\" content=\"2023-11-29T10:59:02+00:00\" \/>\n<meta property=\"og:image\" content=\"https:\/\/www.notibras.com\/site\/wp-content\/uploads\/2023\/11\/maronda.webp\" \/>\n\t<meta property=\"og:image:width\" content=\"768\" \/>\n\t<meta property=\"og:image:height\" content=\"549\" \/>\n\t<meta property=\"og:image:type\" content=\"image\/webp\" \/>\n<meta name=\"author\" content=\"Reda\u00e7\u00e3o\" \/>\n<meta name=\"twitter:card\" content=\"summary_large_image\" \/>\n<meta name=\"twitter:creator\" content=\"@Notibras\" \/>\n<meta name=\"twitter:site\" content=\"@Notibras\" \/>\n<meta name=\"twitter:label1\" content=\"Escrito por\" \/>\n\t<meta name=\"twitter:data1\" content=\"Reda\u00e7\u00e3o\" \/>\n\t<meta name=\"twitter:label2\" content=\"Est. tempo de leitura\" \/>\n\t<meta name=\"twitter:data2\" content=\"4 minutos\" \/>\n<script type=\"application\/ld+json\" class=\"yoast-schema-graph\">{\"@context\":\"https:\/\/schema.org\",\"@graph\":[{\"@type\":\"Article\",\"@id\":\"https:\/\/www.notibras.com\/site\/mar-que-quebra-na-praia-nao-e-sopa-de-letrinhas\/#article\",\"isPartOf\":{\"@id\":\"https:\/\/www.notibras.com\/site\/mar-que-quebra-na-praia-nao-e-sopa-de-letrinhas\/\"},\"author\":{\"name\":\"Reda\u00e7\u00e3o\",\"@id\":\"https:\/\/www.notibras.com\/site\/#\/schema\/person\/36ab0979449956132d3e5b517ea76ac8\"},\"headline\":\"Mar que quebra na praia n\u00e3o \u00e9 sopa de letrinhas\",\"datePublished\":\"2023-11-29T10:59:02+00:00\",\"mainEntityOfPage\":{\"@id\":\"https:\/\/www.notibras.com\/site\/mar-que-quebra-na-praia-nao-e-sopa-de-letrinhas\/\"},\"wordCount\":647,\"publisher\":{\"@id\":\"https:\/\/www.notibras.com\/site\/#organization\"},\"image\":{\"@id\":\"https:\/\/www.notibras.com\/site\/mar-que-quebra-na-praia-nao-e-sopa-de-letrinhas\/#primaryimage\"},\"thumbnailUrl\":\"https:\/\/www.notibras.com\/site\/wp-content\/uploads\/2023\/11\/maronda.webp\",\"articleSection\":[\"Quadradinho em Foco\"],\"inLanguage\":\"pt-BR\"},{\"@type\":\"WebPage\",\"@id\":\"https:\/\/www.notibras.com\/site\/mar-que-quebra-na-praia-nao-e-sopa-de-letrinhas\/\",\"url\":\"https:\/\/www.notibras.com\/site\/mar-que-quebra-na-praia-nao-e-sopa-de-letrinhas\/\",\"name\":\"Mar que quebra na praia n\u00e3o \u00e9 sopa de letrinhas - Notibras\",\"isPartOf\":{\"@id\":\"https:\/\/www.notibras.com\/site\/#website\"},\"primaryImageOfPage\":{\"@id\":\"https:\/\/www.notibras.com\/site\/mar-que-quebra-na-praia-nao-e-sopa-de-letrinhas\/#primaryimage\"},\"image\":{\"@id\":\"https:\/\/www.notibras.com\/site\/mar-que-quebra-na-praia-nao-e-sopa-de-letrinhas\/#primaryimage\"},\"thumbnailUrl\":\"https:\/\/www.notibras.com\/site\/wp-content\/uploads\/2023\/11\/maronda.webp\",\"datePublished\":\"2023-11-29T10:59:02+00:00\",\"breadcrumb\":{\"@id\":\"https:\/\/www.notibras.com\/site\/mar-que-quebra-na-praia-nao-e-sopa-de-letrinhas\/#breadcrumb\"},\"inLanguage\":\"pt-BR\",\"potentialAction\":[{\"@type\":\"ReadAction\",\"target\":[\"https:\/\/www.notibras.com\/site\/mar-que-quebra-na-praia-nao-e-sopa-de-letrinhas\/\"]}]},{\"@type\":\"ImageObject\",\"inLanguage\":\"pt-BR\",\"@id\":\"https:\/\/www.notibras.com\/site\/mar-que-quebra-na-praia-nao-e-sopa-de-letrinhas\/#primaryimage\",\"url\":\"https:\/\/www.notibras.com\/site\/wp-content\/uploads\/2023\/11\/maronda.webp\",\"contentUrl\":\"https:\/\/www.notibras.com\/site\/wp-content\/uploads\/2023\/11\/maronda.webp\",\"width\":768,\"height\":549},{\"@type\":\"BreadcrumbList\",\"@id\":\"https:\/\/www.notibras.com\/site\/mar-que-quebra-na-praia-nao-e-sopa-de-letrinhas\/#breadcrumb\",\"itemListElement\":[{\"@type\":\"ListItem\",\"position\":1,\"name\":\"In\u00edcio\",\"item\":\"https:\/\/www.notibras.com\/site\/\"},{\"@type\":\"ListItem\",\"position\":2,\"name\":\"Mar que quebra na praia n\u00e3o \u00e9 sopa de letrinhas\"}]},{\"@type\":\"WebSite\",\"@id\":\"https:\/\/www.notibras.com\/site\/#website\",\"url\":\"https:\/\/www.notibras.com\/site\/\",\"name\":\"Notibras\",\"description\":\"Not\u00edcias de Bras\u00edlia, do Brasil e do Mundo\",\"publisher\":{\"@id\":\"https:\/\/www.notibras.com\/site\/#organization\"},\"potentialAction\":[{\"@type\":\"SearchAction\",\"target\":{\"@type\":\"EntryPoint\",\"urlTemplate\":\"https:\/\/www.notibras.com\/site\/?s={search_term_string}\"},\"query-input\":{\"@type\":\"PropertyValueSpecification\",\"valueRequired\":true,\"valueName\":\"search_term_string\"}}],\"inLanguage\":\"pt-BR\"},{\"@type\":\"Organization\",\"@id\":\"https:\/\/www.notibras.com\/site\/#organization\",\"name\":\"Grupo Notibras de Comunica\u00e7\u00e3o\",\"url\":\"https:\/\/www.notibras.com\/site\/\",\"logo\":{\"@type\":\"ImageObject\",\"inLanguage\":\"pt-BR\",\"@id\":\"https:\/\/www.notibras.com\/site\/#\/schema\/logo\/image\/\",\"url\":\"https:\/\/www.notibras.com\/site\/wp-content\/uploads\/2023\/01\/notibras23.png\",\"contentUrl\":\"https:\/\/www.notibras.com\/site\/wp-content\/uploads\/2023\/01\/notibras23.png\",\"width\":350,\"height\":87,\"caption\":\"Grupo Notibras de Comunica\u00e7\u00e3o\"},\"image\":{\"@id\":\"https:\/\/www.notibras.com\/site\/#\/schema\/logo\/image\/\"},\"sameAs\":[\"https:\/\/www.facebook.com\/notibras\/\",\"https:\/\/x.com\/Notibras\",\"https:\/\/www.instagram.com\/notibras\/\"]},{\"@type\":\"Person\",\"@id\":\"https:\/\/www.notibras.com\/site\/#\/schema\/person\/36ab0979449956132d3e5b517ea76ac8\",\"name\":\"Reda\u00e7\u00e3o\",\"image\":{\"@type\":\"ImageObject\",\"inLanguage\":\"pt-BR\",\"@id\":\"https:\/\/secure.gravatar.com\/avatar\/e0a867bdedb85fd243eadf09663511f96fc81e0720a4a42581f334ad4303aa6b?s=96&d=mm&r=g\",\"url\":\"https:\/\/secure.gravatar.com\/avatar\/e0a867bdedb85fd243eadf09663511f96fc81e0720a4a42581f334ad4303aa6b?s=96&d=mm&r=g\",\"contentUrl\":\"https:\/\/secure.gravatar.com\/avatar\/e0a867bdedb85fd243eadf09663511f96fc81e0720a4a42581f334ad4303aa6b?s=96&d=mm&r=g\",\"caption\":\"Reda\u00e7\u00e3o\"}}]}<\/script>\n<!-- \/ Yoast SEO plugin. -->","yoast_head_json":{"title":"Mar que quebra na praia n\u00e3o \u00e9 sopa de letrinhas - Notibras","robots":{"index":"index","follow":"follow","max-snippet":"max-snippet:-1","max-image-preview":"max-image-preview:large","max-video-preview":"max-video-preview:-1"},"canonical":"https:\/\/www.notibras.com\/site\/mar-que-quebra-na-praia-nao-e-sopa-de-letrinhas\/","og_locale":"pt_BR","og_type":"article","og_title":"Mar que quebra na praia n\u00e3o \u00e9 sopa de letrinhas - Notibras","og_description":"Marcolino, antes mesmo de dar os primeiros passos, j\u00e1 desfilava toda a sua eleg\u00e2ncia na piscina da escolinha de nata\u00e7\u00e3o. O moleque levava jeito para a coisa. Tanto \u00e9 que, n\u00e3o demorou, in\u00fameras medalhas e trof\u00e9us passaram a decorar a estante da sala, para orgulho da mam\u00e3e. Foi numa manh\u00e3 ensolarada de abril, enquanto a [&hellip;]","og_url":"https:\/\/www.notibras.com\/site\/mar-que-quebra-na-praia-nao-e-sopa-de-letrinhas\/","og_site_name":"Notibras","article_publisher":"https:\/\/www.facebook.com\/notibras\/","article_published_time":"2023-11-29T10:59:02+00:00","og_image":[{"width":768,"height":549,"url":"https:\/\/www.notibras.com\/site\/wp-content\/uploads\/2023\/11\/maronda.webp","type":"image\/webp"}],"author":"Reda\u00e7\u00e3o","twitter_card":"summary_large_image","twitter_creator":"@Notibras","twitter_site":"@Notibras","twitter_misc":{"Escrito por":"Reda\u00e7\u00e3o","Est. tempo de leitura":"4 minutos"},"schema":{"@context":"https:\/\/schema.org","@graph":[{"@type":"Article","@id":"https:\/\/www.notibras.com\/site\/mar-que-quebra-na-praia-nao-e-sopa-de-letrinhas\/#article","isPartOf":{"@id":"https:\/\/www.notibras.com\/site\/mar-que-quebra-na-praia-nao-e-sopa-de-letrinhas\/"},"author":{"name":"Reda\u00e7\u00e3o","@id":"https:\/\/www.notibras.com\/site\/#\/schema\/person\/36ab0979449956132d3e5b517ea76ac8"},"headline":"Mar que quebra na praia n\u00e3o \u00e9 sopa de letrinhas","datePublished":"2023-11-29T10:59:02+00:00","mainEntityOfPage":{"@id":"https:\/\/www.notibras.com\/site\/mar-que-quebra-na-praia-nao-e-sopa-de-letrinhas\/"},"wordCount":647,"publisher":{"@id":"https:\/\/www.notibras.com\/site\/#organization"},"image":{"@id":"https:\/\/www.notibras.com\/site\/mar-que-quebra-na-praia-nao-e-sopa-de-letrinhas\/#primaryimage"},"thumbnailUrl":"https:\/\/www.notibras.com\/site\/wp-content\/uploads\/2023\/11\/maronda.webp","articleSection":["Quadradinho em Foco"],"inLanguage":"pt-BR"},{"@type":"WebPage","@id":"https:\/\/www.notibras.com\/site\/mar-que-quebra-na-praia-nao-e-sopa-de-letrinhas\/","url":"https:\/\/www.notibras.com\/site\/mar-que-quebra-na-praia-nao-e-sopa-de-letrinhas\/","name":"Mar que quebra na praia n\u00e3o \u00e9 sopa de letrinhas - Notibras","isPartOf":{"@id":"https:\/\/www.notibras.com\/site\/#website"},"primaryImageOfPage":{"@id":"https:\/\/www.notibras.com\/site\/mar-que-quebra-na-praia-nao-e-sopa-de-letrinhas\/#primaryimage"},"image":{"@id":"https:\/\/www.notibras.com\/site\/mar-que-quebra-na-praia-nao-e-sopa-de-letrinhas\/#primaryimage"},"thumbnailUrl":"https:\/\/www.notibras.com\/site\/wp-content\/uploads\/2023\/11\/maronda.webp","datePublished":"2023-11-29T10:59:02+00:00","breadcrumb":{"@id":"https:\/\/www.notibras.com\/site\/mar-que-quebra-na-praia-nao-e-sopa-de-letrinhas\/#breadcrumb"},"inLanguage":"pt-BR","potentialAction":[{"@type":"ReadAction","target":["https:\/\/www.notibras.com\/site\/mar-que-quebra-na-praia-nao-e-sopa-de-letrinhas\/"]}]},{"@type":"ImageObject","inLanguage":"pt-BR","@id":"https:\/\/www.notibras.com\/site\/mar-que-quebra-na-praia-nao-e-sopa-de-letrinhas\/#primaryimage","url":"https:\/\/www.notibras.com\/site\/wp-content\/uploads\/2023\/11\/maronda.webp","contentUrl":"https:\/\/www.notibras.com\/site\/wp-content\/uploads\/2023\/11\/maronda.webp","width":768,"height":549},{"@type":"BreadcrumbList","@id":"https:\/\/www.notibras.com\/site\/mar-que-quebra-na-praia-nao-e-sopa-de-letrinhas\/#breadcrumb","itemListElement":[{"@type":"ListItem","position":1,"name":"In\u00edcio","item":"https:\/\/www.notibras.com\/site\/"},{"@type":"ListItem","position":2,"name":"Mar que quebra na praia n\u00e3o \u00e9 sopa de letrinhas"}]},{"@type":"WebSite","@id":"https:\/\/www.notibras.com\/site\/#website","url":"https:\/\/www.notibras.com\/site\/","name":"Notibras","description":"Not\u00edcias de Bras\u00edlia, do Brasil e do Mundo","publisher":{"@id":"https:\/\/www.notibras.com\/site\/#organization"},"potentialAction":[{"@type":"SearchAction","target":{"@type":"EntryPoint","urlTemplate":"https:\/\/www.notibras.com\/site\/?s={search_term_string}"},"query-input":{"@type":"PropertyValueSpecification","valueRequired":true,"valueName":"search_term_string"}}],"inLanguage":"pt-BR"},{"@type":"Organization","@id":"https:\/\/www.notibras.com\/site\/#organization","name":"Grupo Notibras de Comunica\u00e7\u00e3o","url":"https:\/\/www.notibras.com\/site\/","logo":{"@type":"ImageObject","inLanguage":"pt-BR","@id":"https:\/\/www.notibras.com\/site\/#\/schema\/logo\/image\/","url":"https:\/\/www.notibras.com\/site\/wp-content\/uploads\/2023\/01\/notibras23.png","contentUrl":"https:\/\/www.notibras.com\/site\/wp-content\/uploads\/2023\/01\/notibras23.png","width":350,"height":87,"caption":"Grupo Notibras de Comunica\u00e7\u00e3o"},"image":{"@id":"https:\/\/www.notibras.com\/site\/#\/schema\/logo\/image\/"},"sameAs":["https:\/\/www.facebook.com\/notibras\/","https:\/\/x.com\/Notibras","https:\/\/www.instagram.com\/notibras\/"]},{"@type":"Person","@id":"https:\/\/www.notibras.com\/site\/#\/schema\/person\/36ab0979449956132d3e5b517ea76ac8","name":"Reda\u00e7\u00e3o","image":{"@type":"ImageObject","inLanguage":"pt-BR","@id":"https:\/\/secure.gravatar.com\/avatar\/e0a867bdedb85fd243eadf09663511f96fc81e0720a4a42581f334ad4303aa6b?s=96&d=mm&r=g","url":"https:\/\/secure.gravatar.com\/avatar\/e0a867bdedb85fd243eadf09663511f96fc81e0720a4a42581f334ad4303aa6b?s=96&d=mm&r=g","contentUrl":"https:\/\/secure.gravatar.com\/avatar\/e0a867bdedb85fd243eadf09663511f96fc81e0720a4a42581f334ad4303aa6b?s=96&d=mm&r=g","caption":"Reda\u00e7\u00e3o"}}]}},"amp_enabled":true,"_links":{"self":[{"href":"https:\/\/www.notibras.com\/site\/wp-json\/wp\/v2\/posts\/318026","targetHints":{"allow":["GET"]}}],"collection":[{"href":"https:\/\/www.notibras.com\/site\/wp-json\/wp\/v2\/posts"}],"about":[{"href":"https:\/\/www.notibras.com\/site\/wp-json\/wp\/v2\/types\/post"}],"author":[{"embeddable":true,"href":"https:\/\/www.notibras.com\/site\/wp-json\/wp\/v2\/users\/2"}],"replies":[{"embeddable":true,"href":"https:\/\/www.notibras.com\/site\/wp-json\/wp\/v2\/comments?post=318026"}],"version-history":[{"count":1,"href":"https:\/\/www.notibras.com\/site\/wp-json\/wp\/v2\/posts\/318026\/revisions"}],"predecessor-version":[{"id":318029,"href":"https:\/\/www.notibras.com\/site\/wp-json\/wp\/v2\/posts\/318026\/revisions\/318029"}],"wp:featuredmedia":[{"embeddable":true,"href":"https:\/\/www.notibras.com\/site\/wp-json\/wp\/v2\/media\/318028"}],"wp:attachment":[{"href":"https:\/\/www.notibras.com\/site\/wp-json\/wp\/v2\/media?parent=318026"}],"wp:term":[{"taxonomy":"category","embeddable":true,"href":"https:\/\/www.notibras.com\/site\/wp-json\/wp\/v2\/categories?post=318026"},{"taxonomy":"post_tag","embeddable":true,"href":"https:\/\/www.notibras.com\/site\/wp-json\/wp\/v2\/tags?post=318026"}],"curies":[{"name":"wp","href":"https:\/\/api.w.org\/{rel}","templated":true}]}}