{"id":318056,"date":"2023-11-29T00:25:04","date_gmt":"2023-11-29T03:25:04","guid":{"rendered":"https:\/\/www.notibras.com\/site\/?p=318056"},"modified":"2023-11-29T09:26:37","modified_gmt":"2023-11-29T12:26:37","slug":"educacao-tecnica-esta-entre-investimentos-mais-rentaveis","status":"publish","type":"post","link":"https:\/\/www.notibras.com\/site\/educacao-tecnica-esta-entre-investimentos-mais-rentaveis\/","title":{"rendered":"Educa\u00e7\u00e3o t\u00e9cnica est\u00e1 entre investimentos mais rent\u00e1veis"},"content":{"rendered":"<p>Uma pesquisa realizada pelo Insper em parceria com o Ita\u00fa Educa\u00e7\u00e3o e Trabalho e o Instituto Unibanco, mostrou que a educa\u00e7\u00e3o t\u00e9cnica est\u00e1 entre os investimentos p\u00fablicos mais rent\u00e1veis no pa\u00eds, j\u00e1 que, a cada R$ 1 investido na educa\u00e7\u00e3o profissional e tecnol\u00f3gica de n\u00edvel m\u00e9dio, o egresso da forma\u00e7\u00e3o profissional tem um retorno na pr\u00f3pria remunera\u00e7\u00e3o superior a R$ 3. A pesquisa analisou 76 estimativas do impacto da educa\u00e7\u00e3o t\u00e9cnica, presentes em 16 estudos selecionados.<\/p>\n<p>Segundo o estudo, os egressos desse n\u00edvel de educa\u00e7\u00e3o profissional t\u00eam 5,5 pontos percentuais (pp) a mais de chances de estar no mercado de trabalho formal em compara\u00e7\u00e3o com os trabalhadores sem forma\u00e7\u00e3o. J\u00e1 as chances de emprego formal para egressos da forma\u00e7\u00e3o t\u00e9cnica de n\u00edvel m\u00e9dio s\u00e3o 6,2 pp superiores quando comparados com os que n\u00e3o conclu\u00edram o ensino superior.<\/p>\n<p>De acordo com a pesquisa, a forma\u00e7\u00e3o profissional de n\u00edvel m\u00e9dio aumenta em 6,8 pp a probabilidade de o indiv\u00edduo estar ocupado ou procurando trabalho quando comparado \u00e0queles que t\u00eam somente o ensino m\u00e9dio regular completo.<\/p>\n<p>Entre os que n\u00e3o t\u00eam educa\u00e7\u00e3o superior, a conclus\u00e3o da educa\u00e7\u00e3o profissional e tecnol\u00f3gica de n\u00edvel m\u00e9dio eleva a probabilidade de ocupa\u00e7\u00e3o em 7,6 pp e a remunera\u00e7\u00e3o do trabalho em 18% para o grupo de indiv\u00edduos que conclu\u00edram apenas a educa\u00e7\u00e3o b\u00e1sica. Al\u00e9m disso, o jovem que cursar ensino t\u00e9cnico ter\u00e1, ao longo da sua vida profissional, remunera\u00e7\u00e3o, em m\u00e9dia, 32% mais elevada do que a renda daqueles que concluem o ensino m\u00e9dio regular.<\/p>\n<p>\u201cOs dados do estudo revelam que a conclus\u00e3o de cursos t\u00e9cnicos n\u00e3o apenas aprimora as habilidades individuais, mas tamb\u00e9m reduz significativamente as chances de os egressos atuarem no segmento informal da economia. Esta constata\u00e7\u00e3o enfatiza a import\u00e2ncia estrat\u00e9gica de promover e fortalecer programas de educa\u00e7\u00e3o t\u00e9cnica, n\u00e3o apenas como meio de desenvolvimento pessoal, mas tamb\u00e9m como um eficaz instrumento na constru\u00e7\u00e3o de uma for\u00e7a de trabalho cada vez mais qualificada\u201d, diz o estudo.<\/p>\n<p>De acordo com um dos respons\u00e1veis pela pesquisa, Ricardo Paes de Barros, os profissionais egressos da educa\u00e7\u00e3o profissional e tecnol\u00f3gica de n\u00edvel m\u00e9dio recebem remunera\u00e7\u00e3o at\u00e9 12% maior em compara\u00e7\u00e3o com aqueles que conclu\u00edram somente o ensino m\u00e9dio. \u201cO que deveria ser aperfei\u00e7oado \u00e9 a complementaridade curricular. O curso t\u00e9cnico precisa ser valorizado e melhor aproveitado pela educa\u00e7\u00e3o superior\u201d, afirmou Paes de Barros, que \u00e9 professor titular do Insper.<\/p>\n<p>Para a superintendente do Ita\u00fa Educa\u00e7\u00e3o e Trabalho, Ana Inoue, a educa\u00e7\u00e3o profissional e tecnol\u00f3gica (EPT) tem potencial ineg\u00e1vel para transformar a vida dos jovens e contribuir com o desenvolvimento socioecon\u00f4mico do pa\u00eds. \u201cRecentemente foi aprovado o Marco Legal do Ensino T\u00e9cnico, que projeta a constru\u00e7\u00e3o de uma pol\u00edtica nacional para os pr\u00f3ximos dois anos. Precisamos avan\u00e7ar na elabora\u00e7\u00e3o conjunta dessa pol\u00edtica, para que possamos colocar a EPT em outro patamar, com ampla oferta qualificada para os jovens, garantindo retorno positivo em suas vidas&#8221;, afirmou.<\/p>\n","protected":false},"excerpt":{"rendered":"<p>Uma pesquisa realizada pelo Insper em parceria com o Ita\u00fa Educa\u00e7\u00e3o e Trabalho e o Instituto Unibanco, mostrou que a educa\u00e7\u00e3o t\u00e9cnica est\u00e1 entre os investimentos p\u00fablicos mais rent\u00e1veis no pa\u00eds, j\u00e1 que, a cada R$ 1 investido na educa\u00e7\u00e3o profissional e tecnol\u00f3gica de n\u00edvel m\u00e9dio, o egresso da forma\u00e7\u00e3o profissional tem um retorno na [&hellip;]<\/p>\n","protected":false},"author":2,"featured_media":318057,"comment_status":"closed","ping_status":"closed","sticky":false,"template":"","format":"standard","meta":{"_acf_changed":false,"footnotes":""},"categories":[161],"tags":[],"class_list":["post-318056","post","type-post","status-publish","format-standard","has-post-thumbnail","hentry","category-quadradinho-em-foco"],"acf":[],"yoast_head":"<!-- This site is optimized with the Yoast SEO plugin v27.2 - https:\/\/yoast.com\/product\/yoast-seo-wordpress\/ -->\n<title>Educa\u00e7\u00e3o t\u00e9cnica est\u00e1 entre investimentos mais rent\u00e1veis - Notibras<\/title>\n<meta name=\"robots\" content=\"index, follow, max-snippet:-1, max-image-preview:large, max-video-preview:-1\" \/>\n<link rel=\"canonical\" href=\"https:\/\/www.notibras.com\/site\/educacao-tecnica-esta-entre-investimentos-mais-rentaveis\/\" \/>\n<meta property=\"og:locale\" content=\"pt_BR\" \/>\n<meta property=\"og:type\" content=\"article\" \/>\n<meta property=\"og:title\" content=\"Educa\u00e7\u00e3o t\u00e9cnica est\u00e1 entre investimentos mais rent\u00e1veis - Notibras\" \/>\n<meta property=\"og:description\" content=\"Uma pesquisa realizada pelo Insper em parceria com o Ita\u00fa Educa\u00e7\u00e3o e Trabalho e o Instituto Unibanco, mostrou que a educa\u00e7\u00e3o t\u00e9cnica est\u00e1 entre os investimentos p\u00fablicos mais rent\u00e1veis no pa\u00eds, j\u00e1 que, a cada R$ 1 investido na educa\u00e7\u00e3o profissional e tecnol\u00f3gica de n\u00edvel m\u00e9dio, o egresso da forma\u00e7\u00e3o profissional tem um retorno na [&hellip;]\" \/>\n<meta property=\"og:url\" content=\"https:\/\/www.notibras.com\/site\/educacao-tecnica-esta-entre-investimentos-mais-rentaveis\/\" \/>\n<meta property=\"og:site_name\" content=\"Notibras\" \/>\n<meta property=\"article:publisher\" content=\"https:\/\/www.facebook.com\/notibras\/\" \/>\n<meta property=\"article:published_time\" content=\"2023-11-29T03:25:04+00:00\" \/>\n<meta property=\"article:modified_time\" content=\"2023-11-29T12:26:37+00:00\" \/>\n<meta property=\"og:image\" content=\"https:\/\/www.notibras.com\/site\/wp-content\/uploads\/2023\/11\/edutec.webp\" \/>\n\t<meta property=\"og:image:width\" content=\"1170\" \/>\n\t<meta property=\"og:image:height\" content=\"700\" \/>\n\t<meta property=\"og:image:type\" content=\"image\/webp\" \/>\n<meta name=\"author\" content=\"Reda\u00e7\u00e3o\" \/>\n<meta name=\"twitter:card\" content=\"summary_large_image\" \/>\n<meta name=\"twitter:creator\" content=\"@Notibras\" \/>\n<meta name=\"twitter:site\" content=\"@Notibras\" \/>\n<meta name=\"twitter:label1\" content=\"Escrito por\" \/>\n\t<meta name=\"twitter:data1\" content=\"Reda\u00e7\u00e3o\" \/>\n\t<meta name=\"twitter:label2\" content=\"Est. tempo de leitura\" \/>\n\t<meta name=\"twitter:data2\" content=\"3 minutos\" \/>\n<script type=\"application\/ld+json\" class=\"yoast-schema-graph\">{\"@context\":\"https:\/\/schema.org\",\"@graph\":[{\"@type\":\"Article\",\"@id\":\"https:\/\/www.notibras.com\/site\/educacao-tecnica-esta-entre-investimentos-mais-rentaveis\/#article\",\"isPartOf\":{\"@id\":\"https:\/\/www.notibras.com\/site\/educacao-tecnica-esta-entre-investimentos-mais-rentaveis\/\"},\"author\":{\"name\":\"Reda\u00e7\u00e3o\",\"@id\":\"https:\/\/www.notibras.com\/site\/#\/schema\/person\/36ab0979449956132d3e5b517ea76ac8\"},\"headline\":\"Educa\u00e7\u00e3o t\u00e9cnica est\u00e1 entre investimentos mais rent\u00e1veis\",\"datePublished\":\"2023-11-29T03:25:04+00:00\",\"dateModified\":\"2023-11-29T12:26:37+00:00\",\"mainEntityOfPage\":{\"@id\":\"https:\/\/www.notibras.com\/site\/educacao-tecnica-esta-entre-investimentos-mais-rentaveis\/\"},\"wordCount\":562,\"publisher\":{\"@id\":\"https:\/\/www.notibras.com\/site\/#organization\"},\"image\":{\"@id\":\"https:\/\/www.notibras.com\/site\/educacao-tecnica-esta-entre-investimentos-mais-rentaveis\/#primaryimage\"},\"thumbnailUrl\":\"https:\/\/www.notibras.com\/site\/wp-content\/uploads\/2023\/11\/edutec.webp\",\"articleSection\":[\"Quadradinho em Foco\"],\"inLanguage\":\"pt-BR\"},{\"@type\":\"WebPage\",\"@id\":\"https:\/\/www.notibras.com\/site\/educacao-tecnica-esta-entre-investimentos-mais-rentaveis\/\",\"url\":\"https:\/\/www.notibras.com\/site\/educacao-tecnica-esta-entre-investimentos-mais-rentaveis\/\",\"name\":\"Educa\u00e7\u00e3o t\u00e9cnica est\u00e1 entre investimentos mais rent\u00e1veis - Notibras\",\"isPartOf\":{\"@id\":\"https:\/\/www.notibras.com\/site\/#website\"},\"primaryImageOfPage\":{\"@id\":\"https:\/\/www.notibras.com\/site\/educacao-tecnica-esta-entre-investimentos-mais-rentaveis\/#primaryimage\"},\"image\":{\"@id\":\"https:\/\/www.notibras.com\/site\/educacao-tecnica-esta-entre-investimentos-mais-rentaveis\/#primaryimage\"},\"thumbnailUrl\":\"https:\/\/www.notibras.com\/site\/wp-content\/uploads\/2023\/11\/edutec.webp\",\"datePublished\":\"2023-11-29T03:25:04+00:00\",\"dateModified\":\"2023-11-29T12:26:37+00:00\",\"breadcrumb\":{\"@id\":\"https:\/\/www.notibras.com\/site\/educacao-tecnica-esta-entre-investimentos-mais-rentaveis\/#breadcrumb\"},\"inLanguage\":\"pt-BR\",\"potentialAction\":[{\"@type\":\"ReadAction\",\"target\":[\"https:\/\/www.notibras.com\/site\/educacao-tecnica-esta-entre-investimentos-mais-rentaveis\/\"]}]},{\"@type\":\"ImageObject\",\"inLanguage\":\"pt-BR\",\"@id\":\"https:\/\/www.notibras.com\/site\/educacao-tecnica-esta-entre-investimentos-mais-rentaveis\/#primaryimage\",\"url\":\"https:\/\/www.notibras.com\/site\/wp-content\/uploads\/2023\/11\/edutec.webp\",\"contentUrl\":\"https:\/\/www.notibras.com\/site\/wp-content\/uploads\/2023\/11\/edutec.webp\",\"width\":1170,\"height\":700},{\"@type\":\"BreadcrumbList\",\"@id\":\"https:\/\/www.notibras.com\/site\/educacao-tecnica-esta-entre-investimentos-mais-rentaveis\/#breadcrumb\",\"itemListElement\":[{\"@type\":\"ListItem\",\"position\":1,\"name\":\"In\u00edcio\",\"item\":\"https:\/\/www.notibras.com\/site\/\"},{\"@type\":\"ListItem\",\"position\":2,\"name\":\"Educa\u00e7\u00e3o t\u00e9cnica est\u00e1 entre investimentos mais rent\u00e1veis\"}]},{\"@type\":\"WebSite\",\"@id\":\"https:\/\/www.notibras.com\/site\/#website\",\"url\":\"https:\/\/www.notibras.com\/site\/\",\"name\":\"Notibras\",\"description\":\"Not\u00edcias de Bras\u00edlia, do Brasil e do Mundo\",\"publisher\":{\"@id\":\"https:\/\/www.notibras.com\/site\/#organization\"},\"potentialAction\":[{\"@type\":\"SearchAction\",\"target\":{\"@type\":\"EntryPoint\",\"urlTemplate\":\"https:\/\/www.notibras.com\/site\/?s={search_term_string}\"},\"query-input\":{\"@type\":\"PropertyValueSpecification\",\"valueRequired\":true,\"valueName\":\"search_term_string\"}}],\"inLanguage\":\"pt-BR\"},{\"@type\":\"Organization\",\"@id\":\"https:\/\/www.notibras.com\/site\/#organization\",\"name\":\"Grupo Notibras de Comunica\u00e7\u00e3o\",\"url\":\"https:\/\/www.notibras.com\/site\/\",\"logo\":{\"@type\":\"ImageObject\",\"inLanguage\":\"pt-BR\",\"@id\":\"https:\/\/www.notibras.com\/site\/#\/schema\/logo\/image\/\",\"url\":\"https:\/\/www.notibras.com\/site\/wp-content\/uploads\/2023\/01\/notibras23.png\",\"contentUrl\":\"https:\/\/www.notibras.com\/site\/wp-content\/uploads\/2023\/01\/notibras23.png\",\"width\":350,\"height\":87,\"caption\":\"Grupo Notibras de Comunica\u00e7\u00e3o\"},\"image\":{\"@id\":\"https:\/\/www.notibras.com\/site\/#\/schema\/logo\/image\/\"},\"sameAs\":[\"https:\/\/www.facebook.com\/notibras\/\",\"https:\/\/x.com\/Notibras\",\"https:\/\/www.instagram.com\/notibras\/\"]},{\"@type\":\"Person\",\"@id\":\"https:\/\/www.notibras.com\/site\/#\/schema\/person\/36ab0979449956132d3e5b517ea76ac8\",\"name\":\"Reda\u00e7\u00e3o\",\"image\":{\"@type\":\"ImageObject\",\"inLanguage\":\"pt-BR\",\"@id\":\"https:\/\/secure.gravatar.com\/avatar\/e0a867bdedb85fd243eadf09663511f96fc81e0720a4a42581f334ad4303aa6b?s=96&d=mm&r=g\",\"url\":\"https:\/\/secure.gravatar.com\/avatar\/e0a867bdedb85fd243eadf09663511f96fc81e0720a4a42581f334ad4303aa6b?s=96&d=mm&r=g\",\"contentUrl\":\"https:\/\/secure.gravatar.com\/avatar\/e0a867bdedb85fd243eadf09663511f96fc81e0720a4a42581f334ad4303aa6b?s=96&d=mm&r=g\",\"caption\":\"Reda\u00e7\u00e3o\"}}]}<\/script>\n<!-- \/ Yoast SEO plugin. -->","yoast_head_json":{"title":"Educa\u00e7\u00e3o t\u00e9cnica est\u00e1 entre investimentos mais rent\u00e1veis - Notibras","robots":{"index":"index","follow":"follow","max-snippet":"max-snippet:-1","max-image-preview":"max-image-preview:large","max-video-preview":"max-video-preview:-1"},"canonical":"https:\/\/www.notibras.com\/site\/educacao-tecnica-esta-entre-investimentos-mais-rentaveis\/","og_locale":"pt_BR","og_type":"article","og_title":"Educa\u00e7\u00e3o t\u00e9cnica est\u00e1 entre investimentos mais rent\u00e1veis - Notibras","og_description":"Uma pesquisa realizada pelo Insper em parceria com o Ita\u00fa Educa\u00e7\u00e3o e Trabalho e o Instituto Unibanco, mostrou que a educa\u00e7\u00e3o t\u00e9cnica est\u00e1 entre os investimentos p\u00fablicos mais rent\u00e1veis no pa\u00eds, j\u00e1 que, a cada R$ 1 investido na educa\u00e7\u00e3o profissional e tecnol\u00f3gica de n\u00edvel m\u00e9dio, o egresso da forma\u00e7\u00e3o profissional tem um retorno na [&hellip;]","og_url":"https:\/\/www.notibras.com\/site\/educacao-tecnica-esta-entre-investimentos-mais-rentaveis\/","og_site_name":"Notibras","article_publisher":"https:\/\/www.facebook.com\/notibras\/","article_published_time":"2023-11-29T03:25:04+00:00","article_modified_time":"2023-11-29T12:26:37+00:00","og_image":[{"width":1170,"height":700,"url":"https:\/\/www.notibras.com\/site\/wp-content\/uploads\/2023\/11\/edutec.webp","type":"image\/webp"}],"author":"Reda\u00e7\u00e3o","twitter_card":"summary_large_image","twitter_creator":"@Notibras","twitter_site":"@Notibras","twitter_misc":{"Escrito por":"Reda\u00e7\u00e3o","Est. tempo de leitura":"3 minutos"},"schema":{"@context":"https:\/\/schema.org","@graph":[{"@type":"Article","@id":"https:\/\/www.notibras.com\/site\/educacao-tecnica-esta-entre-investimentos-mais-rentaveis\/#article","isPartOf":{"@id":"https:\/\/www.notibras.com\/site\/educacao-tecnica-esta-entre-investimentos-mais-rentaveis\/"},"author":{"name":"Reda\u00e7\u00e3o","@id":"https:\/\/www.notibras.com\/site\/#\/schema\/person\/36ab0979449956132d3e5b517ea76ac8"},"headline":"Educa\u00e7\u00e3o t\u00e9cnica est\u00e1 entre investimentos mais rent\u00e1veis","datePublished":"2023-11-29T03:25:04+00:00","dateModified":"2023-11-29T12:26:37+00:00","mainEntityOfPage":{"@id":"https:\/\/www.notibras.com\/site\/educacao-tecnica-esta-entre-investimentos-mais-rentaveis\/"},"wordCount":562,"publisher":{"@id":"https:\/\/www.notibras.com\/site\/#organization"},"image":{"@id":"https:\/\/www.notibras.com\/site\/educacao-tecnica-esta-entre-investimentos-mais-rentaveis\/#primaryimage"},"thumbnailUrl":"https:\/\/www.notibras.com\/site\/wp-content\/uploads\/2023\/11\/edutec.webp","articleSection":["Quadradinho em Foco"],"inLanguage":"pt-BR"},{"@type":"WebPage","@id":"https:\/\/www.notibras.com\/site\/educacao-tecnica-esta-entre-investimentos-mais-rentaveis\/","url":"https:\/\/www.notibras.com\/site\/educacao-tecnica-esta-entre-investimentos-mais-rentaveis\/","name":"Educa\u00e7\u00e3o t\u00e9cnica est\u00e1 entre investimentos mais rent\u00e1veis - Notibras","isPartOf":{"@id":"https:\/\/www.notibras.com\/site\/#website"},"primaryImageOfPage":{"@id":"https:\/\/www.notibras.com\/site\/educacao-tecnica-esta-entre-investimentos-mais-rentaveis\/#primaryimage"},"image":{"@id":"https:\/\/www.notibras.com\/site\/educacao-tecnica-esta-entre-investimentos-mais-rentaveis\/#primaryimage"},"thumbnailUrl":"https:\/\/www.notibras.com\/site\/wp-content\/uploads\/2023\/11\/edutec.webp","datePublished":"2023-11-29T03:25:04+00:00","dateModified":"2023-11-29T12:26:37+00:00","breadcrumb":{"@id":"https:\/\/www.notibras.com\/site\/educacao-tecnica-esta-entre-investimentos-mais-rentaveis\/#breadcrumb"},"inLanguage":"pt-BR","potentialAction":[{"@type":"ReadAction","target":["https:\/\/www.notibras.com\/site\/educacao-tecnica-esta-entre-investimentos-mais-rentaveis\/"]}]},{"@type":"ImageObject","inLanguage":"pt-BR","@id":"https:\/\/www.notibras.com\/site\/educacao-tecnica-esta-entre-investimentos-mais-rentaveis\/#primaryimage","url":"https:\/\/www.notibras.com\/site\/wp-content\/uploads\/2023\/11\/edutec.webp","contentUrl":"https:\/\/www.notibras.com\/site\/wp-content\/uploads\/2023\/11\/edutec.webp","width":1170,"height":700},{"@type":"BreadcrumbList","@id":"https:\/\/www.notibras.com\/site\/educacao-tecnica-esta-entre-investimentos-mais-rentaveis\/#breadcrumb","itemListElement":[{"@type":"ListItem","position":1,"name":"In\u00edcio","item":"https:\/\/www.notibras.com\/site\/"},{"@type":"ListItem","position":2,"name":"Educa\u00e7\u00e3o t\u00e9cnica est\u00e1 entre investimentos mais rent\u00e1veis"}]},{"@type":"WebSite","@id":"https:\/\/www.notibras.com\/site\/#website","url":"https:\/\/www.notibras.com\/site\/","name":"Notibras","description":"Not\u00edcias de Bras\u00edlia, do Brasil e do Mundo","publisher":{"@id":"https:\/\/www.notibras.com\/site\/#organization"},"potentialAction":[{"@type":"SearchAction","target":{"@type":"EntryPoint","urlTemplate":"https:\/\/www.notibras.com\/site\/?s={search_term_string}"},"query-input":{"@type":"PropertyValueSpecification","valueRequired":true,"valueName":"search_term_string"}}],"inLanguage":"pt-BR"},{"@type":"Organization","@id":"https:\/\/www.notibras.com\/site\/#organization","name":"Grupo Notibras de Comunica\u00e7\u00e3o","url":"https:\/\/www.notibras.com\/site\/","logo":{"@type":"ImageObject","inLanguage":"pt-BR","@id":"https:\/\/www.notibras.com\/site\/#\/schema\/logo\/image\/","url":"https:\/\/www.notibras.com\/site\/wp-content\/uploads\/2023\/01\/notibras23.png","contentUrl":"https:\/\/www.notibras.com\/site\/wp-content\/uploads\/2023\/01\/notibras23.png","width":350,"height":87,"caption":"Grupo Notibras de Comunica\u00e7\u00e3o"},"image":{"@id":"https:\/\/www.notibras.com\/site\/#\/schema\/logo\/image\/"},"sameAs":["https:\/\/www.facebook.com\/notibras\/","https:\/\/x.com\/Notibras","https:\/\/www.instagram.com\/notibras\/"]},{"@type":"Person","@id":"https:\/\/www.notibras.com\/site\/#\/schema\/person\/36ab0979449956132d3e5b517ea76ac8","name":"Reda\u00e7\u00e3o","image":{"@type":"ImageObject","inLanguage":"pt-BR","@id":"https:\/\/secure.gravatar.com\/avatar\/e0a867bdedb85fd243eadf09663511f96fc81e0720a4a42581f334ad4303aa6b?s=96&d=mm&r=g","url":"https:\/\/secure.gravatar.com\/avatar\/e0a867bdedb85fd243eadf09663511f96fc81e0720a4a42581f334ad4303aa6b?s=96&d=mm&r=g","contentUrl":"https:\/\/secure.gravatar.com\/avatar\/e0a867bdedb85fd243eadf09663511f96fc81e0720a4a42581f334ad4303aa6b?s=96&d=mm&r=g","caption":"Reda\u00e7\u00e3o"}}]}},"amp_enabled":true,"_links":{"self":[{"href":"https:\/\/www.notibras.com\/site\/wp-json\/wp\/v2\/posts\/318056","targetHints":{"allow":["GET"]}}],"collection":[{"href":"https:\/\/www.notibras.com\/site\/wp-json\/wp\/v2\/posts"}],"about":[{"href":"https:\/\/www.notibras.com\/site\/wp-json\/wp\/v2\/types\/post"}],"author":[{"embeddable":true,"href":"https:\/\/www.notibras.com\/site\/wp-json\/wp\/v2\/users\/2"}],"replies":[{"embeddable":true,"href":"https:\/\/www.notibras.com\/site\/wp-json\/wp\/v2\/comments?post=318056"}],"version-history":[{"count":1,"href":"https:\/\/www.notibras.com\/site\/wp-json\/wp\/v2\/posts\/318056\/revisions"}],"predecessor-version":[{"id":318058,"href":"https:\/\/www.notibras.com\/site\/wp-json\/wp\/v2\/posts\/318056\/revisions\/318058"}],"wp:featuredmedia":[{"embeddable":true,"href":"https:\/\/www.notibras.com\/site\/wp-json\/wp\/v2\/media\/318057"}],"wp:attachment":[{"href":"https:\/\/www.notibras.com\/site\/wp-json\/wp\/v2\/media?parent=318056"}],"wp:term":[{"taxonomy":"category","embeddable":true,"href":"https:\/\/www.notibras.com\/site\/wp-json\/wp\/v2\/categories?post=318056"},{"taxonomy":"post_tag","embeddable":true,"href":"https:\/\/www.notibras.com\/site\/wp-json\/wp\/v2\/tags?post=318056"}],"curies":[{"name":"wp","href":"https:\/\/api.w.org\/{rel}","templated":true}]}}