{"id":318068,"date":"2023-11-29T00:00:42","date_gmt":"2023-11-29T03:00:42","guid":{"rendered":"https:\/\/www.notibras.com\/site\/?p=318068"},"modified":"2023-11-29T10:01:59","modified_gmt":"2023-11-29T13:01:59","slug":"capital-registra-menor-taxa-de-desemprego-do-ano","status":"publish","type":"post","link":"https:\/\/www.notibras.com\/site\/capital-registra-menor-taxa-de-desemprego-do-ano\/","title":{"rendered":"Capital registra menor taxa de desemprego do ano"},"content":{"rendered":"<p>Uma pesquisa de Emprego e Desemprego do Distrito Federal e de sua \u00c1rea Metropolitana, elaborado pelo Instituto de Pesquisa e Estat\u00edstica do Distrito Federal, indica que a capital da Rep\u00fablica registra hoje a menor taxa de desemprego do ano.<\/p>\n<p>De acordo com o levantamento, a taxa de desemprego total no m\u00eas de outubro caiu para 15,6%, 0,9 ponto percentual a menos que em setembro (16,5%). No mesmo per\u00edodo, a taxa de participa\u00e7\u00e3o, agrupamento de pessoas com 14 anos ou mais inseridas no mercado de trabalho oscilou positivamente, ao passar de 65,1% para 65,3%.<\/p>\n<p>A explica\u00e7\u00e3o do comportamento no \u00faltimo m\u00eas foi o aumento do volume de ocupados: 19 mil postos de trabalho foram criados, n\u00famero suficiente para absorver a ligeira eleva\u00e7\u00e3o da Popula\u00e7\u00e3o Economicamente Ativa (PEA), com mais 6 mil pessoas no mercado de trabalho. O contingente de ocupados decorreu do acr\u00e9scimo do n\u00famero de postos de trabalho nos setores de Servi\u00e7os e de Com\u00e9rcio e repara\u00e7\u00e3o. J\u00e1 a Ind\u00fastria de transforma\u00e7\u00e3o permaneceu est\u00e1vel e n\u00e3o houve varia\u00e7\u00e3o na Constru\u00e7\u00e3o.<\/p>\n<p>No DF houve queda tanto na taxa de desemprego aberto, que passou de 13,8% para 13,3%, quanto na taxa de desemprego oculto, de 2,7% para 2,3% da PEA correspondente.<\/p>\n<p>A AMB manteve a taxa de desemprego total em 16,3%, o que sugere estabilidade no mercado de trabalho. Entre setembro e outubro, foi poss\u00edvel observar um aumento no n\u00famero de pessoas empregadas: de 1.422.000, em setembro, para 1.441.000 em outubro e configurando o maior n\u00famero de pessoas ocupadas desde 2020.<\/p>\n<p>Na compara\u00e7\u00e3o com outubro de 2022, o n\u00famero de empregados aumentou 14,5% na categoria Administra\u00e7\u00e3o p\u00fablica e 5,6% em Servi\u00e7os. Os setores de Com\u00e9rcio e repara\u00e7\u00e3o (-11,2%), Constru\u00e7\u00e3o (-10,1%) e Ind\u00fastria da transforma\u00e7\u00e3o (-2,2%) apresentaram queda no contingente de trabalhadores no per\u00edodo.<\/p>\n","protected":false},"excerpt":{"rendered":"<p>Uma pesquisa de Emprego e Desemprego do Distrito Federal e de sua \u00c1rea Metropolitana, elaborado pelo Instituto de Pesquisa e Estat\u00edstica do Distrito Federal, indica que a capital da Rep\u00fablica registra hoje a menor taxa de desemprego do ano. De acordo com o levantamento, a taxa de desemprego total no m\u00eas de outubro caiu para [&hellip;]<\/p>\n","protected":false},"author":2,"featured_media":318069,"comment_status":"closed","ping_status":"closed","sticky":false,"template":"","format":"standard","meta":{"_acf_changed":false,"footnotes":""},"categories":[161],"tags":[],"class_list":["post-318068","post","type-post","status-publish","format-standard","has-post-thumbnail","hentry","category-quadradinho-em-foco"],"acf":[],"yoast_head":"<!-- This site is optimized with the Yoast SEO plugin v27.2 - https:\/\/yoast.com\/product\/yoast-seo-wordpress\/ -->\n<title>Capital registra menor taxa de desemprego do ano - Notibras<\/title>\n<meta name=\"robots\" content=\"index, follow, max-snippet:-1, max-image-preview:large, max-video-preview:-1\" \/>\n<link rel=\"canonical\" href=\"https:\/\/www.notibras.com\/site\/capital-registra-menor-taxa-de-desemprego-do-ano\/\" \/>\n<meta property=\"og:locale\" content=\"pt_BR\" \/>\n<meta property=\"og:type\" content=\"article\" \/>\n<meta property=\"og:title\" content=\"Capital registra menor taxa de desemprego do ano - Notibras\" \/>\n<meta property=\"og:description\" content=\"Uma pesquisa de Emprego e Desemprego do Distrito Federal e de sua \u00c1rea Metropolitana, elaborado pelo Instituto de Pesquisa e Estat\u00edstica do Distrito Federal, indica que a capital da Rep\u00fablica registra hoje a menor taxa de desemprego do ano. De acordo com o levantamento, a taxa de desemprego total no m\u00eas de outubro caiu para [&hellip;]\" \/>\n<meta property=\"og:url\" content=\"https:\/\/www.notibras.com\/site\/capital-registra-menor-taxa-de-desemprego-do-ano\/\" \/>\n<meta property=\"og:site_name\" content=\"Notibras\" \/>\n<meta property=\"article:publisher\" content=\"https:\/\/www.facebook.com\/notibras\/\" \/>\n<meta property=\"article:published_time\" content=\"2023-11-29T03:00:42+00:00\" \/>\n<meta property=\"article:modified_time\" content=\"2023-11-29T13:01:59+00:00\" \/>\n<meta property=\"og:image\" content=\"https:\/\/www.notibras.com\/site\/wp-content\/uploads\/2023\/11\/emp.df_.jpg\" \/>\n\t<meta property=\"og:image:width\" content=\"1536\" \/>\n\t<meta property=\"og:image:height\" content=\"1024\" \/>\n\t<meta property=\"og:image:type\" content=\"image\/jpeg\" \/>\n<meta name=\"author\" content=\"Reda\u00e7\u00e3o\" \/>\n<meta name=\"twitter:card\" content=\"summary_large_image\" \/>\n<meta name=\"twitter:creator\" content=\"@Notibras\" \/>\n<meta name=\"twitter:site\" content=\"@Notibras\" \/>\n<meta name=\"twitter:label1\" content=\"Escrito por\" \/>\n\t<meta name=\"twitter:data1\" content=\"Reda\u00e7\u00e3o\" \/>\n\t<meta name=\"twitter:label2\" content=\"Est. tempo de leitura\" \/>\n\t<meta name=\"twitter:data2\" content=\"2 minutos\" \/>\n<script type=\"application\/ld+json\" class=\"yoast-schema-graph\">{\"@context\":\"https:\/\/schema.org\",\"@graph\":[{\"@type\":\"Article\",\"@id\":\"https:\/\/www.notibras.com\/site\/capital-registra-menor-taxa-de-desemprego-do-ano\/#article\",\"isPartOf\":{\"@id\":\"https:\/\/www.notibras.com\/site\/capital-registra-menor-taxa-de-desemprego-do-ano\/\"},\"author\":{\"name\":\"Reda\u00e7\u00e3o\",\"@id\":\"https:\/\/www.notibras.com\/site\/#\/schema\/person\/36ab0979449956132d3e5b517ea76ac8\"},\"headline\":\"Capital registra menor taxa de desemprego do ano\",\"datePublished\":\"2023-11-29T03:00:42+00:00\",\"dateModified\":\"2023-11-29T13:01:59+00:00\",\"mainEntityOfPage\":{\"@id\":\"https:\/\/www.notibras.com\/site\/capital-registra-menor-taxa-de-desemprego-do-ano\/\"},\"wordCount\":315,\"publisher\":{\"@id\":\"https:\/\/www.notibras.com\/site\/#organization\"},\"image\":{\"@id\":\"https:\/\/www.notibras.com\/site\/capital-registra-menor-taxa-de-desemprego-do-ano\/#primaryimage\"},\"thumbnailUrl\":\"https:\/\/www.notibras.com\/site\/wp-content\/uploads\/2023\/11\/emp.df_.jpg\",\"articleSection\":[\"Quadradinho em Foco\"],\"inLanguage\":\"pt-BR\"},{\"@type\":\"WebPage\",\"@id\":\"https:\/\/www.notibras.com\/site\/capital-registra-menor-taxa-de-desemprego-do-ano\/\",\"url\":\"https:\/\/www.notibras.com\/site\/capital-registra-menor-taxa-de-desemprego-do-ano\/\",\"name\":\"Capital registra menor taxa de desemprego do ano - Notibras\",\"isPartOf\":{\"@id\":\"https:\/\/www.notibras.com\/site\/#website\"},\"primaryImageOfPage\":{\"@id\":\"https:\/\/www.notibras.com\/site\/capital-registra-menor-taxa-de-desemprego-do-ano\/#primaryimage\"},\"image\":{\"@id\":\"https:\/\/www.notibras.com\/site\/capital-registra-menor-taxa-de-desemprego-do-ano\/#primaryimage\"},\"thumbnailUrl\":\"https:\/\/www.notibras.com\/site\/wp-content\/uploads\/2023\/11\/emp.df_.jpg\",\"datePublished\":\"2023-11-29T03:00:42+00:00\",\"dateModified\":\"2023-11-29T13:01:59+00:00\",\"breadcrumb\":{\"@id\":\"https:\/\/www.notibras.com\/site\/capital-registra-menor-taxa-de-desemprego-do-ano\/#breadcrumb\"},\"inLanguage\":\"pt-BR\",\"potentialAction\":[{\"@type\":\"ReadAction\",\"target\":[\"https:\/\/www.notibras.com\/site\/capital-registra-menor-taxa-de-desemprego-do-ano\/\"]}]},{\"@type\":\"ImageObject\",\"inLanguage\":\"pt-BR\",\"@id\":\"https:\/\/www.notibras.com\/site\/capital-registra-menor-taxa-de-desemprego-do-ano\/#primaryimage\",\"url\":\"https:\/\/www.notibras.com\/site\/wp-content\/uploads\/2023\/11\/emp.df_.jpg\",\"contentUrl\":\"https:\/\/www.notibras.com\/site\/wp-content\/uploads\/2023\/11\/emp.df_.jpg\",\"width\":1536,\"height\":1024},{\"@type\":\"BreadcrumbList\",\"@id\":\"https:\/\/www.notibras.com\/site\/capital-registra-menor-taxa-de-desemprego-do-ano\/#breadcrumb\",\"itemListElement\":[{\"@type\":\"ListItem\",\"position\":1,\"name\":\"In\u00edcio\",\"item\":\"https:\/\/www.notibras.com\/site\/\"},{\"@type\":\"ListItem\",\"position\":2,\"name\":\"Capital registra menor taxa de desemprego do ano\"}]},{\"@type\":\"WebSite\",\"@id\":\"https:\/\/www.notibras.com\/site\/#website\",\"url\":\"https:\/\/www.notibras.com\/site\/\",\"name\":\"Notibras\",\"description\":\"Not\u00edcias de Bras\u00edlia, do Brasil e do Mundo\",\"publisher\":{\"@id\":\"https:\/\/www.notibras.com\/site\/#organization\"},\"potentialAction\":[{\"@type\":\"SearchAction\",\"target\":{\"@type\":\"EntryPoint\",\"urlTemplate\":\"https:\/\/www.notibras.com\/site\/?s={search_term_string}\"},\"query-input\":{\"@type\":\"PropertyValueSpecification\",\"valueRequired\":true,\"valueName\":\"search_term_string\"}}],\"inLanguage\":\"pt-BR\"},{\"@type\":\"Organization\",\"@id\":\"https:\/\/www.notibras.com\/site\/#organization\",\"name\":\"Grupo Notibras de Comunica\u00e7\u00e3o\",\"url\":\"https:\/\/www.notibras.com\/site\/\",\"logo\":{\"@type\":\"ImageObject\",\"inLanguage\":\"pt-BR\",\"@id\":\"https:\/\/www.notibras.com\/site\/#\/schema\/logo\/image\/\",\"url\":\"https:\/\/www.notibras.com\/site\/wp-content\/uploads\/2023\/01\/notibras23.png\",\"contentUrl\":\"https:\/\/www.notibras.com\/site\/wp-content\/uploads\/2023\/01\/notibras23.png\",\"width\":350,\"height\":87,\"caption\":\"Grupo Notibras de Comunica\u00e7\u00e3o\"},\"image\":{\"@id\":\"https:\/\/www.notibras.com\/site\/#\/schema\/logo\/image\/\"},\"sameAs\":[\"https:\/\/www.facebook.com\/notibras\/\",\"https:\/\/x.com\/Notibras\",\"https:\/\/www.instagram.com\/notibras\/\"]},{\"@type\":\"Person\",\"@id\":\"https:\/\/www.notibras.com\/site\/#\/schema\/person\/36ab0979449956132d3e5b517ea76ac8\",\"name\":\"Reda\u00e7\u00e3o\",\"image\":{\"@type\":\"ImageObject\",\"inLanguage\":\"pt-BR\",\"@id\":\"https:\/\/secure.gravatar.com\/avatar\/e0a867bdedb85fd243eadf09663511f96fc81e0720a4a42581f334ad4303aa6b?s=96&d=mm&r=g\",\"url\":\"https:\/\/secure.gravatar.com\/avatar\/e0a867bdedb85fd243eadf09663511f96fc81e0720a4a42581f334ad4303aa6b?s=96&d=mm&r=g\",\"contentUrl\":\"https:\/\/secure.gravatar.com\/avatar\/e0a867bdedb85fd243eadf09663511f96fc81e0720a4a42581f334ad4303aa6b?s=96&d=mm&r=g\",\"caption\":\"Reda\u00e7\u00e3o\"}}]}<\/script>\n<!-- \/ Yoast SEO plugin. -->","yoast_head_json":{"title":"Capital registra menor taxa de desemprego do ano - Notibras","robots":{"index":"index","follow":"follow","max-snippet":"max-snippet:-1","max-image-preview":"max-image-preview:large","max-video-preview":"max-video-preview:-1"},"canonical":"https:\/\/www.notibras.com\/site\/capital-registra-menor-taxa-de-desemprego-do-ano\/","og_locale":"pt_BR","og_type":"article","og_title":"Capital registra menor taxa de desemprego do ano - Notibras","og_description":"Uma pesquisa de Emprego e Desemprego do Distrito Federal e de sua \u00c1rea Metropolitana, elaborado pelo Instituto de Pesquisa e Estat\u00edstica do Distrito Federal, indica que a capital da Rep\u00fablica registra hoje a menor taxa de desemprego do ano. De acordo com o levantamento, a taxa de desemprego total no m\u00eas de outubro caiu para [&hellip;]","og_url":"https:\/\/www.notibras.com\/site\/capital-registra-menor-taxa-de-desemprego-do-ano\/","og_site_name":"Notibras","article_publisher":"https:\/\/www.facebook.com\/notibras\/","article_published_time":"2023-11-29T03:00:42+00:00","article_modified_time":"2023-11-29T13:01:59+00:00","og_image":[{"width":1536,"height":1024,"url":"https:\/\/www.notibras.com\/site\/wp-content\/uploads\/2023\/11\/emp.df_.jpg","type":"image\/jpeg"}],"author":"Reda\u00e7\u00e3o","twitter_card":"summary_large_image","twitter_creator":"@Notibras","twitter_site":"@Notibras","twitter_misc":{"Escrito por":"Reda\u00e7\u00e3o","Est. tempo de leitura":"2 minutos"},"schema":{"@context":"https:\/\/schema.org","@graph":[{"@type":"Article","@id":"https:\/\/www.notibras.com\/site\/capital-registra-menor-taxa-de-desemprego-do-ano\/#article","isPartOf":{"@id":"https:\/\/www.notibras.com\/site\/capital-registra-menor-taxa-de-desemprego-do-ano\/"},"author":{"name":"Reda\u00e7\u00e3o","@id":"https:\/\/www.notibras.com\/site\/#\/schema\/person\/36ab0979449956132d3e5b517ea76ac8"},"headline":"Capital registra menor taxa de desemprego do ano","datePublished":"2023-11-29T03:00:42+00:00","dateModified":"2023-11-29T13:01:59+00:00","mainEntityOfPage":{"@id":"https:\/\/www.notibras.com\/site\/capital-registra-menor-taxa-de-desemprego-do-ano\/"},"wordCount":315,"publisher":{"@id":"https:\/\/www.notibras.com\/site\/#organization"},"image":{"@id":"https:\/\/www.notibras.com\/site\/capital-registra-menor-taxa-de-desemprego-do-ano\/#primaryimage"},"thumbnailUrl":"https:\/\/www.notibras.com\/site\/wp-content\/uploads\/2023\/11\/emp.df_.jpg","articleSection":["Quadradinho em Foco"],"inLanguage":"pt-BR"},{"@type":"WebPage","@id":"https:\/\/www.notibras.com\/site\/capital-registra-menor-taxa-de-desemprego-do-ano\/","url":"https:\/\/www.notibras.com\/site\/capital-registra-menor-taxa-de-desemprego-do-ano\/","name":"Capital registra menor taxa de desemprego do ano - Notibras","isPartOf":{"@id":"https:\/\/www.notibras.com\/site\/#website"},"primaryImageOfPage":{"@id":"https:\/\/www.notibras.com\/site\/capital-registra-menor-taxa-de-desemprego-do-ano\/#primaryimage"},"image":{"@id":"https:\/\/www.notibras.com\/site\/capital-registra-menor-taxa-de-desemprego-do-ano\/#primaryimage"},"thumbnailUrl":"https:\/\/www.notibras.com\/site\/wp-content\/uploads\/2023\/11\/emp.df_.jpg","datePublished":"2023-11-29T03:00:42+00:00","dateModified":"2023-11-29T13:01:59+00:00","breadcrumb":{"@id":"https:\/\/www.notibras.com\/site\/capital-registra-menor-taxa-de-desemprego-do-ano\/#breadcrumb"},"inLanguage":"pt-BR","potentialAction":[{"@type":"ReadAction","target":["https:\/\/www.notibras.com\/site\/capital-registra-menor-taxa-de-desemprego-do-ano\/"]}]},{"@type":"ImageObject","inLanguage":"pt-BR","@id":"https:\/\/www.notibras.com\/site\/capital-registra-menor-taxa-de-desemprego-do-ano\/#primaryimage","url":"https:\/\/www.notibras.com\/site\/wp-content\/uploads\/2023\/11\/emp.df_.jpg","contentUrl":"https:\/\/www.notibras.com\/site\/wp-content\/uploads\/2023\/11\/emp.df_.jpg","width":1536,"height":1024},{"@type":"BreadcrumbList","@id":"https:\/\/www.notibras.com\/site\/capital-registra-menor-taxa-de-desemprego-do-ano\/#breadcrumb","itemListElement":[{"@type":"ListItem","position":1,"name":"In\u00edcio","item":"https:\/\/www.notibras.com\/site\/"},{"@type":"ListItem","position":2,"name":"Capital registra menor taxa de desemprego do ano"}]},{"@type":"WebSite","@id":"https:\/\/www.notibras.com\/site\/#website","url":"https:\/\/www.notibras.com\/site\/","name":"Notibras","description":"Not\u00edcias de Bras\u00edlia, do Brasil e do Mundo","publisher":{"@id":"https:\/\/www.notibras.com\/site\/#organization"},"potentialAction":[{"@type":"SearchAction","target":{"@type":"EntryPoint","urlTemplate":"https:\/\/www.notibras.com\/site\/?s={search_term_string}"},"query-input":{"@type":"PropertyValueSpecification","valueRequired":true,"valueName":"search_term_string"}}],"inLanguage":"pt-BR"},{"@type":"Organization","@id":"https:\/\/www.notibras.com\/site\/#organization","name":"Grupo Notibras de Comunica\u00e7\u00e3o","url":"https:\/\/www.notibras.com\/site\/","logo":{"@type":"ImageObject","inLanguage":"pt-BR","@id":"https:\/\/www.notibras.com\/site\/#\/schema\/logo\/image\/","url":"https:\/\/www.notibras.com\/site\/wp-content\/uploads\/2023\/01\/notibras23.png","contentUrl":"https:\/\/www.notibras.com\/site\/wp-content\/uploads\/2023\/01\/notibras23.png","width":350,"height":87,"caption":"Grupo Notibras de Comunica\u00e7\u00e3o"},"image":{"@id":"https:\/\/www.notibras.com\/site\/#\/schema\/logo\/image\/"},"sameAs":["https:\/\/www.facebook.com\/notibras\/","https:\/\/x.com\/Notibras","https:\/\/www.instagram.com\/notibras\/"]},{"@type":"Person","@id":"https:\/\/www.notibras.com\/site\/#\/schema\/person\/36ab0979449956132d3e5b517ea76ac8","name":"Reda\u00e7\u00e3o","image":{"@type":"ImageObject","inLanguage":"pt-BR","@id":"https:\/\/secure.gravatar.com\/avatar\/e0a867bdedb85fd243eadf09663511f96fc81e0720a4a42581f334ad4303aa6b?s=96&d=mm&r=g","url":"https:\/\/secure.gravatar.com\/avatar\/e0a867bdedb85fd243eadf09663511f96fc81e0720a4a42581f334ad4303aa6b?s=96&d=mm&r=g","contentUrl":"https:\/\/secure.gravatar.com\/avatar\/e0a867bdedb85fd243eadf09663511f96fc81e0720a4a42581f334ad4303aa6b?s=96&d=mm&r=g","caption":"Reda\u00e7\u00e3o"}}]}},"amp_enabled":true,"_links":{"self":[{"href":"https:\/\/www.notibras.com\/site\/wp-json\/wp\/v2\/posts\/318068","targetHints":{"allow":["GET"]}}],"collection":[{"href":"https:\/\/www.notibras.com\/site\/wp-json\/wp\/v2\/posts"}],"about":[{"href":"https:\/\/www.notibras.com\/site\/wp-json\/wp\/v2\/types\/post"}],"author":[{"embeddable":true,"href":"https:\/\/www.notibras.com\/site\/wp-json\/wp\/v2\/users\/2"}],"replies":[{"embeddable":true,"href":"https:\/\/www.notibras.com\/site\/wp-json\/wp\/v2\/comments?post=318068"}],"version-history":[{"count":1,"href":"https:\/\/www.notibras.com\/site\/wp-json\/wp\/v2\/posts\/318068\/revisions"}],"predecessor-version":[{"id":318070,"href":"https:\/\/www.notibras.com\/site\/wp-json\/wp\/v2\/posts\/318068\/revisions\/318070"}],"wp:featuredmedia":[{"embeddable":true,"href":"https:\/\/www.notibras.com\/site\/wp-json\/wp\/v2\/media\/318069"}],"wp:attachment":[{"href":"https:\/\/www.notibras.com\/site\/wp-json\/wp\/v2\/media?parent=318068"}],"wp:term":[{"taxonomy":"category","embeddable":true,"href":"https:\/\/www.notibras.com\/site\/wp-json\/wp\/v2\/categories?post=318068"},{"taxonomy":"post_tag","embeddable":true,"href":"https:\/\/www.notibras.com\/site\/wp-json\/wp\/v2\/tags?post=318068"}],"curies":[{"name":"wp","href":"https:\/\/api.w.org\/{rel}","templated":true}]}}