{"id":318104,"date":"2023-11-30T08:24:21","date_gmt":"2023-11-30T11:24:21","guid":{"rendered":"https:\/\/www.notibras.com\/site\/?p=318104"},"modified":"2023-11-30T08:34:21","modified_gmt":"2023-11-30T11:34:21","slug":"pelo-preco-do-leite-melhor-ter-vaca-em-casa","status":"publish","type":"post","link":"https:\/\/www.notibras.com\/site\/pelo-preco-do-leite-melhor-ter-vaca-em-casa\/","title":{"rendered":"Pelo pre\u00e7o do leite, melhor ter vaca em casa"},"content":{"rendered":"<p>Para n\u00e3o restar d\u00favida, esta hist\u00f3ria aconteceu na segunda metade de 2022, quando aquele pa\u00eds, cujo nome significa vermelho como brasa, afundava em verde e amarelo. E n\u00e3o foi por falta de tentativas daquele povo, guiado que nem gado, que se pendurava em caminh\u00e3o, orava para pneu, dizia que vacina era coisa de comunista e, pasmem, acreditava que o nosso lindo planeta, a velha e boa Terra, era plana.<\/p>\n<p>Juca n\u00e3o era desses que d\u00e3o o bra\u00e7o a torcer, ainda mais diante da mulher, Solange. Que ele havia feito besteira ao votar no genocida, at\u00e9 ele sabia. No entanto, apesar de j\u00e1 n\u00e3o mais acreditar ser poss\u00edvel a t\u00e3o propagada promessa de campanha de que todos os brasileiros de bem teriam uma arma, Juca n\u00e3o conseguia admitir para a esposa a burrada feita nas elei\u00e7\u00f5es.<\/p>\n<p>Entediado que estava, Juca se levantou e, j\u00e1 perto da porta, foi questionado por Solange:<\/p>\n<p>&#8211; Vai aonde?<\/p>\n<p>&#8211; Dar uma volta.<\/p>\n<p>&#8211; Vou com voc\u00ea. Preciso comprar algumas coisas pra casa.<\/p>\n<p>J\u00e1 no mercado, Juca ia empurrando o carrinho. Tentava acompanhar a mulher, que estava muito mais habituada com aquilo. Na verdade, ele nem se lembrava da \u00faltima vez que havia feito compras.<\/p>\n<p>&#8211; Juca, pega dois leites ali.<\/p>\n<p>E l\u00e1 foi o homem buscar os tais leites quando, de repente, se deparou com o pre\u00e7o. Arregalou os olhos e, pela primeira vez, teceu uma cr\u00edtica \u00e0 situa\u00e7\u00e3o econ\u00f4mica do pa\u00eds:<\/p>\n<p>&#8211; Tenho que comprar uma vaca e deixar em casa, pois do jeito que est\u00e1 o pre\u00e7o do leite, Deus me livre.<\/p>\n","protected":false},"excerpt":{"rendered":"<p>Para n\u00e3o restar d\u00favida, esta hist\u00f3ria aconteceu na segunda metade de 2022, quando aquele pa\u00eds, cujo nome significa vermelho como brasa, afundava em verde e amarelo. E n\u00e3o foi por falta de tentativas daquele povo, guiado que nem gado, que se pendurava em caminh\u00e3o, orava para pneu, dizia que vacina era coisa de comunista e, [&hellip;]<\/p>\n","protected":false},"author":2,"featured_media":213670,"comment_status":"closed","ping_status":"closed","sticky":false,"template":"","format":"standard","meta":{"_acf_changed":false,"footnotes":""},"categories":[161],"tags":[],"class_list":["post-318104","post","type-post","status-publish","format-standard","has-post-thumbnail","hentry","category-quadradinho-em-foco"],"acf":[],"yoast_head":"<!-- This site is optimized with the Yoast SEO plugin v27.2 - https:\/\/yoast.com\/product\/yoast-seo-wordpress\/ -->\n<title>Pelo pre\u00e7o do leite, melhor ter vaca em casa - Notibras<\/title>\n<meta name=\"robots\" content=\"index, follow, max-snippet:-1, max-image-preview:large, max-video-preview:-1\" \/>\n<link rel=\"canonical\" href=\"https:\/\/www.notibras.com\/site\/pelo-preco-do-leite-melhor-ter-vaca-em-casa\/\" \/>\n<meta property=\"og:locale\" content=\"pt_BR\" \/>\n<meta property=\"og:type\" content=\"article\" \/>\n<meta property=\"og:title\" content=\"Pelo pre\u00e7o do leite, melhor ter vaca em casa - Notibras\" \/>\n<meta property=\"og:description\" content=\"Para n\u00e3o restar d\u00favida, esta hist\u00f3ria aconteceu na segunda metade de 2022, quando aquele pa\u00eds, cujo nome significa vermelho como brasa, afundava em verde e amarelo. E n\u00e3o foi por falta de tentativas daquele povo, guiado que nem gado, que se pendurava em caminh\u00e3o, orava para pneu, dizia que vacina era coisa de comunista e, [&hellip;]\" \/>\n<meta property=\"og:url\" content=\"https:\/\/www.notibras.com\/site\/pelo-preco-do-leite-melhor-ter-vaca-em-casa\/\" \/>\n<meta property=\"og:site_name\" content=\"Notibras\" \/>\n<meta property=\"article:publisher\" content=\"https:\/\/www.facebook.com\/notibras\/\" \/>\n<meta property=\"article:published_time\" content=\"2023-11-30T11:24:21+00:00\" \/>\n<meta property=\"article:modified_time\" content=\"2023-11-30T11:34:21+00:00\" \/>\n<meta property=\"og:image\" content=\"https:\/\/www.notibras.com\/site\/wp-content\/uploads\/2019\/08\/pecuaria-de-leite.jpg\" \/>\n\t<meta property=\"og:image:width\" content=\"1600\" \/>\n\t<meta property=\"og:image:height\" content=\"744\" \/>\n\t<meta property=\"og:image:type\" content=\"image\/jpeg\" \/>\n<meta name=\"author\" content=\"Reda\u00e7\u00e3o\" \/>\n<meta name=\"twitter:card\" content=\"summary_large_image\" \/>\n<meta name=\"twitter:creator\" content=\"@Notibras\" \/>\n<meta name=\"twitter:site\" content=\"@Notibras\" \/>\n<meta name=\"twitter:label1\" content=\"Escrito por\" \/>\n\t<meta name=\"twitter:data1\" content=\"Reda\u00e7\u00e3o\" \/>\n\t<meta name=\"twitter:label2\" content=\"Est. tempo de leitura\" \/>\n\t<meta name=\"twitter:data2\" content=\"2 minutos\" \/>\n<script type=\"application\/ld+json\" class=\"yoast-schema-graph\">{\"@context\":\"https:\/\/schema.org\",\"@graph\":[{\"@type\":\"Article\",\"@id\":\"https:\/\/www.notibras.com\/site\/pelo-preco-do-leite-melhor-ter-vaca-em-casa\/#article\",\"isPartOf\":{\"@id\":\"https:\/\/www.notibras.com\/site\/pelo-preco-do-leite-melhor-ter-vaca-em-casa\/\"},\"author\":{\"name\":\"Reda\u00e7\u00e3o\",\"@id\":\"https:\/\/www.notibras.com\/site\/#\/schema\/person\/36ab0979449956132d3e5b517ea76ac8\"},\"headline\":\"Pelo pre\u00e7o do leite, melhor ter vaca em casa\",\"datePublished\":\"2023-11-30T11:24:21+00:00\",\"dateModified\":\"2023-11-30T11:34:21+00:00\",\"mainEntityOfPage\":{\"@id\":\"https:\/\/www.notibras.com\/site\/pelo-preco-do-leite-melhor-ter-vaca-em-casa\/\"},\"wordCount\":287,\"publisher\":{\"@id\":\"https:\/\/www.notibras.com\/site\/#organization\"},\"image\":{\"@id\":\"https:\/\/www.notibras.com\/site\/pelo-preco-do-leite-melhor-ter-vaca-em-casa\/#primaryimage\"},\"thumbnailUrl\":\"https:\/\/www.notibras.com\/site\/wp-content\/uploads\/2019\/08\/pecuaria-de-leite.jpg\",\"articleSection\":[\"Quadradinho em Foco\"],\"inLanguage\":\"pt-BR\"},{\"@type\":\"WebPage\",\"@id\":\"https:\/\/www.notibras.com\/site\/pelo-preco-do-leite-melhor-ter-vaca-em-casa\/\",\"url\":\"https:\/\/www.notibras.com\/site\/pelo-preco-do-leite-melhor-ter-vaca-em-casa\/\",\"name\":\"Pelo pre\u00e7o do leite, melhor ter vaca em casa - Notibras\",\"isPartOf\":{\"@id\":\"https:\/\/www.notibras.com\/site\/#website\"},\"primaryImageOfPage\":{\"@id\":\"https:\/\/www.notibras.com\/site\/pelo-preco-do-leite-melhor-ter-vaca-em-casa\/#primaryimage\"},\"image\":{\"@id\":\"https:\/\/www.notibras.com\/site\/pelo-preco-do-leite-melhor-ter-vaca-em-casa\/#primaryimage\"},\"thumbnailUrl\":\"https:\/\/www.notibras.com\/site\/wp-content\/uploads\/2019\/08\/pecuaria-de-leite.jpg\",\"datePublished\":\"2023-11-30T11:24:21+00:00\",\"dateModified\":\"2023-11-30T11:34:21+00:00\",\"breadcrumb\":{\"@id\":\"https:\/\/www.notibras.com\/site\/pelo-preco-do-leite-melhor-ter-vaca-em-casa\/#breadcrumb\"},\"inLanguage\":\"pt-BR\",\"potentialAction\":[{\"@type\":\"ReadAction\",\"target\":[\"https:\/\/www.notibras.com\/site\/pelo-preco-do-leite-melhor-ter-vaca-em-casa\/\"]}]},{\"@type\":\"ImageObject\",\"inLanguage\":\"pt-BR\",\"@id\":\"https:\/\/www.notibras.com\/site\/pelo-preco-do-leite-melhor-ter-vaca-em-casa\/#primaryimage\",\"url\":\"https:\/\/www.notibras.com\/site\/wp-content\/uploads\/2019\/08\/pecuaria-de-leite.jpg\",\"contentUrl\":\"https:\/\/www.notibras.com\/site\/wp-content\/uploads\/2019\/08\/pecuaria-de-leite.jpg\",\"width\":1600,\"height\":744},{\"@type\":\"BreadcrumbList\",\"@id\":\"https:\/\/www.notibras.com\/site\/pelo-preco-do-leite-melhor-ter-vaca-em-casa\/#breadcrumb\",\"itemListElement\":[{\"@type\":\"ListItem\",\"position\":1,\"name\":\"In\u00edcio\",\"item\":\"https:\/\/www.notibras.com\/site\/\"},{\"@type\":\"ListItem\",\"position\":2,\"name\":\"Pelo pre\u00e7o do leite, melhor ter vaca em casa\"}]},{\"@type\":\"WebSite\",\"@id\":\"https:\/\/www.notibras.com\/site\/#website\",\"url\":\"https:\/\/www.notibras.com\/site\/\",\"name\":\"Notibras\",\"description\":\"Not\u00edcias de Bras\u00edlia, do Brasil e do Mundo\",\"publisher\":{\"@id\":\"https:\/\/www.notibras.com\/site\/#organization\"},\"potentialAction\":[{\"@type\":\"SearchAction\",\"target\":{\"@type\":\"EntryPoint\",\"urlTemplate\":\"https:\/\/www.notibras.com\/site\/?s={search_term_string}\"},\"query-input\":{\"@type\":\"PropertyValueSpecification\",\"valueRequired\":true,\"valueName\":\"search_term_string\"}}],\"inLanguage\":\"pt-BR\"},{\"@type\":\"Organization\",\"@id\":\"https:\/\/www.notibras.com\/site\/#organization\",\"name\":\"Grupo Notibras de Comunica\u00e7\u00e3o\",\"url\":\"https:\/\/www.notibras.com\/site\/\",\"logo\":{\"@type\":\"ImageObject\",\"inLanguage\":\"pt-BR\",\"@id\":\"https:\/\/www.notibras.com\/site\/#\/schema\/logo\/image\/\",\"url\":\"https:\/\/www.notibras.com\/site\/wp-content\/uploads\/2023\/01\/notibras23.png\",\"contentUrl\":\"https:\/\/www.notibras.com\/site\/wp-content\/uploads\/2023\/01\/notibras23.png\",\"width\":350,\"height\":87,\"caption\":\"Grupo Notibras de Comunica\u00e7\u00e3o\"},\"image\":{\"@id\":\"https:\/\/www.notibras.com\/site\/#\/schema\/logo\/image\/\"},\"sameAs\":[\"https:\/\/www.facebook.com\/notibras\/\",\"https:\/\/x.com\/Notibras\",\"https:\/\/www.instagram.com\/notibras\/\"]},{\"@type\":\"Person\",\"@id\":\"https:\/\/www.notibras.com\/site\/#\/schema\/person\/36ab0979449956132d3e5b517ea76ac8\",\"name\":\"Reda\u00e7\u00e3o\",\"image\":{\"@type\":\"ImageObject\",\"inLanguage\":\"pt-BR\",\"@id\":\"https:\/\/secure.gravatar.com\/avatar\/e0a867bdedb85fd243eadf09663511f96fc81e0720a4a42581f334ad4303aa6b?s=96&d=mm&r=g\",\"url\":\"https:\/\/secure.gravatar.com\/avatar\/e0a867bdedb85fd243eadf09663511f96fc81e0720a4a42581f334ad4303aa6b?s=96&d=mm&r=g\",\"contentUrl\":\"https:\/\/secure.gravatar.com\/avatar\/e0a867bdedb85fd243eadf09663511f96fc81e0720a4a42581f334ad4303aa6b?s=96&d=mm&r=g\",\"caption\":\"Reda\u00e7\u00e3o\"}}]}<\/script>\n<!-- \/ Yoast SEO plugin. -->","yoast_head_json":{"title":"Pelo pre\u00e7o do leite, melhor ter vaca em casa - Notibras","robots":{"index":"index","follow":"follow","max-snippet":"max-snippet:-1","max-image-preview":"max-image-preview:large","max-video-preview":"max-video-preview:-1"},"canonical":"https:\/\/www.notibras.com\/site\/pelo-preco-do-leite-melhor-ter-vaca-em-casa\/","og_locale":"pt_BR","og_type":"article","og_title":"Pelo pre\u00e7o do leite, melhor ter vaca em casa - Notibras","og_description":"Para n\u00e3o restar d\u00favida, esta hist\u00f3ria aconteceu na segunda metade de 2022, quando aquele pa\u00eds, cujo nome significa vermelho como brasa, afundava em verde e amarelo. E n\u00e3o foi por falta de tentativas daquele povo, guiado que nem gado, que se pendurava em caminh\u00e3o, orava para pneu, dizia que vacina era coisa de comunista e, [&hellip;]","og_url":"https:\/\/www.notibras.com\/site\/pelo-preco-do-leite-melhor-ter-vaca-em-casa\/","og_site_name":"Notibras","article_publisher":"https:\/\/www.facebook.com\/notibras\/","article_published_time":"2023-11-30T11:24:21+00:00","article_modified_time":"2023-11-30T11:34:21+00:00","og_image":[{"width":1600,"height":744,"url":"https:\/\/www.notibras.com\/site\/wp-content\/uploads\/2019\/08\/pecuaria-de-leite.jpg","type":"image\/jpeg"}],"author":"Reda\u00e7\u00e3o","twitter_card":"summary_large_image","twitter_creator":"@Notibras","twitter_site":"@Notibras","twitter_misc":{"Escrito por":"Reda\u00e7\u00e3o","Est. tempo de leitura":"2 minutos"},"schema":{"@context":"https:\/\/schema.org","@graph":[{"@type":"Article","@id":"https:\/\/www.notibras.com\/site\/pelo-preco-do-leite-melhor-ter-vaca-em-casa\/#article","isPartOf":{"@id":"https:\/\/www.notibras.com\/site\/pelo-preco-do-leite-melhor-ter-vaca-em-casa\/"},"author":{"name":"Reda\u00e7\u00e3o","@id":"https:\/\/www.notibras.com\/site\/#\/schema\/person\/36ab0979449956132d3e5b517ea76ac8"},"headline":"Pelo pre\u00e7o do leite, melhor ter vaca em casa","datePublished":"2023-11-30T11:24:21+00:00","dateModified":"2023-11-30T11:34:21+00:00","mainEntityOfPage":{"@id":"https:\/\/www.notibras.com\/site\/pelo-preco-do-leite-melhor-ter-vaca-em-casa\/"},"wordCount":287,"publisher":{"@id":"https:\/\/www.notibras.com\/site\/#organization"},"image":{"@id":"https:\/\/www.notibras.com\/site\/pelo-preco-do-leite-melhor-ter-vaca-em-casa\/#primaryimage"},"thumbnailUrl":"https:\/\/www.notibras.com\/site\/wp-content\/uploads\/2019\/08\/pecuaria-de-leite.jpg","articleSection":["Quadradinho em Foco"],"inLanguage":"pt-BR"},{"@type":"WebPage","@id":"https:\/\/www.notibras.com\/site\/pelo-preco-do-leite-melhor-ter-vaca-em-casa\/","url":"https:\/\/www.notibras.com\/site\/pelo-preco-do-leite-melhor-ter-vaca-em-casa\/","name":"Pelo pre\u00e7o do leite, melhor ter vaca em casa - Notibras","isPartOf":{"@id":"https:\/\/www.notibras.com\/site\/#website"},"primaryImageOfPage":{"@id":"https:\/\/www.notibras.com\/site\/pelo-preco-do-leite-melhor-ter-vaca-em-casa\/#primaryimage"},"image":{"@id":"https:\/\/www.notibras.com\/site\/pelo-preco-do-leite-melhor-ter-vaca-em-casa\/#primaryimage"},"thumbnailUrl":"https:\/\/www.notibras.com\/site\/wp-content\/uploads\/2019\/08\/pecuaria-de-leite.jpg","datePublished":"2023-11-30T11:24:21+00:00","dateModified":"2023-11-30T11:34:21+00:00","breadcrumb":{"@id":"https:\/\/www.notibras.com\/site\/pelo-preco-do-leite-melhor-ter-vaca-em-casa\/#breadcrumb"},"inLanguage":"pt-BR","potentialAction":[{"@type":"ReadAction","target":["https:\/\/www.notibras.com\/site\/pelo-preco-do-leite-melhor-ter-vaca-em-casa\/"]}]},{"@type":"ImageObject","inLanguage":"pt-BR","@id":"https:\/\/www.notibras.com\/site\/pelo-preco-do-leite-melhor-ter-vaca-em-casa\/#primaryimage","url":"https:\/\/www.notibras.com\/site\/wp-content\/uploads\/2019\/08\/pecuaria-de-leite.jpg","contentUrl":"https:\/\/www.notibras.com\/site\/wp-content\/uploads\/2019\/08\/pecuaria-de-leite.jpg","width":1600,"height":744},{"@type":"BreadcrumbList","@id":"https:\/\/www.notibras.com\/site\/pelo-preco-do-leite-melhor-ter-vaca-em-casa\/#breadcrumb","itemListElement":[{"@type":"ListItem","position":1,"name":"In\u00edcio","item":"https:\/\/www.notibras.com\/site\/"},{"@type":"ListItem","position":2,"name":"Pelo pre\u00e7o do leite, melhor ter vaca em casa"}]},{"@type":"WebSite","@id":"https:\/\/www.notibras.com\/site\/#website","url":"https:\/\/www.notibras.com\/site\/","name":"Notibras","description":"Not\u00edcias de Bras\u00edlia, do Brasil e do Mundo","publisher":{"@id":"https:\/\/www.notibras.com\/site\/#organization"},"potentialAction":[{"@type":"SearchAction","target":{"@type":"EntryPoint","urlTemplate":"https:\/\/www.notibras.com\/site\/?s={search_term_string}"},"query-input":{"@type":"PropertyValueSpecification","valueRequired":true,"valueName":"search_term_string"}}],"inLanguage":"pt-BR"},{"@type":"Organization","@id":"https:\/\/www.notibras.com\/site\/#organization","name":"Grupo Notibras de Comunica\u00e7\u00e3o","url":"https:\/\/www.notibras.com\/site\/","logo":{"@type":"ImageObject","inLanguage":"pt-BR","@id":"https:\/\/www.notibras.com\/site\/#\/schema\/logo\/image\/","url":"https:\/\/www.notibras.com\/site\/wp-content\/uploads\/2023\/01\/notibras23.png","contentUrl":"https:\/\/www.notibras.com\/site\/wp-content\/uploads\/2023\/01\/notibras23.png","width":350,"height":87,"caption":"Grupo Notibras de Comunica\u00e7\u00e3o"},"image":{"@id":"https:\/\/www.notibras.com\/site\/#\/schema\/logo\/image\/"},"sameAs":["https:\/\/www.facebook.com\/notibras\/","https:\/\/x.com\/Notibras","https:\/\/www.instagram.com\/notibras\/"]},{"@type":"Person","@id":"https:\/\/www.notibras.com\/site\/#\/schema\/person\/36ab0979449956132d3e5b517ea76ac8","name":"Reda\u00e7\u00e3o","image":{"@type":"ImageObject","inLanguage":"pt-BR","@id":"https:\/\/secure.gravatar.com\/avatar\/e0a867bdedb85fd243eadf09663511f96fc81e0720a4a42581f334ad4303aa6b?s=96&d=mm&r=g","url":"https:\/\/secure.gravatar.com\/avatar\/e0a867bdedb85fd243eadf09663511f96fc81e0720a4a42581f334ad4303aa6b?s=96&d=mm&r=g","contentUrl":"https:\/\/secure.gravatar.com\/avatar\/e0a867bdedb85fd243eadf09663511f96fc81e0720a4a42581f334ad4303aa6b?s=96&d=mm&r=g","caption":"Reda\u00e7\u00e3o"}}]}},"amp_enabled":true,"_links":{"self":[{"href":"https:\/\/www.notibras.com\/site\/wp-json\/wp\/v2\/posts\/318104","targetHints":{"allow":["GET"]}}],"collection":[{"href":"https:\/\/www.notibras.com\/site\/wp-json\/wp\/v2\/posts"}],"about":[{"href":"https:\/\/www.notibras.com\/site\/wp-json\/wp\/v2\/types\/post"}],"author":[{"embeddable":true,"href":"https:\/\/www.notibras.com\/site\/wp-json\/wp\/v2\/users\/2"}],"replies":[{"embeddable":true,"href":"https:\/\/www.notibras.com\/site\/wp-json\/wp\/v2\/comments?post=318104"}],"version-history":[{"count":2,"href":"https:\/\/www.notibras.com\/site\/wp-json\/wp\/v2\/posts\/318104\/revisions"}],"predecessor-version":[{"id":318109,"href":"https:\/\/www.notibras.com\/site\/wp-json\/wp\/v2\/posts\/318104\/revisions\/318109"}],"wp:featuredmedia":[{"embeddable":true,"href":"https:\/\/www.notibras.com\/site\/wp-json\/wp\/v2\/media\/213670"}],"wp:attachment":[{"href":"https:\/\/www.notibras.com\/site\/wp-json\/wp\/v2\/media?parent=318104"}],"wp:term":[{"taxonomy":"category","embeddable":true,"href":"https:\/\/www.notibras.com\/site\/wp-json\/wp\/v2\/categories?post=318104"},{"taxonomy":"post_tag","embeddable":true,"href":"https:\/\/www.notibras.com\/site\/wp-json\/wp\/v2\/tags?post=318104"}],"curies":[{"name":"wp","href":"https:\/\/api.w.org\/{rel}","templated":true}]}}