{"id":318106,"date":"2023-11-30T00:30:53","date_gmt":"2023-11-30T03:30:53","guid":{"rendered":"https:\/\/www.notibras.com\/site\/?p=318106"},"modified":"2023-11-30T08:33:27","modified_gmt":"2023-11-30T11:33:27","slug":"festival-de-brasilia-apresentara-exibe-producoes-em-4k","status":"publish","type":"post","link":"https:\/\/www.notibras.com\/site\/festival-de-brasilia-apresentara-exibe-producoes-em-4k\/","title":{"rendered":"Festival de Bras\u00edlia apresentar\u00e1 exibe produ\u00e7\u00f5es em 4k"},"content":{"rendered":"<p>A organiza\u00e7\u00e3o da sociedade civil Amigos do Futuro e a Secretaria de Cultura e Economia Criativa do Distrito Federal anunciaram, nesta quarta-feira (29), que a 56\u00aa edi\u00e7\u00e3o do Festival de Bras\u00edlia do Cinema Brasileiro exibir\u00e1, pela primeira vez, todos os filmes com a tecnologia 4K. A ultra defini\u00e7\u00e3o das produ\u00e7\u00f5es dever\u00e1 apresentar melhor qualidade nas telas, com imagens mais n\u00edtidas e detalhadas. O an\u00fancio foi feito na divulga\u00e7\u00e3o da programa\u00e7\u00e3o da edi\u00e7\u00e3o do festival, o mais antigo no Brasil. Com o tema Na Casa do Cinema Brasileiro, o evento ser\u00e1 entre 9 e 16 de dezembro.<\/p>\n<p>Na entrevista coletiva \u00e0 imprensa, no Cine Bras\u00edlia, o presidente da edi\u00e7\u00e3o do evento, Fernando Borges, comentou sobre os investimentos em tecnologia de ponta, inclusive com o novo sistema de processamento de \u00e1udio espec\u00edfico (Dolby) para salas de proje\u00e7\u00e3o, o que deve aumentar o n\u00edvel do festival.<\/p>\n<p>\u201c\u00c9 algo que nunca aconteceu e isso nos elenca, inclusive, a n\u00edvel Brasil, junto aos grandes festivais. A gente teve que reconfigurar a nossa estrat\u00e9gia de aplica\u00e7\u00e3o dos recursos do edital [do Governo do Distrito Federal] para que a gente fizesse um investimento alto para trazer essa tecnologia 4k.<\/p>\n<p>Os organizadores explicaram, ainda, que os filmes produzidos com qualidade inferior a 4K ser\u00e3o adaptados \u00e0 nova tecnologia digital.<\/p>\n<p><strong>Recorde<\/strong><br \/>\nA 56\u00aa edi\u00e7\u00e3o do Festival de Bras\u00edlia do Cinema Brasileiro registrou recorde de inscri\u00e7\u00f5es de filmes inscritos: 1.269 t\u00edtulos, sendo 984 curtas e 285 longas, vindos de todas as cinco regi\u00f5es do Brasil.<\/p>\n<p>Entre os filmes inscritos, 50,5% foram produzidos na regi\u00e3o Sudeste; 21,6% s\u00e3o do Nordeste; 16,8%, Centro-Oeste; 11,5%, do Sul; e 3,5%, do Norte. Os estados que lideram o n\u00famero de filmes inscritos foram S\u00e3o Paulo, Rio de Janeiro, Distrito Federal, Minas Gerais, Bahia, Rio Grande do Sul e Pernambuco.<\/p>\n<p>A organiza\u00e7\u00e3o do festival aponta que a dire\u00e7\u00e3o dos filmes ficou a cargo de homens em 60,7% dos filmes, 0,9% trans dos diretores s\u00e3o homens trans. As diretoras mulheres representaram 35,6%, e 0,6% mulheres trans. As pessoas n\u00e3o bin\u00e1rias dirigem 3,4% das produ\u00e7\u00f5es.<\/p>\n<p>A diretora art\u00edstica, curadora do festiva de Bras\u00edlia e tamb\u00e9m diretora e atriz Anna Karina de Carvalho comemorou a diversidade de express\u00f5es brasileiras refletidas nos filmes, inclusive com produ\u00e7\u00e3o ind\u00edgena.<\/p>\n<p>\u201cA pluralidade de vozes reflete a diversidade de quem est\u00e1 por tr\u00e1s das c\u00e2meras, essencial em um pa\u00eds de tantas realidades. Em tela, o urbano e o rural, as ruas e as praias, o palco e a floresta, espa\u00e7os cotidianos de viv\u00eancia e sobreviv\u00eancia que ganham novos contornos e significados e se engrandece, quando assimilados, traduzidos e vistos assim por n\u00f3s, em conjunto\u201d, disse Anna Karina em nome das comiss\u00f5es julgadoras de produ\u00e7\u00f5es de longa e de curta metragens. \u201cEsta n\u00e3o \u00e9 a totalidade, mas, \u00e9 um pequeno recorte dela, naquele tempo e naquele lugar, com tanto a dizer e muito a permanecer\u201d, dimensiona Anna Karina.<\/p>\n<p><strong>Homenagem<\/strong><br \/>\nNeste ano, o Festival de Bras\u00edlia homenageia o ator Antonio Pitanga, de 84 anos. Na noite de abertura do evento, em 9 de dezembro, o artista receber\u00e1 a estatueta Candango pelo conjunto da obra, para celebrar a carreira art\u00edstica de cerca de seis d\u00e9cadas.<\/p>\n<p>Em v\u00eddeo, o ator Antonio Pitanga agradeceu antecipadamente a homenagem. \u201cO festival \u00c9 sempre uma grande tribuna pol\u00edtica, social e cultural. Ser homenageado neste festival traz um afago ao cora\u00e7\u00e3o, de uma carreira com mais de 64 anos, fazendo mais de 80 filmes. \u00c9 uma alegria ser homenageado em vida, neste festival que \u00e9 hist\u00f3rico e tem refer\u00eancia no mundo\u201d.<\/p>\n<p><strong>Programa\u00e7\u00e3o<\/strong><br \/>\nNesta quarta-feira, a comiss\u00e3o organizadora do 56\u00ba Festival de Bras\u00edlia apresentou os t\u00edtulos, equipe de dire\u00e7\u00e3o e a sinopse dos mais de 50 filmes selecionados para o evento.<\/p>\n<p>Durante os oito dias do evento, ser\u00e3o exibidos seis longas-metragens e 12 curtas-metragens participantes da Mostra Competitiva Nacional, que concorrer\u00e3o ao Trof\u00e9u Candango, entregue na cerim\u00f4nia de encerramento, no Cine Bras\u00edlia.<\/p>\n<p>Al\u00e9m destes, outros quatro longas e oito curtas foram anunciados como concorrentes ao 25\u00ba Trof\u00e9u C\u00e2mara Legislativa do Distrito Federal, na Mostra Bras\u00edlia, voltada \u00e0s produ\u00e7\u00f5es do DF. Os vencedores ser\u00e3o escolhidos pelo j\u00fari t\u00e9cnico e pelo voto popular.<\/p>\n<p>A programa\u00e7\u00e3o do festival tamb\u00e9m contar\u00e1 com mais 20 t\u00edtulos nas tr\u00eas mostras paralelas: Outros Olhares, Coprodu\u00e7\u00f5es e Festivalzinho.<\/p>\n<p>\u201cA programa\u00e7\u00e3o fecha o ano de 2023 com um suco narrativo de Brasis\u201d, destaca a diretora art\u00edstica Anna Karina.<\/p>\n<p>Segundo a diretora, o t\u00edtulo do filme de abertura ser\u00e1 anunciado na pr\u00f3xima semana.<\/p>\n<p>A programa\u00e7\u00e3o do festival tamb\u00e9m ser\u00e1 composta por cinco oficinas de forma\u00e7\u00e3o, no formato online, por meio da plataforma Zoom (de 11 a 15 de dezembro), semin\u00e1rios e encontros setoriais, masterclass, atividades de acelera\u00e7\u00e3o de projetos para o mercado, pain\u00e9is que v\u00e3o discutir, entre outros, a reconstru\u00e7\u00e3o do cinema brasileiro, as articula\u00e7\u00f5es em torno da Lei Paulo Gustavo (lei complementar 195\/2022), a recupera\u00e7\u00e3o do setor audiovisual e a retomada das pol\u00edticas setoriais.<\/p>\n<p>A programa\u00e7\u00e3o completa estar\u00e1 dispon\u00edvel, em breve, do hotsite do 56\u00ba Festival de Bras\u00edlia do Cinema Brasileiro, com a ficha t\u00e9cnica de cada um dos filmes concorrentes \u00e0 premia\u00e7\u00e3o candanga e dos participantes das mostras.<\/p>\n<p><strong>Acessibilidade<\/strong><br \/>\nOutra novidade do festival de cinema da capital federal \u00e9 a amplia\u00e7\u00e3o da acessibilidade. A organiza\u00e7\u00e3o do festival apontou que 55,6% dos filmes inscritos j\u00e1 contam com recursos de acessibilidade.<\/p>\n<p>De acordo com Fernando Borges, a acessibilidade do festival seguir\u00e1 o conceito 360\u00ba, com tradu\u00e7\u00e3o para L\u00edngua Brasileira de Sinais (Libras), nas cerim\u00f4nias de abertura e encerramento do evento; equipe especializada para atender e guiar as pessoas com defici\u00eancia presentes; e estrutura espec\u00edfica para garantir o fluxo de pessoas com mobilidade reduzida em todo o espa\u00e7o f\u00edsico do festival. Os filmes ter\u00e3o legenda descritiva para pessoas surdas e audiodescri\u00e7\u00e3o para pessoas cegas, acess\u00edveis por aplicativo de celular. E ainda est\u00e3o agendadas sess\u00f5es exclusivas com acessibilidade no Festivalzinho. \u201cNem todos os filmes dispunham dessa entrega. Mas com esse nosso investimento, deixamos isso, um legado para as obras\u201d, conta Anna Karina.<\/p>\n<p><strong>Fomento e incentivo<\/strong><br \/>\nO investimento de realiza\u00e7\u00e3o do festival foi de R$ 2,75 milh\u00f5es, maior que os R$ 2 milh\u00f5es disponibilizados pelo edital do festival de 2022.<\/p>\n<p>O secret\u00e1rio de Cultura e Economia Criativa do Distrito Federal, Claudio Abrantes, explicou que a gest\u00e3o dele quer planejar antecipadamente e estruturar melhor o festival, para que o evento tenha protagonismo nos pr\u00f3ximos anos e movimente toda cadeia de produ\u00e7\u00e3o do audiovisual, com a gera\u00e7\u00e3o de empregos e oportunidades na cidade.<\/p>\n<p>\u201cN\u00f3s estamos olhando e planejando um festival que seja estudado, trabalhado, que a classe audiovisual seja ouvida, que as institui\u00e7\u00f5es que operam e que o fizeram tragam suas impress\u00f5es. Acima de tudo, que a gente olhe para esse festival como um bem cultural da nossa capital da Rep\u00fablica e, portanto, merece todos o zelo, trabalho, estudo e planejamento\u201d, frisa o secret\u00e1rio.<\/p>\n<p><strong>Servi\u00e7o<\/strong><br \/>\nData: 9 e 16 de dezembro<br \/>\nValor do ingresso: R$20 (inteira); R$ 10 (meia entrada), no Cine Bras\u00edlia.<br \/>\nVenda limitada a dois ingressos por pessoa<br \/>\nFormas de pagamento: cart\u00f5es de cr\u00e9dito e d\u00e9bito, dinheiro e PIX;<br \/>\nIngressos gratuitos nas demais localidades do festival<\/p>\n","protected":false},"excerpt":{"rendered":"<p>A organiza\u00e7\u00e3o da sociedade civil Amigos do Futuro e a Secretaria de Cultura e Economia Criativa do Distrito Federal anunciaram, nesta quarta-feira (29), que a 56\u00aa edi\u00e7\u00e3o do Festival de Bras\u00edlia do Cinema Brasileiro exibir\u00e1, pela primeira vez, todos os filmes com a tecnologia 4K. A ultra defini\u00e7\u00e3o das produ\u00e7\u00f5es dever\u00e1 apresentar melhor qualidade nas [&hellip;]<\/p>\n","protected":false},"author":2,"featured_media":318107,"comment_status":"closed","ping_status":"closed","sticky":false,"template":"","format":"standard","meta":{"_acf_changed":false,"footnotes":""},"categories":[161],"tags":[],"class_list":["post-318106","post","type-post","status-publish","format-standard","has-post-thumbnail","hentry","category-quadradinho-em-foco"],"acf":[],"yoast_head":"<!-- This site is optimized with the Yoast SEO plugin v27.2 - https:\/\/yoast.com\/product\/yoast-seo-wordpress\/ -->\n<title>Festival de Bras\u00edlia apresentar\u00e1 exibe produ\u00e7\u00f5es em 4k - Notibras<\/title>\n<meta name=\"robots\" content=\"index, follow, max-snippet:-1, max-image-preview:large, max-video-preview:-1\" \/>\n<link rel=\"canonical\" href=\"https:\/\/www.notibras.com\/site\/festival-de-brasilia-apresentara-exibe-producoes-em-4k\/\" \/>\n<meta property=\"og:locale\" content=\"pt_BR\" \/>\n<meta property=\"og:type\" content=\"article\" \/>\n<meta property=\"og:title\" content=\"Festival de Bras\u00edlia apresentar\u00e1 exibe produ\u00e7\u00f5es em 4k - Notibras\" \/>\n<meta property=\"og:description\" content=\"A organiza\u00e7\u00e3o da sociedade civil Amigos do Futuro e a Secretaria de Cultura e Economia Criativa do Distrito Federal anunciaram, nesta quarta-feira (29), que a 56\u00aa edi\u00e7\u00e3o do Festival de Bras\u00edlia do Cinema Brasileiro exibir\u00e1, pela primeira vez, todos os filmes com a tecnologia 4K. A ultra defini\u00e7\u00e3o das produ\u00e7\u00f5es dever\u00e1 apresentar melhor qualidade nas [&hellip;]\" \/>\n<meta property=\"og:url\" content=\"https:\/\/www.notibras.com\/site\/festival-de-brasilia-apresentara-exibe-producoes-em-4k\/\" \/>\n<meta property=\"og:site_name\" content=\"Notibras\" \/>\n<meta property=\"article:publisher\" content=\"https:\/\/www.facebook.com\/notibras\/\" \/>\n<meta property=\"article:published_time\" content=\"2023-11-30T03:30:53+00:00\" \/>\n<meta property=\"article:modified_time\" content=\"2023-11-30T11:33:27+00:00\" \/>\n<meta property=\"og:image\" content=\"https:\/\/www.notibras.com\/site\/wp-content\/uploads\/2023\/11\/cinefes.webp\" \/>\n\t<meta property=\"og:image:width\" content=\"1170\" \/>\n\t<meta property=\"og:image:height\" content=\"700\" \/>\n\t<meta property=\"og:image:type\" content=\"image\/webp\" \/>\n<meta name=\"author\" content=\"Reda\u00e7\u00e3o\" \/>\n<meta name=\"twitter:card\" content=\"summary_large_image\" \/>\n<meta name=\"twitter:creator\" content=\"@Notibras\" \/>\n<meta name=\"twitter:site\" content=\"@Notibras\" \/>\n<meta name=\"twitter:label1\" content=\"Escrito por\" \/>\n\t<meta name=\"twitter:data1\" content=\"Reda\u00e7\u00e3o\" \/>\n\t<meta name=\"twitter:label2\" content=\"Est. tempo de leitura\" \/>\n\t<meta name=\"twitter:data2\" content=\"7 minutos\" \/>\n<script type=\"application\/ld+json\" class=\"yoast-schema-graph\">{\"@context\":\"https:\/\/schema.org\",\"@graph\":[{\"@type\":\"Article\",\"@id\":\"https:\/\/www.notibras.com\/site\/festival-de-brasilia-apresentara-exibe-producoes-em-4k\/#article\",\"isPartOf\":{\"@id\":\"https:\/\/www.notibras.com\/site\/festival-de-brasilia-apresentara-exibe-producoes-em-4k\/\"},\"author\":{\"name\":\"Reda\u00e7\u00e3o\",\"@id\":\"https:\/\/www.notibras.com\/site\/#\/schema\/person\/36ab0979449956132d3e5b517ea76ac8\"},\"headline\":\"Festival de Bras\u00edlia apresentar\u00e1 exibe produ\u00e7\u00f5es em 4k\",\"datePublished\":\"2023-11-30T03:30:53+00:00\",\"dateModified\":\"2023-11-30T11:33:27+00:00\",\"mainEntityOfPage\":{\"@id\":\"https:\/\/www.notibras.com\/site\/festival-de-brasilia-apresentara-exibe-producoes-em-4k\/\"},\"wordCount\":1252,\"publisher\":{\"@id\":\"https:\/\/www.notibras.com\/site\/#organization\"},\"image\":{\"@id\":\"https:\/\/www.notibras.com\/site\/festival-de-brasilia-apresentara-exibe-producoes-em-4k\/#primaryimage\"},\"thumbnailUrl\":\"https:\/\/www.notibras.com\/site\/wp-content\/uploads\/2023\/11\/cinefes.webp\",\"articleSection\":[\"Quadradinho em Foco\"],\"inLanguage\":\"pt-BR\"},{\"@type\":\"WebPage\",\"@id\":\"https:\/\/www.notibras.com\/site\/festival-de-brasilia-apresentara-exibe-producoes-em-4k\/\",\"url\":\"https:\/\/www.notibras.com\/site\/festival-de-brasilia-apresentara-exibe-producoes-em-4k\/\",\"name\":\"Festival de Bras\u00edlia apresentar\u00e1 exibe produ\u00e7\u00f5es em 4k - Notibras\",\"isPartOf\":{\"@id\":\"https:\/\/www.notibras.com\/site\/#website\"},\"primaryImageOfPage\":{\"@id\":\"https:\/\/www.notibras.com\/site\/festival-de-brasilia-apresentara-exibe-producoes-em-4k\/#primaryimage\"},\"image\":{\"@id\":\"https:\/\/www.notibras.com\/site\/festival-de-brasilia-apresentara-exibe-producoes-em-4k\/#primaryimage\"},\"thumbnailUrl\":\"https:\/\/www.notibras.com\/site\/wp-content\/uploads\/2023\/11\/cinefes.webp\",\"datePublished\":\"2023-11-30T03:30:53+00:00\",\"dateModified\":\"2023-11-30T11:33:27+00:00\",\"breadcrumb\":{\"@id\":\"https:\/\/www.notibras.com\/site\/festival-de-brasilia-apresentara-exibe-producoes-em-4k\/#breadcrumb\"},\"inLanguage\":\"pt-BR\",\"potentialAction\":[{\"@type\":\"ReadAction\",\"target\":[\"https:\/\/www.notibras.com\/site\/festival-de-brasilia-apresentara-exibe-producoes-em-4k\/\"]}]},{\"@type\":\"ImageObject\",\"inLanguage\":\"pt-BR\",\"@id\":\"https:\/\/www.notibras.com\/site\/festival-de-brasilia-apresentara-exibe-producoes-em-4k\/#primaryimage\",\"url\":\"https:\/\/www.notibras.com\/site\/wp-content\/uploads\/2023\/11\/cinefes.webp\",\"contentUrl\":\"https:\/\/www.notibras.com\/site\/wp-content\/uploads\/2023\/11\/cinefes.webp\",\"width\":1170,\"height\":700},{\"@type\":\"BreadcrumbList\",\"@id\":\"https:\/\/www.notibras.com\/site\/festival-de-brasilia-apresentara-exibe-producoes-em-4k\/#breadcrumb\",\"itemListElement\":[{\"@type\":\"ListItem\",\"position\":1,\"name\":\"In\u00edcio\",\"item\":\"https:\/\/www.notibras.com\/site\/\"},{\"@type\":\"ListItem\",\"position\":2,\"name\":\"Festival de Bras\u00edlia apresentar\u00e1 exibe produ\u00e7\u00f5es em 4k\"}]},{\"@type\":\"WebSite\",\"@id\":\"https:\/\/www.notibras.com\/site\/#website\",\"url\":\"https:\/\/www.notibras.com\/site\/\",\"name\":\"Notibras\",\"description\":\"Not\u00edcias de Bras\u00edlia, do Brasil e do Mundo\",\"publisher\":{\"@id\":\"https:\/\/www.notibras.com\/site\/#organization\"},\"potentialAction\":[{\"@type\":\"SearchAction\",\"target\":{\"@type\":\"EntryPoint\",\"urlTemplate\":\"https:\/\/www.notibras.com\/site\/?s={search_term_string}\"},\"query-input\":{\"@type\":\"PropertyValueSpecification\",\"valueRequired\":true,\"valueName\":\"search_term_string\"}}],\"inLanguage\":\"pt-BR\"},{\"@type\":\"Organization\",\"@id\":\"https:\/\/www.notibras.com\/site\/#organization\",\"name\":\"Grupo Notibras de Comunica\u00e7\u00e3o\",\"url\":\"https:\/\/www.notibras.com\/site\/\",\"logo\":{\"@type\":\"ImageObject\",\"inLanguage\":\"pt-BR\",\"@id\":\"https:\/\/www.notibras.com\/site\/#\/schema\/logo\/image\/\",\"url\":\"https:\/\/www.notibras.com\/site\/wp-content\/uploads\/2023\/01\/notibras23.png\",\"contentUrl\":\"https:\/\/www.notibras.com\/site\/wp-content\/uploads\/2023\/01\/notibras23.png\",\"width\":350,\"height\":87,\"caption\":\"Grupo Notibras de Comunica\u00e7\u00e3o\"},\"image\":{\"@id\":\"https:\/\/www.notibras.com\/site\/#\/schema\/logo\/image\/\"},\"sameAs\":[\"https:\/\/www.facebook.com\/notibras\/\",\"https:\/\/x.com\/Notibras\",\"https:\/\/www.instagram.com\/notibras\/\"]},{\"@type\":\"Person\",\"@id\":\"https:\/\/www.notibras.com\/site\/#\/schema\/person\/36ab0979449956132d3e5b517ea76ac8\",\"name\":\"Reda\u00e7\u00e3o\",\"image\":{\"@type\":\"ImageObject\",\"inLanguage\":\"pt-BR\",\"@id\":\"https:\/\/secure.gravatar.com\/avatar\/e0a867bdedb85fd243eadf09663511f96fc81e0720a4a42581f334ad4303aa6b?s=96&d=mm&r=g\",\"url\":\"https:\/\/secure.gravatar.com\/avatar\/e0a867bdedb85fd243eadf09663511f96fc81e0720a4a42581f334ad4303aa6b?s=96&d=mm&r=g\",\"contentUrl\":\"https:\/\/secure.gravatar.com\/avatar\/e0a867bdedb85fd243eadf09663511f96fc81e0720a4a42581f334ad4303aa6b?s=96&d=mm&r=g\",\"caption\":\"Reda\u00e7\u00e3o\"}}]}<\/script>\n<!-- \/ Yoast SEO plugin. -->","yoast_head_json":{"title":"Festival de Bras\u00edlia apresentar\u00e1 exibe produ\u00e7\u00f5es em 4k - Notibras","robots":{"index":"index","follow":"follow","max-snippet":"max-snippet:-1","max-image-preview":"max-image-preview:large","max-video-preview":"max-video-preview:-1"},"canonical":"https:\/\/www.notibras.com\/site\/festival-de-brasilia-apresentara-exibe-producoes-em-4k\/","og_locale":"pt_BR","og_type":"article","og_title":"Festival de Bras\u00edlia apresentar\u00e1 exibe produ\u00e7\u00f5es em 4k - Notibras","og_description":"A organiza\u00e7\u00e3o da sociedade civil Amigos do Futuro e a Secretaria de Cultura e Economia Criativa do Distrito Federal anunciaram, nesta quarta-feira (29), que a 56\u00aa edi\u00e7\u00e3o do Festival de Bras\u00edlia do Cinema Brasileiro exibir\u00e1, pela primeira vez, todos os filmes com a tecnologia 4K. A ultra defini\u00e7\u00e3o das produ\u00e7\u00f5es dever\u00e1 apresentar melhor qualidade nas [&hellip;]","og_url":"https:\/\/www.notibras.com\/site\/festival-de-brasilia-apresentara-exibe-producoes-em-4k\/","og_site_name":"Notibras","article_publisher":"https:\/\/www.facebook.com\/notibras\/","article_published_time":"2023-11-30T03:30:53+00:00","article_modified_time":"2023-11-30T11:33:27+00:00","og_image":[{"width":1170,"height":700,"url":"https:\/\/www.notibras.com\/site\/wp-content\/uploads\/2023\/11\/cinefes.webp","type":"image\/webp"}],"author":"Reda\u00e7\u00e3o","twitter_card":"summary_large_image","twitter_creator":"@Notibras","twitter_site":"@Notibras","twitter_misc":{"Escrito por":"Reda\u00e7\u00e3o","Est. tempo de leitura":"7 minutos"},"schema":{"@context":"https:\/\/schema.org","@graph":[{"@type":"Article","@id":"https:\/\/www.notibras.com\/site\/festival-de-brasilia-apresentara-exibe-producoes-em-4k\/#article","isPartOf":{"@id":"https:\/\/www.notibras.com\/site\/festival-de-brasilia-apresentara-exibe-producoes-em-4k\/"},"author":{"name":"Reda\u00e7\u00e3o","@id":"https:\/\/www.notibras.com\/site\/#\/schema\/person\/36ab0979449956132d3e5b517ea76ac8"},"headline":"Festival de Bras\u00edlia apresentar\u00e1 exibe produ\u00e7\u00f5es em 4k","datePublished":"2023-11-30T03:30:53+00:00","dateModified":"2023-11-30T11:33:27+00:00","mainEntityOfPage":{"@id":"https:\/\/www.notibras.com\/site\/festival-de-brasilia-apresentara-exibe-producoes-em-4k\/"},"wordCount":1252,"publisher":{"@id":"https:\/\/www.notibras.com\/site\/#organization"},"image":{"@id":"https:\/\/www.notibras.com\/site\/festival-de-brasilia-apresentara-exibe-producoes-em-4k\/#primaryimage"},"thumbnailUrl":"https:\/\/www.notibras.com\/site\/wp-content\/uploads\/2023\/11\/cinefes.webp","articleSection":["Quadradinho em Foco"],"inLanguage":"pt-BR"},{"@type":"WebPage","@id":"https:\/\/www.notibras.com\/site\/festival-de-brasilia-apresentara-exibe-producoes-em-4k\/","url":"https:\/\/www.notibras.com\/site\/festival-de-brasilia-apresentara-exibe-producoes-em-4k\/","name":"Festival de Bras\u00edlia apresentar\u00e1 exibe produ\u00e7\u00f5es em 4k - Notibras","isPartOf":{"@id":"https:\/\/www.notibras.com\/site\/#website"},"primaryImageOfPage":{"@id":"https:\/\/www.notibras.com\/site\/festival-de-brasilia-apresentara-exibe-producoes-em-4k\/#primaryimage"},"image":{"@id":"https:\/\/www.notibras.com\/site\/festival-de-brasilia-apresentara-exibe-producoes-em-4k\/#primaryimage"},"thumbnailUrl":"https:\/\/www.notibras.com\/site\/wp-content\/uploads\/2023\/11\/cinefes.webp","datePublished":"2023-11-30T03:30:53+00:00","dateModified":"2023-11-30T11:33:27+00:00","breadcrumb":{"@id":"https:\/\/www.notibras.com\/site\/festival-de-brasilia-apresentara-exibe-producoes-em-4k\/#breadcrumb"},"inLanguage":"pt-BR","potentialAction":[{"@type":"ReadAction","target":["https:\/\/www.notibras.com\/site\/festival-de-brasilia-apresentara-exibe-producoes-em-4k\/"]}]},{"@type":"ImageObject","inLanguage":"pt-BR","@id":"https:\/\/www.notibras.com\/site\/festival-de-brasilia-apresentara-exibe-producoes-em-4k\/#primaryimage","url":"https:\/\/www.notibras.com\/site\/wp-content\/uploads\/2023\/11\/cinefes.webp","contentUrl":"https:\/\/www.notibras.com\/site\/wp-content\/uploads\/2023\/11\/cinefes.webp","width":1170,"height":700},{"@type":"BreadcrumbList","@id":"https:\/\/www.notibras.com\/site\/festival-de-brasilia-apresentara-exibe-producoes-em-4k\/#breadcrumb","itemListElement":[{"@type":"ListItem","position":1,"name":"In\u00edcio","item":"https:\/\/www.notibras.com\/site\/"},{"@type":"ListItem","position":2,"name":"Festival de Bras\u00edlia apresentar\u00e1 exibe produ\u00e7\u00f5es em 4k"}]},{"@type":"WebSite","@id":"https:\/\/www.notibras.com\/site\/#website","url":"https:\/\/www.notibras.com\/site\/","name":"Notibras","description":"Not\u00edcias de Bras\u00edlia, do Brasil e do Mundo","publisher":{"@id":"https:\/\/www.notibras.com\/site\/#organization"},"potentialAction":[{"@type":"SearchAction","target":{"@type":"EntryPoint","urlTemplate":"https:\/\/www.notibras.com\/site\/?s={search_term_string}"},"query-input":{"@type":"PropertyValueSpecification","valueRequired":true,"valueName":"search_term_string"}}],"inLanguage":"pt-BR"},{"@type":"Organization","@id":"https:\/\/www.notibras.com\/site\/#organization","name":"Grupo Notibras de Comunica\u00e7\u00e3o","url":"https:\/\/www.notibras.com\/site\/","logo":{"@type":"ImageObject","inLanguage":"pt-BR","@id":"https:\/\/www.notibras.com\/site\/#\/schema\/logo\/image\/","url":"https:\/\/www.notibras.com\/site\/wp-content\/uploads\/2023\/01\/notibras23.png","contentUrl":"https:\/\/www.notibras.com\/site\/wp-content\/uploads\/2023\/01\/notibras23.png","width":350,"height":87,"caption":"Grupo Notibras de Comunica\u00e7\u00e3o"},"image":{"@id":"https:\/\/www.notibras.com\/site\/#\/schema\/logo\/image\/"},"sameAs":["https:\/\/www.facebook.com\/notibras\/","https:\/\/x.com\/Notibras","https:\/\/www.instagram.com\/notibras\/"]},{"@type":"Person","@id":"https:\/\/www.notibras.com\/site\/#\/schema\/person\/36ab0979449956132d3e5b517ea76ac8","name":"Reda\u00e7\u00e3o","image":{"@type":"ImageObject","inLanguage":"pt-BR","@id":"https:\/\/secure.gravatar.com\/avatar\/e0a867bdedb85fd243eadf09663511f96fc81e0720a4a42581f334ad4303aa6b?s=96&d=mm&r=g","url":"https:\/\/secure.gravatar.com\/avatar\/e0a867bdedb85fd243eadf09663511f96fc81e0720a4a42581f334ad4303aa6b?s=96&d=mm&r=g","contentUrl":"https:\/\/secure.gravatar.com\/avatar\/e0a867bdedb85fd243eadf09663511f96fc81e0720a4a42581f334ad4303aa6b?s=96&d=mm&r=g","caption":"Reda\u00e7\u00e3o"}}]}},"amp_enabled":true,"_links":{"self":[{"href":"https:\/\/www.notibras.com\/site\/wp-json\/wp\/v2\/posts\/318106","targetHints":{"allow":["GET"]}}],"collection":[{"href":"https:\/\/www.notibras.com\/site\/wp-json\/wp\/v2\/posts"}],"about":[{"href":"https:\/\/www.notibras.com\/site\/wp-json\/wp\/v2\/types\/post"}],"author":[{"embeddable":true,"href":"https:\/\/www.notibras.com\/site\/wp-json\/wp\/v2\/users\/2"}],"replies":[{"embeddable":true,"href":"https:\/\/www.notibras.com\/site\/wp-json\/wp\/v2\/comments?post=318106"}],"version-history":[{"count":1,"href":"https:\/\/www.notibras.com\/site\/wp-json\/wp\/v2\/posts\/318106\/revisions"}],"predecessor-version":[{"id":318108,"href":"https:\/\/www.notibras.com\/site\/wp-json\/wp\/v2\/posts\/318106\/revisions\/318108"}],"wp:featuredmedia":[{"embeddable":true,"href":"https:\/\/www.notibras.com\/site\/wp-json\/wp\/v2\/media\/318107"}],"wp:attachment":[{"href":"https:\/\/www.notibras.com\/site\/wp-json\/wp\/v2\/media?parent=318106"}],"wp:term":[{"taxonomy":"category","embeddable":true,"href":"https:\/\/www.notibras.com\/site\/wp-json\/wp\/v2\/categories?post=318106"},{"taxonomy":"post_tag","embeddable":true,"href":"https:\/\/www.notibras.com\/site\/wp-json\/wp\/v2\/tags?post=318106"}],"curies":[{"name":"wp","href":"https:\/\/api.w.org\/{rel}","templated":true}]}}