{"id":318114,"date":"2023-11-30T00:00:06","date_gmt":"2023-11-30T03:00:06","guid":{"rendered":"https:\/\/www.notibras.com\/site\/?p=318114"},"modified":"2023-11-30T09:08:41","modified_gmt":"2023-11-30T12:08:41","slug":"programa-de-vacinacao-em-escolas-comeca-a-andar","status":"publish","type":"post","link":"https:\/\/www.notibras.com\/site\/programa-de-vacinacao-em-escolas-comeca-a-andar\/","title":{"rendered":"Programa de vacina\u00e7\u00e3o em escolas come\u00e7a a andar"},"content":{"rendered":"<p>O Projeto de Lei (PL) 826\/2019, que institui um Programa Nacional de Vacina\u00e7\u00e3o em Escolas, foi aprovado nesta quarta-feira (29) pela Comiss\u00e3o de Assuntos Sociais (CAS) e segue agora para an\u00e1lise da Comiss\u00e3o de Educa\u00e7\u00e3o, \u00e0 qual caber\u00e1 a decis\u00e3o final. A mat\u00e9ria \u00e9 de autoria da C\u00e2mara dos Deputados e obteve relat\u00f3rio favor\u00e1vel do senador Humberto Costa (PT-PE).<\/p>\n<p>Segundo a proposi\u00e7\u00e3o, o programa ser\u00e1 destinado prioritariamente a alunos da educa\u00e7\u00e3o infantil e do ensino fundamental, visando a intensificar as a\u00e7\u00f5es de vacina\u00e7\u00e3o e ampliar a cobertura vacinal. Estabelecimentos p\u00fablicos ou que recebam recursos p\u00fablicos, de educa\u00e7\u00e3o infantil e ensino fundamental, ficam obrigados a aderir ao programa.<\/p>\n<p>O projeto estabelece ainda que escolas particulares podem optar por participar e que as institui\u00e7\u00f5es de ensino participantes devem entrar em contato com as unidades de sa\u00fade locais.<\/p>\n<p>Pelo texto, fica determinado que a vacina\u00e7\u00e3o ocorrer\u00e1 ap\u00f3s o come\u00e7o da Campanha Nacional de Vacina\u00e7\u00e3o contra a Influenza e incluir\u00e1 vacinas de rotina e de campanhas. Alunos sem cart\u00e3o de vacina\u00e7\u00e3o receber\u00e3o um novo no momento da vacina\u00e7\u00e3o.<\/p>\n<p>A proposi\u00e7\u00e3o estabelece tamb\u00e9m que crian\u00e7as e jovens n\u00e3o matriculados nas escolas participantes e adultos da comunidade tamb\u00e9m podem ser vacinados, dependendo da quantidade de imunizantes dispon\u00edveis.<\/p>\n","protected":false},"excerpt":{"rendered":"<p>O Projeto de Lei (PL) 826\/2019, que institui um Programa Nacional de Vacina\u00e7\u00e3o em Escolas, foi aprovado nesta quarta-feira (29) pela Comiss\u00e3o de Assuntos Sociais (CAS) e segue agora para an\u00e1lise da Comiss\u00e3o de Educa\u00e7\u00e3o, \u00e0 qual caber\u00e1 a decis\u00e3o final. A mat\u00e9ria \u00e9 de autoria da C\u00e2mara dos Deputados e obteve relat\u00f3rio favor\u00e1vel do [&hellip;]<\/p>\n","protected":false},"author":2,"featured_media":318115,"comment_status":"closed","ping_status":"closed","sticky":false,"template":"","format":"standard","meta":{"_acf_changed":false,"footnotes":""},"categories":[161],"tags":[],"class_list":["post-318114","post","type-post","status-publish","format-standard","has-post-thumbnail","hentry","category-quadradinho-em-foco"],"acf":[],"yoast_head":"<!-- This site is optimized with the Yoast SEO plugin v27.2 - https:\/\/yoast.com\/product\/yoast-seo-wordpress\/ -->\n<title>Programa de vacina\u00e7\u00e3o em escolas come\u00e7a a andar - Notibras<\/title>\n<meta name=\"robots\" content=\"index, follow, max-snippet:-1, max-image-preview:large, max-video-preview:-1\" \/>\n<link rel=\"canonical\" href=\"https:\/\/www.notibras.com\/site\/programa-de-vacinacao-em-escolas-comeca-a-andar\/\" \/>\n<meta property=\"og:locale\" content=\"pt_BR\" \/>\n<meta property=\"og:type\" content=\"article\" \/>\n<meta property=\"og:title\" content=\"Programa de vacina\u00e7\u00e3o em escolas come\u00e7a a andar - Notibras\" \/>\n<meta property=\"og:description\" content=\"O Projeto de Lei (PL) 826\/2019, que institui um Programa Nacional de Vacina\u00e7\u00e3o em Escolas, foi aprovado nesta quarta-feira (29) pela Comiss\u00e3o de Assuntos Sociais (CAS) e segue agora para an\u00e1lise da Comiss\u00e3o de Educa\u00e7\u00e3o, \u00e0 qual caber\u00e1 a decis\u00e3o final. A mat\u00e9ria \u00e9 de autoria da C\u00e2mara dos Deputados e obteve relat\u00f3rio favor\u00e1vel do [&hellip;]\" \/>\n<meta property=\"og:url\" content=\"https:\/\/www.notibras.com\/site\/programa-de-vacinacao-em-escolas-comeca-a-andar\/\" \/>\n<meta property=\"og:site_name\" content=\"Notibras\" \/>\n<meta property=\"article:publisher\" content=\"https:\/\/www.facebook.com\/notibras\/\" \/>\n<meta property=\"article:published_time\" content=\"2023-11-30T03:00:06+00:00\" \/>\n<meta property=\"article:modified_time\" content=\"2023-11-30T12:08:41+00:00\" \/>\n<meta property=\"og:image\" content=\"https:\/\/www.notibras.com\/site\/wp-content\/uploads\/2023\/11\/polioesc.webp\" \/>\n\t<meta property=\"og:image:width\" content=\"1170\" \/>\n\t<meta property=\"og:image:height\" content=\"700\" \/>\n\t<meta property=\"og:image:type\" content=\"image\/webp\" \/>\n<meta name=\"author\" content=\"Reda\u00e7\u00e3o\" \/>\n<meta name=\"twitter:card\" content=\"summary_large_image\" \/>\n<meta name=\"twitter:creator\" content=\"@Notibras\" \/>\n<meta name=\"twitter:site\" content=\"@Notibras\" \/>\n<meta name=\"twitter:label1\" content=\"Escrito por\" \/>\n\t<meta name=\"twitter:data1\" content=\"Reda\u00e7\u00e3o\" \/>\n\t<meta name=\"twitter:label2\" content=\"Est. tempo de leitura\" \/>\n\t<meta name=\"twitter:data2\" content=\"2 minutos\" \/>\n<script type=\"application\/ld+json\" class=\"yoast-schema-graph\">{\"@context\":\"https:\/\/schema.org\",\"@graph\":[{\"@type\":\"Article\",\"@id\":\"https:\/\/www.notibras.com\/site\/programa-de-vacinacao-em-escolas-comeca-a-andar\/#article\",\"isPartOf\":{\"@id\":\"https:\/\/www.notibras.com\/site\/programa-de-vacinacao-em-escolas-comeca-a-andar\/\"},\"author\":{\"name\":\"Reda\u00e7\u00e3o\",\"@id\":\"https:\/\/www.notibras.com\/site\/#\/schema\/person\/36ab0979449956132d3e5b517ea76ac8\"},\"headline\":\"Programa de vacina\u00e7\u00e3o em escolas come\u00e7a a andar\",\"datePublished\":\"2023-11-30T03:00:06+00:00\",\"dateModified\":\"2023-11-30T12:08:41+00:00\",\"mainEntityOfPage\":{\"@id\":\"https:\/\/www.notibras.com\/site\/programa-de-vacinacao-em-escolas-comeca-a-andar\/\"},\"wordCount\":240,\"publisher\":{\"@id\":\"https:\/\/www.notibras.com\/site\/#organization\"},\"image\":{\"@id\":\"https:\/\/www.notibras.com\/site\/programa-de-vacinacao-em-escolas-comeca-a-andar\/#primaryimage\"},\"thumbnailUrl\":\"https:\/\/www.notibras.com\/site\/wp-content\/uploads\/2023\/11\/polioesc.webp\",\"articleSection\":[\"Quadradinho em Foco\"],\"inLanguage\":\"pt-BR\"},{\"@type\":\"WebPage\",\"@id\":\"https:\/\/www.notibras.com\/site\/programa-de-vacinacao-em-escolas-comeca-a-andar\/\",\"url\":\"https:\/\/www.notibras.com\/site\/programa-de-vacinacao-em-escolas-comeca-a-andar\/\",\"name\":\"Programa de vacina\u00e7\u00e3o em escolas come\u00e7a a andar - Notibras\",\"isPartOf\":{\"@id\":\"https:\/\/www.notibras.com\/site\/#website\"},\"primaryImageOfPage\":{\"@id\":\"https:\/\/www.notibras.com\/site\/programa-de-vacinacao-em-escolas-comeca-a-andar\/#primaryimage\"},\"image\":{\"@id\":\"https:\/\/www.notibras.com\/site\/programa-de-vacinacao-em-escolas-comeca-a-andar\/#primaryimage\"},\"thumbnailUrl\":\"https:\/\/www.notibras.com\/site\/wp-content\/uploads\/2023\/11\/polioesc.webp\",\"datePublished\":\"2023-11-30T03:00:06+00:00\",\"dateModified\":\"2023-11-30T12:08:41+00:00\",\"breadcrumb\":{\"@id\":\"https:\/\/www.notibras.com\/site\/programa-de-vacinacao-em-escolas-comeca-a-andar\/#breadcrumb\"},\"inLanguage\":\"pt-BR\",\"potentialAction\":[{\"@type\":\"ReadAction\",\"target\":[\"https:\/\/www.notibras.com\/site\/programa-de-vacinacao-em-escolas-comeca-a-andar\/\"]}]},{\"@type\":\"ImageObject\",\"inLanguage\":\"pt-BR\",\"@id\":\"https:\/\/www.notibras.com\/site\/programa-de-vacinacao-em-escolas-comeca-a-andar\/#primaryimage\",\"url\":\"https:\/\/www.notibras.com\/site\/wp-content\/uploads\/2023\/11\/polioesc.webp\",\"contentUrl\":\"https:\/\/www.notibras.com\/site\/wp-content\/uploads\/2023\/11\/polioesc.webp\",\"width\":1170,\"height\":700},{\"@type\":\"BreadcrumbList\",\"@id\":\"https:\/\/www.notibras.com\/site\/programa-de-vacinacao-em-escolas-comeca-a-andar\/#breadcrumb\",\"itemListElement\":[{\"@type\":\"ListItem\",\"position\":1,\"name\":\"In\u00edcio\",\"item\":\"https:\/\/www.notibras.com\/site\/\"},{\"@type\":\"ListItem\",\"position\":2,\"name\":\"Programa de vacina\u00e7\u00e3o em escolas come\u00e7a a andar\"}]},{\"@type\":\"WebSite\",\"@id\":\"https:\/\/www.notibras.com\/site\/#website\",\"url\":\"https:\/\/www.notibras.com\/site\/\",\"name\":\"Notibras\",\"description\":\"Not\u00edcias de Bras\u00edlia, do Brasil e do Mundo\",\"publisher\":{\"@id\":\"https:\/\/www.notibras.com\/site\/#organization\"},\"potentialAction\":[{\"@type\":\"SearchAction\",\"target\":{\"@type\":\"EntryPoint\",\"urlTemplate\":\"https:\/\/www.notibras.com\/site\/?s={search_term_string}\"},\"query-input\":{\"@type\":\"PropertyValueSpecification\",\"valueRequired\":true,\"valueName\":\"search_term_string\"}}],\"inLanguage\":\"pt-BR\"},{\"@type\":\"Organization\",\"@id\":\"https:\/\/www.notibras.com\/site\/#organization\",\"name\":\"Grupo Notibras de Comunica\u00e7\u00e3o\",\"url\":\"https:\/\/www.notibras.com\/site\/\",\"logo\":{\"@type\":\"ImageObject\",\"inLanguage\":\"pt-BR\",\"@id\":\"https:\/\/www.notibras.com\/site\/#\/schema\/logo\/image\/\",\"url\":\"https:\/\/www.notibras.com\/site\/wp-content\/uploads\/2023\/01\/notibras23.png\",\"contentUrl\":\"https:\/\/www.notibras.com\/site\/wp-content\/uploads\/2023\/01\/notibras23.png\",\"width\":350,\"height\":87,\"caption\":\"Grupo Notibras de Comunica\u00e7\u00e3o\"},\"image\":{\"@id\":\"https:\/\/www.notibras.com\/site\/#\/schema\/logo\/image\/\"},\"sameAs\":[\"https:\/\/www.facebook.com\/notibras\/\",\"https:\/\/x.com\/Notibras\",\"https:\/\/www.instagram.com\/notibras\/\"]},{\"@type\":\"Person\",\"@id\":\"https:\/\/www.notibras.com\/site\/#\/schema\/person\/36ab0979449956132d3e5b517ea76ac8\",\"name\":\"Reda\u00e7\u00e3o\",\"image\":{\"@type\":\"ImageObject\",\"inLanguage\":\"pt-BR\",\"@id\":\"https:\/\/secure.gravatar.com\/avatar\/e0a867bdedb85fd243eadf09663511f96fc81e0720a4a42581f334ad4303aa6b?s=96&d=mm&r=g\",\"url\":\"https:\/\/secure.gravatar.com\/avatar\/e0a867bdedb85fd243eadf09663511f96fc81e0720a4a42581f334ad4303aa6b?s=96&d=mm&r=g\",\"contentUrl\":\"https:\/\/secure.gravatar.com\/avatar\/e0a867bdedb85fd243eadf09663511f96fc81e0720a4a42581f334ad4303aa6b?s=96&d=mm&r=g\",\"caption\":\"Reda\u00e7\u00e3o\"}}]}<\/script>\n<!-- \/ Yoast SEO plugin. -->","yoast_head_json":{"title":"Programa de vacina\u00e7\u00e3o em escolas come\u00e7a a andar - Notibras","robots":{"index":"index","follow":"follow","max-snippet":"max-snippet:-1","max-image-preview":"max-image-preview:large","max-video-preview":"max-video-preview:-1"},"canonical":"https:\/\/www.notibras.com\/site\/programa-de-vacinacao-em-escolas-comeca-a-andar\/","og_locale":"pt_BR","og_type":"article","og_title":"Programa de vacina\u00e7\u00e3o em escolas come\u00e7a a andar - Notibras","og_description":"O Projeto de Lei (PL) 826\/2019, que institui um Programa Nacional de Vacina\u00e7\u00e3o em Escolas, foi aprovado nesta quarta-feira (29) pela Comiss\u00e3o de Assuntos Sociais (CAS) e segue agora para an\u00e1lise da Comiss\u00e3o de Educa\u00e7\u00e3o, \u00e0 qual caber\u00e1 a decis\u00e3o final. A mat\u00e9ria \u00e9 de autoria da C\u00e2mara dos Deputados e obteve relat\u00f3rio favor\u00e1vel do [&hellip;]","og_url":"https:\/\/www.notibras.com\/site\/programa-de-vacinacao-em-escolas-comeca-a-andar\/","og_site_name":"Notibras","article_publisher":"https:\/\/www.facebook.com\/notibras\/","article_published_time":"2023-11-30T03:00:06+00:00","article_modified_time":"2023-11-30T12:08:41+00:00","og_image":[{"width":1170,"height":700,"url":"https:\/\/www.notibras.com\/site\/wp-content\/uploads\/2023\/11\/polioesc.webp","type":"image\/webp"}],"author":"Reda\u00e7\u00e3o","twitter_card":"summary_large_image","twitter_creator":"@Notibras","twitter_site":"@Notibras","twitter_misc":{"Escrito por":"Reda\u00e7\u00e3o","Est. tempo de leitura":"2 minutos"},"schema":{"@context":"https:\/\/schema.org","@graph":[{"@type":"Article","@id":"https:\/\/www.notibras.com\/site\/programa-de-vacinacao-em-escolas-comeca-a-andar\/#article","isPartOf":{"@id":"https:\/\/www.notibras.com\/site\/programa-de-vacinacao-em-escolas-comeca-a-andar\/"},"author":{"name":"Reda\u00e7\u00e3o","@id":"https:\/\/www.notibras.com\/site\/#\/schema\/person\/36ab0979449956132d3e5b517ea76ac8"},"headline":"Programa de vacina\u00e7\u00e3o em escolas come\u00e7a a andar","datePublished":"2023-11-30T03:00:06+00:00","dateModified":"2023-11-30T12:08:41+00:00","mainEntityOfPage":{"@id":"https:\/\/www.notibras.com\/site\/programa-de-vacinacao-em-escolas-comeca-a-andar\/"},"wordCount":240,"publisher":{"@id":"https:\/\/www.notibras.com\/site\/#organization"},"image":{"@id":"https:\/\/www.notibras.com\/site\/programa-de-vacinacao-em-escolas-comeca-a-andar\/#primaryimage"},"thumbnailUrl":"https:\/\/www.notibras.com\/site\/wp-content\/uploads\/2023\/11\/polioesc.webp","articleSection":["Quadradinho em Foco"],"inLanguage":"pt-BR"},{"@type":"WebPage","@id":"https:\/\/www.notibras.com\/site\/programa-de-vacinacao-em-escolas-comeca-a-andar\/","url":"https:\/\/www.notibras.com\/site\/programa-de-vacinacao-em-escolas-comeca-a-andar\/","name":"Programa de vacina\u00e7\u00e3o em escolas come\u00e7a a andar - Notibras","isPartOf":{"@id":"https:\/\/www.notibras.com\/site\/#website"},"primaryImageOfPage":{"@id":"https:\/\/www.notibras.com\/site\/programa-de-vacinacao-em-escolas-comeca-a-andar\/#primaryimage"},"image":{"@id":"https:\/\/www.notibras.com\/site\/programa-de-vacinacao-em-escolas-comeca-a-andar\/#primaryimage"},"thumbnailUrl":"https:\/\/www.notibras.com\/site\/wp-content\/uploads\/2023\/11\/polioesc.webp","datePublished":"2023-11-30T03:00:06+00:00","dateModified":"2023-11-30T12:08:41+00:00","breadcrumb":{"@id":"https:\/\/www.notibras.com\/site\/programa-de-vacinacao-em-escolas-comeca-a-andar\/#breadcrumb"},"inLanguage":"pt-BR","potentialAction":[{"@type":"ReadAction","target":["https:\/\/www.notibras.com\/site\/programa-de-vacinacao-em-escolas-comeca-a-andar\/"]}]},{"@type":"ImageObject","inLanguage":"pt-BR","@id":"https:\/\/www.notibras.com\/site\/programa-de-vacinacao-em-escolas-comeca-a-andar\/#primaryimage","url":"https:\/\/www.notibras.com\/site\/wp-content\/uploads\/2023\/11\/polioesc.webp","contentUrl":"https:\/\/www.notibras.com\/site\/wp-content\/uploads\/2023\/11\/polioesc.webp","width":1170,"height":700},{"@type":"BreadcrumbList","@id":"https:\/\/www.notibras.com\/site\/programa-de-vacinacao-em-escolas-comeca-a-andar\/#breadcrumb","itemListElement":[{"@type":"ListItem","position":1,"name":"In\u00edcio","item":"https:\/\/www.notibras.com\/site\/"},{"@type":"ListItem","position":2,"name":"Programa de vacina\u00e7\u00e3o em escolas come\u00e7a a andar"}]},{"@type":"WebSite","@id":"https:\/\/www.notibras.com\/site\/#website","url":"https:\/\/www.notibras.com\/site\/","name":"Notibras","description":"Not\u00edcias de Bras\u00edlia, do Brasil e do Mundo","publisher":{"@id":"https:\/\/www.notibras.com\/site\/#organization"},"potentialAction":[{"@type":"SearchAction","target":{"@type":"EntryPoint","urlTemplate":"https:\/\/www.notibras.com\/site\/?s={search_term_string}"},"query-input":{"@type":"PropertyValueSpecification","valueRequired":true,"valueName":"search_term_string"}}],"inLanguage":"pt-BR"},{"@type":"Organization","@id":"https:\/\/www.notibras.com\/site\/#organization","name":"Grupo Notibras de Comunica\u00e7\u00e3o","url":"https:\/\/www.notibras.com\/site\/","logo":{"@type":"ImageObject","inLanguage":"pt-BR","@id":"https:\/\/www.notibras.com\/site\/#\/schema\/logo\/image\/","url":"https:\/\/www.notibras.com\/site\/wp-content\/uploads\/2023\/01\/notibras23.png","contentUrl":"https:\/\/www.notibras.com\/site\/wp-content\/uploads\/2023\/01\/notibras23.png","width":350,"height":87,"caption":"Grupo Notibras de Comunica\u00e7\u00e3o"},"image":{"@id":"https:\/\/www.notibras.com\/site\/#\/schema\/logo\/image\/"},"sameAs":["https:\/\/www.facebook.com\/notibras\/","https:\/\/x.com\/Notibras","https:\/\/www.instagram.com\/notibras\/"]},{"@type":"Person","@id":"https:\/\/www.notibras.com\/site\/#\/schema\/person\/36ab0979449956132d3e5b517ea76ac8","name":"Reda\u00e7\u00e3o","image":{"@type":"ImageObject","inLanguage":"pt-BR","@id":"https:\/\/secure.gravatar.com\/avatar\/e0a867bdedb85fd243eadf09663511f96fc81e0720a4a42581f334ad4303aa6b?s=96&d=mm&r=g","url":"https:\/\/secure.gravatar.com\/avatar\/e0a867bdedb85fd243eadf09663511f96fc81e0720a4a42581f334ad4303aa6b?s=96&d=mm&r=g","contentUrl":"https:\/\/secure.gravatar.com\/avatar\/e0a867bdedb85fd243eadf09663511f96fc81e0720a4a42581f334ad4303aa6b?s=96&d=mm&r=g","caption":"Reda\u00e7\u00e3o"}}]}},"amp_enabled":true,"_links":{"self":[{"href":"https:\/\/www.notibras.com\/site\/wp-json\/wp\/v2\/posts\/318114","targetHints":{"allow":["GET"]}}],"collection":[{"href":"https:\/\/www.notibras.com\/site\/wp-json\/wp\/v2\/posts"}],"about":[{"href":"https:\/\/www.notibras.com\/site\/wp-json\/wp\/v2\/types\/post"}],"author":[{"embeddable":true,"href":"https:\/\/www.notibras.com\/site\/wp-json\/wp\/v2\/users\/2"}],"replies":[{"embeddable":true,"href":"https:\/\/www.notibras.com\/site\/wp-json\/wp\/v2\/comments?post=318114"}],"version-history":[{"count":1,"href":"https:\/\/www.notibras.com\/site\/wp-json\/wp\/v2\/posts\/318114\/revisions"}],"predecessor-version":[{"id":318116,"href":"https:\/\/www.notibras.com\/site\/wp-json\/wp\/v2\/posts\/318114\/revisions\/318116"}],"wp:featuredmedia":[{"embeddable":true,"href":"https:\/\/www.notibras.com\/site\/wp-json\/wp\/v2\/media\/318115"}],"wp:attachment":[{"href":"https:\/\/www.notibras.com\/site\/wp-json\/wp\/v2\/media?parent=318114"}],"wp:term":[{"taxonomy":"category","embeddable":true,"href":"https:\/\/www.notibras.com\/site\/wp-json\/wp\/v2\/categories?post=318114"},{"taxonomy":"post_tag","embeddable":true,"href":"https:\/\/www.notibras.com\/site\/wp-json\/wp\/v2\/tags?post=318114"}],"curies":[{"name":"wp","href":"https:\/\/api.w.org\/{rel}","templated":true}]}}