{"id":318117,"date":"2023-11-30T08:14:53","date_gmt":"2023-11-30T11:14:53","guid":{"rendered":"https:\/\/www.notibras.com\/site\/?p=318117"},"modified":"2023-11-30T09:18:02","modified_gmt":"2023-11-30T12:18:02","slug":"confira-como-ficam-servicos-publicos-no-feriado","status":"publish","type":"post","link":"https:\/\/www.notibras.com\/site\/confira-como-ficam-servicos-publicos-no-feriado\/","title":{"rendered":"Confira como ficam servi\u00e7os p\u00fablicos no feriado"},"content":{"rendered":"<p>O Dia do Evang\u00e9lico, comemorado nesta quinta-feira (30), ter\u00e1 mudan\u00e7as no atendimento dos servi\u00e7os p\u00fablicos de Bras\u00edlia. A data \u00e9 feriado no DF de acordo com a Lei n\u00ba 963, de 1995. Confira o que abre e fecha e como ser\u00e1 o funcionamento dos \u00f3rg\u00e3os do Governo do Distrito Federal (GDF).<\/p>\n<p><strong>Sa\u00fade<\/strong><br \/>\nAs atividades essenciais ser\u00e3o mantidas para atendimento de urg\u00eancia e emerg\u00eancia nos hospitais, nas Unidades de Pronto Atendimento (UPAs) e na Casa de Parto de S\u00e3o Sebasti\u00e3o | Foto: Tony Oliveira\/ Ag\u00eancia Bras\u00edlia<br \/>\nNa \u00e1rea da Sa\u00fade, as atividades essenciais ser\u00e3o mantidas para atendimento de urg\u00eancia e emerg\u00eancia nos hospitais, nas Unidades de Pronto Atendimento (UPAs) e na Casa de Parto de S\u00e3o Sebasti\u00e3o.<\/p>\n<p>A emerg\u00eancia odontol\u00f3gica do Hospital Regional da Asa Norte (Hran) funciona em plant\u00e3o 24 horas, de forma ininterrupta, inclusive no feriado. O Samu continua com o atendimento ininterrupto, pelo telefone 192.<\/p>\n<p>As Unidades B\u00e1sicas de Sa\u00fade (UBS) estar\u00e3o fechadas e voltam a atender normalmente na sexta (1\u00ba), a partir das 7h. No s\u00e1bado (2), tamb\u00e9m haver\u00e1 unidades abertas.<\/p>\n<p>Os postos de vacina\u00e7\u00e3o estar\u00e3o fechados no feriado. J\u00e1 na sexta (3), as salas de imuniza\u00e7\u00e3o abrem normalmente. Tamb\u00e9m haver\u00e1 vacina\u00e7\u00e3o no s\u00e1bado (4). Acesse a lista completa dos locais de atendimento no site da Secretaria.<\/p>\n<p>As unidades do Componente Especializado da Assist\u00eancia Farmac\u00eautica, conhecidas como Farm\u00e1cias de Alto Custo, fecham no feriado, mas atendem normalmente na sexta-feira (1\u00ba) e no s\u00e1bado (2).<\/p>\n<p><strong>Transporte p\u00fablico<\/strong><br \/>\nO Metr\u00f4-DF n\u00e3o ter\u00e1 altera\u00e7\u00e3o, operando das 5h30 \u00e0s 23h30 | Foto: Tony Oliveira\/ Ag\u00eancia Bras\u00edlia<br \/>\nO transporte coletivo do DF funcionar\u00e1 normalmente: o Metr\u00f4-DF das 5h30 at\u00e9 as 23h30 e os \u00f4nibus seguir\u00e3o da tabela hor\u00e1ria de dia \u00fatil. Para consultar os hor\u00e1rios basta acessar o site DF no Ponto.<\/p>\n<p><strong>Opera\u00e7\u00f5es de tr\u00e2nsito<\/strong><br \/>\nNo Departamento de Estradas de Rodagem do Distrito Federal (DER\/DF) e no Departamento de Tr\u00e2nsito do DF (Detran-DF) n\u00e3o haver\u00e1 atendimento presencial aos cidad\u00e3os. O atendimento ao p\u00fablico ser\u00e1 retomado na sexta-feira (1\u00ba).<\/p>\n<p>No Detran, os servidores que atuam na engenharia e na fiscaliza\u00e7\u00e3o de tr\u00e2nsito trabalhar\u00e3o em regime de escala. Os servi\u00e7os on-line, dispon\u00edveis por meio do aplicativo e do Portal de Servi\u00e7os do Departamento, funcionar\u00e3o normalmente.<\/p>\n<p>J\u00e1 as opera\u00e7\u00f5es de mobilidade feitas pelo DER, na Estrada Parque Ceil\u00e2ndia (DF-095 \/ Estrutural), na Estrada Parque Contorno (DF-001), no trecho entre o viaduto de Samambaia e o viaduto do Pist\u00e3o Sul, e na BR-070, ser\u00e3o realizadas normalmente. Assim, como o Eixo Rodovi\u00e1rio, ser\u00e1 mantido o fluxo de ve\u00edculos.<\/p>\n<p><strong>Seguran\u00e7a P\u00fablica<\/strong><br \/>\n\u21d2 Pol\u00edcia Militar: Trabalha 24 horas por dia, sem interrup\u00e7\u00e3o, com esquema especial nos locais de realiza\u00e7\u00e3o de eventos<\/p>\n<p>\u21d2 Pol\u00edcia Civil: Todas as 31 delegacias circunscricionais da Pol\u00edcia Civil (PCDF) funcionar\u00e3o em regime de plant\u00e3o ininterrupto, assim como as duas delegacias de Atendimento \u00e0 Mulher (Deam I e II) e as duas delegacias da Crian\u00e7a e do Adolescente (DCA I e II). Funcionam como Centrais de Flagrante as seguintes unidades: 1\u00aa DP, 5\u00aa DP, 6\u00aa DP, 12\u00aa DP, 13\u00aa DP, 15\u00aa DP, 16\u00aa DP, 18\u00aaDP, 20\u00aa DP, 21\u00aa DP, 24\u00aa DP, 26\u00aa DP, 27\u00aa DP, 30\u00aa DP e 33\u00aa DP<\/p>\n<p>\u21d2 Corpo de Bombeiros Militar: O servi\u00e7o de emerg\u00eancia da corpora\u00e7\u00e3o funcionar\u00e1 24 horas, ininterruptamente.<\/p>\n<p>\u21d2 Defesa Civil: O atendimento ser\u00e1 em regime de plant\u00e3o. Em caso de qualquer intercorr\u00eancia, o cidad\u00e3o pode acionar pelos telefones 193 ou 199<\/p>\n<p><strong>Justi\u00e7a e Cidadania<\/strong><br \/>\nN\u00e3o haver\u00e1 atendimento presencial nas unidades do Procon | Foto: Arquivo\/ Ag\u00eancia Bras\u00edlia<br \/>\nA Secretaria de Justi\u00e7a e Cidadania (Sejus-DF) informa que n\u00e3o haver\u00e1 atendimento presencial nos servi\u00e7os ligados ao \u00f3rg\u00e3o como Procon e as unidades do Na Hora.<\/p>\n<p>As unidades do Conselho Tutelar e Centro Integrado 18 de Maio tamb\u00e9m estar\u00e3o fechadas. No entanto, as demandas urgentes dos Conselhos Tutelares podem ser registradas pelo telefone 125, contato do Cisdeca, canal de comunica\u00e7\u00e3o entre a popula\u00e7\u00e3o do DF e o Poder P\u00fablico.<\/p>\n<p>J\u00e1 as demandas urgentes do Centro Integrado 18 de Maio ser\u00e3o atendidas pelo telefone (61) 98314-0636, das 8h \u00e0s 20h.<\/p>\n<p>Os N\u00facleos do Programa Direito Delas estar\u00e3o fechados. No entanto, atendendo em regime de plant\u00e3o por meio do telefone (61) 983820130.<\/p>\n<p>A Unidade do Na Hora Per\u00edcia M\u00e9dica Federal estar\u00e1 aberta na quinta-feira (30), das 7h \u00e0s 19h. Endere\u00e7o: Setor Comercial Sul, Quadra 4, bloco A, Edif\u00edcio Luiz Carlos Botelho.<br \/>\nTelefone: 135<\/p>\n<p><strong>Servi\u00e7o social<\/strong><br \/>\nOs restaurantes comunit\u00e1rios de Planaltina, Recanto das Emas, Sol Nascente\/P\u00f4r do Sol e Arniqueira estar\u00e3o abertos. As unidades oferecem refei\u00e7\u00f5es completas, caf\u00e9 da manh\u00e3, almo\u00e7o e jantar.<\/p>\n<p>Para acolhimento estar\u00e3o abertos o Centro Pop, o servi\u00e7o de Prote\u00e7\u00e3o Social (UPS) e a Central de Vagas. As unidades do Centro de Refer\u00eancia de Assist\u00eancia Social (Cras), o Centro de Refer\u00eancia Especializado de Assist\u00eancia Social (Creas) e o Centro de Conviv\u00eancia (Cecon) estar\u00e3o fechados.<\/p>\n<p><strong>\u00c1gua e energia<\/strong><br \/>\nA Caesb informa que n\u00e3o haver\u00e1 expediente no atendimento ao p\u00fablico, mas as equipes de manuten\u00e7\u00e3o seguir\u00e3o trabalhando em regime de plant\u00e3o. Tamb\u00e9m n\u00e3o haver\u00e1 atendimento nos escrit\u00f3rios e postos do Na Hora. O aplicativo, o site e o telefone 115 funcionam ininterruptamente.<\/p>\n<p>Por meio dos canais virtuais, \u00e9 poss\u00edvel solicitar revis\u00e3o ou segunda via de contas, altera\u00e7\u00e3o de titularidade e vencimento de conta, verifica\u00e7\u00e3o do consumo de \u00e1gua, consulta de protocolos, parcelamento de d\u00e9bitos, pedido para 1\u00aa liga\u00e7\u00e3o ou religa\u00e7\u00e3o de \u00e1gua, autoleitura, ressarcimento de danos, solicita\u00e7\u00e3o de manuten\u00e7\u00e3o de redes.<\/p>\n<p>A Neoenergia Bras\u00edlia tamb\u00e9m n\u00e3o far\u00e1 atendimento ao p\u00fablico. A popula\u00e7\u00e3o poder\u00e1 utilizar os canais digitais da distribuidora para acessar os servi\u00e7os durante o feriado.<\/p>\n<p><strong>BRB<\/strong><br \/>\nAs ag\u00eancias do Banco de Bras\u00edlia n\u00e3o ir\u00e3o funcionar. Os pontos de atendimento voltam a funcionar na sexta-feira (1\u00ba), das 11h \u00e0s 16h. J\u00e1 o Mirante da Torre abre para visita\u00e7\u00e3o de ter\u00e7a a domingo, inclusive feriados, das 9h \u00e0s 18h45.<\/p>\n<p><strong>Cultura<\/strong><br \/>\nA Secretaria de Cultura e Economia Criativa (Secec) informa que estar\u00e3o fechados os seguintes equipamentos: Biblioteca P\u00fablica de Bras\u00edlia, Cine Bras\u00edlia, Centro de Dan\u00e7a, Concha Ac\u00fastica, Eixo Cultural Ibero-americano e Museu Vivo da Mem\u00f3ria Candanga.<\/p>\n<p>Funcionar\u00e3o a Biblioteca Nacional de Bras\u00edlia, das 9h \u00e0s 21h; a Casa do Cantador, das 19h \u00e0s 23h; o Centro Cultural Tr\u00eas Poderes, das 9h \u00e0s 17h; o Espa\u00e7o Oscar Niemeyer, das 9h \u00e0s 17h; o Complexo Cultural Samambaia, das 16h \u00e0s 19h; o Complexo Cultural de Planaltina, das 9h \u00e0s 22h30; o Espa\u00e7o Cultural Renato Russo, das 10h \u00e0s 22h; o Museu de Arte de Bras\u00edlia, das 10h \u00e0s 19h; o Museu do Catetinho, das 9h \u00e0s 17h; o Memorial dos Povos Ind\u00edgenas, das 9h \u00e0s 17h; o Museu Nacional da Rep\u00fablica, a partir das 19h.<\/p>\n<p><strong>Lazer<\/strong><br \/>\nO Jardim Zool\u00f3gico \u00e9 uma boa op\u00e7\u00e3o para entreter a garotada | Foto: L\u00facio Bernardo Jr\/ Ag\u00eancia Bras\u00edlia<br \/>\nO Jardim Zool\u00f3gico de Bras\u00edlia funcionar\u00e1 normalmente, das 8h30 \u00e0s 17h. A bilheteria encerra \u00e0s 16h. O Planet\u00e1rio de Bras\u00edlia tamb\u00e9m n\u00e3o ter\u00e1 mudan\u00e7as no atendimento e receber\u00e1 o p\u00fablico das 7h \u00e0s 19h30. O Jardim Bot\u00e2nico de Bras\u00edlia abrir\u00e1 as portas para visita\u00e7\u00e3o p\u00fablica em hor\u00e1rio normal, das 9h \u00e0s 17h (com entrada permitida at\u00e9 \u00e0s 16h30). A entrada \u00e9 gratuita para pedestres e ciclistas entre 7h30 e 8h50.<\/p>\n<p><strong>Parques<\/strong><br \/>\nO Instituto Bras\u00edlia Ambiental informa que todas as unidades de conserva\u00e7\u00e3o administradas pela autarquia funcionam normalmente nesta quinta (30). Confira os hor\u00e1rios de funcionamento dos parques:<\/p>\n<p>Parque Ecol\u00f3gico do Anfiteatro Natural do Lago Sul: das 6h \u00e0s 18h<br \/>\nParque Ecol\u00f3gico \u00c1guas Claras: das 5h \u00e0s 22h<br \/>\nParque Ecol\u00f3gico Areal: das 6h \u00e0s 18h<br \/>\nParque Ecol\u00f3gico da Asa Sul: das 6h \u00e0s 20h<br \/>\nParque Distrital das Copa\u00edbas: das 8h \u00e0s 18h<br \/>\nParque Ecol\u00f3gico do Cortado: das 6h \u00e0s 20h<br \/>\nMonumento Natural Dom Bosco: das 6h \u00e0s 20h<br \/>\nParque Ecol\u00f3gico Ezechias Heringer: das 6h \u00e0s 22h<br \/>\nParque Recreativo do Gama: das 6h \u00e0s 18h<br \/>\nParque Ecol\u00f3gico do Lago Norte: das 6h \u00e0s 18h<br \/>\nParque Ecol\u00f3gico Olhos d\u2019\u00e1gua: port\u00e3o principal das 5h30 \u2013 20h e nos port\u00f5es laterais das 6h \u2013 18h<br \/>\nParque Ecol\u00f3gico do Parano\u00e1: das 6h \u00e0s 18h<br \/>\nParque Ecol\u00f3gico Pen\u00ednsula Sul: das 6h \u00e0s 22h<br \/>\nParque Ecol\u00f3gico do Riacho Fundo: das 6h \u00e0s 18h<br \/>\nParque Ecol\u00f3gico Saburo Onoyama: das 6h \u00e0s 18h<br \/>\nParque Ecol\u00f3gico Sucupira: das 6h \u00e0s 20h<br \/>\nParque Ecol\u00f3gico Tr\u00eas Meninas: das 7h \u00e0s 18h<br \/>\nParque Ecol\u00f3gico Veredinha: das 6h \u00e0s 22h<\/p>\n","protected":false},"excerpt":{"rendered":"<p>O Dia do Evang\u00e9lico, comemorado nesta quinta-feira (30), ter\u00e1 mudan\u00e7as no atendimento dos servi\u00e7os p\u00fablicos de Bras\u00edlia. A data \u00e9 feriado no DF de acordo com a Lei n\u00ba 963, de 1995. Confira o que abre e fecha e como ser\u00e1 o funcionamento dos \u00f3rg\u00e3os do Governo do Distrito Federal (GDF). Sa\u00fade As atividades essenciais [&hellip;]<\/p>\n","protected":false},"author":2,"featured_media":318118,"comment_status":"closed","ping_status":"closed","sticky":false,"template":"","format":"standard","meta":{"_acf_changed":false,"footnotes":""},"categories":[161],"tags":[],"class_list":["post-318117","post","type-post","status-publish","format-standard","has-post-thumbnail","hentry","category-quadradinho-em-foco"],"acf":[],"yoast_head":"<!-- This site is optimized with the Yoast SEO plugin v27.2 - https:\/\/yoast.com\/product\/yoast-seo-wordpress\/ -->\n<title>Confira como ficam servi\u00e7os p\u00fablicos no feriado - Notibras<\/title>\n<meta name=\"robots\" content=\"index, follow, max-snippet:-1, max-image-preview:large, max-video-preview:-1\" \/>\n<link rel=\"canonical\" href=\"https:\/\/www.notibras.com\/site\/confira-como-ficam-servicos-publicos-no-feriado\/\" \/>\n<meta property=\"og:locale\" content=\"pt_BR\" \/>\n<meta property=\"og:type\" content=\"article\" \/>\n<meta property=\"og:title\" content=\"Confira como ficam servi\u00e7os p\u00fablicos no feriado - Notibras\" \/>\n<meta property=\"og:description\" content=\"O Dia do Evang\u00e9lico, comemorado nesta quinta-feira (30), ter\u00e1 mudan\u00e7as no atendimento dos servi\u00e7os p\u00fablicos de Bras\u00edlia. A data \u00e9 feriado no DF de acordo com a Lei n\u00ba 963, de 1995. Confira o que abre e fecha e como ser\u00e1 o funcionamento dos \u00f3rg\u00e3os do Governo do Distrito Federal (GDF). Sa\u00fade As atividades essenciais [&hellip;]\" \/>\n<meta property=\"og:url\" content=\"https:\/\/www.notibras.com\/site\/confira-como-ficam-servicos-publicos-no-feriado\/\" \/>\n<meta property=\"og:site_name\" content=\"Notibras\" \/>\n<meta property=\"article:publisher\" content=\"https:\/\/www.facebook.com\/notibras\/\" \/>\n<meta property=\"article:published_time\" content=\"2023-11-30T11:14:53+00:00\" \/>\n<meta property=\"article:modified_time\" content=\"2023-11-30T12:18:02+00:00\" \/>\n<meta property=\"og:image\" content=\"https:\/\/www.notibras.com\/site\/wp-content\/uploads\/2023\/11\/Zoo-Foto-Lucio-Bernardo-Jr-3-768x538-1.jpg\" \/>\n\t<meta property=\"og:image:width\" content=\"768\" \/>\n\t<meta property=\"og:image:height\" content=\"538\" \/>\n\t<meta property=\"og:image:type\" content=\"image\/jpeg\" \/>\n<meta name=\"author\" content=\"Reda\u00e7\u00e3o\" \/>\n<meta name=\"twitter:card\" content=\"summary_large_image\" \/>\n<meta name=\"twitter:creator\" content=\"@Notibras\" \/>\n<meta name=\"twitter:site\" content=\"@Notibras\" \/>\n<meta name=\"twitter:label1\" content=\"Escrito por\" \/>\n\t<meta name=\"twitter:data1\" content=\"Reda\u00e7\u00e3o\" \/>\n\t<meta name=\"twitter:label2\" content=\"Est. tempo de leitura\" \/>\n\t<meta name=\"twitter:data2\" content=\"8 minutos\" \/>\n<script type=\"application\/ld+json\" class=\"yoast-schema-graph\">{\"@context\":\"https:\/\/schema.org\",\"@graph\":[{\"@type\":\"Article\",\"@id\":\"https:\/\/www.notibras.com\/site\/confira-como-ficam-servicos-publicos-no-feriado\/#article\",\"isPartOf\":{\"@id\":\"https:\/\/www.notibras.com\/site\/confira-como-ficam-servicos-publicos-no-feriado\/\"},\"author\":{\"name\":\"Reda\u00e7\u00e3o\",\"@id\":\"https:\/\/www.notibras.com\/site\/#\/schema\/person\/36ab0979449956132d3e5b517ea76ac8\"},\"headline\":\"Confira como ficam servi\u00e7os p\u00fablicos no feriado\",\"datePublished\":\"2023-11-30T11:14:53+00:00\",\"dateModified\":\"2023-11-30T12:18:02+00:00\",\"mainEntityOfPage\":{\"@id\":\"https:\/\/www.notibras.com\/site\/confira-como-ficam-servicos-publicos-no-feriado\/\"},\"wordCount\":1509,\"publisher\":{\"@id\":\"https:\/\/www.notibras.com\/site\/#organization\"},\"image\":{\"@id\":\"https:\/\/www.notibras.com\/site\/confira-como-ficam-servicos-publicos-no-feriado\/#primaryimage\"},\"thumbnailUrl\":\"https:\/\/www.notibras.com\/site\/wp-content\/uploads\/2023\/11\/Zoo-Foto-Lucio-Bernardo-Jr-3-768x538-1.jpg\",\"articleSection\":[\"Quadradinho em Foco\"],\"inLanguage\":\"pt-BR\"},{\"@type\":\"WebPage\",\"@id\":\"https:\/\/www.notibras.com\/site\/confira-como-ficam-servicos-publicos-no-feriado\/\",\"url\":\"https:\/\/www.notibras.com\/site\/confira-como-ficam-servicos-publicos-no-feriado\/\",\"name\":\"Confira como ficam servi\u00e7os p\u00fablicos no feriado - Notibras\",\"isPartOf\":{\"@id\":\"https:\/\/www.notibras.com\/site\/#website\"},\"primaryImageOfPage\":{\"@id\":\"https:\/\/www.notibras.com\/site\/confira-como-ficam-servicos-publicos-no-feriado\/#primaryimage\"},\"image\":{\"@id\":\"https:\/\/www.notibras.com\/site\/confira-como-ficam-servicos-publicos-no-feriado\/#primaryimage\"},\"thumbnailUrl\":\"https:\/\/www.notibras.com\/site\/wp-content\/uploads\/2023\/11\/Zoo-Foto-Lucio-Bernardo-Jr-3-768x538-1.jpg\",\"datePublished\":\"2023-11-30T11:14:53+00:00\",\"dateModified\":\"2023-11-30T12:18:02+00:00\",\"breadcrumb\":{\"@id\":\"https:\/\/www.notibras.com\/site\/confira-como-ficam-servicos-publicos-no-feriado\/#breadcrumb\"},\"inLanguage\":\"pt-BR\",\"potentialAction\":[{\"@type\":\"ReadAction\",\"target\":[\"https:\/\/www.notibras.com\/site\/confira-como-ficam-servicos-publicos-no-feriado\/\"]}]},{\"@type\":\"ImageObject\",\"inLanguage\":\"pt-BR\",\"@id\":\"https:\/\/www.notibras.com\/site\/confira-como-ficam-servicos-publicos-no-feriado\/#primaryimage\",\"url\":\"https:\/\/www.notibras.com\/site\/wp-content\/uploads\/2023\/11\/Zoo-Foto-Lucio-Bernardo-Jr-3-768x538-1.jpg\",\"contentUrl\":\"https:\/\/www.notibras.com\/site\/wp-content\/uploads\/2023\/11\/Zoo-Foto-Lucio-Bernardo-Jr-3-768x538-1.jpg\",\"width\":768,\"height\":538},{\"@type\":\"BreadcrumbList\",\"@id\":\"https:\/\/www.notibras.com\/site\/confira-como-ficam-servicos-publicos-no-feriado\/#breadcrumb\",\"itemListElement\":[{\"@type\":\"ListItem\",\"position\":1,\"name\":\"In\u00edcio\",\"item\":\"https:\/\/www.notibras.com\/site\/\"},{\"@type\":\"ListItem\",\"position\":2,\"name\":\"Confira como ficam servi\u00e7os p\u00fablicos no feriado\"}]},{\"@type\":\"WebSite\",\"@id\":\"https:\/\/www.notibras.com\/site\/#website\",\"url\":\"https:\/\/www.notibras.com\/site\/\",\"name\":\"Notibras\",\"description\":\"Not\u00edcias de Bras\u00edlia, do Brasil e do Mundo\",\"publisher\":{\"@id\":\"https:\/\/www.notibras.com\/site\/#organization\"},\"potentialAction\":[{\"@type\":\"SearchAction\",\"target\":{\"@type\":\"EntryPoint\",\"urlTemplate\":\"https:\/\/www.notibras.com\/site\/?s={search_term_string}\"},\"query-input\":{\"@type\":\"PropertyValueSpecification\",\"valueRequired\":true,\"valueName\":\"search_term_string\"}}],\"inLanguage\":\"pt-BR\"},{\"@type\":\"Organization\",\"@id\":\"https:\/\/www.notibras.com\/site\/#organization\",\"name\":\"Grupo Notibras de Comunica\u00e7\u00e3o\",\"url\":\"https:\/\/www.notibras.com\/site\/\",\"logo\":{\"@type\":\"ImageObject\",\"inLanguage\":\"pt-BR\",\"@id\":\"https:\/\/www.notibras.com\/site\/#\/schema\/logo\/image\/\",\"url\":\"https:\/\/www.notibras.com\/site\/wp-content\/uploads\/2023\/01\/notibras23.png\",\"contentUrl\":\"https:\/\/www.notibras.com\/site\/wp-content\/uploads\/2023\/01\/notibras23.png\",\"width\":350,\"height\":87,\"caption\":\"Grupo Notibras de Comunica\u00e7\u00e3o\"},\"image\":{\"@id\":\"https:\/\/www.notibras.com\/site\/#\/schema\/logo\/image\/\"},\"sameAs\":[\"https:\/\/www.facebook.com\/notibras\/\",\"https:\/\/x.com\/Notibras\",\"https:\/\/www.instagram.com\/notibras\/\"]},{\"@type\":\"Person\",\"@id\":\"https:\/\/www.notibras.com\/site\/#\/schema\/person\/36ab0979449956132d3e5b517ea76ac8\",\"name\":\"Reda\u00e7\u00e3o\",\"image\":{\"@type\":\"ImageObject\",\"inLanguage\":\"pt-BR\",\"@id\":\"https:\/\/secure.gravatar.com\/avatar\/e0a867bdedb85fd243eadf09663511f96fc81e0720a4a42581f334ad4303aa6b?s=96&d=mm&r=g\",\"url\":\"https:\/\/secure.gravatar.com\/avatar\/e0a867bdedb85fd243eadf09663511f96fc81e0720a4a42581f334ad4303aa6b?s=96&d=mm&r=g\",\"contentUrl\":\"https:\/\/secure.gravatar.com\/avatar\/e0a867bdedb85fd243eadf09663511f96fc81e0720a4a42581f334ad4303aa6b?s=96&d=mm&r=g\",\"caption\":\"Reda\u00e7\u00e3o\"}}]}<\/script>\n<!-- \/ Yoast SEO plugin. -->","yoast_head_json":{"title":"Confira como ficam servi\u00e7os p\u00fablicos no feriado - Notibras","robots":{"index":"index","follow":"follow","max-snippet":"max-snippet:-1","max-image-preview":"max-image-preview:large","max-video-preview":"max-video-preview:-1"},"canonical":"https:\/\/www.notibras.com\/site\/confira-como-ficam-servicos-publicos-no-feriado\/","og_locale":"pt_BR","og_type":"article","og_title":"Confira como ficam servi\u00e7os p\u00fablicos no feriado - Notibras","og_description":"O Dia do Evang\u00e9lico, comemorado nesta quinta-feira (30), ter\u00e1 mudan\u00e7as no atendimento dos servi\u00e7os p\u00fablicos de Bras\u00edlia. A data \u00e9 feriado no DF de acordo com a Lei n\u00ba 963, de 1995. Confira o que abre e fecha e como ser\u00e1 o funcionamento dos \u00f3rg\u00e3os do Governo do Distrito Federal (GDF). Sa\u00fade As atividades essenciais [&hellip;]","og_url":"https:\/\/www.notibras.com\/site\/confira-como-ficam-servicos-publicos-no-feriado\/","og_site_name":"Notibras","article_publisher":"https:\/\/www.facebook.com\/notibras\/","article_published_time":"2023-11-30T11:14:53+00:00","article_modified_time":"2023-11-30T12:18:02+00:00","og_image":[{"width":768,"height":538,"url":"https:\/\/www.notibras.com\/site\/wp-content\/uploads\/2023\/11\/Zoo-Foto-Lucio-Bernardo-Jr-3-768x538-1.jpg","type":"image\/jpeg"}],"author":"Reda\u00e7\u00e3o","twitter_card":"summary_large_image","twitter_creator":"@Notibras","twitter_site":"@Notibras","twitter_misc":{"Escrito por":"Reda\u00e7\u00e3o","Est. tempo de leitura":"8 minutos"},"schema":{"@context":"https:\/\/schema.org","@graph":[{"@type":"Article","@id":"https:\/\/www.notibras.com\/site\/confira-como-ficam-servicos-publicos-no-feriado\/#article","isPartOf":{"@id":"https:\/\/www.notibras.com\/site\/confira-como-ficam-servicos-publicos-no-feriado\/"},"author":{"name":"Reda\u00e7\u00e3o","@id":"https:\/\/www.notibras.com\/site\/#\/schema\/person\/36ab0979449956132d3e5b517ea76ac8"},"headline":"Confira como ficam servi\u00e7os p\u00fablicos no feriado","datePublished":"2023-11-30T11:14:53+00:00","dateModified":"2023-11-30T12:18:02+00:00","mainEntityOfPage":{"@id":"https:\/\/www.notibras.com\/site\/confira-como-ficam-servicos-publicos-no-feriado\/"},"wordCount":1509,"publisher":{"@id":"https:\/\/www.notibras.com\/site\/#organization"},"image":{"@id":"https:\/\/www.notibras.com\/site\/confira-como-ficam-servicos-publicos-no-feriado\/#primaryimage"},"thumbnailUrl":"https:\/\/www.notibras.com\/site\/wp-content\/uploads\/2023\/11\/Zoo-Foto-Lucio-Bernardo-Jr-3-768x538-1.jpg","articleSection":["Quadradinho em Foco"],"inLanguage":"pt-BR"},{"@type":"WebPage","@id":"https:\/\/www.notibras.com\/site\/confira-como-ficam-servicos-publicos-no-feriado\/","url":"https:\/\/www.notibras.com\/site\/confira-como-ficam-servicos-publicos-no-feriado\/","name":"Confira como ficam servi\u00e7os p\u00fablicos no feriado - Notibras","isPartOf":{"@id":"https:\/\/www.notibras.com\/site\/#website"},"primaryImageOfPage":{"@id":"https:\/\/www.notibras.com\/site\/confira-como-ficam-servicos-publicos-no-feriado\/#primaryimage"},"image":{"@id":"https:\/\/www.notibras.com\/site\/confira-como-ficam-servicos-publicos-no-feriado\/#primaryimage"},"thumbnailUrl":"https:\/\/www.notibras.com\/site\/wp-content\/uploads\/2023\/11\/Zoo-Foto-Lucio-Bernardo-Jr-3-768x538-1.jpg","datePublished":"2023-11-30T11:14:53+00:00","dateModified":"2023-11-30T12:18:02+00:00","breadcrumb":{"@id":"https:\/\/www.notibras.com\/site\/confira-como-ficam-servicos-publicos-no-feriado\/#breadcrumb"},"inLanguage":"pt-BR","potentialAction":[{"@type":"ReadAction","target":["https:\/\/www.notibras.com\/site\/confira-como-ficam-servicos-publicos-no-feriado\/"]}]},{"@type":"ImageObject","inLanguage":"pt-BR","@id":"https:\/\/www.notibras.com\/site\/confira-como-ficam-servicos-publicos-no-feriado\/#primaryimage","url":"https:\/\/www.notibras.com\/site\/wp-content\/uploads\/2023\/11\/Zoo-Foto-Lucio-Bernardo-Jr-3-768x538-1.jpg","contentUrl":"https:\/\/www.notibras.com\/site\/wp-content\/uploads\/2023\/11\/Zoo-Foto-Lucio-Bernardo-Jr-3-768x538-1.jpg","width":768,"height":538},{"@type":"BreadcrumbList","@id":"https:\/\/www.notibras.com\/site\/confira-como-ficam-servicos-publicos-no-feriado\/#breadcrumb","itemListElement":[{"@type":"ListItem","position":1,"name":"In\u00edcio","item":"https:\/\/www.notibras.com\/site\/"},{"@type":"ListItem","position":2,"name":"Confira como ficam servi\u00e7os p\u00fablicos no feriado"}]},{"@type":"WebSite","@id":"https:\/\/www.notibras.com\/site\/#website","url":"https:\/\/www.notibras.com\/site\/","name":"Notibras","description":"Not\u00edcias de Bras\u00edlia, do Brasil e do Mundo","publisher":{"@id":"https:\/\/www.notibras.com\/site\/#organization"},"potentialAction":[{"@type":"SearchAction","target":{"@type":"EntryPoint","urlTemplate":"https:\/\/www.notibras.com\/site\/?s={search_term_string}"},"query-input":{"@type":"PropertyValueSpecification","valueRequired":true,"valueName":"search_term_string"}}],"inLanguage":"pt-BR"},{"@type":"Organization","@id":"https:\/\/www.notibras.com\/site\/#organization","name":"Grupo Notibras de Comunica\u00e7\u00e3o","url":"https:\/\/www.notibras.com\/site\/","logo":{"@type":"ImageObject","inLanguage":"pt-BR","@id":"https:\/\/www.notibras.com\/site\/#\/schema\/logo\/image\/","url":"https:\/\/www.notibras.com\/site\/wp-content\/uploads\/2023\/01\/notibras23.png","contentUrl":"https:\/\/www.notibras.com\/site\/wp-content\/uploads\/2023\/01\/notibras23.png","width":350,"height":87,"caption":"Grupo Notibras de Comunica\u00e7\u00e3o"},"image":{"@id":"https:\/\/www.notibras.com\/site\/#\/schema\/logo\/image\/"},"sameAs":["https:\/\/www.facebook.com\/notibras\/","https:\/\/x.com\/Notibras","https:\/\/www.instagram.com\/notibras\/"]},{"@type":"Person","@id":"https:\/\/www.notibras.com\/site\/#\/schema\/person\/36ab0979449956132d3e5b517ea76ac8","name":"Reda\u00e7\u00e3o","image":{"@type":"ImageObject","inLanguage":"pt-BR","@id":"https:\/\/secure.gravatar.com\/avatar\/e0a867bdedb85fd243eadf09663511f96fc81e0720a4a42581f334ad4303aa6b?s=96&d=mm&r=g","url":"https:\/\/secure.gravatar.com\/avatar\/e0a867bdedb85fd243eadf09663511f96fc81e0720a4a42581f334ad4303aa6b?s=96&d=mm&r=g","contentUrl":"https:\/\/secure.gravatar.com\/avatar\/e0a867bdedb85fd243eadf09663511f96fc81e0720a4a42581f334ad4303aa6b?s=96&d=mm&r=g","caption":"Reda\u00e7\u00e3o"}}]}},"amp_enabled":true,"_links":{"self":[{"href":"https:\/\/www.notibras.com\/site\/wp-json\/wp\/v2\/posts\/318117","targetHints":{"allow":["GET"]}}],"collection":[{"href":"https:\/\/www.notibras.com\/site\/wp-json\/wp\/v2\/posts"}],"about":[{"href":"https:\/\/www.notibras.com\/site\/wp-json\/wp\/v2\/types\/post"}],"author":[{"embeddable":true,"href":"https:\/\/www.notibras.com\/site\/wp-json\/wp\/v2\/users\/2"}],"replies":[{"embeddable":true,"href":"https:\/\/www.notibras.com\/site\/wp-json\/wp\/v2\/comments?post=318117"}],"version-history":[{"count":1,"href":"https:\/\/www.notibras.com\/site\/wp-json\/wp\/v2\/posts\/318117\/revisions"}],"predecessor-version":[{"id":318119,"href":"https:\/\/www.notibras.com\/site\/wp-json\/wp\/v2\/posts\/318117\/revisions\/318119"}],"wp:featuredmedia":[{"embeddable":true,"href":"https:\/\/www.notibras.com\/site\/wp-json\/wp\/v2\/media\/318118"}],"wp:attachment":[{"href":"https:\/\/www.notibras.com\/site\/wp-json\/wp\/v2\/media?parent=318117"}],"wp:term":[{"taxonomy":"category","embeddable":true,"href":"https:\/\/www.notibras.com\/site\/wp-json\/wp\/v2\/categories?post=318117"},{"taxonomy":"post_tag","embeddable":true,"href":"https:\/\/www.notibras.com\/site\/wp-json\/wp\/v2\/tags?post=318117"}],"curies":[{"name":"wp","href":"https:\/\/api.w.org\/{rel}","templated":true}]}}