{"id":318186,"date":"2023-12-01T18:11:54","date_gmt":"2023-12-01T21:11:54","guid":{"rendered":"https:\/\/www.notibras.com\/site\/?p=318186"},"modified":"2023-12-02T10:40:45","modified_gmt":"2023-12-02T13:40:45","slug":"unb-tera-vestibular-exclusivo-para-maiores-de-60-anos","status":"publish","type":"post","link":"https:\/\/www.notibras.com\/site\/unb-tera-vestibular-exclusivo-para-maiores-de-60-anos\/","title":{"rendered":"UnB ter\u00e1 vestibular exclusivo para maiores de 60 anos"},"content":{"rendered":"<p>A Universidade de Bras\u00edlia (UnB) abrir\u00e1 um processo seletivo exclusivo para pessoas com 60 anos ou mais como parte de uma pol\u00edtica de valoriza\u00e7\u00e3o de pessoas idosas na sociedade. A UnB tem trabalhado para implementar a Pol\u00edtica do Envelhecer Saud\u00e1vel, Participativo e Cidad\u00e3o (Pespc) e, entre as medidas, est\u00e1 o vestibular exclusivo para essa faixa et\u00e1ria.<\/p>\n<p>A iniciativa foi divulgada ap\u00f3s reuni\u00e3o da C\u00e2mara de Direitos Humanos (CDH) da universidade que enumerou tr\u00eas iniciativas para a terceira idade: a cria\u00e7\u00e3o de atividades, a\u00e7\u00f5es, projetos e programas para inclus\u00e3o, valoriza\u00e7\u00e3o e respeito \u00e0 dignidade das pessoas idosas; o enfrentamento ao etarismo, e o envelhecer como direito. O etarismo \u00e9 o preconceito que a pessoa sofre em fun\u00e7\u00e3o da idade.<\/p>\n<p>Entre os compromissos assumidos pela UnB, est\u00e1 \u201ca realiza\u00e7\u00e3o do processo seletivo voltado a pessoas idosas, com 60 anos ou mais, para ingresso em cursos de gradua\u00e7\u00e3o da UnB&#8221;. Os detalhes com datas, n\u00fameros de vagas e cursos que ter\u00e3o vagas dispon\u00edveis ser\u00e3o divulgados em breve.<\/p>\n<p>A reitora da UnB, M\u00e1rcia Abrah\u00e3o, indicou que a primeira prova deve ser realizada no 1\u00aa semestre de 2024. \u201cO processo seletivo ser\u00e1 uma reda\u00e7\u00e3o. Para que as a\u00e7\u00f5es da pol\u00edtica se concretizem \u00e9 preciso que a comunidade se engaje e colabore\u201d, destacou.<\/p>\n<p><strong>Pol\u00edtica do Envelhecer<\/strong><br \/>\nA Pol\u00edtica do Envelhecer Saud\u00e1vel, Participativo e Cidad\u00e3o foi definida pela UnB em fevereiro de 2023 quando a Comiss\u00e3o de Direitos Humanos da Institui\u00e7\u00e3o aprovou documento com as diretrizes para \u201cpreparar as gera\u00e7\u00f5es para o envelhecimento saud\u00e1vel, participativo, digno e cidad\u00e3o\u201d.<\/p>\n<p>O documento prev\u00ea a cria\u00e7\u00e3o de medidas que valorizem os idosos, seus conhecimentos, mem\u00f3rias e contribui\u00e7\u00f5es para universidade. Entre os objetivos, est\u00e1 \u201campliar a participa\u00e7\u00e3o de pessoas idosas como estudantes e como participantes de equipes de projetos de pesquisa e extens\u00e3o\u201d.<\/p>\n<p>A pol\u00edtica foi apresentada como necess\u00e1ria devido ao cen\u00e1rio social de transi\u00e7\u00e3o demogr\u00e1fica. No Distrito Federal, em 2030, haver\u00e1 aproximadamente 565 mil pessoas idosas, segundo dados da Companhia de Planejamento do Distrito Federal (Codeplan).<\/p>\n","protected":false},"excerpt":{"rendered":"<p>A Universidade de Bras\u00edlia (UnB) abrir\u00e1 um processo seletivo exclusivo para pessoas com 60 anos ou mais como parte de uma pol\u00edtica de valoriza\u00e7\u00e3o de pessoas idosas na sociedade. A UnB tem trabalhado para implementar a Pol\u00edtica do Envelhecer Saud\u00e1vel, Participativo e Cidad\u00e3o (Pespc) e, entre as medidas, est\u00e1 o vestibular exclusivo para essa faixa [&hellip;]<\/p>\n","protected":false},"author":2,"featured_media":318187,"comment_status":"closed","ping_status":"closed","sticky":false,"template":"","format":"standard","meta":{"_acf_changed":false,"footnotes":""},"categories":[161],"tags":[95],"class_list":["post-318186","post","type-post","status-publish","format-standard","has-post-thumbnail","hentry","category-quadradinho-em-foco","tag-capa"],"acf":[],"yoast_head":"<!-- This site is optimized with the Yoast SEO plugin v27.2 - https:\/\/yoast.com\/product\/yoast-seo-wordpress\/ -->\n<title>UnB ter\u00e1 vestibular exclusivo para maiores de 60 anos - Notibras<\/title>\n<meta name=\"robots\" content=\"index, follow, max-snippet:-1, max-image-preview:large, max-video-preview:-1\" \/>\n<link rel=\"canonical\" href=\"https:\/\/www.notibras.com\/site\/unb-tera-vestibular-exclusivo-para-maiores-de-60-anos\/\" \/>\n<meta property=\"og:locale\" content=\"pt_BR\" \/>\n<meta property=\"og:type\" content=\"article\" \/>\n<meta property=\"og:title\" content=\"UnB ter\u00e1 vestibular exclusivo para maiores de 60 anos - Notibras\" \/>\n<meta property=\"og:description\" content=\"A Universidade de Bras\u00edlia (UnB) abrir\u00e1 um processo seletivo exclusivo para pessoas com 60 anos ou mais como parte de uma pol\u00edtica de valoriza\u00e7\u00e3o de pessoas idosas na sociedade. A UnB tem trabalhado para implementar a Pol\u00edtica do Envelhecer Saud\u00e1vel, Participativo e Cidad\u00e3o (Pespc) e, entre as medidas, est\u00e1 o vestibular exclusivo para essa faixa [&hellip;]\" \/>\n<meta property=\"og:url\" content=\"https:\/\/www.notibras.com\/site\/unb-tera-vestibular-exclusivo-para-maiores-de-60-anos\/\" \/>\n<meta property=\"og:site_name\" content=\"Notibras\" \/>\n<meta property=\"article:publisher\" content=\"https:\/\/www.facebook.com\/notibras\/\" \/>\n<meta property=\"article:published_time\" content=\"2023-12-01T21:11:54+00:00\" \/>\n<meta property=\"article:modified_time\" content=\"2023-12-02T13:40:45+00:00\" \/>\n<meta property=\"og:image\" content=\"https:\/\/www.notibras.com\/site\/wp-content\/uploads\/2023\/12\/unbarqu.webp\" \/>\n\t<meta property=\"og:image:width\" content=\"1170\" \/>\n\t<meta property=\"og:image:height\" content=\"700\" \/>\n\t<meta property=\"og:image:type\" content=\"image\/webp\" \/>\n<meta name=\"author\" content=\"Reda\u00e7\u00e3o\" \/>\n<meta name=\"twitter:card\" content=\"summary_large_image\" \/>\n<meta name=\"twitter:creator\" content=\"@Notibras\" \/>\n<meta name=\"twitter:site\" content=\"@Notibras\" \/>\n<meta name=\"twitter:label1\" content=\"Escrito por\" \/>\n\t<meta name=\"twitter:data1\" content=\"Reda\u00e7\u00e3o\" \/>\n\t<meta name=\"twitter:label2\" content=\"Est. tempo de leitura\" \/>\n\t<meta name=\"twitter:data2\" content=\"2 minutos\" \/>\n<script type=\"application\/ld+json\" class=\"yoast-schema-graph\">{\"@context\":\"https:\/\/schema.org\",\"@graph\":[{\"@type\":\"Article\",\"@id\":\"https:\/\/www.notibras.com\/site\/unb-tera-vestibular-exclusivo-para-maiores-de-60-anos\/#article\",\"isPartOf\":{\"@id\":\"https:\/\/www.notibras.com\/site\/unb-tera-vestibular-exclusivo-para-maiores-de-60-anos\/\"},\"author\":{\"name\":\"Reda\u00e7\u00e3o\",\"@id\":\"https:\/\/www.notibras.com\/site\/#\/schema\/person\/36ab0979449956132d3e5b517ea76ac8\"},\"headline\":\"UnB ter\u00e1 vestibular exclusivo para maiores de 60 anos\",\"datePublished\":\"2023-12-01T21:11:54+00:00\",\"dateModified\":\"2023-12-02T13:40:45+00:00\",\"mainEntityOfPage\":{\"@id\":\"https:\/\/www.notibras.com\/site\/unb-tera-vestibular-exclusivo-para-maiores-de-60-anos\/\"},\"wordCount\":370,\"publisher\":{\"@id\":\"https:\/\/www.notibras.com\/site\/#organization\"},\"image\":{\"@id\":\"https:\/\/www.notibras.com\/site\/unb-tera-vestibular-exclusivo-para-maiores-de-60-anos\/#primaryimage\"},\"thumbnailUrl\":\"https:\/\/www.notibras.com\/site\/wp-content\/uploads\/2023\/12\/unbarqu.webp\",\"keywords\":[\"capa\"],\"articleSection\":[\"Quadradinho em Foco\"],\"inLanguage\":\"pt-BR\"},{\"@type\":\"WebPage\",\"@id\":\"https:\/\/www.notibras.com\/site\/unb-tera-vestibular-exclusivo-para-maiores-de-60-anos\/\",\"url\":\"https:\/\/www.notibras.com\/site\/unb-tera-vestibular-exclusivo-para-maiores-de-60-anos\/\",\"name\":\"UnB ter\u00e1 vestibular exclusivo para maiores de 60 anos - Notibras\",\"isPartOf\":{\"@id\":\"https:\/\/www.notibras.com\/site\/#website\"},\"primaryImageOfPage\":{\"@id\":\"https:\/\/www.notibras.com\/site\/unb-tera-vestibular-exclusivo-para-maiores-de-60-anos\/#primaryimage\"},\"image\":{\"@id\":\"https:\/\/www.notibras.com\/site\/unb-tera-vestibular-exclusivo-para-maiores-de-60-anos\/#primaryimage\"},\"thumbnailUrl\":\"https:\/\/www.notibras.com\/site\/wp-content\/uploads\/2023\/12\/unbarqu.webp\",\"datePublished\":\"2023-12-01T21:11:54+00:00\",\"dateModified\":\"2023-12-02T13:40:45+00:00\",\"breadcrumb\":{\"@id\":\"https:\/\/www.notibras.com\/site\/unb-tera-vestibular-exclusivo-para-maiores-de-60-anos\/#breadcrumb\"},\"inLanguage\":\"pt-BR\",\"potentialAction\":[{\"@type\":\"ReadAction\",\"target\":[\"https:\/\/www.notibras.com\/site\/unb-tera-vestibular-exclusivo-para-maiores-de-60-anos\/\"]}]},{\"@type\":\"ImageObject\",\"inLanguage\":\"pt-BR\",\"@id\":\"https:\/\/www.notibras.com\/site\/unb-tera-vestibular-exclusivo-para-maiores-de-60-anos\/#primaryimage\",\"url\":\"https:\/\/www.notibras.com\/site\/wp-content\/uploads\/2023\/12\/unbarqu.webp\",\"contentUrl\":\"https:\/\/www.notibras.com\/site\/wp-content\/uploads\/2023\/12\/unbarqu.webp\",\"width\":1170,\"height\":700},{\"@type\":\"BreadcrumbList\",\"@id\":\"https:\/\/www.notibras.com\/site\/unb-tera-vestibular-exclusivo-para-maiores-de-60-anos\/#breadcrumb\",\"itemListElement\":[{\"@type\":\"ListItem\",\"position\":1,\"name\":\"In\u00edcio\",\"item\":\"https:\/\/www.notibras.com\/site\/\"},{\"@type\":\"ListItem\",\"position\":2,\"name\":\"UnB ter\u00e1 vestibular exclusivo para maiores de 60 anos\"}]},{\"@type\":\"WebSite\",\"@id\":\"https:\/\/www.notibras.com\/site\/#website\",\"url\":\"https:\/\/www.notibras.com\/site\/\",\"name\":\"Notibras\",\"description\":\"Not\u00edcias de Bras\u00edlia, do Brasil e do Mundo\",\"publisher\":{\"@id\":\"https:\/\/www.notibras.com\/site\/#organization\"},\"potentialAction\":[{\"@type\":\"SearchAction\",\"target\":{\"@type\":\"EntryPoint\",\"urlTemplate\":\"https:\/\/www.notibras.com\/site\/?s={search_term_string}\"},\"query-input\":{\"@type\":\"PropertyValueSpecification\",\"valueRequired\":true,\"valueName\":\"search_term_string\"}}],\"inLanguage\":\"pt-BR\"},{\"@type\":\"Organization\",\"@id\":\"https:\/\/www.notibras.com\/site\/#organization\",\"name\":\"Grupo Notibras de Comunica\u00e7\u00e3o\",\"url\":\"https:\/\/www.notibras.com\/site\/\",\"logo\":{\"@type\":\"ImageObject\",\"inLanguage\":\"pt-BR\",\"@id\":\"https:\/\/www.notibras.com\/site\/#\/schema\/logo\/image\/\",\"url\":\"https:\/\/www.notibras.com\/site\/wp-content\/uploads\/2023\/01\/notibras23.png\",\"contentUrl\":\"https:\/\/www.notibras.com\/site\/wp-content\/uploads\/2023\/01\/notibras23.png\",\"width\":350,\"height\":87,\"caption\":\"Grupo Notibras de Comunica\u00e7\u00e3o\"},\"image\":{\"@id\":\"https:\/\/www.notibras.com\/site\/#\/schema\/logo\/image\/\"},\"sameAs\":[\"https:\/\/www.facebook.com\/notibras\/\",\"https:\/\/x.com\/Notibras\",\"https:\/\/www.instagram.com\/notibras\/\"]},{\"@type\":\"Person\",\"@id\":\"https:\/\/www.notibras.com\/site\/#\/schema\/person\/36ab0979449956132d3e5b517ea76ac8\",\"name\":\"Reda\u00e7\u00e3o\",\"image\":{\"@type\":\"ImageObject\",\"inLanguage\":\"pt-BR\",\"@id\":\"https:\/\/secure.gravatar.com\/avatar\/e0a867bdedb85fd243eadf09663511f96fc81e0720a4a42581f334ad4303aa6b?s=96&d=mm&r=g\",\"url\":\"https:\/\/secure.gravatar.com\/avatar\/e0a867bdedb85fd243eadf09663511f96fc81e0720a4a42581f334ad4303aa6b?s=96&d=mm&r=g\",\"contentUrl\":\"https:\/\/secure.gravatar.com\/avatar\/e0a867bdedb85fd243eadf09663511f96fc81e0720a4a42581f334ad4303aa6b?s=96&d=mm&r=g\",\"caption\":\"Reda\u00e7\u00e3o\"}}]}<\/script>\n<!-- \/ Yoast SEO plugin. -->","yoast_head_json":{"title":"UnB ter\u00e1 vestibular exclusivo para maiores de 60 anos - Notibras","robots":{"index":"index","follow":"follow","max-snippet":"max-snippet:-1","max-image-preview":"max-image-preview:large","max-video-preview":"max-video-preview:-1"},"canonical":"https:\/\/www.notibras.com\/site\/unb-tera-vestibular-exclusivo-para-maiores-de-60-anos\/","og_locale":"pt_BR","og_type":"article","og_title":"UnB ter\u00e1 vestibular exclusivo para maiores de 60 anos - Notibras","og_description":"A Universidade de Bras\u00edlia (UnB) abrir\u00e1 um processo seletivo exclusivo para pessoas com 60 anos ou mais como parte de uma pol\u00edtica de valoriza\u00e7\u00e3o de pessoas idosas na sociedade. A UnB tem trabalhado para implementar a Pol\u00edtica do Envelhecer Saud\u00e1vel, Participativo e Cidad\u00e3o (Pespc) e, entre as medidas, est\u00e1 o vestibular exclusivo para essa faixa [&hellip;]","og_url":"https:\/\/www.notibras.com\/site\/unb-tera-vestibular-exclusivo-para-maiores-de-60-anos\/","og_site_name":"Notibras","article_publisher":"https:\/\/www.facebook.com\/notibras\/","article_published_time":"2023-12-01T21:11:54+00:00","article_modified_time":"2023-12-02T13:40:45+00:00","og_image":[{"width":1170,"height":700,"url":"https:\/\/www.notibras.com\/site\/wp-content\/uploads\/2023\/12\/unbarqu.webp","type":"image\/webp"}],"author":"Reda\u00e7\u00e3o","twitter_card":"summary_large_image","twitter_creator":"@Notibras","twitter_site":"@Notibras","twitter_misc":{"Escrito por":"Reda\u00e7\u00e3o","Est. tempo de leitura":"2 minutos"},"schema":{"@context":"https:\/\/schema.org","@graph":[{"@type":"Article","@id":"https:\/\/www.notibras.com\/site\/unb-tera-vestibular-exclusivo-para-maiores-de-60-anos\/#article","isPartOf":{"@id":"https:\/\/www.notibras.com\/site\/unb-tera-vestibular-exclusivo-para-maiores-de-60-anos\/"},"author":{"name":"Reda\u00e7\u00e3o","@id":"https:\/\/www.notibras.com\/site\/#\/schema\/person\/36ab0979449956132d3e5b517ea76ac8"},"headline":"UnB ter\u00e1 vestibular exclusivo para maiores de 60 anos","datePublished":"2023-12-01T21:11:54+00:00","dateModified":"2023-12-02T13:40:45+00:00","mainEntityOfPage":{"@id":"https:\/\/www.notibras.com\/site\/unb-tera-vestibular-exclusivo-para-maiores-de-60-anos\/"},"wordCount":370,"publisher":{"@id":"https:\/\/www.notibras.com\/site\/#organization"},"image":{"@id":"https:\/\/www.notibras.com\/site\/unb-tera-vestibular-exclusivo-para-maiores-de-60-anos\/#primaryimage"},"thumbnailUrl":"https:\/\/www.notibras.com\/site\/wp-content\/uploads\/2023\/12\/unbarqu.webp","keywords":["capa"],"articleSection":["Quadradinho em Foco"],"inLanguage":"pt-BR"},{"@type":"WebPage","@id":"https:\/\/www.notibras.com\/site\/unb-tera-vestibular-exclusivo-para-maiores-de-60-anos\/","url":"https:\/\/www.notibras.com\/site\/unb-tera-vestibular-exclusivo-para-maiores-de-60-anos\/","name":"UnB ter\u00e1 vestibular exclusivo para maiores de 60 anos - Notibras","isPartOf":{"@id":"https:\/\/www.notibras.com\/site\/#website"},"primaryImageOfPage":{"@id":"https:\/\/www.notibras.com\/site\/unb-tera-vestibular-exclusivo-para-maiores-de-60-anos\/#primaryimage"},"image":{"@id":"https:\/\/www.notibras.com\/site\/unb-tera-vestibular-exclusivo-para-maiores-de-60-anos\/#primaryimage"},"thumbnailUrl":"https:\/\/www.notibras.com\/site\/wp-content\/uploads\/2023\/12\/unbarqu.webp","datePublished":"2023-12-01T21:11:54+00:00","dateModified":"2023-12-02T13:40:45+00:00","breadcrumb":{"@id":"https:\/\/www.notibras.com\/site\/unb-tera-vestibular-exclusivo-para-maiores-de-60-anos\/#breadcrumb"},"inLanguage":"pt-BR","potentialAction":[{"@type":"ReadAction","target":["https:\/\/www.notibras.com\/site\/unb-tera-vestibular-exclusivo-para-maiores-de-60-anos\/"]}]},{"@type":"ImageObject","inLanguage":"pt-BR","@id":"https:\/\/www.notibras.com\/site\/unb-tera-vestibular-exclusivo-para-maiores-de-60-anos\/#primaryimage","url":"https:\/\/www.notibras.com\/site\/wp-content\/uploads\/2023\/12\/unbarqu.webp","contentUrl":"https:\/\/www.notibras.com\/site\/wp-content\/uploads\/2023\/12\/unbarqu.webp","width":1170,"height":700},{"@type":"BreadcrumbList","@id":"https:\/\/www.notibras.com\/site\/unb-tera-vestibular-exclusivo-para-maiores-de-60-anos\/#breadcrumb","itemListElement":[{"@type":"ListItem","position":1,"name":"In\u00edcio","item":"https:\/\/www.notibras.com\/site\/"},{"@type":"ListItem","position":2,"name":"UnB ter\u00e1 vestibular exclusivo para maiores de 60 anos"}]},{"@type":"WebSite","@id":"https:\/\/www.notibras.com\/site\/#website","url":"https:\/\/www.notibras.com\/site\/","name":"Notibras","description":"Not\u00edcias de Bras\u00edlia, do Brasil e do Mundo","publisher":{"@id":"https:\/\/www.notibras.com\/site\/#organization"},"potentialAction":[{"@type":"SearchAction","target":{"@type":"EntryPoint","urlTemplate":"https:\/\/www.notibras.com\/site\/?s={search_term_string}"},"query-input":{"@type":"PropertyValueSpecification","valueRequired":true,"valueName":"search_term_string"}}],"inLanguage":"pt-BR"},{"@type":"Organization","@id":"https:\/\/www.notibras.com\/site\/#organization","name":"Grupo Notibras de Comunica\u00e7\u00e3o","url":"https:\/\/www.notibras.com\/site\/","logo":{"@type":"ImageObject","inLanguage":"pt-BR","@id":"https:\/\/www.notibras.com\/site\/#\/schema\/logo\/image\/","url":"https:\/\/www.notibras.com\/site\/wp-content\/uploads\/2023\/01\/notibras23.png","contentUrl":"https:\/\/www.notibras.com\/site\/wp-content\/uploads\/2023\/01\/notibras23.png","width":350,"height":87,"caption":"Grupo Notibras de Comunica\u00e7\u00e3o"},"image":{"@id":"https:\/\/www.notibras.com\/site\/#\/schema\/logo\/image\/"},"sameAs":["https:\/\/www.facebook.com\/notibras\/","https:\/\/x.com\/Notibras","https:\/\/www.instagram.com\/notibras\/"]},{"@type":"Person","@id":"https:\/\/www.notibras.com\/site\/#\/schema\/person\/36ab0979449956132d3e5b517ea76ac8","name":"Reda\u00e7\u00e3o","image":{"@type":"ImageObject","inLanguage":"pt-BR","@id":"https:\/\/secure.gravatar.com\/avatar\/e0a867bdedb85fd243eadf09663511f96fc81e0720a4a42581f334ad4303aa6b?s=96&d=mm&r=g","url":"https:\/\/secure.gravatar.com\/avatar\/e0a867bdedb85fd243eadf09663511f96fc81e0720a4a42581f334ad4303aa6b?s=96&d=mm&r=g","contentUrl":"https:\/\/secure.gravatar.com\/avatar\/e0a867bdedb85fd243eadf09663511f96fc81e0720a4a42581f334ad4303aa6b?s=96&d=mm&r=g","caption":"Reda\u00e7\u00e3o"}}]}},"amp_enabled":true,"_links":{"self":[{"href":"https:\/\/www.notibras.com\/site\/wp-json\/wp\/v2\/posts\/318186","targetHints":{"allow":["GET"]}}],"collection":[{"href":"https:\/\/www.notibras.com\/site\/wp-json\/wp\/v2\/posts"}],"about":[{"href":"https:\/\/www.notibras.com\/site\/wp-json\/wp\/v2\/types\/post"}],"author":[{"embeddable":true,"href":"https:\/\/www.notibras.com\/site\/wp-json\/wp\/v2\/users\/2"}],"replies":[{"embeddable":true,"href":"https:\/\/www.notibras.com\/site\/wp-json\/wp\/v2\/comments?post=318186"}],"version-history":[{"count":2,"href":"https:\/\/www.notibras.com\/site\/wp-json\/wp\/v2\/posts\/318186\/revisions"}],"predecessor-version":[{"id":318189,"href":"https:\/\/www.notibras.com\/site\/wp-json\/wp\/v2\/posts\/318186\/revisions\/318189"}],"wp:featuredmedia":[{"embeddable":true,"href":"https:\/\/www.notibras.com\/site\/wp-json\/wp\/v2\/media\/318187"}],"wp:attachment":[{"href":"https:\/\/www.notibras.com\/site\/wp-json\/wp\/v2\/media?parent=318186"}],"wp:term":[{"taxonomy":"category","embeddable":true,"href":"https:\/\/www.notibras.com\/site\/wp-json\/wp\/v2\/categories?post=318186"},{"taxonomy":"post_tag","embeddable":true,"href":"https:\/\/www.notibras.com\/site\/wp-json\/wp\/v2\/tags?post=318186"}],"curies":[{"name":"wp","href":"https:\/\/api.w.org\/{rel}","templated":true}]}}